{"id":56969,"date":"2020-07-06T17:05:00","date_gmt":"2020-07-06T22:05:00","guid":{"rendered":"http:\/\/www.lospoliticosveracruz.com.mx\/?p=56969"},"modified":"2020-07-06T17:05:35","modified_gmt":"2020-07-06T22:05:35","slug":"hoy-se-hacen-obras-donde-otros-compraban-votos-cuitlahuac","status":"publish","type":"post","link":"https:\/\/lospoliticosveracruz.com\/?p=56969","title":{"rendered":"Hoy, se hacen obras donde otros compraban votos: Cuitl\u00e1huac"},"content":{"rendered":"<p>Durante los primeros seis meses del a\u00f1o, el gobernador Cuitl\u00e1huac Garc\u00eda Jim\u00e9nez ha hecho patente la consigna \u201cPor el bien de todos, primero los pobres\u201d, llevando la transformaci\u00f3n a las zonas ind\u00edgenas y marginadas; priorizando la educaci\u00f3n de calidad y gratuita en todos los niveles escolares, generando infraestructura carretera que tambi\u00e9n fortalezca el desarrollo econ\u00f3mico y con resultados contundentes en materia de seguridad.<\/p>\n<p>Al dirigir un mensaje al pueblo de Veracruz para rendir cuentas sobre los principales resultados del primer semestre, afirm\u00f3 que hoy, en su administraci\u00f3n, \u201cah\u00ed donde otros s\u00f3lo fueron a comprar votos, nosotros fuimos a hacer obra\u201d.<\/p>\n<p><b>Infraestructura carretera: obras concluidas<\/b><\/p>\n<p>El mandatario destac\u00f3 el mantenimiento del Distribuidor Vial Morelos en Coatzacoalcos, de gran importancia por formar parte de la ampliaci\u00f3n del puerto de Coatzacoalcos y del Programa \u00a0para el Desarrollo del Istmo de Tehuantepec.<\/p>\n<p>Tambi\u00e9n se dio mantenimiento a carreteras como la Acula-Ixmatlahuacan, que ya parec\u00eda camino vecinal; Rinconada-Los \u00cddolos, Pajapan-Los Cerritos, El Lencero-La Tinaja, Luz del Barrio-San Andr\u00e9s Tlalnelhuayocan y Ruta 2-El Tajo-Palmas de Abajo-Palmas de Arriba-Tinajitas (Actopan).<\/p>\n<p>En una primera etapa, fue corregida la mala construcci\u00f3n de la carretera Xalapa-Coatepec, aplicando superficie de rodamiento de alta fricci\u00f3n para evitar m\u00e1s accidentes. Igualmente los tramos Teocelo-Tex\u00edn, Arroyo de Liza-Montep\u00edo y Tilapan-La Redonda-R\u00edo Tuxtla (San Andr\u00e9s Tuxtla), Naolinco-Tepetl\u00e1n y El Bayo-Playa El Zapote (Alvarado).<\/p>\n<p>La Secretar\u00eda de Infraestructura y Obras P\u00fablicas (SIOP) realiza adem\u00e1s 23 obras de mantenimiento de carreteras y 17 de pavimentaci\u00f3n en distintos municipios a lo largo del territorio veracruzano; con mejoramiento urbano en Moloac\u00e1n, Camar\u00f3n de Tejeda, La Joya (Acajete), Xaltepec (Banderilla), Perote y Coatzacoalcos.<\/p>\n<p>Un caso espec\u00edfico sobre el olvido en el que se encontraba Veracruz es el puente \u201cEl Capul\u00edn\u201d, a la entrada de la cabecera municipal de Texcatepec, donde ning\u00fan candidato o gobernador hab\u00eda visitado; hoy est\u00e1 reconstruido.<\/p>\n<p>&nbsp;<\/p>\n<p><b>Infraestructura educativa<\/b><\/p>\n<p>En el Gobierno de la Cuarta Transformaci\u00f3n se revierten los estragos de la pol\u00edtica neoliberal al rehabilitar escuelas y construir aulas considerando la cobertura, pero tambi\u00e9n la calidad educativa.<\/p>\n<p>\u201cVamos a motivar a nuestra ni\u00f1ez y juventud recibiendo una educaci\u00f3n que rompa la cadena de pobreza en zonas marginadas y rurales en escuelas y centros educativos dignos\u201d, asever\u00f3.<\/p>\n<p>A trav\u00e9s del Instituto de Espacios Educativos del Estado de Veracruz (IEEV) y con el proyecto Castor M\u00f3vil fueron reparadas 4 mil 384 sillas, mesa-bancos y pupitres de 56 centros educativos, con la atenci\u00f3n prioritaria en zonas rurales y con poblaci\u00f3n ind\u00edgena rehabilitando o construyendo aulas did\u00e1cticas, salas audiovisuales, comedores, patios c\u00edvicos, mallas perimetrales, servicios sanitarios, bebederos, accesos para estudiantes con discapacidad, techados o domos y obra exterior.<\/p>\n<p>A pesar de la pandemia por la que se atraviesa, de febrero a mayo la Secretar\u00eda de Educaci\u00f3n (SEV) entreg\u00f3 diversas acciones en 81 municipios para 164 planteles, desde el nivel b\u00e1sico al superior.<\/p>\n<p>Menci\u00f3n especial merece la entrega del nuevo inmueble de la Universidad Popular Aut\u00f3noma de Veracruz (UPAV) \u201cTorre 20\/20\u201d, antes parte de la Casa Veracruz, generando 65 por ciento de ahorro en rentas; recurso que ser\u00e1 destinado a la misma comunidad acad\u00e9mica.<\/p>\n<p><b>Prioridad a Zonas de Atenci\u00f3n Prioritaria<\/b><\/p>\n<p>La cobertura de atenci\u00f3n por parte de la Secretar\u00eda de Desarrollo Social (SEDESOL) ha llegado a 80 familias con sus respectivas viviendas, quienes se vieron afectadas por el movimiento de ladera del 23 de agosto 2019 en Acultzingo.<\/p>\n<p>Con el Programa de Vivienda Social 2019 y una inversi\u00f3n total de 35.5 millones de pesos, otorgaron 176 casas a 880 personas en situaci\u00f3n de extrema pobreza; los inmuebles cuentan con dos rec\u00e1maras, ba\u00f1o, cocina, comedor y sala en 50 metros cuadrados. Otras entregas se efectuaron en Papantla, Coatzintla, Xico y Zaragoza.<\/p>\n<p>Para contribuir al desarrollo humano con espacios dignos, mediante una inversi\u00f3n de 18 millones 803 mil 057 pesos se apoy\u00f3 a mil 532 personas con cuartos-dormitorio y techos firmes en Zaragoza, Coscomatepec, Xalapa, Xico, Papantla, Altotonga, Coatzintla, Tempoal, Tantoyuca, Chicontepec, Espinal y Huayacocotla.<\/p>\n<p>Mientras que en la Sierra de Zongolica, 128 familias ind\u00edgenas de 11 comunidades de Soledad Atzompa, Tehuipango, Mixtla de Altamirano y Los Reyes cuentan con igual n\u00famero de cuartos-dormitorio.<\/p>\n<p>&nbsp;<\/p>\n<p><b>Atenci\u00f3n a la Salud<\/b><\/p>\n<p>Tan s\u00f3lo en la Jurisdicci\u00f3n Sanitaria V de Xalapa, 20 unidades m\u00e9dicas recibieron mantenimiento, rehabilitaci\u00f3n y remodelaci\u00f3n, con el ejercicio de m\u00e1s de 98 millones de pesos. Destaca la atenci\u00f3n al Centro de Desarrollo Infantil (CENDI), Instituto Veracruzano de Salud Mental \u201cDr. Rafael Velasco Fern\u00e1ndez\u201d, Centro de Alta Especialidad (CAE) \u201cDr. Rafael Lucio\u201d, Hospital Regional \u201cDr. Luis F. Nach\u00f3n\u201d y Centro Estatal de Cancerolog\u00eda (CECAN) \u201cDr. Miguel Dorantes Mesa\u201d.<\/p>\n<p>Adem\u00e1s, el Hospital de Alta Especialidad de Veracruz (HAEV), el Centro de Salud de Mixtla de Altamirano y los primeros avances en la infraestructura del Hospital Regional \u201cValent\u00edn G\u00f3mez Far\u00edas\u201d de Coatzacoalcos.<\/p>\n<p>&nbsp;<\/p>\n<p><b>Estrategia Estatal contra el Coronavirus<\/b><\/p>\n<p>Para enfrentar la pandemia se redirigieron recursos adicionales a los Servicios de Salud de Veracruz (SESVER), ejercidos en obras y acciones de habilitaci\u00f3n, rehabilitaci\u00f3n y acondicionamiento de espacios no hospitalarios y \u00e1reas hospitalarias para la atenci\u00f3n de pacientes.<\/p>\n<p>Estos fueron los Centros de Atenci\u00f3n M\u00e9dica Expendida COVID-19 (CAME-C19) en el Hospital Materno Infantil de Coatzacoalcos, Centro de Raqueta del Instituto Veracruzano del Deporte (IVD), en conurbaci\u00f3n Veracruz-Boca del R\u00edo, y Vel\u00f3dromo Internacional de Xalapa.<\/p>\n<p>&nbsp;<\/p>\n<p><b>Equipamiento en Protecci\u00f3n Civil<\/b><\/p>\n<p>Por su ubicaci\u00f3n geogr\u00e1fica, Veracruz ha enfrentado el impacto de fen\u00f3menos naturales que han dejado a su paso importantes p\u00e9rdidas materiales y humanas, por ello se ha priorizado la atenci\u00f3n de medidas que permitan actuar de manera consciente y preventiva.<\/p>\n<p>En acci\u00f3n coordinada con los tres niveles de gobierno, se invirtieron 174 millones de pesos en 215 bienes de equipamiento: 65 camionetas 4&#215;4, 39 plantas de luz, 35 pipas, 29 lanchas, 16 unidades de ataque r\u00e1pido, 5 bombas de achique y 3 drones.<\/p>\n<p>&nbsp;<\/p>\n<p><b>Seguridad P\u00fablica<\/b><\/p>\n<p>Uno de los pilares fundamentales para lograr el \u00f3ptimo desempe\u00f1o de las fuerzas del orden es la profesionalizaci\u00f3n y evaluaci\u00f3n de los elementos. A la fecha, se cuenta con mil 293 graduados y contratados, entre polic\u00edas estatales y municipales.<\/p>\n<p>El programa \u201cUnidos para la Construcci\u00f3n de la Paz\u201d, en el que participan las secretar\u00edas de la Defensa Nacional (SEDENA), Marina-Armada de M\u00e9xico (SEMAR) y Seguridad P\u00fablica, junto con la Guardia Nacional (GN), ha logrado que los homicidios y secuestros hayan disminuido de enero a mayo 2020, con respecto al mismo periodo de 2018 y 2019: homicidio doloso -25.5% vs 2018 y -15.9% vs 2019; secuestro, -3.04% vs 2018 y -58.75% vs 2019.<\/p>\n","protected":false},"excerpt":{"rendered":"<p>Durante los primeros seis meses del a\u00f1o, el gobernador Cuitl\u00e1huac Garc\u00eda Jim\u00e9nez ha hecho patente la consigna \u201cPor el bien de todos, primero los pobres\u201d, llevando la transformaci\u00f3n a las zonas ind\u00edgenas y marginadas; priorizando la educaci\u00f3n de calidad y gratuita en todos los niveles escolares, generando infraestructura carretera que tambi\u00e9n fortalezca el desarrollo econ\u00f3mico [&hellip;]<\/p>\n","protected":false},"author":2,"featured_media":0,"comment_status":"open","ping_status":"open","sticky":false,"template":"","format":"standard","meta":{"tdm_status":"","tdm_grid_status":"","footnotes":""},"categories":[73],"tags":[371,1563,14350,15280,19059,19060,177,342,195],"class_list":{"0":"post-56969","1":"post","2":"type-post","3":"status-publish","4":"format-standard","6":"category-de-boleto","7":"tag-coatzacoalcos","8":"tag-cuitlahuac-garcia-jimenez","9":"tag-infraestructura-carretera","10":"tag-infraestructura-educativa","11":"tag-por-el-bien-de-todos","12":"tag-primero-los-pobres","13":"tag-seguridad-publica","14":"tag-siop","15":"tag-veracruz"},"yoast_head":"<!-- This site is optimized with the Yoast SEO plugin v27.4 - https:\/\/yoast.com\/product\/yoast-seo-wordpress\/ -->\n<title>Hoy, se hacen obras donde otros compraban votos: Cuitl\u00e1huac - Los pol\u00edticos Veracruz<\/title>\n<meta name=\"robots\" content=\"index, follow, max-snippet:-1, max-image-preview:large, max-video-preview:-1\" \/>\n<link rel=\"canonical\" href=\"https:\/\/lospoliticosveracruz.com\/?p=56969\" \/>\n<meta property=\"og:locale\" content=\"es_ES\" \/>\n<meta property=\"og:type\" content=\"article\" \/>\n<meta property=\"og:title\" content=\"Hoy, se hacen obras donde otros compraban votos: Cuitl\u00e1huac - Los pol\u00edticos Veracruz\" \/>\n<meta property=\"og:description\" content=\"Durante los primeros seis meses del a\u00f1o, el gobernador Cuitl\u00e1huac Garc\u00eda Jim\u00e9nez ha hecho patente la consigna \u201cPor el bien de todos, primero los pobres\u201d, llevando la transformaci\u00f3n a las zonas ind\u00edgenas y marginadas; priorizando la educaci\u00f3n de calidad y gratuita en todos los niveles escolares, generando infraestructura carretera que tambi\u00e9n fortalezca el desarrollo econ\u00f3mico [&hellip;]\" \/>\n<meta property=\"og:url\" content=\"https:\/\/lospoliticosveracruz.com\/?p=56969\" \/>\n<meta property=\"og:site_name\" content=\"Los pol\u00edticos Veracruz\" \/>\n<meta property=\"article:publisher\" content=\"https:\/\/www.facebook.com\/people\/Notimemes-de-los-Polticos\/61565672886568\/\" \/>\n<meta property=\"article:published_time\" content=\"2020-07-06T22:05:00+00:00\" \/>\n<meta property=\"article:modified_time\" content=\"2020-07-06T22:05:35+00:00\" \/>\n<meta property=\"og:image\" content=\"https:\/\/lospoliticosveracruz.com\/wp-content\/uploads\/2016\/07\/Logo-Dor.jpg\" \/>\n\t<meta property=\"og:image:width\" content=\"200\" \/>\n\t<meta property=\"og:image:height\" content=\"200\" \/>\n\t<meta property=\"og:image:type\" content=\"image\/jpeg\" \/>\n<meta name=\"author\" content=\"Lo viste en Los Pol\u00edticos\" \/>\n<meta name=\"twitter:card\" content=\"summary_large_image\" \/>\n<meta name=\"twitter:creator\" content=\"@LosPoliticosVer\" \/>\n<meta name=\"twitter:site\" content=\"@LosPoliticosVer\" \/>\n<meta name=\"twitter:label1\" content=\"Escrito por\" \/>\n\t<meta name=\"twitter:data1\" content=\"Lo viste en Los Pol\u00edticos\" \/>\n\t<meta name=\"twitter:label2\" content=\"Tiempo de lectura\" \/>\n\t<meta name=\"twitter:data2\" content=\"6 minutos\" \/>\n<script type=\"application\/ld+json\" class=\"yoast-schema-graph\">{\"@context\":\"https:\\\/\\\/schema.org\",\"@graph\":[{\"@type\":\"Article\",\"@id\":\"https:\\\/\\\/lospoliticosveracruz.com\\\/?p=56969#article\",\"isPartOf\":{\"@id\":\"https:\\\/\\\/lospoliticosveracruz.com\\\/?p=56969\"},\"author\":{\"name\":\"Lo viste en Los Pol\u00edticos\",\"@id\":\"https:\\\/\\\/lospoliticosveracruz.com\\\/#\\\/schema\\\/person\\\/b8702bb0e538456e6efd07080bf2a4a2\"},\"headline\":\"Hoy, se hacen obras donde otros compraban votos: Cuitl\u00e1huac\",\"datePublished\":\"2020-07-06T22:05:00+00:00\",\"dateModified\":\"2020-07-06T22:05:35+00:00\",\"mainEntityOfPage\":{\"@id\":\"https:\\\/\\\/lospoliticosveracruz.com\\\/?p=56969\"},\"wordCount\":1129,\"commentCount\":0,\"publisher\":{\"@id\":\"https:\\\/\\\/lospoliticosveracruz.com\\\/#organization\"},\"keywords\":[\"Coatzacoalcos\",\"Cuitl\u00e1huac Garc\u00eda Jim\u00e9nez\",\"infraestructura carretera\",\"infraestructura educativa\",\"Por el bien de todos\",\"primero los pobres\",\"Seguridad P\u00fablica\",\"SIOP\",\"Veracruz\"],\"articleSection\":[\"De Boleto\"],\"inLanguage\":\"es\",\"potentialAction\":[{\"@type\":\"CommentAction\",\"name\":\"Comment\",\"target\":[\"https:\\\/\\\/lospoliticosveracruz.com\\\/?p=56969#respond\"]}]},{\"@type\":\"WebPage\",\"@id\":\"https:\\\/\\\/lospoliticosveracruz.com\\\/?p=56969\",\"url\":\"https:\\\/\\\/lospoliticosveracruz.com\\\/?p=56969\",\"name\":\"Hoy, se hacen obras donde otros compraban votos: Cuitl\u00e1huac - Los pol\u00edticos Veracruz\",\"isPartOf\":{\"@id\":\"https:\\\/\\\/lospoliticosveracruz.com\\\/#website\"},\"datePublished\":\"2020-07-06T22:05:00+00:00\",\"dateModified\":\"2020-07-06T22:05:35+00:00\",\"breadcrumb\":{\"@id\":\"https:\\\/\\\/lospoliticosveracruz.com\\\/?p=56969#breadcrumb\"},\"inLanguage\":\"es\",\"potentialAction\":[{\"@type\":\"ReadAction\",\"target\":[\"https:\\\/\\\/lospoliticosveracruz.com\\\/?p=56969\"]}]},{\"@type\":\"BreadcrumbList\",\"@id\":\"https:\\\/\\\/lospoliticosveracruz.com\\\/?p=56969#breadcrumb\",\"itemListElement\":[{\"@type\":\"ListItem\",\"position\":1,\"name\":\"Portada\",\"item\":\"https:\\\/\\\/lospoliticosveracruz.com\\\/\"},{\"@type\":\"ListItem\",\"position\":2,\"name\":\"Hoy, se hacen obras donde otros compraban votos: Cuitl\u00e1huac\"}]},{\"@type\":\"WebSite\",\"@id\":\"https:\\\/\\\/lospoliticosveracruz.com\\\/#website\",\"url\":\"https:\\\/\\\/lospoliticosveracruz.com\\\/\",\"name\":\"Los pol\u00edticos Veracruz\",\"description\":\"\",\"publisher\":{\"@id\":\"https:\\\/\\\/lospoliticosveracruz.com\\\/#organization\"},\"potentialAction\":[{\"@type\":\"SearchAction\",\"target\":{\"@type\":\"EntryPoint\",\"urlTemplate\":\"https:\\\/\\\/lospoliticosveracruz.com\\\/?s={search_term_string}\"},\"query-input\":{\"@type\":\"PropertyValueSpecification\",\"valueRequired\":true,\"valueName\":\"search_term_string\"}}],\"inLanguage\":\"es\"},{\"@type\":\"Organization\",\"@id\":\"https:\\\/\\\/lospoliticosveracruz.com\\\/#organization\",\"name\":\"Los pol\u00edticos Veracruz\",\"url\":\"https:\\\/\\\/lospoliticosveracruz.com\\\/\",\"logo\":{\"@type\":\"ImageObject\",\"inLanguage\":\"es\",\"@id\":\"https:\\\/\\\/lospoliticosveracruz.com\\\/#\\\/schema\\\/logo\\\/image\\\/\",\"url\":\"https:\\\/\\\/lospoliticosveracruz.com\\\/wp-content\\\/uploads\\\/2025\\\/12\\\/Logo-Nuevo-LOS-POLITICOS-1.jpg\",\"contentUrl\":\"https:\\\/\\\/lospoliticosveracruz.com\\\/wp-content\\\/uploads\\\/2025\\\/12\\\/Logo-Nuevo-LOS-POLITICOS-1.jpg\",\"width\":260,\"height\":70,\"caption\":\"Los pol\u00edticos Veracruz\"},\"image\":{\"@id\":\"https:\\\/\\\/lospoliticosveracruz.com\\\/#\\\/schema\\\/logo\\\/image\\\/\"},\"sameAs\":[\"https:\\\/\\\/www.facebook.com\\\/people\\\/Notimemes-de-los-Polticos\\\/61565672886568\\\/\",\"https:\\\/\\\/x.com\\\/LosPoliticosVer\"]},{\"@type\":\"Person\",\"@id\":\"https:\\\/\\\/lospoliticosveracruz.com\\\/#\\\/schema\\\/person\\\/b8702bb0e538456e6efd07080bf2a4a2\",\"name\":\"Lo viste en Los Pol\u00edticos\",\"image\":{\"@type\":\"ImageObject\",\"inLanguage\":\"es\",\"@id\":\"https:\\\/\\\/secure.gravatar.com\\\/avatar\\\/3a8de04a2656d44082be478bd6c086daa447c4651605818287b9532d3d0bd435?s=96&d=mm&r=g\",\"url\":\"https:\\\/\\\/secure.gravatar.com\\\/avatar\\\/3a8de04a2656d44082be478bd6c086daa447c4651605818287b9532d3d0bd435?s=96&d=mm&r=g\",\"contentUrl\":\"https:\\\/\\\/secure.gravatar.com\\\/avatar\\\/3a8de04a2656d44082be478bd6c086daa447c4651605818287b9532d3d0bd435?s=96&d=mm&r=g\",\"caption\":\"Lo viste en Los Pol\u00edticos\"},\"url\":\"https:\\\/\\\/lospoliticosveracruz.com\\\/?author=2\"}]}<\/script>\n<!-- \/ Yoast SEO plugin. -->","yoast_head_json":{"title":"Hoy, se hacen obras donde otros compraban votos: Cuitl\u00e1huac - Los pol\u00edticos Veracruz","robots":{"index":"index","follow":"follow","max-snippet":"max-snippet:-1","max-image-preview":"max-image-preview:large","max-video-preview":"max-video-preview:-1"},"canonical":"https:\/\/lospoliticosveracruz.com\/?p=56969","og_locale":"es_ES","og_type":"article","og_title":"Hoy, se hacen obras donde otros compraban votos: Cuitl\u00e1huac - Los pol\u00edticos Veracruz","og_description":"Durante los primeros seis meses del a\u00f1o, el gobernador Cuitl\u00e1huac Garc\u00eda Jim\u00e9nez ha hecho patente la consigna \u201cPor el bien de todos, primero los pobres\u201d, llevando la transformaci\u00f3n a las zonas ind\u00edgenas y marginadas; priorizando la educaci\u00f3n de calidad y gratuita en todos los niveles escolares, generando infraestructura carretera que tambi\u00e9n fortalezca el desarrollo econ\u00f3mico [&hellip;]","og_url":"https:\/\/lospoliticosveracruz.com\/?p=56969","og_site_name":"Los pol\u00edticos Veracruz","article_publisher":"https:\/\/www.facebook.com\/people\/Notimemes-de-los-Polticos\/61565672886568\/","article_published_time":"2020-07-06T22:05:00+00:00","article_modified_time":"2020-07-06T22:05:35+00:00","og_image":[{"width":200,"height":200,"url":"https:\/\/lospoliticosveracruz.com\/wp-content\/uploads\/2016\/07\/Logo-Dor.jpg","type":"image\/jpeg"}],"author":"Lo viste en Los Pol\u00edticos","twitter_card":"summary_large_image","twitter_creator":"@LosPoliticosVer","twitter_site":"@LosPoliticosVer","twitter_misc":{"Escrito por":"Lo viste en Los Pol\u00edticos","Tiempo de lectura":"6 minutos"},"schema":{"@context":"https:\/\/schema.org","@graph":[{"@type":"Article","@id":"https:\/\/lospoliticosveracruz.com\/?p=56969#article","isPartOf":{"@id":"https:\/\/lospoliticosveracruz.com\/?p=56969"},"author":{"name":"Lo viste en Los Pol\u00edticos","@id":"https:\/\/lospoliticosveracruz.com\/#\/schema\/person\/b8702bb0e538456e6efd07080bf2a4a2"},"headline":"Hoy, se hacen obras donde otros compraban votos: Cuitl\u00e1huac","datePublished":"2020-07-06T22:05:00+00:00","dateModified":"2020-07-06T22:05:35+00:00","mainEntityOfPage":{"@id":"https:\/\/lospoliticosveracruz.com\/?p=56969"},"wordCount":1129,"commentCount":0,"publisher":{"@id":"https:\/\/lospoliticosveracruz.com\/#organization"},"keywords":["Coatzacoalcos","Cuitl\u00e1huac Garc\u00eda Jim\u00e9nez","infraestructura carretera","infraestructura educativa","Por el bien de todos","primero los pobres","Seguridad P\u00fablica","SIOP","Veracruz"],"articleSection":["De Boleto"],"inLanguage":"es","potentialAction":[{"@type":"CommentAction","name":"Comment","target":["https:\/\/lospoliticosveracruz.com\/?p=56969#respond"]}]},{"@type":"WebPage","@id":"https:\/\/lospoliticosveracruz.com\/?p=56969","url":"https:\/\/lospoliticosveracruz.com\/?p=56969","name":"Hoy, se hacen obras donde otros compraban votos: Cuitl\u00e1huac - Los pol\u00edticos Veracruz","isPartOf":{"@id":"https:\/\/lospoliticosveracruz.com\/#website"},"datePublished":"2020-07-06T22:05:00+00:00","dateModified":"2020-07-06T22:05:35+00:00","breadcrumb":{"@id":"https:\/\/lospoliticosveracruz.com\/?p=56969#breadcrumb"},"inLanguage":"es","potentialAction":[{"@type":"ReadAction","target":["https:\/\/lospoliticosveracruz.com\/?p=56969"]}]},{"@type":"BreadcrumbList","@id":"https:\/\/lospoliticosveracruz.com\/?p=56969#breadcrumb","itemListElement":[{"@type":"ListItem","position":1,"name":"Portada","item":"https:\/\/lospoliticosveracruz.com\/"},{"@type":"ListItem","position":2,"name":"Hoy, se hacen obras donde otros compraban votos: Cuitl\u00e1huac"}]},{"@type":"WebSite","@id":"https:\/\/lospoliticosveracruz.com\/#website","url":"https:\/\/lospoliticosveracruz.com\/","name":"Los pol\u00edticos Veracruz","description":"","publisher":{"@id":"https:\/\/lospoliticosveracruz.com\/#organization"},"potentialAction":[{"@type":"SearchAction","target":{"@type":"EntryPoint","urlTemplate":"https:\/\/lospoliticosveracruz.com\/?s={search_term_string}"},"query-input":{"@type":"PropertyValueSpecification","valueRequired":true,"valueName":"search_term_string"}}],"inLanguage":"es"},{"@type":"Organization","@id":"https:\/\/lospoliticosveracruz.com\/#organization","name":"Los pol\u00edticos Veracruz","url":"https:\/\/lospoliticosveracruz.com\/","logo":{"@type":"ImageObject","inLanguage":"es","@id":"https:\/\/lospoliticosveracruz.com\/#\/schema\/logo\/image\/","url":"https:\/\/lospoliticosveracruz.com\/wp-content\/uploads\/2025\/12\/Logo-Nuevo-LOS-POLITICOS-1.jpg","contentUrl":"https:\/\/lospoliticosveracruz.com\/wp-content\/uploads\/2025\/12\/Logo-Nuevo-LOS-POLITICOS-1.jpg","width":260,"height":70,"caption":"Los pol\u00edticos Veracruz"},"image":{"@id":"https:\/\/lospoliticosveracruz.com\/#\/schema\/logo\/image\/"},"sameAs":["https:\/\/www.facebook.com\/people\/Notimemes-de-los-Polticos\/61565672886568\/","https:\/\/x.com\/LosPoliticosVer"]},{"@type":"Person","@id":"https:\/\/lospoliticosveracruz.com\/#\/schema\/person\/b8702bb0e538456e6efd07080bf2a4a2","name":"Lo viste en Los Pol\u00edticos","image":{"@type":"ImageObject","inLanguage":"es","@id":"https:\/\/secure.gravatar.com\/avatar\/3a8de04a2656d44082be478bd6c086daa447c4651605818287b9532d3d0bd435?s=96&d=mm&r=g","url":"https:\/\/secure.gravatar.com\/avatar\/3a8de04a2656d44082be478bd6c086daa447c4651605818287b9532d3d0bd435?s=96&d=mm&r=g","contentUrl":"https:\/\/secure.gravatar.com\/avatar\/3a8de04a2656d44082be478bd6c086daa447c4651605818287b9532d3d0bd435?s=96&d=mm&r=g","caption":"Lo viste en Los Pol\u00edticos"},"url":"https:\/\/lospoliticosveracruz.com\/?author=2"}]}},"_links":{"self":[{"href":"https:\/\/lospoliticosveracruz.com\/index.php?rest_route=\/wp\/v2\/posts\/56969","targetHints":{"allow":["GET"]}}],"collection":[{"href":"https:\/\/lospoliticosveracruz.com\/index.php?rest_route=\/wp\/v2\/posts"}],"about":[{"href":"https:\/\/lospoliticosveracruz.com\/index.php?rest_route=\/wp\/v2\/types\/post"}],"author":[{"embeddable":true,"href":"https:\/\/lospoliticosveracruz.com\/index.php?rest_route=\/wp\/v2\/users\/2"}],"replies":[{"embeddable":true,"href":"https:\/\/lospoliticosveracruz.com\/index.php?rest_route=%2Fwp%2Fv2%2Fcomments&post=56969"}],"version-history":[{"count":2,"href":"https:\/\/lospoliticosveracruz.com\/index.php?rest_route=\/wp\/v2\/posts\/56969\/revisions"}],"predecessor-version":[{"id":56972,"href":"https:\/\/lospoliticosveracruz.com\/index.php?rest_route=\/wp\/v2\/posts\/56969\/revisions\/56972"}],"wp:attachment":[{"href":"https:\/\/lospoliticosveracruz.com\/index.php?rest_route=%2Fwp%2Fv2%2Fmedia&parent=56969"}],"wp:term":[{"taxonomy":"category","embeddable":true,"href":"https:\/\/lospoliticosveracruz.com\/index.php?rest_route=%2Fwp%2Fv2%2Fcategories&post=56969"},{"taxonomy":"post_tag","embeddable":true,"href":"https:\/\/lospoliticosveracruz.com\/index.php?rest_route=%2Fwp%2Fv2%2Ftags&post=56969"}],"curies":[{"name":"wp","href":"https:\/\/api.w.org\/{rel}","templated":true}]}}