{"id":56973,"date":"2020-07-06T17:50:44","date_gmt":"2020-07-06T22:50:44","guid":{"rendered":"http:\/\/www.lospoliticosveracruz.com.mx\/?p=56973"},"modified":"2020-07-06T17:50:44","modified_gmt":"2020-07-06T22:50:44","slug":"juicio-politico-a-ramos-alor-pide-pri","status":"publish","type":"post","link":"https:\/\/lospoliticosveracruz.com\/?p=56973","title":{"rendered":"Juicio Pol\u00edtico a Ramos Alor, pide PRI"},"content":{"rendered":"<p>Ante los resultados negativos de la administraci\u00f3n estatal que est\u00e1n atentando contra las y los veracruzanos, con miles de contagios y personas fallecidas a causa del COVID-19, se solicitar\u00e1 al Congreso del Estado, juicio pol\u00edtico contra el secretario de salud, Roberto Ramos Alor, inform\u00f3 el presidente del CDE del PRI en Veracruz, Marlon Ram\u00edrez Mar\u00edn.<\/p>\n<p>La solicitud de juicio pol\u00edtico se har\u00e1, aunque los diputados de MORENA en el Congreso Local, es muy posible que frenen cualquier intento de investigaci\u00f3n, porque lo han demostrado en las comparecencias, y en sus nulas exigencias de un trabajo eficiente y una estrategia real de protecci\u00f3n para los veracruzanos, refiri\u00f3.<\/p>\n<p>Ram\u00edrez Mar\u00edn, indic\u00f3 que Ramos Alor y dem\u00e1s funcionarios de Gobierno del Estado deben asumir su responsabilidad ante su fallida estrategia contra la prevenci\u00f3n y atenci\u00f3n de personas contagiadas y fallecidas a causa de COVID-19.<\/p>\n<p>Es deplorable la insensibilidad de los funcionarios estatales que hablan de n\u00fameros y no de personas. \u201cDeben admitir que la estrategia est\u00e1 colapsada y tienen que ser llamados a cuentas para determinar su responsabilidad por los decesos y contagios derivados de su estrategia sanitaria, pero adem\u00e1s, porque hay funcionarios que han recibido instrucci\u00f3n de sus superiores para tener sub registros\u201d.<\/p>\n<p>Puntualiz\u00f3 que los n\u00fameros en Veracruz no son lo que son; cifras que hasta este 5 de julio se\u00f1alaban 11 mil 569 casos positivos acumulados, mil 126 activos, 1764 fallecimientos en 117 demarcaciones y 2 mil 752 casos sospechosos; ya que, si se registraran dos terceras partes de los casos reales, colocar\u00edan al estado varios esca\u00f1os arriba del quinto que hoy tiene a nivel nacional.<\/p>\n<p>\u201cEs vergonzosa la insistente negaci\u00f3n del Gobierno del Estado y sus in\u00fatiles esfuerzos por rechazar que su estrategia contra la pandemia est\u00e1 fracasando, adem\u00e1s corregir la estrategia ser\u00eda reconocer que se equivocaron, y eso no es posible cuando la soberbia es tan grande\u201d, se\u00f1al\u00f3 el dirigente estatal priista.<\/p>\n<p>Refiri\u00f3 que se han minimizado los reportes del Registro Nacional de Poblaci\u00f3n que advierte que, por cada muerte reportada por la Secretar\u00eda de Salud, hay un promedio de 2.3 que no han sido registradas.<\/p>\n<p>Cabe se\u00f1alar que han sido irresponsables al arriesgar al personal que labora en el Gobierno del Estado con pocas medidas de prevenci\u00f3n ante el virus, la prueba es que hay varias personas contagiadas y se han registrado fallecimientos de trabajadores en diversas dependencias, no solamente en el sector salud.<\/p>\n<p>Marlon Ram\u00edrez Mar\u00edn, enfatiz\u00f3 que el Partido Revolucionario Institucional, exige un ajuste y cambios urgentes en el gabinete de Gobierno del Estado ante los nulos resultados positivos, adem\u00e1s que sean investigados por la justicia ante su irresponsabilidad, lentitud e ineficacia para afrontar esta pandemia.<\/p>\n<p>\u201cEs inaudito que, en Veracruz, se avale el comportamiento irresponsable del presidente de la Rep\u00fablica, quien es el primero en incitar a las personas a salir de sus hogares, al no uso de cubrebocas y a se\u00f1alar que con artilugios m\u00e1gicos podr\u00edan protegerse del virus; los funcionarios de la administraci\u00f3n estatal \u00fanicamente han mostrado el inter\u00e9s de querer quedar bien con el ejecutivo federal\u201d, acus\u00f3.<\/p>\n","protected":false},"excerpt":{"rendered":"<p>Ante los resultados negativos de la administraci\u00f3n estatal que est\u00e1n atentando contra las y los veracruzanos, con miles de contagios y personas fallecidas a causa del COVID-19, se solicitar\u00e1 al Congreso del Estado, juicio pol\u00edtico contra el secretario de salud, Roberto Ramos Alor, inform\u00f3 el presidente del CDE del PRI en Veracruz, Marlon Ram\u00edrez Mar\u00edn. [&hellip;]<\/p>\n","protected":false},"author":2,"featured_media":48408,"comment_status":"open","ping_status":"open","sticky":false,"template":"","format":"standard","meta":{"tdm_status":"","tdm_grid_status":"","footnotes":""},"categories":[73],"tags":[331,16673,4903,19062,1706,251,12606,10189,195],"class_list":{"0":"post-56973","1":"post","2":"type-post","3":"status-publish","4":"format-standard","5":"has-post-thumbnail","7":"category-de-boleto","8":"tag-congreso-del-estado","9":"tag-covid-19","10":"tag-juicio-politico","11":"tag-marin","12":"tag-marlon-ramirez","13":"tag-pri","14":"tag-roberto-ramos-alor","15":"tag-secretario-de-salud","16":"tag-veracruz"},"yoast_head":"<!-- This site is optimized with the Yoast SEO plugin v27.4 - https:\/\/yoast.com\/product\/yoast-seo-wordpress\/ -->\n<title>Juicio Pol\u00edtico a Ramos Alor, pide PRI - Los pol\u00edticos Veracruz<\/title>\n<meta name=\"robots\" content=\"index, follow, max-snippet:-1, max-image-preview:large, max-video-preview:-1\" \/>\n<link rel=\"canonical\" href=\"https:\/\/lospoliticosveracruz.com\/?p=56973\" \/>\n<meta property=\"og:locale\" content=\"es_ES\" \/>\n<meta property=\"og:type\" content=\"article\" \/>\n<meta property=\"og:title\" content=\"Juicio Pol\u00edtico a Ramos Alor, pide PRI - Los pol\u00edticos Veracruz\" \/>\n<meta property=\"og:description\" content=\"Ante los resultados negativos de la administraci\u00f3n estatal que est\u00e1n atentando contra las y los veracruzanos, con miles de contagios y personas fallecidas a causa del COVID-19, se solicitar\u00e1 al Congreso del Estado, juicio pol\u00edtico contra el secretario de salud, Roberto Ramos Alor, inform\u00f3 el presidente del CDE del PRI en Veracruz, Marlon Ram\u00edrez Mar\u00edn. [&hellip;]\" \/>\n<meta property=\"og:url\" content=\"https:\/\/lospoliticosveracruz.com\/?p=56973\" \/>\n<meta property=\"og:site_name\" content=\"Los pol\u00edticos Veracruz\" \/>\n<meta property=\"article:publisher\" content=\"https:\/\/www.facebook.com\/people\/Notimemes-de-los-Polticos\/61565672886568\/\" \/>\n<meta property=\"article:published_time\" content=\"2020-07-06T22:50:44+00:00\" \/>\n<meta property=\"og:image\" content=\"https:\/\/lospoliticosveracruz.com\/wp-content\/uploads\/2019\/06\/Ramos-Alor.jpg\" \/>\n\t<meta property=\"og:image:width\" content=\"600\" \/>\n\t<meta property=\"og:image:height\" content=\"322\" \/>\n\t<meta property=\"og:image:type\" content=\"image\/jpeg\" \/>\n<meta name=\"author\" content=\"Lo viste en Los Pol\u00edticos\" \/>\n<meta name=\"twitter:card\" content=\"summary_large_image\" \/>\n<meta name=\"twitter:creator\" content=\"@LosPoliticosVer\" \/>\n<meta name=\"twitter:site\" content=\"@LosPoliticosVer\" \/>\n<meta name=\"twitter:label1\" content=\"Escrito por\" \/>\n\t<meta name=\"twitter:data1\" content=\"Lo viste en Los Pol\u00edticos\" \/>\n\t<meta name=\"twitter:label2\" content=\"Tiempo de lectura\" \/>\n\t<meta name=\"twitter:data2\" content=\"3 minutos\" \/>\n<script type=\"application\/ld+json\" class=\"yoast-schema-graph\">{\"@context\":\"https:\\\/\\\/schema.org\",\"@graph\":[{\"@type\":\"Article\",\"@id\":\"https:\\\/\\\/lospoliticosveracruz.com\\\/?p=56973#article\",\"isPartOf\":{\"@id\":\"https:\\\/\\\/lospoliticosveracruz.com\\\/?p=56973\"},\"author\":{\"name\":\"Lo viste en Los Pol\u00edticos\",\"@id\":\"https:\\\/\\\/lospoliticosveracruz.com\\\/#\\\/schema\\\/person\\\/b8702bb0e538456e6efd07080bf2a4a2\"},\"headline\":\"Juicio Pol\u00edtico a Ramos Alor, pide PRI\",\"datePublished\":\"2020-07-06T22:50:44+00:00\",\"mainEntityOfPage\":{\"@id\":\"https:\\\/\\\/lospoliticosveracruz.com\\\/?p=56973\"},\"wordCount\":543,\"commentCount\":0,\"publisher\":{\"@id\":\"https:\\\/\\\/lospoliticosveracruz.com\\\/#organization\"},\"image\":{\"@id\":\"https:\\\/\\\/lospoliticosveracruz.com\\\/?p=56973#primaryimage\"},\"thumbnailUrl\":\"https:\\\/\\\/lospoliticosveracruz.com\\\/wp-content\\\/uploads\\\/2019\\\/06\\\/Ramos-Alor.jpg\",\"keywords\":[\"Congreso del Estado\",\"Covid 19\",\"Juicio Pol\u00edtico\",\"Mar\u00edn\",\"Marlon Ram\u00edrez\",\"PRI\",\"Roberto Ramos Alor\",\"Secretario de Salud\",\"Veracruz\"],\"articleSection\":[\"De Boleto\"],\"inLanguage\":\"es\",\"potentialAction\":[{\"@type\":\"CommentAction\",\"name\":\"Comment\",\"target\":[\"https:\\\/\\\/lospoliticosveracruz.com\\\/?p=56973#respond\"]}]},{\"@type\":\"WebPage\",\"@id\":\"https:\\\/\\\/lospoliticosveracruz.com\\\/?p=56973\",\"url\":\"https:\\\/\\\/lospoliticosveracruz.com\\\/?p=56973\",\"name\":\"Juicio Pol\u00edtico a Ramos Alor, pide PRI - Los pol\u00edticos Veracruz\",\"isPartOf\":{\"@id\":\"https:\\\/\\\/lospoliticosveracruz.com\\\/#website\"},\"primaryImageOfPage\":{\"@id\":\"https:\\\/\\\/lospoliticosveracruz.com\\\/?p=56973#primaryimage\"},\"image\":{\"@id\":\"https:\\\/\\\/lospoliticosveracruz.com\\\/?p=56973#primaryimage\"},\"thumbnailUrl\":\"https:\\\/\\\/lospoliticosveracruz.com\\\/wp-content\\\/uploads\\\/2019\\\/06\\\/Ramos-Alor.jpg\",\"datePublished\":\"2020-07-06T22:50:44+00:00\",\"breadcrumb\":{\"@id\":\"https:\\\/\\\/lospoliticosveracruz.com\\\/?p=56973#breadcrumb\"},\"inLanguage\":\"es\",\"potentialAction\":[{\"@type\":\"ReadAction\",\"target\":[\"https:\\\/\\\/lospoliticosveracruz.com\\\/?p=56973\"]}]},{\"@type\":\"ImageObject\",\"inLanguage\":\"es\",\"@id\":\"https:\\\/\\\/lospoliticosveracruz.com\\\/?p=56973#primaryimage\",\"url\":\"https:\\\/\\\/lospoliticosveracruz.com\\\/wp-content\\\/uploads\\\/2019\\\/06\\\/Ramos-Alor.jpg\",\"contentUrl\":\"https:\\\/\\\/lospoliticosveracruz.com\\\/wp-content\\\/uploads\\\/2019\\\/06\\\/Ramos-Alor.jpg\",\"width\":600,\"height\":322},{\"@type\":\"BreadcrumbList\",\"@id\":\"https:\\\/\\\/lospoliticosveracruz.com\\\/?p=56973#breadcrumb\",\"itemListElement\":[{\"@type\":\"ListItem\",\"position\":1,\"name\":\"Portada\",\"item\":\"https:\\\/\\\/lospoliticosveracruz.com\\\/\"},{\"@type\":\"ListItem\",\"position\":2,\"name\":\"Juicio Pol\u00edtico a Ramos Alor, pide PRI\"}]},{\"@type\":\"WebSite\",\"@id\":\"https:\\\/\\\/lospoliticosveracruz.com\\\/#website\",\"url\":\"https:\\\/\\\/lospoliticosveracruz.com\\\/\",\"name\":\"Los pol\u00edticos Veracruz\",\"description\":\"\",\"publisher\":{\"@id\":\"https:\\\/\\\/lospoliticosveracruz.com\\\/#organization\"},\"potentialAction\":[{\"@type\":\"SearchAction\",\"target\":{\"@type\":\"EntryPoint\",\"urlTemplate\":\"https:\\\/\\\/lospoliticosveracruz.com\\\/?s={search_term_string}\"},\"query-input\":{\"@type\":\"PropertyValueSpecification\",\"valueRequired\":true,\"valueName\":\"search_term_string\"}}],\"inLanguage\":\"es\"},{\"@type\":\"Organization\",\"@id\":\"https:\\\/\\\/lospoliticosveracruz.com\\\/#organization\",\"name\":\"Los pol\u00edticos Veracruz\",\"url\":\"https:\\\/\\\/lospoliticosveracruz.com\\\/\",\"logo\":{\"@type\":\"ImageObject\",\"inLanguage\":\"es\",\"@id\":\"https:\\\/\\\/lospoliticosveracruz.com\\\/#\\\/schema\\\/logo\\\/image\\\/\",\"url\":\"https:\\\/\\\/lospoliticosveracruz.com\\\/wp-content\\\/uploads\\\/2025\\\/12\\\/Logo-Nuevo-LOS-POLITICOS-1.jpg\",\"contentUrl\":\"https:\\\/\\\/lospoliticosveracruz.com\\\/wp-content\\\/uploads\\\/2025\\\/12\\\/Logo-Nuevo-LOS-POLITICOS-1.jpg\",\"width\":260,\"height\":70,\"caption\":\"Los pol\u00edticos Veracruz\"},\"image\":{\"@id\":\"https:\\\/\\\/lospoliticosveracruz.com\\\/#\\\/schema\\\/logo\\\/image\\\/\"},\"sameAs\":[\"https:\\\/\\\/www.facebook.com\\\/people\\\/Notimemes-de-los-Polticos\\\/61565672886568\\\/\",\"https:\\\/\\\/x.com\\\/LosPoliticosVer\"]},{\"@type\":\"Person\",\"@id\":\"https:\\\/\\\/lospoliticosveracruz.com\\\/#\\\/schema\\\/person\\\/b8702bb0e538456e6efd07080bf2a4a2\",\"name\":\"Lo viste en Los Pol\u00edticos\",\"image\":{\"@type\":\"ImageObject\",\"inLanguage\":\"es\",\"@id\":\"https:\\\/\\\/secure.gravatar.com\\\/avatar\\\/3a8de04a2656d44082be478bd6c086daa447c4651605818287b9532d3d0bd435?s=96&d=mm&r=g\",\"url\":\"https:\\\/\\\/secure.gravatar.com\\\/avatar\\\/3a8de04a2656d44082be478bd6c086daa447c4651605818287b9532d3d0bd435?s=96&d=mm&r=g\",\"contentUrl\":\"https:\\\/\\\/secure.gravatar.com\\\/avatar\\\/3a8de04a2656d44082be478bd6c086daa447c4651605818287b9532d3d0bd435?s=96&d=mm&r=g\",\"caption\":\"Lo viste en Los Pol\u00edticos\"},\"url\":\"https:\\\/\\\/lospoliticosveracruz.com\\\/?author=2\"}]}<\/script>\n<!-- \/ Yoast SEO plugin. -->","yoast_head_json":{"title":"Juicio Pol\u00edtico a Ramos Alor, pide PRI - Los pol\u00edticos Veracruz","robots":{"index":"index","follow":"follow","max-snippet":"max-snippet:-1","max-image-preview":"max-image-preview:large","max-video-preview":"max-video-preview:-1"},"canonical":"https:\/\/lospoliticosveracruz.com\/?p=56973","og_locale":"es_ES","og_type":"article","og_title":"Juicio Pol\u00edtico a Ramos Alor, pide PRI - Los pol\u00edticos Veracruz","og_description":"Ante los resultados negativos de la administraci\u00f3n estatal que est\u00e1n atentando contra las y los veracruzanos, con miles de contagios y personas fallecidas a causa del COVID-19, se solicitar\u00e1 al Congreso del Estado, juicio pol\u00edtico contra el secretario de salud, Roberto Ramos Alor, inform\u00f3 el presidente del CDE del PRI en Veracruz, Marlon Ram\u00edrez Mar\u00edn. [&hellip;]","og_url":"https:\/\/lospoliticosveracruz.com\/?p=56973","og_site_name":"Los pol\u00edticos Veracruz","article_publisher":"https:\/\/www.facebook.com\/people\/Notimemes-de-los-Polticos\/61565672886568\/","article_published_time":"2020-07-06T22:50:44+00:00","og_image":[{"width":600,"height":322,"url":"https:\/\/lospoliticosveracruz.com\/wp-content\/uploads\/2019\/06\/Ramos-Alor.jpg","type":"image\/jpeg"}],"author":"Lo viste en Los Pol\u00edticos","twitter_card":"summary_large_image","twitter_creator":"@LosPoliticosVer","twitter_site":"@LosPoliticosVer","twitter_misc":{"Escrito por":"Lo viste en Los Pol\u00edticos","Tiempo de lectura":"3 minutos"},"schema":{"@context":"https:\/\/schema.org","@graph":[{"@type":"Article","@id":"https:\/\/lospoliticosveracruz.com\/?p=56973#article","isPartOf":{"@id":"https:\/\/lospoliticosveracruz.com\/?p=56973"},"author":{"name":"Lo viste en Los Pol\u00edticos","@id":"https:\/\/lospoliticosveracruz.com\/#\/schema\/person\/b8702bb0e538456e6efd07080bf2a4a2"},"headline":"Juicio Pol\u00edtico a Ramos Alor, pide PRI","datePublished":"2020-07-06T22:50:44+00:00","mainEntityOfPage":{"@id":"https:\/\/lospoliticosveracruz.com\/?p=56973"},"wordCount":543,"commentCount":0,"publisher":{"@id":"https:\/\/lospoliticosveracruz.com\/#organization"},"image":{"@id":"https:\/\/lospoliticosveracruz.com\/?p=56973#primaryimage"},"thumbnailUrl":"https:\/\/lospoliticosveracruz.com\/wp-content\/uploads\/2019\/06\/Ramos-Alor.jpg","keywords":["Congreso del Estado","Covid 19","Juicio Pol\u00edtico","Mar\u00edn","Marlon Ram\u00edrez","PRI","Roberto Ramos Alor","Secretario de Salud","Veracruz"],"articleSection":["De Boleto"],"inLanguage":"es","potentialAction":[{"@type":"CommentAction","name":"Comment","target":["https:\/\/lospoliticosveracruz.com\/?p=56973#respond"]}]},{"@type":"WebPage","@id":"https:\/\/lospoliticosveracruz.com\/?p=56973","url":"https:\/\/lospoliticosveracruz.com\/?p=56973","name":"Juicio Pol\u00edtico a Ramos Alor, pide PRI - Los pol\u00edticos Veracruz","isPartOf":{"@id":"https:\/\/lospoliticosveracruz.com\/#website"},"primaryImageOfPage":{"@id":"https:\/\/lospoliticosveracruz.com\/?p=56973#primaryimage"},"image":{"@id":"https:\/\/lospoliticosveracruz.com\/?p=56973#primaryimage"},"thumbnailUrl":"https:\/\/lospoliticosveracruz.com\/wp-content\/uploads\/2019\/06\/Ramos-Alor.jpg","datePublished":"2020-07-06T22:50:44+00:00","breadcrumb":{"@id":"https:\/\/lospoliticosveracruz.com\/?p=56973#breadcrumb"},"inLanguage":"es","potentialAction":[{"@type":"ReadAction","target":["https:\/\/lospoliticosveracruz.com\/?p=56973"]}]},{"@type":"ImageObject","inLanguage":"es","@id":"https:\/\/lospoliticosveracruz.com\/?p=56973#primaryimage","url":"https:\/\/lospoliticosveracruz.com\/wp-content\/uploads\/2019\/06\/Ramos-Alor.jpg","contentUrl":"https:\/\/lospoliticosveracruz.com\/wp-content\/uploads\/2019\/06\/Ramos-Alor.jpg","width":600,"height":322},{"@type":"BreadcrumbList","@id":"https:\/\/lospoliticosveracruz.com\/?p=56973#breadcrumb","itemListElement":[{"@type":"ListItem","position":1,"name":"Portada","item":"https:\/\/lospoliticosveracruz.com\/"},{"@type":"ListItem","position":2,"name":"Juicio Pol\u00edtico a Ramos Alor, pide PRI"}]},{"@type":"WebSite","@id":"https:\/\/lospoliticosveracruz.com\/#website","url":"https:\/\/lospoliticosveracruz.com\/","name":"Los pol\u00edticos Veracruz","description":"","publisher":{"@id":"https:\/\/lospoliticosveracruz.com\/#organization"},"potentialAction":[{"@type":"SearchAction","target":{"@type":"EntryPoint","urlTemplate":"https:\/\/lospoliticosveracruz.com\/?s={search_term_string}"},"query-input":{"@type":"PropertyValueSpecification","valueRequired":true,"valueName":"search_term_string"}}],"inLanguage":"es"},{"@type":"Organization","@id":"https:\/\/lospoliticosveracruz.com\/#organization","name":"Los pol\u00edticos Veracruz","url":"https:\/\/lospoliticosveracruz.com\/","logo":{"@type":"ImageObject","inLanguage":"es","@id":"https:\/\/lospoliticosveracruz.com\/#\/schema\/logo\/image\/","url":"https:\/\/lospoliticosveracruz.com\/wp-content\/uploads\/2025\/12\/Logo-Nuevo-LOS-POLITICOS-1.jpg","contentUrl":"https:\/\/lospoliticosveracruz.com\/wp-content\/uploads\/2025\/12\/Logo-Nuevo-LOS-POLITICOS-1.jpg","width":260,"height":70,"caption":"Los pol\u00edticos Veracruz"},"image":{"@id":"https:\/\/lospoliticosveracruz.com\/#\/schema\/logo\/image\/"},"sameAs":["https:\/\/www.facebook.com\/people\/Notimemes-de-los-Polticos\/61565672886568\/","https:\/\/x.com\/LosPoliticosVer"]},{"@type":"Person","@id":"https:\/\/lospoliticosveracruz.com\/#\/schema\/person\/b8702bb0e538456e6efd07080bf2a4a2","name":"Lo viste en Los Pol\u00edticos","image":{"@type":"ImageObject","inLanguage":"es","@id":"https:\/\/secure.gravatar.com\/avatar\/3a8de04a2656d44082be478bd6c086daa447c4651605818287b9532d3d0bd435?s=96&d=mm&r=g","url":"https:\/\/secure.gravatar.com\/avatar\/3a8de04a2656d44082be478bd6c086daa447c4651605818287b9532d3d0bd435?s=96&d=mm&r=g","contentUrl":"https:\/\/secure.gravatar.com\/avatar\/3a8de04a2656d44082be478bd6c086daa447c4651605818287b9532d3d0bd435?s=96&d=mm&r=g","caption":"Lo viste en Los Pol\u00edticos"},"url":"https:\/\/lospoliticosveracruz.com\/?author=2"}]}},"_links":{"self":[{"href":"https:\/\/lospoliticosveracruz.com\/index.php?rest_route=\/wp\/v2\/posts\/56973","targetHints":{"allow":["GET"]}}],"collection":[{"href":"https:\/\/lospoliticosveracruz.com\/index.php?rest_route=\/wp\/v2\/posts"}],"about":[{"href":"https:\/\/lospoliticosveracruz.com\/index.php?rest_route=\/wp\/v2\/types\/post"}],"author":[{"embeddable":true,"href":"https:\/\/lospoliticosveracruz.com\/index.php?rest_route=\/wp\/v2\/users\/2"}],"replies":[{"embeddable":true,"href":"https:\/\/lospoliticosveracruz.com\/index.php?rest_route=%2Fwp%2Fv2%2Fcomments&post=56973"}],"version-history":[{"count":1,"href":"https:\/\/lospoliticosveracruz.com\/index.php?rest_route=\/wp\/v2\/posts\/56973\/revisions"}],"predecessor-version":[{"id":56974,"href":"https:\/\/lospoliticosveracruz.com\/index.php?rest_route=\/wp\/v2\/posts\/56973\/revisions\/56974"}],"wp:featuredmedia":[{"embeddable":true,"href":"https:\/\/lospoliticosveracruz.com\/index.php?rest_route=\/wp\/v2\/media\/48408"}],"wp:attachment":[{"href":"https:\/\/lospoliticosveracruz.com\/index.php?rest_route=%2Fwp%2Fv2%2Fmedia&parent=56973"}],"wp:term":[{"taxonomy":"category","embeddable":true,"href":"https:\/\/lospoliticosveracruz.com\/index.php?rest_route=%2Fwp%2Fv2%2Fcategories&post=56973"},{"taxonomy":"post_tag","embeddable":true,"href":"https:\/\/lospoliticosveracruz.com\/index.php?rest_route=%2Fwp%2Fv2%2Ftags&post=56973"}],"curies":[{"name":"wp","href":"https:\/\/api.w.org\/{rel}","templated":true}]}}