{"id":56984,"date":"2020-07-07T08:49:06","date_gmt":"2020-07-07T13:49:06","guid":{"rendered":"http:\/\/www.lospoliticosveracruz.com.mx\/?p=56984"},"modified":"2020-07-07T08:55:33","modified_gmt":"2020-07-07T13:55:33","slug":"salud-seguridad","status":"publish","type":"post","link":"https:\/\/lospoliticosveracruz.com\/?p=56984","title":{"rendered":"Salud, seguridad y econom\u00eda en rojo"},"content":{"rendered":"<p><strong>Rafael Arias Hern\u00e1ndez<\/strong><\/p>\n<p><em>Mutatis mutandis<\/em><br \/>\nExcepciones aparte. De entre las distinciones de los gobiernos de hoy y aqu\u00ed, destaca te\u00f1ir presente y futuro de rojo.<br \/>\nSIN REMEDIO OPORTUNO, MAS LIMITACIONES Y SACRIFICIOS<\/p>\n<p>Con toda raz\u00f3n en Veracruz, muchos se\u00f1alan y alertan sobre\u00a0 los adversos y preocupantes resultados, como lo hace el reconocido periodista Raymundo Jim\u00e9nez, que\u00a0 sostiene que el \u201cdoctor fracaso\u201d, Secretario Estatal de Salud,\u00a0\u00a0 \u201cen a\u00f1o y medio ha experimentado que no es lo mismo despachar en un consultorio privado que ser administrador p\u00fablico y estar al frente de un aparato tan complejo y exigente como el del Sector Salud del estado\u201d.<br \/>\n<a href=\"https:\/\/imagendelgolfo.mx\/columnas\/ramos-alor-doctor-fracaso-\/50026738\">https:\/\/imagendelgolfo.mx\/columnas\/ramos-alor-doctor-fracaso-\/50026738<\/a><br \/>\nLos hechos muestran la realidad y es de esperarse, que en muchas partes, vaya a \u00a0fincarse, a quien corresponda, la responsabilidad correspondiente. \u00bfQui\u00e9n responde por las vidas perdidas, que\u00a0 pudiendo salvarse, no se previ\u00f3 lo previsible, ni se hizo lo correcto?<br \/>\nEn este contexto, para ser\u00a0 objetivos respecto al tama\u00f1o y complejidad del problema, es importante tomar en cuenta, las lamentables\u00a0 condiciones en las que el actual gobierno federal,\u00a0 recibi\u00f3 el sector salud federal, as\u00ed como las acciones e\u00a0 intentos emprendidos en a\u00f1o y medio. Para ello, es recomendable la breve y sustentada columna escenarios, del prestigiado \u00a0Francisco Blanco Calder\u00f3n. <a href=\"https:\/\/imagendelgolfo.mx\/columnas\/lacerante-corrupcion-en-salud\/50026537\">https:\/\/imagendelgolfo.mx\/columnas\/lacerante-corrupcion-en-salud\/50026537<\/a><br \/>\nHabr\u00eda que considerar adem\u00e1s, los contados logros y avances que, se supone, deben ser parte de la transparencia que deber\u00eda caracterizar al trabajo gubernamental y su comunicaci\u00f3n social.<br \/>\nTransparencia y acceso a la informaci\u00f3n p\u00fablica, en gran parte pendientes y a destiempo. Datos e informaci\u00f3n que con frecuencia, \u00a0\u00a0solo se usa parcialmente, para mensajes, discursos y videos auto promocionales.<br \/>\nEn todo caso, Veracruz y el pa\u00eds, est\u00e1n colorados y ardiendo, por los miles y miles de sacrificados ante la insuficiente y cambiante pol\u00edtica de salud, ante males que aquejan y la presencia del COVI19, que vino a resaltar limitaciones e ineficiencias de este importante sector gubernamental.<br \/>\nSectores y gobiernos, te\u00f1idos de rojo ante los interminables y heroicos sacrificios, de enfermeras, m\u00e9dicos y trabajadores que se exponen hasta la inmolaci\u00f3n, por\u00a0 innumerables casos de falta de apoyo, equipo, medicamentos e instalaciones apropiadas. No m\u00e1s pretextos. Frente a su reconocido esfuerzo y ejemplo, lo m\u00ednimo que urge hacer, es pagarles bien y tratarlos mejor.<br \/>\nEl rebelde e inquieto\u00a0 reportero Jos\u00e9 Pablo Robles, otra vez enviado a meditar y reflexionar, en su columna una lecci\u00f3n inolvidable, recientemente escribi\u00f3 sobre El triste honor que tiene \u00a0Veracruz\u2026<br \/>\n\u201cEl estado\u2026se distingue por ser la entidad donde m\u00e1s agresiones han sufrido el personal de salud, a pesar que son muchos m\u00e9dicos y enfermeras que han perdido la vida por salvar los paisanos enfermos. Todo esto provocado por la ignorancia supina\u2026.\u201d<br \/>\nY adem\u00e1s se\u00f1ala que, \u201cel secretario de Salud Roberto Ramos Alor no se decide qu\u00e9 color debe tener el sem\u00e1foro y con ello la incertidumbre de hoteleros, restaurantes y almacenes de abrir o tener que volver\u00e1 cerrar.\u201d<br \/>\n<a href=\"https:\/\/imagendelgolfo.mx\/columnas\/una-leccion-inolvidable-\/50026735\">https:\/\/imagendelgolfo.mx\/columnas\/una-leccion-inolvidable-\/50026735<\/a><br \/>\nAs\u00ed, una tras otra, en m\u00faltiples formas, se destaca la crisis de sectores gubernamentales, en los medios de comunicaci\u00f3n de radio, tv e impresos, como \u00a0Dictamen, Notiver, Imagen del Golfo, Diario de Xalapa, AZ, Noreste, Opini\u00f3n de Poza Rica, Mundo de C\u00f3rdoba, Heraldo, LaJornadadeVeracruz, y otros. Y tambi\u00e9n \u00a0abundan e inundan denuncias y protestas, en destacados portales y redes sociales, como Gobernantes, Palabras Claras, BillieParkerNoticias, SPIEVeracruz, Versiones, Voz Plural, ElChiltepin, BlogExpediente, El Dem\u00f3crata, XEU, Sociedad3.0, PoliticaAlD\u00eda, Formato-7, Plumaslibres, Libertadbajopalabra, AVCnoticias, Peri\u00f3dicoVeraz, E-ConsultaVeracruz, Alcalorpol\u00edtico, PoliticosAlDesnudo, Cronicadelpoder, BitacoraPolitica, PuntoyAparte, Quadratin, NoticiasdeVeracruz, AbriendoBrecha, DiariodeVeracruz y muchos m\u00e1s, que escapan a mi memoria..<br \/>\nEn resumen, aumentan expresiones ciudadanas y sociales,\u00a0 de inconformidad y protesta, simplemente porque es cuesti\u00f3n de vida o muerte. Y tambi\u00e9n, es ineludible obligaci\u00f3n gubernamental, asegurar seguridad, bienestar, empleo y desarrollo econ\u00f3mico a la poblaci\u00f3n.<br \/>\nPor otro lado. Veracruz y M\u00e9xico, \u00a0est\u00e1n en rojo, por la sangre derramada por\u00a0 miles y miles de homicidios, y la inseguridad en aumento. D\u00edgase lo que se diga, corrupci\u00f3n e ineficiencia gubernamental siguen y fortalecen delincuencia. Se estima que la impunidad llega al 98 %.<br \/>\nNunca olvidar que seguridad p\u00fablica,\u00a0 procuraci\u00f3n y administraci\u00f3n de justicia son prioritarias, vitales para la convivencia civilizada y pac\u00edfica.<br \/>\nEstado y pa\u00eds en rojo tambi\u00e9n, ante la inocultable recesi\u00f3n, crisis econ\u00f3mica y de finanzas p\u00fablicas, que no se entienden ni atienden, bien y a tiempo; y que, buena parte de los encargados de hacerlo, pl\u00e1cidamente sobreviven en su zona de confort y con cargo al presupuesto. No les preocupa ni ocupa, lo obligatorio y urgente que es dar debida atenci\u00f3n, a la Econom\u00eda y las pol\u00edticas gubernamentales suficientes y pertinentes.<br \/>\nNi qu\u00e9 decir: presente negado y\u00a0 futuro cancelado. Ante el evidente crecimiento de desempleo, pobreza, marginaci\u00f3n e informalidad,\u00a0 que afecta y \u00a0alcanza a millones y millones de personas, m\u00e1s del 65 %.<br \/>\nY en cuanto a las finanzas p\u00fablicas, en Veracruz y el pa\u00eds, el rojo se hace intenso, ante el desplome de ingresos, efectos de las crisis y corrupci\u00f3n persistentes. En general, el sector p\u00fablico, es insuficiente para la transformaci\u00f3n deseada, reparte lo que no tiene.<br \/>\nImprescindible valorar los pocos logros y diminutos avances. Para hacerlo la informaci\u00f3n debe estar disponible, \u00a0y ser suficiente, permanente y oportuna;\u00a0 no puede guardarse y medio exponerse, solo en y para los tradicionales informes de gobierno.<br \/>\nEn gobiernos rojos, \u00a0siguen: opacidad persistente; deficiente rendici\u00f3n de cuentas; real e insuficiente fiscalizaci\u00f3n; y falta de participaci\u00f3n y evaluaci\u00f3n ciudadana y social.<br \/>\nDE CAPERUCITA ROJA. IGNORANCIA, SIMULACI\u00d3N Y ENGA\u00d1O.<br \/>\nAhora resulta que la ignorancia,\u00a0 no es la\u00a0 madre de la felicidad; y\u00a0 mucho menos, cuando le acompa\u00f1an, irresponsabilidad, incapacidad, indiferencia, enajenaci\u00f3n y deshonestidad.<br \/>\nEn general. Pol\u00edticos y gobernantes; estudiosos, comunicadores y p\u00fablico en general, padecemos y somos v\u00edctimas,\u00a0 desde siempre, cuando solo se cree y acepta, que no hay peor ciego que el que no quiere ver. Simplemente, porque se comprueba, que\u00a0 no es y nunca ha sido, solo as\u00ed.<br \/>\nDesde siempre,\u00a0 hay algo igual o peor, y es cuando se acepta simulaci\u00f3n y enga\u00f1o, cuando se asegura ver algo que no es, y se finge o simula, miente o distorsiona la verdad. Situaci\u00f3n que se agrava, cuando mentira, enajenaci\u00f3n o distorsi\u00f3n se oficializan o sostienen, de una y mil formas, incluso hasta convertirse en costumbre, tradici\u00f3n o dogma, para favorecer a unos cuantos, que facilitan sostener e incrementar, esa perjudicial capacidad de enajenaci\u00f3n y entretenimiento, de simulaci\u00f3n y enga\u00f1o.<\/p>\n<p>-Academico.IIESESUV @RafaelAriasH,Facebook:VeracruzHoydeRafaelAriasH<\/p>\n","protected":false},"excerpt":{"rendered":"<p>Rafael Arias Hern\u00e1ndez Mutatis mutandis Excepciones aparte. De entre las distinciones de los gobiernos de hoy y aqu\u00ed, destaca te\u00f1ir presente y futuro de rojo. SIN REMEDIO OPORTUNO, MAS LIMITACIONES Y SACRIFICIOS Con toda raz\u00f3n en Veracruz, muchos se\u00f1alan y alertan sobre\u00a0 los adversos y preocupantes resultados, como lo hace el reconocido periodista Raymundo Jim\u00e9nez, [&hellip;]<\/p>\n","protected":false},"author":2,"featured_media":0,"comment_status":"open","ping_status":"open","sticky":false,"template":"","format":"standard","meta":{"tdm_status":"","tdm_grid_status":"","footnotes":""},"categories":[70],"tags":[16673,8032,1867,195],"class_list":{"0":"post-56984","1":"post","2":"type-post","3":"status-publish","4":"format-standard","6":"category-de-opinion","7":"tag-covid-19","8":"tag-rafael-arias-hernandez","9":"tag-raymundo-jimenez","10":"tag-veracruz"},"yoast_head":"<!-- This site is optimized with the Yoast SEO plugin v27.4 - https:\/\/yoast.com\/product\/yoast-seo-wordpress\/ -->\n<title>Salud, seguridad y econom\u00eda en rojo - Los pol\u00edticos Veracruz<\/title>\n<meta name=\"robots\" content=\"index, follow, max-snippet:-1, max-image-preview:large, max-video-preview:-1\" \/>\n<link rel=\"canonical\" href=\"https:\/\/lospoliticosveracruz.com\/?p=56984\" \/>\n<meta property=\"og:locale\" content=\"es_ES\" \/>\n<meta property=\"og:type\" content=\"article\" \/>\n<meta property=\"og:title\" content=\"Salud, seguridad y econom\u00eda en rojo - Los pol\u00edticos Veracruz\" \/>\n<meta property=\"og:description\" content=\"Rafael Arias Hern\u00e1ndez Mutatis mutandis Excepciones aparte. De entre las distinciones de los gobiernos de hoy y aqu\u00ed, destaca te\u00f1ir presente y futuro de rojo. SIN REMEDIO OPORTUNO, MAS LIMITACIONES Y SACRIFICIOS Con toda raz\u00f3n en Veracruz, muchos se\u00f1alan y alertan sobre\u00a0 los adversos y preocupantes resultados, como lo hace el reconocido periodista Raymundo Jim\u00e9nez, [&hellip;]\" \/>\n<meta property=\"og:url\" content=\"https:\/\/lospoliticosveracruz.com\/?p=56984\" \/>\n<meta property=\"og:site_name\" content=\"Los pol\u00edticos Veracruz\" \/>\n<meta property=\"article:publisher\" content=\"https:\/\/www.facebook.com\/people\/Notimemes-de-los-Polticos\/61565672886568\/\" \/>\n<meta property=\"article:published_time\" content=\"2020-07-07T13:49:06+00:00\" \/>\n<meta property=\"article:modified_time\" content=\"2020-07-07T13:55:33+00:00\" \/>\n<meta property=\"og:image\" content=\"https:\/\/lospoliticosveracruz.com\/wp-content\/uploads\/2016\/07\/Logo-Dor.jpg\" \/>\n\t<meta property=\"og:image:width\" content=\"200\" \/>\n\t<meta property=\"og:image:height\" content=\"200\" \/>\n\t<meta property=\"og:image:type\" content=\"image\/jpeg\" \/>\n<meta name=\"author\" content=\"Lo viste en Los Pol\u00edticos\" \/>\n<meta name=\"twitter:card\" content=\"summary_large_image\" \/>\n<meta name=\"twitter:creator\" content=\"@LosPoliticosVer\" \/>\n<meta name=\"twitter:site\" content=\"@LosPoliticosVer\" \/>\n<meta name=\"twitter:label1\" content=\"Escrito por\" \/>\n\t<meta name=\"twitter:data1\" content=\"Lo viste en Los Pol\u00edticos\" \/>\n\t<meta name=\"twitter:label2\" content=\"Tiempo de lectura\" \/>\n\t<meta name=\"twitter:data2\" content=\"6 minutos\" \/>\n<script type=\"application\/ld+json\" class=\"yoast-schema-graph\">{\"@context\":\"https:\\\/\\\/schema.org\",\"@graph\":[{\"@type\":\"Article\",\"@id\":\"https:\\\/\\\/lospoliticosveracruz.com\\\/?p=56984#article\",\"isPartOf\":{\"@id\":\"https:\\\/\\\/lospoliticosveracruz.com\\\/?p=56984\"},\"author\":{\"name\":\"Lo viste en Los Pol\u00edticos\",\"@id\":\"https:\\\/\\\/lospoliticosveracruz.com\\\/#\\\/schema\\\/person\\\/b8702bb0e538456e6efd07080bf2a4a2\"},\"headline\":\"Salud, seguridad y econom\u00eda en rojo\",\"datePublished\":\"2020-07-07T13:49:06+00:00\",\"dateModified\":\"2020-07-07T13:55:33+00:00\",\"mainEntityOfPage\":{\"@id\":\"https:\\\/\\\/lospoliticosveracruz.com\\\/?p=56984\"},\"wordCount\":1153,\"commentCount\":0,\"publisher\":{\"@id\":\"https:\\\/\\\/lospoliticosveracruz.com\\\/#organization\"},\"keywords\":[\"Covid 19\",\"Rafael Arias Hern\u00e1ndez\",\"Raymundo Jim\u00e9nez\",\"Veracruz\"],\"articleSection\":[\"De Opini\u00f3n\"],\"inLanguage\":\"es\",\"potentialAction\":[{\"@type\":\"CommentAction\",\"name\":\"Comment\",\"target\":[\"https:\\\/\\\/lospoliticosveracruz.com\\\/?p=56984#respond\"]}]},{\"@type\":\"WebPage\",\"@id\":\"https:\\\/\\\/lospoliticosveracruz.com\\\/?p=56984\",\"url\":\"https:\\\/\\\/lospoliticosveracruz.com\\\/?p=56984\",\"name\":\"Salud, seguridad y econom\u00eda en rojo - Los pol\u00edticos Veracruz\",\"isPartOf\":{\"@id\":\"https:\\\/\\\/lospoliticosveracruz.com\\\/#website\"},\"datePublished\":\"2020-07-07T13:49:06+00:00\",\"dateModified\":\"2020-07-07T13:55:33+00:00\",\"breadcrumb\":{\"@id\":\"https:\\\/\\\/lospoliticosveracruz.com\\\/?p=56984#breadcrumb\"},\"inLanguage\":\"es\",\"potentialAction\":[{\"@type\":\"ReadAction\",\"target\":[\"https:\\\/\\\/lospoliticosveracruz.com\\\/?p=56984\"]}]},{\"@type\":\"BreadcrumbList\",\"@id\":\"https:\\\/\\\/lospoliticosveracruz.com\\\/?p=56984#breadcrumb\",\"itemListElement\":[{\"@type\":\"ListItem\",\"position\":1,\"name\":\"Portada\",\"item\":\"https:\\\/\\\/lospoliticosveracruz.com\\\/\"},{\"@type\":\"ListItem\",\"position\":2,\"name\":\"Salud, seguridad y econom\u00eda en rojo\"}]},{\"@type\":\"WebSite\",\"@id\":\"https:\\\/\\\/lospoliticosveracruz.com\\\/#website\",\"url\":\"https:\\\/\\\/lospoliticosveracruz.com\\\/\",\"name\":\"Los pol\u00edticos Veracruz\",\"description\":\"\",\"publisher\":{\"@id\":\"https:\\\/\\\/lospoliticosveracruz.com\\\/#organization\"},\"potentialAction\":[{\"@type\":\"SearchAction\",\"target\":{\"@type\":\"EntryPoint\",\"urlTemplate\":\"https:\\\/\\\/lospoliticosveracruz.com\\\/?s={search_term_string}\"},\"query-input\":{\"@type\":\"PropertyValueSpecification\",\"valueRequired\":true,\"valueName\":\"search_term_string\"}}],\"inLanguage\":\"es\"},{\"@type\":\"Organization\",\"@id\":\"https:\\\/\\\/lospoliticosveracruz.com\\\/#organization\",\"name\":\"Los pol\u00edticos Veracruz\",\"url\":\"https:\\\/\\\/lospoliticosveracruz.com\\\/\",\"logo\":{\"@type\":\"ImageObject\",\"inLanguage\":\"es\",\"@id\":\"https:\\\/\\\/lospoliticosveracruz.com\\\/#\\\/schema\\\/logo\\\/image\\\/\",\"url\":\"https:\\\/\\\/lospoliticosveracruz.com\\\/wp-content\\\/uploads\\\/2025\\\/12\\\/Logo-Nuevo-LOS-POLITICOS-1.jpg\",\"contentUrl\":\"https:\\\/\\\/lospoliticosveracruz.com\\\/wp-content\\\/uploads\\\/2025\\\/12\\\/Logo-Nuevo-LOS-POLITICOS-1.jpg\",\"width\":260,\"height\":70,\"caption\":\"Los pol\u00edticos Veracruz\"},\"image\":{\"@id\":\"https:\\\/\\\/lospoliticosveracruz.com\\\/#\\\/schema\\\/logo\\\/image\\\/\"},\"sameAs\":[\"https:\\\/\\\/www.facebook.com\\\/people\\\/Notimemes-de-los-Polticos\\\/61565672886568\\\/\",\"https:\\\/\\\/x.com\\\/LosPoliticosVer\"]},{\"@type\":\"Person\",\"@id\":\"https:\\\/\\\/lospoliticosveracruz.com\\\/#\\\/schema\\\/person\\\/b8702bb0e538456e6efd07080bf2a4a2\",\"name\":\"Lo viste en Los Pol\u00edticos\",\"image\":{\"@type\":\"ImageObject\",\"inLanguage\":\"es\",\"@id\":\"https:\\\/\\\/secure.gravatar.com\\\/avatar\\\/3a8de04a2656d44082be478bd6c086daa447c4651605818287b9532d3d0bd435?s=96&d=mm&r=g\",\"url\":\"https:\\\/\\\/secure.gravatar.com\\\/avatar\\\/3a8de04a2656d44082be478bd6c086daa447c4651605818287b9532d3d0bd435?s=96&d=mm&r=g\",\"contentUrl\":\"https:\\\/\\\/secure.gravatar.com\\\/avatar\\\/3a8de04a2656d44082be478bd6c086daa447c4651605818287b9532d3d0bd435?s=96&d=mm&r=g\",\"caption\":\"Lo viste en Los Pol\u00edticos\"},\"url\":\"https:\\\/\\\/lospoliticosveracruz.com\\\/?author=2\"}]}<\/script>\n<!-- \/ Yoast SEO plugin. -->","yoast_head_json":{"title":"Salud, seguridad y econom\u00eda en rojo - Los pol\u00edticos Veracruz","robots":{"index":"index","follow":"follow","max-snippet":"max-snippet:-1","max-image-preview":"max-image-preview:large","max-video-preview":"max-video-preview:-1"},"canonical":"https:\/\/lospoliticosveracruz.com\/?p=56984","og_locale":"es_ES","og_type":"article","og_title":"Salud, seguridad y econom\u00eda en rojo - Los pol\u00edticos Veracruz","og_description":"Rafael Arias Hern\u00e1ndez Mutatis mutandis Excepciones aparte. De entre las distinciones de los gobiernos de hoy y aqu\u00ed, destaca te\u00f1ir presente y futuro de rojo. SIN REMEDIO OPORTUNO, MAS LIMITACIONES Y SACRIFICIOS Con toda raz\u00f3n en Veracruz, muchos se\u00f1alan y alertan sobre\u00a0 los adversos y preocupantes resultados, como lo hace el reconocido periodista Raymundo Jim\u00e9nez, [&hellip;]","og_url":"https:\/\/lospoliticosveracruz.com\/?p=56984","og_site_name":"Los pol\u00edticos Veracruz","article_publisher":"https:\/\/www.facebook.com\/people\/Notimemes-de-los-Polticos\/61565672886568\/","article_published_time":"2020-07-07T13:49:06+00:00","article_modified_time":"2020-07-07T13:55:33+00:00","og_image":[{"width":200,"height":200,"url":"https:\/\/lospoliticosveracruz.com\/wp-content\/uploads\/2016\/07\/Logo-Dor.jpg","type":"image\/jpeg"}],"author":"Lo viste en Los Pol\u00edticos","twitter_card":"summary_large_image","twitter_creator":"@LosPoliticosVer","twitter_site":"@LosPoliticosVer","twitter_misc":{"Escrito por":"Lo viste en Los Pol\u00edticos","Tiempo de lectura":"6 minutos"},"schema":{"@context":"https:\/\/schema.org","@graph":[{"@type":"Article","@id":"https:\/\/lospoliticosveracruz.com\/?p=56984#article","isPartOf":{"@id":"https:\/\/lospoliticosveracruz.com\/?p=56984"},"author":{"name":"Lo viste en Los Pol\u00edticos","@id":"https:\/\/lospoliticosveracruz.com\/#\/schema\/person\/b8702bb0e538456e6efd07080bf2a4a2"},"headline":"Salud, seguridad y econom\u00eda en rojo","datePublished":"2020-07-07T13:49:06+00:00","dateModified":"2020-07-07T13:55:33+00:00","mainEntityOfPage":{"@id":"https:\/\/lospoliticosveracruz.com\/?p=56984"},"wordCount":1153,"commentCount":0,"publisher":{"@id":"https:\/\/lospoliticosveracruz.com\/#organization"},"keywords":["Covid 19","Rafael Arias Hern\u00e1ndez","Raymundo Jim\u00e9nez","Veracruz"],"articleSection":["De Opini\u00f3n"],"inLanguage":"es","potentialAction":[{"@type":"CommentAction","name":"Comment","target":["https:\/\/lospoliticosveracruz.com\/?p=56984#respond"]}]},{"@type":"WebPage","@id":"https:\/\/lospoliticosveracruz.com\/?p=56984","url":"https:\/\/lospoliticosveracruz.com\/?p=56984","name":"Salud, seguridad y econom\u00eda en rojo - Los pol\u00edticos Veracruz","isPartOf":{"@id":"https:\/\/lospoliticosveracruz.com\/#website"},"datePublished":"2020-07-07T13:49:06+00:00","dateModified":"2020-07-07T13:55:33+00:00","breadcrumb":{"@id":"https:\/\/lospoliticosveracruz.com\/?p=56984#breadcrumb"},"inLanguage":"es","potentialAction":[{"@type":"ReadAction","target":["https:\/\/lospoliticosveracruz.com\/?p=56984"]}]},{"@type":"BreadcrumbList","@id":"https:\/\/lospoliticosveracruz.com\/?p=56984#breadcrumb","itemListElement":[{"@type":"ListItem","position":1,"name":"Portada","item":"https:\/\/lospoliticosveracruz.com\/"},{"@type":"ListItem","position":2,"name":"Salud, seguridad y econom\u00eda en rojo"}]},{"@type":"WebSite","@id":"https:\/\/lospoliticosveracruz.com\/#website","url":"https:\/\/lospoliticosveracruz.com\/","name":"Los pol\u00edticos Veracruz","description":"","publisher":{"@id":"https:\/\/lospoliticosveracruz.com\/#organization"},"potentialAction":[{"@type":"SearchAction","target":{"@type":"EntryPoint","urlTemplate":"https:\/\/lospoliticosveracruz.com\/?s={search_term_string}"},"query-input":{"@type":"PropertyValueSpecification","valueRequired":true,"valueName":"search_term_string"}}],"inLanguage":"es"},{"@type":"Organization","@id":"https:\/\/lospoliticosveracruz.com\/#organization","name":"Los pol\u00edticos Veracruz","url":"https:\/\/lospoliticosveracruz.com\/","logo":{"@type":"ImageObject","inLanguage":"es","@id":"https:\/\/lospoliticosveracruz.com\/#\/schema\/logo\/image\/","url":"https:\/\/lospoliticosveracruz.com\/wp-content\/uploads\/2025\/12\/Logo-Nuevo-LOS-POLITICOS-1.jpg","contentUrl":"https:\/\/lospoliticosveracruz.com\/wp-content\/uploads\/2025\/12\/Logo-Nuevo-LOS-POLITICOS-1.jpg","width":260,"height":70,"caption":"Los pol\u00edticos Veracruz"},"image":{"@id":"https:\/\/lospoliticosveracruz.com\/#\/schema\/logo\/image\/"},"sameAs":["https:\/\/www.facebook.com\/people\/Notimemes-de-los-Polticos\/61565672886568\/","https:\/\/x.com\/LosPoliticosVer"]},{"@type":"Person","@id":"https:\/\/lospoliticosveracruz.com\/#\/schema\/person\/b8702bb0e538456e6efd07080bf2a4a2","name":"Lo viste en Los Pol\u00edticos","image":{"@type":"ImageObject","inLanguage":"es","@id":"https:\/\/secure.gravatar.com\/avatar\/3a8de04a2656d44082be478bd6c086daa447c4651605818287b9532d3d0bd435?s=96&d=mm&r=g","url":"https:\/\/secure.gravatar.com\/avatar\/3a8de04a2656d44082be478bd6c086daa447c4651605818287b9532d3d0bd435?s=96&d=mm&r=g","contentUrl":"https:\/\/secure.gravatar.com\/avatar\/3a8de04a2656d44082be478bd6c086daa447c4651605818287b9532d3d0bd435?s=96&d=mm&r=g","caption":"Lo viste en Los Pol\u00edticos"},"url":"https:\/\/lospoliticosveracruz.com\/?author=2"}]}},"_links":{"self":[{"href":"https:\/\/lospoliticosveracruz.com\/index.php?rest_route=\/wp\/v2\/posts\/56984","targetHints":{"allow":["GET"]}}],"collection":[{"href":"https:\/\/lospoliticosveracruz.com\/index.php?rest_route=\/wp\/v2\/posts"}],"about":[{"href":"https:\/\/lospoliticosveracruz.com\/index.php?rest_route=\/wp\/v2\/types\/post"}],"author":[{"embeddable":true,"href":"https:\/\/lospoliticosveracruz.com\/index.php?rest_route=\/wp\/v2\/users\/2"}],"replies":[{"embeddable":true,"href":"https:\/\/lospoliticosveracruz.com\/index.php?rest_route=%2Fwp%2Fv2%2Fcomments&post=56984"}],"version-history":[{"count":1,"href":"https:\/\/lospoliticosveracruz.com\/index.php?rest_route=\/wp\/v2\/posts\/56984\/revisions"}],"predecessor-version":[{"id":56985,"href":"https:\/\/lospoliticosveracruz.com\/index.php?rest_route=\/wp\/v2\/posts\/56984\/revisions\/56985"}],"wp:attachment":[{"href":"https:\/\/lospoliticosveracruz.com\/index.php?rest_route=%2Fwp%2Fv2%2Fmedia&parent=56984"}],"wp:term":[{"taxonomy":"category","embeddable":true,"href":"https:\/\/lospoliticosveracruz.com\/index.php?rest_route=%2Fwp%2Fv2%2Fcategories&post=56984"},{"taxonomy":"post_tag","embeddable":true,"href":"https:\/\/lospoliticosveracruz.com\/index.php?rest_route=%2Fwp%2Fv2%2Ftags&post=56984"}],"curies":[{"name":"wp","href":"https:\/\/api.w.org\/{rel}","templated":true}]}}