{"id":57128,"date":"2020-07-09T22:51:05","date_gmt":"2020-07-10T03:51:05","guid":{"rendered":"http:\/\/www.lospoliticosveracruz.com.mx\/?p=57128"},"modified":"2020-07-09T22:51:05","modified_gmt":"2020-07-10T03:51:05","slug":"donde-esta-mi-abogado","status":"publish","type":"post","link":"https:\/\/lospoliticosveracruz.com\/?p=57128","title":{"rendered":"\u00bfD\u00f3nde est\u00e1 mi abogado?"},"content":{"rendered":"<p><strong>Felipe de Jes\u00fas Fern\u00e1ndez Basilio<\/strong><\/p>\n<p><em>Desde A Janela<\/em><\/p>\n<p>Esta pregunta surge ahora que pr\u00e1cticamente est\u00e1 parada la actividad judicial y que por consiguiente todos los problemas planteados ante ella se encuentran detenidos como si fuera un largu\u00edsimo fin de semana en el cual las injusticias prevalecen y la aplicaci\u00f3n de la ley es letra muerta, ya que todos esos bellos derechos que se encuentran escritos en la constituci\u00f3n carecen de aplicaci\u00f3n y por lo tanto es como si no existieran.<\/p>\n<p>En la entrega pasada reflexionamos acerca del fallo del Estado en su rama judicial y tambi\u00e9n sobre el nulo inter\u00e9s que tienen en volver a trabajar pese a que est\u00e1n cobrando sin resolver un solo asunto.<\/p>\n<p>Por ello ahora toca tratar sobre los otros actores fundamentales para la impartici\u00f3n de justicia y esos precisamente somos los abogados y es que tan solo la palabra abogado deriva de la expresi\u00f3n latina <em>\u201cad auxilium vocatus\u201d<\/em> que en castellano significa \u201cel llamado para auxiliar\u201d por lo que se denomina como abogados a los profesionistas que son llamados en auxilio, tanto para prevenir como para solucionar conflictos legales.<\/p>\n<p>Por lo tanto, no cualquiera que estudia leyes es un abogado sino solo lo es aquel que se dedica a ayudar a otros en temas jur\u00eddicos, principalmente en la defensa de sus derechos que han sido vulnerados por otra persona o por el Estado.<\/p>\n<p>Ahora bien, si esa es la funci\u00f3n del abogado entonces una vez que acude en auxilio de quien lo solicita, su obligaci\u00f3n es defender los derechos de quien lo requiere tanto en los tribunales como fuera de ellos y aun por sobre ellos, caso que aplica en situaciones como en la que ahora vivimos en la que \u00e9stos no quieren trabajar.<\/p>\n<p>Por ello es de llamar la atenci\u00f3n el pasmo y la resignaci\u00f3n que manifiestan muchos abogados ante la irresponsable inactividad judicial, porque no hay otra manera de llamar al mantener cerrados los juzgados y parada su actividad por tant\u00edsimo tiempo so pretexto de que al abrir sus instalaciones ponen en peligro de contagio a mucha gente; argumento que es rid\u00edculo y suena m\u00e1s a pretexto para tener vacaciones pagadas ya que les aseguro que cualquier supermercado en quincena o en horas pico tiene m\u00e1s gente adentro que un juzgado y la vida sigue.<\/p>\n<p>Pero a\u00fan m\u00e1s llama la atenci\u00f3n el mensaje que algunas \u201cbarras\u201d de abogados env\u00edan a sus agremiados y a la sociedad en general diciendo que esta es una contingencia casi apocal\u00edptica y que no hay nada que se pueda hacer m\u00e1s que permanecer encerrados y de ser posible estudiando para esperar tiempos mejores y entre todas estas opiniones encontr\u00e9 una perla.<\/p>\n<p>Resulta que un l\u00edder, tampoco encuentro otra manera de llamarlo, de una de las tantas \u201cbarras y colegios\u201d de abogados que hay en el estado de Veracruz, el Sr. Vito Lozano respondiendo a los abogados inconformes con la situaci\u00f3n, dijo que las medidas tomadas por el Tribunal Superior de Justicia del Estado eran acertadas debido a la pandemia y que recomendaba a los abogados mantenerse en cuarentena y dejar por la paz los asuntos civiles que est\u00e1n detenidos y mejor dedicarse a los penales que poco avanzan o de plano ponerse a estudiar y actualizarse.<\/p>\n<p>Esas declaraciones tiran por la borda el objetivo de la profesi\u00f3n, es como si se le dijera a una mujer que sufre de violencia familiar por parte de su esposo que ahorita no se puede hacer mucho y que mejor mientras dure la cuarentena pruebe con comportarse de otra manera y as\u00ed tal vez le pegue un poco menos o que se le diga a alguien que cay\u00f3 preso y que se va a mantener ah\u00ed porque la prisi\u00f3n preventiva que le dictaron va a durar todo su proceso, el cual va estar parado lo que dure la cuarentena, que mejor le diga a su carcelero que le permita tener un pasatiempo, porque no hay de otra mientras est\u00e9 el peligro de contagio.<\/p>\n<p>Pues no Don Vito, eso no es ser abogado y por ello es que en este pa\u00eds no funcionan las \u201cbarras y colegios\u201d de abogados, ya que est\u00e1n a las \u00f3rdenes del Estado y no velan por los intereses de sus representados ni mucho menos por los de quienes acuden a ellos, los justiciables.<\/p>\n<p>Con esa manera de pensar \u00bfQu\u00e9 abogado que pretenda cumplir con su profesi\u00f3n va a querer acercarse a una organizaci\u00f3n de esas?, ya que si por ejemplo tiene como problema el que se ator\u00f3 una apelaci\u00f3n penal, porque a los se\u00f1ores magistrados que trabajan en el Tribunal Superior de Justicia se les ocurri\u00f3 no trabajar por lo que dure la ya mal llamada cuarentena,\u00a0 y en lugar de presionar al tribunal le dicen que mejor se espere o se vaya a tratar de coyotear en la fiscal\u00eda por lo que dure vigente la \u201cexcelente medida\u201d tomada por las autoridades judiciales y mientras quien depende de esa apelaci\u00f3n vive un infierno por tiempo indefinido.<\/p>\n<p>Esas actitudes me recuerdan que, contrastando la definici\u00f3n de abogado que di al principio de este texto, una colega coment\u00f3 alguna vez que los abogados eran como los mercenarios\u00a0 \u201cya que ponen su espada al servicio de quien los contrata\u201d, frase que de acuerdo al significado de la palabra mercenario bien se completa diciendo \u201cy que no se comprometen m\u00e1s que con el dinero que les pagan\u201d y ese pensamiento es el que tiene el mencionado l\u00edder de un colegio de abogados, ya que pens\u00f3 muy bien en adular\u00a0 a la presidente del tribunal, medianamente bien en dar consejos a sus miembros para no quedarse sin ingresos (al parecer lo que importa) y terriblemente mal, porque ni mencion\u00f3 a quienes son la esencia de la profesi\u00f3n, los representados.<\/p>\n<p>Concluyo diciendo que el buen abogado a estas alturas del partido no solo tiene que seguir asesorando a sus representados como ordinariamente lo hace, sino que debe adem\u00e1s de tratar de romper con ingenio el cerco sanitario que hoy por hoy ya es rid\u00edculo y en la medida de lo posible ir arrancando acuerdos y hasta resoluciones a los tribunales, porque m\u00e1s all\u00e1 de cualquier situaci\u00f3n por imprevista que esta sea, el compromiso que da sentido a la profesi\u00f3n del abogado es exigir que se cumplan los derechos de quienes acuden a \u00e9l.<\/p>\n<p><a href=\"mailto:felfebas@gmail.com\">felfebas@gmail.com<\/a><\/p>\n<p>Twitter: @FelipeFBasilio<\/p>\n","protected":false},"excerpt":{"rendered":"<p>Felipe de Jes\u00fas Fern\u00e1ndez Basilio Desde A Janela Esta pregunta surge ahora que pr\u00e1cticamente est\u00e1 parada la actividad judicial y que por consiguiente todos los problemas planteados ante ella se encuentran detenidos como si fuera un largu\u00edsimo fin de semana en el cual las injusticias prevalecen y la aplicaci\u00f3n de la ley es letra muerta, [&hellip;]<\/p>\n","protected":false},"author":2,"featured_media":0,"comment_status":"open","ping_status":"open","sticky":false,"template":"","format":"standard","meta":{"tdm_status":"","tdm_grid_status":"","footnotes":""},"categories":[70],"tags":[19136,12710,19137,6018,195],"class_list":{"0":"post-57128","1":"post","2":"type-post","3":"status-publish","4":"format-standard","6":"category-de-opinion","7":"tag-el-llamado-para-auxiliar","8":"tag-felipe-de-jesus-fernandez-basilio","9":"tag-inactividad-judicial","10":"tag-tribunal-superior-de-justicia-del-estado","11":"tag-veracruz"},"yoast_head":"<!-- This site is optimized with the Yoast SEO plugin v27.4 - https:\/\/yoast.com\/product\/yoast-seo-wordpress\/ -->\n<title>\u00bfD\u00f3nde est\u00e1 mi abogado? - Los pol\u00edticos Veracruz<\/title>\n<meta name=\"robots\" content=\"index, follow, max-snippet:-1, max-image-preview:large, max-video-preview:-1\" \/>\n<link rel=\"canonical\" href=\"https:\/\/lospoliticosveracruz.com\/?p=57128\" \/>\n<meta property=\"og:locale\" content=\"es_ES\" \/>\n<meta property=\"og:type\" content=\"article\" \/>\n<meta property=\"og:title\" content=\"\u00bfD\u00f3nde est\u00e1 mi abogado? - Los pol\u00edticos Veracruz\" \/>\n<meta property=\"og:description\" content=\"Felipe de Jes\u00fas Fern\u00e1ndez Basilio Desde A Janela Esta pregunta surge ahora que pr\u00e1cticamente est\u00e1 parada la actividad judicial y que por consiguiente todos los problemas planteados ante ella se encuentran detenidos como si fuera un largu\u00edsimo fin de semana en el cual las injusticias prevalecen y la aplicaci\u00f3n de la ley es letra muerta, [&hellip;]\" \/>\n<meta property=\"og:url\" content=\"https:\/\/lospoliticosveracruz.com\/?p=57128\" \/>\n<meta property=\"og:site_name\" content=\"Los pol\u00edticos Veracruz\" \/>\n<meta property=\"article:publisher\" content=\"https:\/\/www.facebook.com\/people\/Notimemes-de-los-Polticos\/61565672886568\/\" \/>\n<meta property=\"article:published_time\" content=\"2020-07-10T03:51:05+00:00\" \/>\n<meta property=\"og:image\" content=\"https:\/\/lospoliticosveracruz.com\/wp-content\/uploads\/2016\/07\/Logo-Dor.jpg\" \/>\n\t<meta property=\"og:image:width\" content=\"200\" \/>\n\t<meta property=\"og:image:height\" content=\"200\" \/>\n\t<meta property=\"og:image:type\" content=\"image\/jpeg\" \/>\n<meta name=\"author\" content=\"Lo viste en Los Pol\u00edticos\" \/>\n<meta name=\"twitter:card\" content=\"summary_large_image\" \/>\n<meta name=\"twitter:creator\" content=\"@LosPoliticosVer\" \/>\n<meta name=\"twitter:site\" content=\"@LosPoliticosVer\" \/>\n<meta name=\"twitter:label1\" content=\"Escrito por\" \/>\n\t<meta name=\"twitter:data1\" content=\"Lo viste en Los Pol\u00edticos\" \/>\n\t<meta name=\"twitter:label2\" content=\"Tiempo de lectura\" \/>\n\t<meta name=\"twitter:data2\" content=\"6 minutos\" \/>\n<script type=\"application\/ld+json\" class=\"yoast-schema-graph\">{\"@context\":\"https:\\\/\\\/schema.org\",\"@graph\":[{\"@type\":\"Article\",\"@id\":\"https:\\\/\\\/lospoliticosveracruz.com\\\/?p=57128#article\",\"isPartOf\":{\"@id\":\"https:\\\/\\\/lospoliticosveracruz.com\\\/?p=57128\"},\"author\":{\"name\":\"Lo viste en Los Pol\u00edticos\",\"@id\":\"https:\\\/\\\/lospoliticosveracruz.com\\\/#\\\/schema\\\/person\\\/b8702bb0e538456e6efd07080bf2a4a2\"},\"headline\":\"\u00bfD\u00f3nde est\u00e1 mi abogado?\",\"datePublished\":\"2020-07-10T03:51:05+00:00\",\"mainEntityOfPage\":{\"@id\":\"https:\\\/\\\/lospoliticosveracruz.com\\\/?p=57128\"},\"wordCount\":1108,\"commentCount\":0,\"publisher\":{\"@id\":\"https:\\\/\\\/lospoliticosveracruz.com\\\/#organization\"},\"keywords\":[\"el llamado para auxiliar\",\"Felipe de Jes\u00fas Fern\u00e1ndez Basilio\",\"inactividad judicial\",\"Tribunal Superior de Justicia del Estado\",\"Veracruz\"],\"articleSection\":[\"De Opini\u00f3n\"],\"inLanguage\":\"es\",\"potentialAction\":[{\"@type\":\"CommentAction\",\"name\":\"Comment\",\"target\":[\"https:\\\/\\\/lospoliticosveracruz.com\\\/?p=57128#respond\"]}]},{\"@type\":\"WebPage\",\"@id\":\"https:\\\/\\\/lospoliticosveracruz.com\\\/?p=57128\",\"url\":\"https:\\\/\\\/lospoliticosveracruz.com\\\/?p=57128\",\"name\":\"\u00bfD\u00f3nde est\u00e1 mi abogado? - Los pol\u00edticos Veracruz\",\"isPartOf\":{\"@id\":\"https:\\\/\\\/lospoliticosveracruz.com\\\/#website\"},\"datePublished\":\"2020-07-10T03:51:05+00:00\",\"breadcrumb\":{\"@id\":\"https:\\\/\\\/lospoliticosveracruz.com\\\/?p=57128#breadcrumb\"},\"inLanguage\":\"es\",\"potentialAction\":[{\"@type\":\"ReadAction\",\"target\":[\"https:\\\/\\\/lospoliticosveracruz.com\\\/?p=57128\"]}]},{\"@type\":\"BreadcrumbList\",\"@id\":\"https:\\\/\\\/lospoliticosveracruz.com\\\/?p=57128#breadcrumb\",\"itemListElement\":[{\"@type\":\"ListItem\",\"position\":1,\"name\":\"Portada\",\"item\":\"https:\\\/\\\/lospoliticosveracruz.com\\\/\"},{\"@type\":\"ListItem\",\"position\":2,\"name\":\"\u00bfD\u00f3nde est\u00e1 mi abogado?\"}]},{\"@type\":\"WebSite\",\"@id\":\"https:\\\/\\\/lospoliticosveracruz.com\\\/#website\",\"url\":\"https:\\\/\\\/lospoliticosveracruz.com\\\/\",\"name\":\"Los pol\u00edticos Veracruz\",\"description\":\"\",\"publisher\":{\"@id\":\"https:\\\/\\\/lospoliticosveracruz.com\\\/#organization\"},\"potentialAction\":[{\"@type\":\"SearchAction\",\"target\":{\"@type\":\"EntryPoint\",\"urlTemplate\":\"https:\\\/\\\/lospoliticosveracruz.com\\\/?s={search_term_string}\"},\"query-input\":{\"@type\":\"PropertyValueSpecification\",\"valueRequired\":true,\"valueName\":\"search_term_string\"}}],\"inLanguage\":\"es\"},{\"@type\":\"Organization\",\"@id\":\"https:\\\/\\\/lospoliticosveracruz.com\\\/#organization\",\"name\":\"Los pol\u00edticos Veracruz\",\"url\":\"https:\\\/\\\/lospoliticosveracruz.com\\\/\",\"logo\":{\"@type\":\"ImageObject\",\"inLanguage\":\"es\",\"@id\":\"https:\\\/\\\/lospoliticosveracruz.com\\\/#\\\/schema\\\/logo\\\/image\\\/\",\"url\":\"https:\\\/\\\/lospoliticosveracruz.com\\\/wp-content\\\/uploads\\\/2025\\\/12\\\/Logo-Nuevo-LOS-POLITICOS-1.jpg\",\"contentUrl\":\"https:\\\/\\\/lospoliticosveracruz.com\\\/wp-content\\\/uploads\\\/2025\\\/12\\\/Logo-Nuevo-LOS-POLITICOS-1.jpg\",\"width\":260,\"height\":70,\"caption\":\"Los pol\u00edticos Veracruz\"},\"image\":{\"@id\":\"https:\\\/\\\/lospoliticosveracruz.com\\\/#\\\/schema\\\/logo\\\/image\\\/\"},\"sameAs\":[\"https:\\\/\\\/www.facebook.com\\\/people\\\/Notimemes-de-los-Polticos\\\/61565672886568\\\/\",\"https:\\\/\\\/x.com\\\/LosPoliticosVer\"]},{\"@type\":\"Person\",\"@id\":\"https:\\\/\\\/lospoliticosveracruz.com\\\/#\\\/schema\\\/person\\\/b8702bb0e538456e6efd07080bf2a4a2\",\"name\":\"Lo viste en Los Pol\u00edticos\",\"image\":{\"@type\":\"ImageObject\",\"inLanguage\":\"es\",\"@id\":\"https:\\\/\\\/secure.gravatar.com\\\/avatar\\\/3a8de04a2656d44082be478bd6c086daa447c4651605818287b9532d3d0bd435?s=96&d=mm&r=g\",\"url\":\"https:\\\/\\\/secure.gravatar.com\\\/avatar\\\/3a8de04a2656d44082be478bd6c086daa447c4651605818287b9532d3d0bd435?s=96&d=mm&r=g\",\"contentUrl\":\"https:\\\/\\\/secure.gravatar.com\\\/avatar\\\/3a8de04a2656d44082be478bd6c086daa447c4651605818287b9532d3d0bd435?s=96&d=mm&r=g\",\"caption\":\"Lo viste en Los Pol\u00edticos\"},\"url\":\"https:\\\/\\\/lospoliticosveracruz.com\\\/?author=2\"}]}<\/script>\n<!-- \/ Yoast SEO plugin. -->","yoast_head_json":{"title":"\u00bfD\u00f3nde est\u00e1 mi abogado? - Los pol\u00edticos Veracruz","robots":{"index":"index","follow":"follow","max-snippet":"max-snippet:-1","max-image-preview":"max-image-preview:large","max-video-preview":"max-video-preview:-1"},"canonical":"https:\/\/lospoliticosveracruz.com\/?p=57128","og_locale":"es_ES","og_type":"article","og_title":"\u00bfD\u00f3nde est\u00e1 mi abogado? - Los pol\u00edticos Veracruz","og_description":"Felipe de Jes\u00fas Fern\u00e1ndez Basilio Desde A Janela Esta pregunta surge ahora que pr\u00e1cticamente est\u00e1 parada la actividad judicial y que por consiguiente todos los problemas planteados ante ella se encuentran detenidos como si fuera un largu\u00edsimo fin de semana en el cual las injusticias prevalecen y la aplicaci\u00f3n de la ley es letra muerta, [&hellip;]","og_url":"https:\/\/lospoliticosveracruz.com\/?p=57128","og_site_name":"Los pol\u00edticos Veracruz","article_publisher":"https:\/\/www.facebook.com\/people\/Notimemes-de-los-Polticos\/61565672886568\/","article_published_time":"2020-07-10T03:51:05+00:00","og_image":[{"width":200,"height":200,"url":"https:\/\/lospoliticosveracruz.com\/wp-content\/uploads\/2016\/07\/Logo-Dor.jpg","type":"image\/jpeg"}],"author":"Lo viste en Los Pol\u00edticos","twitter_card":"summary_large_image","twitter_creator":"@LosPoliticosVer","twitter_site":"@LosPoliticosVer","twitter_misc":{"Escrito por":"Lo viste en Los Pol\u00edticos","Tiempo de lectura":"6 minutos"},"schema":{"@context":"https:\/\/schema.org","@graph":[{"@type":"Article","@id":"https:\/\/lospoliticosveracruz.com\/?p=57128#article","isPartOf":{"@id":"https:\/\/lospoliticosveracruz.com\/?p=57128"},"author":{"name":"Lo viste en Los Pol\u00edticos","@id":"https:\/\/lospoliticosveracruz.com\/#\/schema\/person\/b8702bb0e538456e6efd07080bf2a4a2"},"headline":"\u00bfD\u00f3nde est\u00e1 mi abogado?","datePublished":"2020-07-10T03:51:05+00:00","mainEntityOfPage":{"@id":"https:\/\/lospoliticosveracruz.com\/?p=57128"},"wordCount":1108,"commentCount":0,"publisher":{"@id":"https:\/\/lospoliticosveracruz.com\/#organization"},"keywords":["el llamado para auxiliar","Felipe de Jes\u00fas Fern\u00e1ndez Basilio","inactividad judicial","Tribunal Superior de Justicia del Estado","Veracruz"],"articleSection":["De Opini\u00f3n"],"inLanguage":"es","potentialAction":[{"@type":"CommentAction","name":"Comment","target":["https:\/\/lospoliticosveracruz.com\/?p=57128#respond"]}]},{"@type":"WebPage","@id":"https:\/\/lospoliticosveracruz.com\/?p=57128","url":"https:\/\/lospoliticosveracruz.com\/?p=57128","name":"\u00bfD\u00f3nde est\u00e1 mi abogado? - Los pol\u00edticos Veracruz","isPartOf":{"@id":"https:\/\/lospoliticosveracruz.com\/#website"},"datePublished":"2020-07-10T03:51:05+00:00","breadcrumb":{"@id":"https:\/\/lospoliticosveracruz.com\/?p=57128#breadcrumb"},"inLanguage":"es","potentialAction":[{"@type":"ReadAction","target":["https:\/\/lospoliticosveracruz.com\/?p=57128"]}]},{"@type":"BreadcrumbList","@id":"https:\/\/lospoliticosveracruz.com\/?p=57128#breadcrumb","itemListElement":[{"@type":"ListItem","position":1,"name":"Portada","item":"https:\/\/lospoliticosveracruz.com\/"},{"@type":"ListItem","position":2,"name":"\u00bfD\u00f3nde est\u00e1 mi abogado?"}]},{"@type":"WebSite","@id":"https:\/\/lospoliticosveracruz.com\/#website","url":"https:\/\/lospoliticosveracruz.com\/","name":"Los pol\u00edticos Veracruz","description":"","publisher":{"@id":"https:\/\/lospoliticosveracruz.com\/#organization"},"potentialAction":[{"@type":"SearchAction","target":{"@type":"EntryPoint","urlTemplate":"https:\/\/lospoliticosveracruz.com\/?s={search_term_string}"},"query-input":{"@type":"PropertyValueSpecification","valueRequired":true,"valueName":"search_term_string"}}],"inLanguage":"es"},{"@type":"Organization","@id":"https:\/\/lospoliticosveracruz.com\/#organization","name":"Los pol\u00edticos Veracruz","url":"https:\/\/lospoliticosveracruz.com\/","logo":{"@type":"ImageObject","inLanguage":"es","@id":"https:\/\/lospoliticosveracruz.com\/#\/schema\/logo\/image\/","url":"https:\/\/lospoliticosveracruz.com\/wp-content\/uploads\/2025\/12\/Logo-Nuevo-LOS-POLITICOS-1.jpg","contentUrl":"https:\/\/lospoliticosveracruz.com\/wp-content\/uploads\/2025\/12\/Logo-Nuevo-LOS-POLITICOS-1.jpg","width":260,"height":70,"caption":"Los pol\u00edticos Veracruz"},"image":{"@id":"https:\/\/lospoliticosveracruz.com\/#\/schema\/logo\/image\/"},"sameAs":["https:\/\/www.facebook.com\/people\/Notimemes-de-los-Polticos\/61565672886568\/","https:\/\/x.com\/LosPoliticosVer"]},{"@type":"Person","@id":"https:\/\/lospoliticosveracruz.com\/#\/schema\/person\/b8702bb0e538456e6efd07080bf2a4a2","name":"Lo viste en Los Pol\u00edticos","image":{"@type":"ImageObject","inLanguage":"es","@id":"https:\/\/secure.gravatar.com\/avatar\/3a8de04a2656d44082be478bd6c086daa447c4651605818287b9532d3d0bd435?s=96&d=mm&r=g","url":"https:\/\/secure.gravatar.com\/avatar\/3a8de04a2656d44082be478bd6c086daa447c4651605818287b9532d3d0bd435?s=96&d=mm&r=g","contentUrl":"https:\/\/secure.gravatar.com\/avatar\/3a8de04a2656d44082be478bd6c086daa447c4651605818287b9532d3d0bd435?s=96&d=mm&r=g","caption":"Lo viste en Los Pol\u00edticos"},"url":"https:\/\/lospoliticosveracruz.com\/?author=2"}]}},"_links":{"self":[{"href":"https:\/\/lospoliticosveracruz.com\/index.php?rest_route=\/wp\/v2\/posts\/57128","targetHints":{"allow":["GET"]}}],"collection":[{"href":"https:\/\/lospoliticosveracruz.com\/index.php?rest_route=\/wp\/v2\/posts"}],"about":[{"href":"https:\/\/lospoliticosveracruz.com\/index.php?rest_route=\/wp\/v2\/types\/post"}],"author":[{"embeddable":true,"href":"https:\/\/lospoliticosveracruz.com\/index.php?rest_route=\/wp\/v2\/users\/2"}],"replies":[{"embeddable":true,"href":"https:\/\/lospoliticosveracruz.com\/index.php?rest_route=%2Fwp%2Fv2%2Fcomments&post=57128"}],"version-history":[{"count":1,"href":"https:\/\/lospoliticosveracruz.com\/index.php?rest_route=\/wp\/v2\/posts\/57128\/revisions"}],"predecessor-version":[{"id":57130,"href":"https:\/\/lospoliticosveracruz.com\/index.php?rest_route=\/wp\/v2\/posts\/57128\/revisions\/57130"}],"wp:attachment":[{"href":"https:\/\/lospoliticosveracruz.com\/index.php?rest_route=%2Fwp%2Fv2%2Fmedia&parent=57128"}],"wp:term":[{"taxonomy":"category","embeddable":true,"href":"https:\/\/lospoliticosveracruz.com\/index.php?rest_route=%2Fwp%2Fv2%2Fcategories&post=57128"},{"taxonomy":"post_tag","embeddable":true,"href":"https:\/\/lospoliticosveracruz.com\/index.php?rest_route=%2Fwp%2Fv2%2Ftags&post=57128"}],"curies":[{"name":"wp","href":"https:\/\/api.w.org\/{rel}","templated":true}]}}