{"id":57194,"date":"2020-07-11T12:33:28","date_gmt":"2020-07-11T17:33:28","guid":{"rendered":"http:\/\/www.lospoliticosveracruz.com.mx\/?p=57194"},"modified":"2020-07-11T12:33:28","modified_gmt":"2020-07-11T17:33:28","slug":"personas-con-discapacidad-no-queremos-dadivas-norma-aceves","status":"publish","type":"post","link":"https:\/\/lospoliticosveracruz.com\/?p=57194","title":{"rendered":"Personas con discapacidad no queremos d\u00e1divas: Norma Aceves"},"content":{"rendered":"<p>\u201cEl Estado debe garantizar el derecho a la inclusi\u00f3n social de todos los seres humanos y adoptar las medidas necesarias para que tengan el goce efectivo de oportunidades en condiciones de equidad. Las personas con discapacidad no queremos d\u00e1divas, aspiramos al acceso pleno a la educaci\u00f3n e incorporarnos a la vida laboral, para as\u00ed no depender de nadie, ni convertirnos en una clientela pol\u00edtica\u201d, asegur\u00f3 Norma Aceves Garc\u00eda, Secretaria de Atenci\u00f3n a Personas con Discapacidad del Comit\u00e9 Ejecutivo Nacional del Partido Revolucionario Institucional (PRI).<\/p>\n<p>Al participar en la charla \u201cEl PRI, Partido de la Inclusi\u00f3n Social\u201d, organizada por Lorena Pi\u00f1\u00f3n Rivera, Secretaria de Gesti\u00f3n Social, Norma Aceves destac\u00f3 que los riesgos que representa el COVID-19 son particularmente graves para esta poblaci\u00f3n, por lo que el gobierno federal debe implementar medidas adicionales para proteger a los 8 millones de mexicanos que cuentan con alguna discapacidad.<\/p>\n<p>Se\u00f1al\u00f3 que la discapacidad en s\u00ed misma implica un mayor riesgo de contagio y se requieren medidas extraordinarias para el acceso a la informaci\u00f3n, servicios sociales, atenci\u00f3n m\u00e9dica, inclusi\u00f3n social y educaci\u00f3n.<\/p>\n<p>Enfatiz\u00f3 que el PRI es el \u00fanico partido que est\u00e1 dando vida a la Convenci\u00f3n Internacional sobre los Derechos de las Personas con Discapacidad de la Organizaci\u00f3n de las Naciones Unidas (ONU), \u201cporque nos reconoce el talento, el aporte y la val\u00eda como l\u00edderes sociales; somos valorados por nuestros resultados y porque nuestra participaci\u00f3n enriquece la visi\u00f3n de nuestros legisladores locales y federales, con quienes trabajamos de manera coordinada\u201d.<\/p>\n<p>La Secretaria de Atenci\u00f3n a Personas con Discapacidad indic\u00f3 que, en estos tiempos de cuarentena, se ha aprovechado la tecnolog\u00eda para realizar diferentes reuniones con liderazgos de este sector en todo el pa\u00eds, con el prop\u00f3sito de incrementar su acci\u00f3n y representatividad, as\u00ed como dise\u00f1ar propuestas que fortalezcan su participaci\u00f3n en la toma de decisiones del partido en sus lugares de residencia.<\/p>\n<p>Puntualiz\u00f3 que gracias al apoyo del Presidente Alejandro Moreno y de la Secretaria General Carolina Viggiano, el PRI es el \u00fanico instituto pol\u00edtico que cuenta con una Secretar\u00eda nacional y 32 estatales para la atenci\u00f3n de este sector de la poblaci\u00f3n, en donde han encontrado eco y apoyo en sus planteamientos para participar tanto en la discusi\u00f3n de los temas nacionales, como en los que son propios de su circunstancia de vida.<\/p>\n<p>Al respecto, Lorena Pi\u00f1\u00f3n asegur\u00f3 que se debe garantizar que este sector de la sociedad no quede sin acceso a la informaci\u00f3n clave para salvar su vida o sobre cualquier asunto de inter\u00e9s p\u00fablico. A\u00f1adi\u00f3 que se debe intensificar la presencia de int\u00e9rpretes profesionales de Lengua de Se\u00f1as Mexicana para los anuncios de instituciones p\u00fablicas y partidos, que dise\u00f1en sitios web accesibles y servicios telef\u00f3nicos para personas sordas o con hipoacusia. \u201cLas comunicaciones gubernamentales y de toda entidad de inter\u00e9s p\u00fablico, deben adoptar tambi\u00e9n un lenguaje inclusivo, que asegure la m\u00e1xima comprensi\u00f3n de los mensajes que expongan a la ciudadan\u00eda en general\u201d, indic\u00f3.<\/p>\n<p>Subray\u00f3 que en una pandemia que evoluciona r\u00e1pidamente, la informaci\u00f3n es esencial para que las personas tomen decisiones sobre c\u00f3mo protegerse y c\u00f3mo acceder a necesidades y servicios durante la cuarentena y el aislamiento voluntario; por ello, los gobiernos en todos los niveles deben brindar la informaci\u00f3n sobre la enfermedad, m\u00e9todos de prevenci\u00f3n y servicios en forma precisa, accesible y oportuna.<\/p>\n<p>Para finalizar, Pi\u00f1\u00f3n Rivera denunci\u00f3 que \u201cen este momento la indefensi\u00f3n se agrava, porque el gobierno federal ha sido err\u00e1tico en sus estrategias sanitarias y de comunicaci\u00f3n, por lo que las personas con discapacidad se vuelven a\u00fan m\u00e1s vulnerables. No cuentan con informaci\u00f3n adecuada y suficiente, y a ello se suma que muchas instalaciones hospitalarias del pa\u00eds no est\u00e1n acondicionadas para atenderles con eficacia. Ante la indolencia del gobierno federal, el PRI, desde la Secretar\u00eda de Atenci\u00f3n a Personas con Discapacidad, promueve en el \u00e1mbito legislativo medidas que hagan posible la inclusi\u00f3n social a plenitud. A eso nos dedicamos y ser\u00e1 un elemento importante de nuestra oferta en la competencia pol\u00edtica del futuro pr\u00f3ximo\u201d.<\/p>\n","protected":false},"excerpt":{"rendered":"<p>\u201cEl Estado debe garantizar el derecho a la inclusi\u00f3n social de todos los seres humanos y adoptar las medidas necesarias para que tengan el goce efectivo de oportunidades en condiciones de equidad. Las personas con discapacidad no queremos d\u00e1divas, aspiramos al acceso pleno a la educaci\u00f3n e incorporarnos a la vida laboral, para as\u00ed no [&hellip;]<\/p>\n","protected":false},"author":2,"featured_media":0,"comment_status":"open","ping_status":"open","sticky":false,"template":"","format":"standard","meta":{"tdm_status":"","tdm_grid_status":"","footnotes":""},"categories":[73],"tags":[16673,19156,4770,19155,385,251],"class_list":{"0":"post-57194","1":"post","2":"type-post","3":"status-publish","4":"format-standard","6":"category-de-boleto","7":"tag-covid-19","8":"tag-derechos-de-las-personas-con-discapacidad","9":"tag-lorena-pinon-rivera","10":"tag-norma-aceves-garcia","11":"tag-onu","12":"tag-pri"},"yoast_head":"<!-- This site is optimized with the Yoast SEO plugin v27.4 - https:\/\/yoast.com\/product\/yoast-seo-wordpress\/ -->\n<title>Personas con discapacidad no queremos d\u00e1divas: Norma Aceves - Los pol\u00edticos Veracruz<\/title>\n<meta name=\"robots\" content=\"index, follow, max-snippet:-1, max-image-preview:large, max-video-preview:-1\" \/>\n<link rel=\"canonical\" href=\"https:\/\/lospoliticosveracruz.com\/?p=57194\" \/>\n<meta property=\"og:locale\" content=\"es_ES\" \/>\n<meta property=\"og:type\" content=\"article\" \/>\n<meta property=\"og:title\" content=\"Personas con discapacidad no queremos d\u00e1divas: Norma Aceves - Los pol\u00edticos Veracruz\" \/>\n<meta property=\"og:description\" content=\"\u201cEl Estado debe garantizar el derecho a la inclusi\u00f3n social de todos los seres humanos y adoptar las medidas necesarias para que tengan el goce efectivo de oportunidades en condiciones de equidad. Las personas con discapacidad no queremos d\u00e1divas, aspiramos al acceso pleno a la educaci\u00f3n e incorporarnos a la vida laboral, para as\u00ed no [&hellip;]\" \/>\n<meta property=\"og:url\" content=\"https:\/\/lospoliticosveracruz.com\/?p=57194\" \/>\n<meta property=\"og:site_name\" content=\"Los pol\u00edticos Veracruz\" \/>\n<meta property=\"article:publisher\" content=\"https:\/\/www.facebook.com\/people\/Notimemes-de-los-Polticos\/61565672886568\/\" \/>\n<meta property=\"article:published_time\" content=\"2020-07-11T17:33:28+00:00\" \/>\n<meta property=\"og:image\" content=\"https:\/\/lospoliticosveracruz.com\/wp-content\/uploads\/2016\/07\/Logo-Dor.jpg\" \/>\n\t<meta property=\"og:image:width\" content=\"200\" \/>\n\t<meta property=\"og:image:height\" content=\"200\" \/>\n\t<meta property=\"og:image:type\" content=\"image\/jpeg\" \/>\n<meta name=\"author\" content=\"Lo viste en Los Pol\u00edticos\" \/>\n<meta name=\"twitter:card\" content=\"summary_large_image\" \/>\n<meta name=\"twitter:creator\" content=\"@LosPoliticosVer\" \/>\n<meta name=\"twitter:site\" content=\"@LosPoliticosVer\" \/>\n<meta name=\"twitter:label1\" content=\"Escrito por\" \/>\n\t<meta name=\"twitter:data1\" content=\"Lo viste en Los Pol\u00edticos\" \/>\n\t<meta name=\"twitter:label2\" content=\"Tiempo de lectura\" \/>\n\t<meta name=\"twitter:data2\" content=\"4 minutos\" \/>\n<script type=\"application\/ld+json\" class=\"yoast-schema-graph\">{\"@context\":\"https:\\\/\\\/schema.org\",\"@graph\":[{\"@type\":\"Article\",\"@id\":\"https:\\\/\\\/lospoliticosveracruz.com\\\/?p=57194#article\",\"isPartOf\":{\"@id\":\"https:\\\/\\\/lospoliticosveracruz.com\\\/?p=57194\"},\"author\":{\"name\":\"Lo viste en Los Pol\u00edticos\",\"@id\":\"https:\\\/\\\/lospoliticosveracruz.com\\\/#\\\/schema\\\/person\\\/b8702bb0e538456e6efd07080bf2a4a2\"},\"headline\":\"Personas con discapacidad no queremos d\u00e1divas: Norma Aceves\",\"datePublished\":\"2020-07-11T17:33:28+00:00\",\"mainEntityOfPage\":{\"@id\":\"https:\\\/\\\/lospoliticosveracruz.com\\\/?p=57194\"},\"wordCount\":735,\"commentCount\":0,\"publisher\":{\"@id\":\"https:\\\/\\\/lospoliticosveracruz.com\\\/#organization\"},\"keywords\":[\"Covid 19\",\"Derechos de las Personas con Discapacidad\",\"Lorena Pi\u00f1\u00f3n Rivera\",\"Norma Aceves Garc\u00eda\",\"ONU\",\"PRI\"],\"articleSection\":[\"De Boleto\"],\"inLanguage\":\"es\",\"potentialAction\":[{\"@type\":\"CommentAction\",\"name\":\"Comment\",\"target\":[\"https:\\\/\\\/lospoliticosveracruz.com\\\/?p=57194#respond\"]}]},{\"@type\":\"WebPage\",\"@id\":\"https:\\\/\\\/lospoliticosveracruz.com\\\/?p=57194\",\"url\":\"https:\\\/\\\/lospoliticosveracruz.com\\\/?p=57194\",\"name\":\"Personas con discapacidad no queremos d\u00e1divas: Norma Aceves - Los pol\u00edticos Veracruz\",\"isPartOf\":{\"@id\":\"https:\\\/\\\/lospoliticosveracruz.com\\\/#website\"},\"datePublished\":\"2020-07-11T17:33:28+00:00\",\"breadcrumb\":{\"@id\":\"https:\\\/\\\/lospoliticosveracruz.com\\\/?p=57194#breadcrumb\"},\"inLanguage\":\"es\",\"potentialAction\":[{\"@type\":\"ReadAction\",\"target\":[\"https:\\\/\\\/lospoliticosveracruz.com\\\/?p=57194\"]}]},{\"@type\":\"BreadcrumbList\",\"@id\":\"https:\\\/\\\/lospoliticosveracruz.com\\\/?p=57194#breadcrumb\",\"itemListElement\":[{\"@type\":\"ListItem\",\"position\":1,\"name\":\"Portada\",\"item\":\"https:\\\/\\\/lospoliticosveracruz.com\\\/\"},{\"@type\":\"ListItem\",\"position\":2,\"name\":\"Personas con discapacidad no queremos d\u00e1divas: Norma Aceves\"}]},{\"@type\":\"WebSite\",\"@id\":\"https:\\\/\\\/lospoliticosveracruz.com\\\/#website\",\"url\":\"https:\\\/\\\/lospoliticosveracruz.com\\\/\",\"name\":\"Los pol\u00edticos Veracruz\",\"description\":\"\",\"publisher\":{\"@id\":\"https:\\\/\\\/lospoliticosveracruz.com\\\/#organization\"},\"potentialAction\":[{\"@type\":\"SearchAction\",\"target\":{\"@type\":\"EntryPoint\",\"urlTemplate\":\"https:\\\/\\\/lospoliticosveracruz.com\\\/?s={search_term_string}\"},\"query-input\":{\"@type\":\"PropertyValueSpecification\",\"valueRequired\":true,\"valueName\":\"search_term_string\"}}],\"inLanguage\":\"es\"},{\"@type\":\"Organization\",\"@id\":\"https:\\\/\\\/lospoliticosveracruz.com\\\/#organization\",\"name\":\"Los pol\u00edticos Veracruz\",\"url\":\"https:\\\/\\\/lospoliticosveracruz.com\\\/\",\"logo\":{\"@type\":\"ImageObject\",\"inLanguage\":\"es\",\"@id\":\"https:\\\/\\\/lospoliticosveracruz.com\\\/#\\\/schema\\\/logo\\\/image\\\/\",\"url\":\"https:\\\/\\\/lospoliticosveracruz.com\\\/wp-content\\\/uploads\\\/2025\\\/12\\\/Logo-Nuevo-LOS-POLITICOS-1.jpg\",\"contentUrl\":\"https:\\\/\\\/lospoliticosveracruz.com\\\/wp-content\\\/uploads\\\/2025\\\/12\\\/Logo-Nuevo-LOS-POLITICOS-1.jpg\",\"width\":260,\"height\":70,\"caption\":\"Los pol\u00edticos Veracruz\"},\"image\":{\"@id\":\"https:\\\/\\\/lospoliticosveracruz.com\\\/#\\\/schema\\\/logo\\\/image\\\/\"},\"sameAs\":[\"https:\\\/\\\/www.facebook.com\\\/people\\\/Notimemes-de-los-Polticos\\\/61565672886568\\\/\",\"https:\\\/\\\/x.com\\\/LosPoliticosVer\"]},{\"@type\":\"Person\",\"@id\":\"https:\\\/\\\/lospoliticosveracruz.com\\\/#\\\/schema\\\/person\\\/b8702bb0e538456e6efd07080bf2a4a2\",\"name\":\"Lo viste en Los Pol\u00edticos\",\"image\":{\"@type\":\"ImageObject\",\"inLanguage\":\"es\",\"@id\":\"https:\\\/\\\/secure.gravatar.com\\\/avatar\\\/3a8de04a2656d44082be478bd6c086daa447c4651605818287b9532d3d0bd435?s=96&d=mm&r=g\",\"url\":\"https:\\\/\\\/secure.gravatar.com\\\/avatar\\\/3a8de04a2656d44082be478bd6c086daa447c4651605818287b9532d3d0bd435?s=96&d=mm&r=g\",\"contentUrl\":\"https:\\\/\\\/secure.gravatar.com\\\/avatar\\\/3a8de04a2656d44082be478bd6c086daa447c4651605818287b9532d3d0bd435?s=96&d=mm&r=g\",\"caption\":\"Lo viste en Los Pol\u00edticos\"},\"url\":\"https:\\\/\\\/lospoliticosveracruz.com\\\/?author=2\"}]}<\/script>\n<!-- \/ Yoast SEO plugin. -->","yoast_head_json":{"title":"Personas con discapacidad no queremos d\u00e1divas: Norma Aceves - Los pol\u00edticos Veracruz","robots":{"index":"index","follow":"follow","max-snippet":"max-snippet:-1","max-image-preview":"max-image-preview:large","max-video-preview":"max-video-preview:-1"},"canonical":"https:\/\/lospoliticosveracruz.com\/?p=57194","og_locale":"es_ES","og_type":"article","og_title":"Personas con discapacidad no queremos d\u00e1divas: Norma Aceves - Los pol\u00edticos Veracruz","og_description":"\u201cEl Estado debe garantizar el derecho a la inclusi\u00f3n social de todos los seres humanos y adoptar las medidas necesarias para que tengan el goce efectivo de oportunidades en condiciones de equidad. Las personas con discapacidad no queremos d\u00e1divas, aspiramos al acceso pleno a la educaci\u00f3n e incorporarnos a la vida laboral, para as\u00ed no [&hellip;]","og_url":"https:\/\/lospoliticosveracruz.com\/?p=57194","og_site_name":"Los pol\u00edticos Veracruz","article_publisher":"https:\/\/www.facebook.com\/people\/Notimemes-de-los-Polticos\/61565672886568\/","article_published_time":"2020-07-11T17:33:28+00:00","og_image":[{"width":200,"height":200,"url":"https:\/\/lospoliticosveracruz.com\/wp-content\/uploads\/2016\/07\/Logo-Dor.jpg","type":"image\/jpeg"}],"author":"Lo viste en Los Pol\u00edticos","twitter_card":"summary_large_image","twitter_creator":"@LosPoliticosVer","twitter_site":"@LosPoliticosVer","twitter_misc":{"Escrito por":"Lo viste en Los Pol\u00edticos","Tiempo de lectura":"4 minutos"},"schema":{"@context":"https:\/\/schema.org","@graph":[{"@type":"Article","@id":"https:\/\/lospoliticosveracruz.com\/?p=57194#article","isPartOf":{"@id":"https:\/\/lospoliticosveracruz.com\/?p=57194"},"author":{"name":"Lo viste en Los Pol\u00edticos","@id":"https:\/\/lospoliticosveracruz.com\/#\/schema\/person\/b8702bb0e538456e6efd07080bf2a4a2"},"headline":"Personas con discapacidad no queremos d\u00e1divas: Norma Aceves","datePublished":"2020-07-11T17:33:28+00:00","mainEntityOfPage":{"@id":"https:\/\/lospoliticosveracruz.com\/?p=57194"},"wordCount":735,"commentCount":0,"publisher":{"@id":"https:\/\/lospoliticosveracruz.com\/#organization"},"keywords":["Covid 19","Derechos de las Personas con Discapacidad","Lorena Pi\u00f1\u00f3n Rivera","Norma Aceves Garc\u00eda","ONU","PRI"],"articleSection":["De Boleto"],"inLanguage":"es","potentialAction":[{"@type":"CommentAction","name":"Comment","target":["https:\/\/lospoliticosveracruz.com\/?p=57194#respond"]}]},{"@type":"WebPage","@id":"https:\/\/lospoliticosveracruz.com\/?p=57194","url":"https:\/\/lospoliticosveracruz.com\/?p=57194","name":"Personas con discapacidad no queremos d\u00e1divas: Norma Aceves - Los pol\u00edticos Veracruz","isPartOf":{"@id":"https:\/\/lospoliticosveracruz.com\/#website"},"datePublished":"2020-07-11T17:33:28+00:00","breadcrumb":{"@id":"https:\/\/lospoliticosveracruz.com\/?p=57194#breadcrumb"},"inLanguage":"es","potentialAction":[{"@type":"ReadAction","target":["https:\/\/lospoliticosveracruz.com\/?p=57194"]}]},{"@type":"BreadcrumbList","@id":"https:\/\/lospoliticosveracruz.com\/?p=57194#breadcrumb","itemListElement":[{"@type":"ListItem","position":1,"name":"Portada","item":"https:\/\/lospoliticosveracruz.com\/"},{"@type":"ListItem","position":2,"name":"Personas con discapacidad no queremos d\u00e1divas: Norma Aceves"}]},{"@type":"WebSite","@id":"https:\/\/lospoliticosveracruz.com\/#website","url":"https:\/\/lospoliticosveracruz.com\/","name":"Los pol\u00edticos Veracruz","description":"","publisher":{"@id":"https:\/\/lospoliticosveracruz.com\/#organization"},"potentialAction":[{"@type":"SearchAction","target":{"@type":"EntryPoint","urlTemplate":"https:\/\/lospoliticosveracruz.com\/?s={search_term_string}"},"query-input":{"@type":"PropertyValueSpecification","valueRequired":true,"valueName":"search_term_string"}}],"inLanguage":"es"},{"@type":"Organization","@id":"https:\/\/lospoliticosveracruz.com\/#organization","name":"Los pol\u00edticos Veracruz","url":"https:\/\/lospoliticosveracruz.com\/","logo":{"@type":"ImageObject","inLanguage":"es","@id":"https:\/\/lospoliticosveracruz.com\/#\/schema\/logo\/image\/","url":"https:\/\/lospoliticosveracruz.com\/wp-content\/uploads\/2025\/12\/Logo-Nuevo-LOS-POLITICOS-1.jpg","contentUrl":"https:\/\/lospoliticosveracruz.com\/wp-content\/uploads\/2025\/12\/Logo-Nuevo-LOS-POLITICOS-1.jpg","width":260,"height":70,"caption":"Los pol\u00edticos Veracruz"},"image":{"@id":"https:\/\/lospoliticosveracruz.com\/#\/schema\/logo\/image\/"},"sameAs":["https:\/\/www.facebook.com\/people\/Notimemes-de-los-Polticos\/61565672886568\/","https:\/\/x.com\/LosPoliticosVer"]},{"@type":"Person","@id":"https:\/\/lospoliticosveracruz.com\/#\/schema\/person\/b8702bb0e538456e6efd07080bf2a4a2","name":"Lo viste en Los Pol\u00edticos","image":{"@type":"ImageObject","inLanguage":"es","@id":"https:\/\/secure.gravatar.com\/avatar\/3a8de04a2656d44082be478bd6c086daa447c4651605818287b9532d3d0bd435?s=96&d=mm&r=g","url":"https:\/\/secure.gravatar.com\/avatar\/3a8de04a2656d44082be478bd6c086daa447c4651605818287b9532d3d0bd435?s=96&d=mm&r=g","contentUrl":"https:\/\/secure.gravatar.com\/avatar\/3a8de04a2656d44082be478bd6c086daa447c4651605818287b9532d3d0bd435?s=96&d=mm&r=g","caption":"Lo viste en Los Pol\u00edticos"},"url":"https:\/\/lospoliticosveracruz.com\/?author=2"}]}},"_links":{"self":[{"href":"https:\/\/lospoliticosveracruz.com\/index.php?rest_route=\/wp\/v2\/posts\/57194","targetHints":{"allow":["GET"]}}],"collection":[{"href":"https:\/\/lospoliticosveracruz.com\/index.php?rest_route=\/wp\/v2\/posts"}],"about":[{"href":"https:\/\/lospoliticosveracruz.com\/index.php?rest_route=\/wp\/v2\/types\/post"}],"author":[{"embeddable":true,"href":"https:\/\/lospoliticosveracruz.com\/index.php?rest_route=\/wp\/v2\/users\/2"}],"replies":[{"embeddable":true,"href":"https:\/\/lospoliticosveracruz.com\/index.php?rest_route=%2Fwp%2Fv2%2Fcomments&post=57194"}],"version-history":[{"count":1,"href":"https:\/\/lospoliticosveracruz.com\/index.php?rest_route=\/wp\/v2\/posts\/57194\/revisions"}],"predecessor-version":[{"id":57196,"href":"https:\/\/lospoliticosveracruz.com\/index.php?rest_route=\/wp\/v2\/posts\/57194\/revisions\/57196"}],"wp:attachment":[{"href":"https:\/\/lospoliticosveracruz.com\/index.php?rest_route=%2Fwp%2Fv2%2Fmedia&parent=57194"}],"wp:term":[{"taxonomy":"category","embeddable":true,"href":"https:\/\/lospoliticosveracruz.com\/index.php?rest_route=%2Fwp%2Fv2%2Fcategories&post=57194"},{"taxonomy":"post_tag","embeddable":true,"href":"https:\/\/lospoliticosveracruz.com\/index.php?rest_route=%2Fwp%2Fv2%2Ftags&post=57194"}],"curies":[{"name":"wp","href":"https:\/\/api.w.org\/{rel}","templated":true}]}}