{"id":57454,"date":"2020-07-17T09:58:47","date_gmt":"2020-07-17T14:58:47","guid":{"rendered":"http:\/\/www.lospoliticosveracruz.com.mx\/?p=57454"},"modified":"2020-07-17T09:58:47","modified_gmt":"2020-07-17T14:58:47","slug":"cuanta-razon-tenias-cuic","status":"publish","type":"post","link":"https:\/\/lospoliticosveracruz.com\/?p=57454","title":{"rendered":"\u00a1Cu\u00e1nta raz\u00f3n ten\u00edas, Cuic!"},"content":{"rendered":"<p>&nbsp;<\/p>\n<p><strong>Ricardo Ch\u00faa<\/strong><\/p>\n<p><em>Sale y Vale<\/em><\/p>\n<p>LOS RECORTES&#8230; La estrategia para debilitar las instituciones aut\u00f3nomas y llevarlas hasta su extinci\u00f3n&#8230; Es el sello de la casa del gobierno de Morena&#8230; L\u00f3pez Obrador, sea ocupado durante su estancia en el gobierno, a no reconocer la autenticidad del movimiento feminista, la legitimidad de la protesta, la gravedad de la problem\u00e1tica que se vive para las mujeres y todav\u00eda se da el gusto de decir que el suyo es el gobierno que m\u00e1s ha defendido a las mujeres&#8230;<\/p>\n<p>Lo malo, es que los gobernadores, lo copian&#8230; Al menos, Cuitl\u00e1huac Garc\u00eda en Veracruz&#8230; Si lo hace&#8230; El Presidente ha firmado la carta de condena para una instituci\u00f3n que le es inc\u00f3moda, como lo es: El Instituto Nacional de las Mujeres (INM) fue creado atendiendo los acuerdos signados con la ONU, para ser la articuladora de la pol\u00edtica p\u00fablica de atenci\u00f3n a las mujeres en el pa\u00eds y en Veracruz, le pasar\u00e1 lo mismo, m\u00e1s de 15 meses sin directora del Instituto Veracruzano de la Mujer, as\u00ed lo demuestran&#8230;<\/p>\n<p>Si bien es cierto&#8230; Se afirma que el recorte del 75 por ciento, no atenta contra proyectos estrat\u00e9gicos, si no con los gastos operativos, c\u00f3mo y con qu\u00e9 trabajar\u00e1n para realizar su misi\u00f3n encomendada. Lo m\u00e1s incre\u00edble de todo, es que haya a\u00fan grupos \u201cfeministas\u201d que lo defienden&#8230; No cabe duda, es grave que no se defienden las causas con la misma intensidad.. Cuando se est\u00e1 en la n\u00f3mina del gobierno&#8230; De seguir as\u00ed&#8230; Para qu\u00e9 sirve la lucha de la equidad y el g\u00e9nero&#8230;\u00a0 SIN PALABRAS&#8230;<\/p>\n<p>LA VICTORIA DE CUITL\u00c1HUAC&#8230; El pasado 15 de junio, en su \u00faltima gira por Veracruz, de Andr\u00e9s Manuel L\u00f3pez Obrador, el gobernador, Cuitl\u00e1huac Garc\u00eda fustig\u00f3 a sus hom\u00f3logos por andar \u00abhaci\u00e9ndole la guerra\u00bb al Presidente de M\u00e9xico&#8230; El veracruzano llam\u00f3 a los gobernadores \u00abseparatistas\u00bb y hasta \u00abserenarse\u00bb para ir de la mano de AMLO&#8230; Faltaban d\u00edas para que la violencia y marchas recrudecieron en Jalisco y Guanajuato&#8230; Habl\u00f3 hasta de complot&#8230; Y fue fustigado, atacado y criticado por eso&#8230; Pero el tiempo le dio la raz\u00f3n&#8230;<\/p>\n<p>Sus hom\u00f3logos con los que Cuitl\u00e1huac se ha enfrentado hasta medi\u00e1ticamente como son: Diego Shinue, de Guanajuato y Enrique Alfaro, de Jalisco&#8230;\u00a0 Esta semana, le dieron la raz\u00f3n al de Veracruz.. Se serenan y todas las \u00ednfulas, se\u00f1alamientos, animadversi\u00f3n en contra de L\u00f3pez Obrador&#8230; Se esfuman&#8230; No hay nada en contra.. Todo es armon\u00eda, paz y felicidad&#8230; Alfaro fue el m\u00e1s criticado&#8230; \u00abChill\u00f3\u00bb tanto para luego salir a decir que no se va a confrontar con AMLO&#8230; Es decir, las palabras de Cuitl\u00e1huac, se cumplieron&#8230; Y esos gobernadores se doblaron&#8230;<\/p>\n<p>As\u00ed que desde ayer Cuitl\u00e1huac puede sonre\u00edr contento.. No se equivoc\u00f3&#8230; Sus cr\u00edticos tendremos que darle la raz\u00f3n al gobernador&#8230; Dio una lecci\u00f3n de astucia pol\u00edtica, pareciera que adivinaba lo que ven\u00eda&#8230; Y ahora nadie lo puede criticar por ello&#8230; Al final, puede decir que el Presidente le hizo caso&#8230; Seren\u00f3 a los gobernadores, se reconcili\u00f3 con ellos, \u00ablos dobl\u00f3\u00bb y evit\u00f3 que se \u00absepararan\u00bb de \u00e9l&#8230; En pocas palabras, el Presidencialismo triunf\u00f3 como ahora y siempre&#8230; Alfaro dice que AMLO es su amigo&#8230; CHIDO&#8230; Que raz\u00f3n ten\u00edas Cuitl\u00e1huac&#8230;<\/p>\n<p>Adem\u00e1s para \u00abdoblarlos\u00bb bien&#8230; AMLO le da a cada gobernador, que ahora le \u00abrefrendan\u00bb amistad, respeto y cari\u00f1o&#8230; 20 mil millones de pesos.. Por la pandemia del COVID&#8230; Y qui\u00e9n se le puede \u00abresistir\u00bb en tiempos de crisis&#8230; Que raz\u00f3n ten\u00edas Cuitl\u00e1huac&#8230; El 15 de junio lo dejaste bien claro&#8230; Si jalan con el Presidente, les va mejor&#8230; Hasta Alfaro se convirti\u00f3 en el segundo gobernador con un RESPALDO p\u00fablico del Presidente.. El primero de todos es el de Veracruz&#8230;.<\/p>\n<p>Sin embargo, hay quienes aseguran que Enrique Alfaro cedi\u00f3, tal como lo vaticin\u00f3 Cuitl\u00e1huac, por el tema de la inseguridad en su Estado&#8230; Las amenazas de muerte que tiene de un grupo ilegal.. Y sabe Alfaro que solo no puede con ellos&#8230; Pero por eso, AMLO aprovecha para mandarle un mensaje a los hom\u00f3logos de Cuitl\u00e1huac en M\u00e9xico, que es de fortaleza, dominio para todos ellos&#8230; \u00c9l es el que manda&#8230; Llevar a los titulares de la SEDENA, SEMAR y al de la Guardia Nacional, por un lado y por el otro, en el PODER\u00cdO BRUTAL del Estado Mexicano&#8230;<\/p>\n<p>As\u00ed que el tema \u00absuave\u00bb es el dinero&#8230; El tema detr\u00e1s del poder de AMLO&#8230; Es la fuerza del Estado, las fuerzas armadas&#8230; Y en pocas palabras, les dio a entender a los gobernadores: \u00abO jalan conmigo o el crimen les parte el -queso-\u00ab&#8230; Cuitl\u00e1huac se los advirti\u00f3 hace 35 d\u00edas por andar de \u00abseparatistas\u00bb&#8230; Con eso L\u00f3pez Obrador \u00abdeshace\u00bb a la oposici\u00f3n pol\u00edtica&#8230; Y el Presidente va \u00abdespedazando\u00bb a los mandatarios estatales.. Uno por uno&#8230; Se \u00abdoblaron\u00bb&#8230;<\/p>\n<p>Por algo, Cuitl\u00e1huac, ni se preocupa en Veracruz&#8230; Hace y deshace&#8230; Deja crecer a \u00abM\u00e9xico Libre\u00bb en la entidad para que este le de en la \u00abtorre\u00bb al PAN&#8230;\u00a0 Sabe que hasta el momento, s\u00f3lo hay dos coaliciones opositoras construidas: PAN-PRD-Movimiento Ciudadano&#8230; Y MC qui\u00e9n sabe&#8230; Alfaro le puede ganar todo en Jalisco pero entregarle los 21 distritos federales a MORENA&#8230; La otra alianza es MORENA-PT-PVEM&#8230; Intentar\u00e1 \u00abminimizar\u00bb al PRI. Atacarlo por el tema Emilio Lozoya. As\u00ed hasta que no lo deje en condiciones de competencia&#8230;<\/p>\n<p>Ya que al parecer, MORENA se siente seguro en Veracruz, de que la base social est\u00e1 con ellos y con AMLO&#8230; La base que ten\u00edan en la clase media que voto por \u00e9l, est\u00e1 arrepentida, pero es la menos&#8230; Y buscan que con estas acusaciones de presunta corrupci\u00f3n del PRI, no voten por ellos, que esa ciudadan\u00eda se abstenga&#8230; Al final, Cuitl\u00e1huac lo que busca es que el mill\u00f3n 600 mil que votaron por \u00e9l en 2018&#8230; Se queden con el mill\u00f3n de votos en 2021&#8230; Se queda con la mayor\u00eda del Congreso Local. Y de las diputaciones federales&#8230; As\u00ed de claro&#8230; QUE RAZ\u00d3N TEN\u00cdAS CUITL\u00c1HUAC&#8230;<\/p>\n","protected":false},"excerpt":{"rendered":"<p>&nbsp; Ricardo Ch\u00faa Sale y Vale LOS RECORTES&#8230; La estrategia para debilitar las instituciones aut\u00f3nomas y llevarlas hasta su extinci\u00f3n&#8230; Es el sello de la casa del gobierno de Morena&#8230; L\u00f3pez Obrador, sea ocupado durante su estancia en el gobierno, a no reconocer la autenticidad del movimiento feminista, la legitimidad de la protesta, la gravedad [&hellip;]<\/p>\n","protected":false},"author":2,"featured_media":50853,"comment_status":"open","ping_status":"open","sticky":false,"template":"","format":"standard","meta":{"tdm_status":"","tdm_grid_status":"","footnotes":""},"categories":[70],"tags":[1681,19110,9841,13512,19242,3359,1003,6443,1026,266,251,2289,264,14991,761,13390,195],"class_list":{"0":"post-57454","1":"post","2":"type-post","3":"status-publish","4":"format-standard","5":"has-post-thumbnail","7":"category-de-opinion","8":"tag-cuitlahuac-garcia","9":"tag-diego-shinue","10":"tag-enrique-alfaro","11":"tag-guardia-nacional","12":"tag-inm","13":"tag-instituto-nacional-de-las-mujeres","14":"tag-lopez-obrador","15":"tag-mc","16":"tag-morena","17":"tag-pan","18":"tag-pri","19":"tag-pt","20":"tag-pvem","21":"tag-recortes","22":"tag-sedena","23":"tag-semar","24":"tag-veracruz"},"yoast_head":"<!-- This site is optimized with the Yoast SEO plugin v27.4 - https:\/\/yoast.com\/product\/yoast-seo-wordpress\/ -->\n<title>\u00a1Cu\u00e1nta raz\u00f3n ten\u00edas, Cuic! - Los pol\u00edticos Veracruz<\/title>\n<meta name=\"robots\" content=\"index, follow, max-snippet:-1, max-image-preview:large, max-video-preview:-1\" \/>\n<link rel=\"canonical\" href=\"https:\/\/lospoliticosveracruz.com\/?p=57454\" \/>\n<meta property=\"og:locale\" content=\"es_ES\" \/>\n<meta property=\"og:type\" content=\"article\" \/>\n<meta property=\"og:title\" content=\"\u00a1Cu\u00e1nta raz\u00f3n ten\u00edas, Cuic! - Los pol\u00edticos Veracruz\" \/>\n<meta property=\"og:description\" content=\"&nbsp; Ricardo Ch\u00faa Sale y Vale LOS RECORTES&#8230; La estrategia para debilitar las instituciones aut\u00f3nomas y llevarlas hasta su extinci\u00f3n&#8230; Es el sello de la casa del gobierno de Morena&#8230; L\u00f3pez Obrador, sea ocupado durante su estancia en el gobierno, a no reconocer la autenticidad del movimiento feminista, la legitimidad de la protesta, la gravedad [&hellip;]\" \/>\n<meta property=\"og:url\" content=\"https:\/\/lospoliticosveracruz.com\/?p=57454\" \/>\n<meta property=\"og:site_name\" content=\"Los pol\u00edticos Veracruz\" \/>\n<meta property=\"article:publisher\" content=\"https:\/\/www.facebook.com\/people\/Notimemes-de-los-Polticos\/61565672886568\/\" \/>\n<meta property=\"article:published_time\" content=\"2020-07-17T14:58:47+00:00\" \/>\n<meta property=\"og:image\" content=\"https:\/\/lospoliticosveracruz.com\/wp-content\/uploads\/2019\/11\/Mensaje-Cuitlahuac.jpg\" \/>\n\t<meta property=\"og:image:width\" content=\"600\" \/>\n\t<meta property=\"og:image:height\" content=\"381\" \/>\n\t<meta property=\"og:image:type\" content=\"image\/jpeg\" \/>\n<meta name=\"author\" content=\"Lo viste en Los Pol\u00edticos\" \/>\n<meta name=\"twitter:card\" content=\"summary_large_image\" \/>\n<meta name=\"twitter:creator\" content=\"@LosPoliticosVer\" \/>\n<meta name=\"twitter:site\" content=\"@LosPoliticosVer\" \/>\n<meta name=\"twitter:label1\" content=\"Escrito por\" \/>\n\t<meta name=\"twitter:data1\" content=\"Lo viste en Los Pol\u00edticos\" \/>\n\t<meta name=\"twitter:label2\" content=\"Tiempo de lectura\" \/>\n\t<meta name=\"twitter:data2\" content=\"5 minutos\" \/>\n<script type=\"application\/ld+json\" class=\"yoast-schema-graph\">{\"@context\":\"https:\\\/\\\/schema.org\",\"@graph\":[{\"@type\":\"Article\",\"@id\":\"https:\\\/\\\/lospoliticosveracruz.com\\\/?p=57454#article\",\"isPartOf\":{\"@id\":\"https:\\\/\\\/lospoliticosveracruz.com\\\/?p=57454\"},\"author\":{\"name\":\"Lo viste en Los Pol\u00edticos\",\"@id\":\"https:\\\/\\\/lospoliticosveracruz.com\\\/#\\\/schema\\\/person\\\/b8702bb0e538456e6efd07080bf2a4a2\"},\"headline\":\"\u00a1Cu\u00e1nta raz\u00f3n ten\u00edas, Cuic!\",\"datePublished\":\"2020-07-17T14:58:47+00:00\",\"mainEntityOfPage\":{\"@id\":\"https:\\\/\\\/lospoliticosveracruz.com\\\/?p=57454\"},\"wordCount\":1059,\"commentCount\":1,\"publisher\":{\"@id\":\"https:\\\/\\\/lospoliticosveracruz.com\\\/#organization\"},\"image\":{\"@id\":\"https:\\\/\\\/lospoliticosveracruz.com\\\/?p=57454#primaryimage\"},\"thumbnailUrl\":\"https:\\\/\\\/lospoliticosveracruz.com\\\/wp-content\\\/uploads\\\/2019\\\/11\\\/Mensaje-Cuitlahuac.jpg\",\"keywords\":[\"Cuitl\u00e1huac Garc\u00eda\",\"Diego Shinue\",\"Enrique Alfaro\",\"Guardia Nacional\",\"INM\",\"Instituto Nacional de las Mujeres\",\"L\u00f3pez Obrador\",\"MC\",\"Morena\",\"PAN\",\"PRI\",\"PT\",\"PVEM\",\"recortes\",\"Sedena\",\"Semar\",\"Veracruz\"],\"articleSection\":[\"De Opini\u00f3n\"],\"inLanguage\":\"es\",\"potentialAction\":[{\"@type\":\"CommentAction\",\"name\":\"Comment\",\"target\":[\"https:\\\/\\\/lospoliticosveracruz.com\\\/?p=57454#respond\"]}]},{\"@type\":\"WebPage\",\"@id\":\"https:\\\/\\\/lospoliticosveracruz.com\\\/?p=57454\",\"url\":\"https:\\\/\\\/lospoliticosveracruz.com\\\/?p=57454\",\"name\":\"\u00a1Cu\u00e1nta raz\u00f3n ten\u00edas, Cuic! - Los pol\u00edticos Veracruz\",\"isPartOf\":{\"@id\":\"https:\\\/\\\/lospoliticosveracruz.com\\\/#website\"},\"primaryImageOfPage\":{\"@id\":\"https:\\\/\\\/lospoliticosveracruz.com\\\/?p=57454#primaryimage\"},\"image\":{\"@id\":\"https:\\\/\\\/lospoliticosveracruz.com\\\/?p=57454#primaryimage\"},\"thumbnailUrl\":\"https:\\\/\\\/lospoliticosveracruz.com\\\/wp-content\\\/uploads\\\/2019\\\/11\\\/Mensaje-Cuitlahuac.jpg\",\"datePublished\":\"2020-07-17T14:58:47+00:00\",\"breadcrumb\":{\"@id\":\"https:\\\/\\\/lospoliticosveracruz.com\\\/?p=57454#breadcrumb\"},\"inLanguage\":\"es\",\"potentialAction\":[{\"@type\":\"ReadAction\",\"target\":[\"https:\\\/\\\/lospoliticosveracruz.com\\\/?p=57454\"]}]},{\"@type\":\"ImageObject\",\"inLanguage\":\"es\",\"@id\":\"https:\\\/\\\/lospoliticosveracruz.com\\\/?p=57454#primaryimage\",\"url\":\"https:\\\/\\\/lospoliticosveracruz.com\\\/wp-content\\\/uploads\\\/2019\\\/11\\\/Mensaje-Cuitlahuac.jpg\",\"contentUrl\":\"https:\\\/\\\/lospoliticosveracruz.com\\\/wp-content\\\/uploads\\\/2019\\\/11\\\/Mensaje-Cuitlahuac.jpg\",\"width\":600,\"height\":381},{\"@type\":\"BreadcrumbList\",\"@id\":\"https:\\\/\\\/lospoliticosveracruz.com\\\/?p=57454#breadcrumb\",\"itemListElement\":[{\"@type\":\"ListItem\",\"position\":1,\"name\":\"Portada\",\"item\":\"https:\\\/\\\/lospoliticosveracruz.com\\\/\"},{\"@type\":\"ListItem\",\"position\":2,\"name\":\"\u00a1Cu\u00e1nta raz\u00f3n ten\u00edas, Cuic!\"}]},{\"@type\":\"WebSite\",\"@id\":\"https:\\\/\\\/lospoliticosveracruz.com\\\/#website\",\"url\":\"https:\\\/\\\/lospoliticosveracruz.com\\\/\",\"name\":\"Los pol\u00edticos Veracruz\",\"description\":\"\",\"publisher\":{\"@id\":\"https:\\\/\\\/lospoliticosveracruz.com\\\/#organization\"},\"potentialAction\":[{\"@type\":\"SearchAction\",\"target\":{\"@type\":\"EntryPoint\",\"urlTemplate\":\"https:\\\/\\\/lospoliticosveracruz.com\\\/?s={search_term_string}\"},\"query-input\":{\"@type\":\"PropertyValueSpecification\",\"valueRequired\":true,\"valueName\":\"search_term_string\"}}],\"inLanguage\":\"es\"},{\"@type\":\"Organization\",\"@id\":\"https:\\\/\\\/lospoliticosveracruz.com\\\/#organization\",\"name\":\"Los pol\u00edticos Veracruz\",\"url\":\"https:\\\/\\\/lospoliticosveracruz.com\\\/\",\"logo\":{\"@type\":\"ImageObject\",\"inLanguage\":\"es\",\"@id\":\"https:\\\/\\\/lospoliticosveracruz.com\\\/#\\\/schema\\\/logo\\\/image\\\/\",\"url\":\"https:\\\/\\\/lospoliticosveracruz.com\\\/wp-content\\\/uploads\\\/2025\\\/12\\\/Logo-Nuevo-LOS-POLITICOS-1.jpg\",\"contentUrl\":\"https:\\\/\\\/lospoliticosveracruz.com\\\/wp-content\\\/uploads\\\/2025\\\/12\\\/Logo-Nuevo-LOS-POLITICOS-1.jpg\",\"width\":260,\"height\":70,\"caption\":\"Los pol\u00edticos Veracruz\"},\"image\":{\"@id\":\"https:\\\/\\\/lospoliticosveracruz.com\\\/#\\\/schema\\\/logo\\\/image\\\/\"},\"sameAs\":[\"https:\\\/\\\/www.facebook.com\\\/people\\\/Notimemes-de-los-Polticos\\\/61565672886568\\\/\",\"https:\\\/\\\/x.com\\\/LosPoliticosVer\"]},{\"@type\":\"Person\",\"@id\":\"https:\\\/\\\/lospoliticosveracruz.com\\\/#\\\/schema\\\/person\\\/b8702bb0e538456e6efd07080bf2a4a2\",\"name\":\"Lo viste en Los Pol\u00edticos\",\"image\":{\"@type\":\"ImageObject\",\"inLanguage\":\"es\",\"@id\":\"https:\\\/\\\/secure.gravatar.com\\\/avatar\\\/3a8de04a2656d44082be478bd6c086daa447c4651605818287b9532d3d0bd435?s=96&d=mm&r=g\",\"url\":\"https:\\\/\\\/secure.gravatar.com\\\/avatar\\\/3a8de04a2656d44082be478bd6c086daa447c4651605818287b9532d3d0bd435?s=96&d=mm&r=g\",\"contentUrl\":\"https:\\\/\\\/secure.gravatar.com\\\/avatar\\\/3a8de04a2656d44082be478bd6c086daa447c4651605818287b9532d3d0bd435?s=96&d=mm&r=g\",\"caption\":\"Lo viste en Los Pol\u00edticos\"},\"url\":\"https:\\\/\\\/lospoliticosveracruz.com\\\/?author=2\"}]}<\/script>\n<!-- \/ Yoast SEO plugin. -->","yoast_head_json":{"title":"\u00a1Cu\u00e1nta raz\u00f3n ten\u00edas, Cuic! - Los pol\u00edticos Veracruz","robots":{"index":"index","follow":"follow","max-snippet":"max-snippet:-1","max-image-preview":"max-image-preview:large","max-video-preview":"max-video-preview:-1"},"canonical":"https:\/\/lospoliticosveracruz.com\/?p=57454","og_locale":"es_ES","og_type":"article","og_title":"\u00a1Cu\u00e1nta raz\u00f3n ten\u00edas, Cuic! - Los pol\u00edticos Veracruz","og_description":"&nbsp; Ricardo Ch\u00faa Sale y Vale LOS RECORTES&#8230; La estrategia para debilitar las instituciones aut\u00f3nomas y llevarlas hasta su extinci\u00f3n&#8230; Es el sello de la casa del gobierno de Morena&#8230; L\u00f3pez Obrador, sea ocupado durante su estancia en el gobierno, a no reconocer la autenticidad del movimiento feminista, la legitimidad de la protesta, la gravedad [&hellip;]","og_url":"https:\/\/lospoliticosveracruz.com\/?p=57454","og_site_name":"Los pol\u00edticos Veracruz","article_publisher":"https:\/\/www.facebook.com\/people\/Notimemes-de-los-Polticos\/61565672886568\/","article_published_time":"2020-07-17T14:58:47+00:00","og_image":[{"width":600,"height":381,"url":"https:\/\/lospoliticosveracruz.com\/wp-content\/uploads\/2019\/11\/Mensaje-Cuitlahuac.jpg","type":"image\/jpeg"}],"author":"Lo viste en Los Pol\u00edticos","twitter_card":"summary_large_image","twitter_creator":"@LosPoliticosVer","twitter_site":"@LosPoliticosVer","twitter_misc":{"Escrito por":"Lo viste en Los Pol\u00edticos","Tiempo de lectura":"5 minutos"},"schema":{"@context":"https:\/\/schema.org","@graph":[{"@type":"Article","@id":"https:\/\/lospoliticosveracruz.com\/?p=57454#article","isPartOf":{"@id":"https:\/\/lospoliticosveracruz.com\/?p=57454"},"author":{"name":"Lo viste en Los Pol\u00edticos","@id":"https:\/\/lospoliticosveracruz.com\/#\/schema\/person\/b8702bb0e538456e6efd07080bf2a4a2"},"headline":"\u00a1Cu\u00e1nta raz\u00f3n ten\u00edas, Cuic!","datePublished":"2020-07-17T14:58:47+00:00","mainEntityOfPage":{"@id":"https:\/\/lospoliticosveracruz.com\/?p=57454"},"wordCount":1059,"commentCount":1,"publisher":{"@id":"https:\/\/lospoliticosveracruz.com\/#organization"},"image":{"@id":"https:\/\/lospoliticosveracruz.com\/?p=57454#primaryimage"},"thumbnailUrl":"https:\/\/lospoliticosveracruz.com\/wp-content\/uploads\/2019\/11\/Mensaje-Cuitlahuac.jpg","keywords":["Cuitl\u00e1huac Garc\u00eda","Diego Shinue","Enrique Alfaro","Guardia Nacional","INM","Instituto Nacional de las Mujeres","L\u00f3pez Obrador","MC","Morena","PAN","PRI","PT","PVEM","recortes","Sedena","Semar","Veracruz"],"articleSection":["De Opini\u00f3n"],"inLanguage":"es","potentialAction":[{"@type":"CommentAction","name":"Comment","target":["https:\/\/lospoliticosveracruz.com\/?p=57454#respond"]}]},{"@type":"WebPage","@id":"https:\/\/lospoliticosveracruz.com\/?p=57454","url":"https:\/\/lospoliticosveracruz.com\/?p=57454","name":"\u00a1Cu\u00e1nta raz\u00f3n ten\u00edas, Cuic! - Los pol\u00edticos Veracruz","isPartOf":{"@id":"https:\/\/lospoliticosveracruz.com\/#website"},"primaryImageOfPage":{"@id":"https:\/\/lospoliticosveracruz.com\/?p=57454#primaryimage"},"image":{"@id":"https:\/\/lospoliticosveracruz.com\/?p=57454#primaryimage"},"thumbnailUrl":"https:\/\/lospoliticosveracruz.com\/wp-content\/uploads\/2019\/11\/Mensaje-Cuitlahuac.jpg","datePublished":"2020-07-17T14:58:47+00:00","breadcrumb":{"@id":"https:\/\/lospoliticosveracruz.com\/?p=57454#breadcrumb"},"inLanguage":"es","potentialAction":[{"@type":"ReadAction","target":["https:\/\/lospoliticosveracruz.com\/?p=57454"]}]},{"@type":"ImageObject","inLanguage":"es","@id":"https:\/\/lospoliticosveracruz.com\/?p=57454#primaryimage","url":"https:\/\/lospoliticosveracruz.com\/wp-content\/uploads\/2019\/11\/Mensaje-Cuitlahuac.jpg","contentUrl":"https:\/\/lospoliticosveracruz.com\/wp-content\/uploads\/2019\/11\/Mensaje-Cuitlahuac.jpg","width":600,"height":381},{"@type":"BreadcrumbList","@id":"https:\/\/lospoliticosveracruz.com\/?p=57454#breadcrumb","itemListElement":[{"@type":"ListItem","position":1,"name":"Portada","item":"https:\/\/lospoliticosveracruz.com\/"},{"@type":"ListItem","position":2,"name":"\u00a1Cu\u00e1nta raz\u00f3n ten\u00edas, Cuic!"}]},{"@type":"WebSite","@id":"https:\/\/lospoliticosveracruz.com\/#website","url":"https:\/\/lospoliticosveracruz.com\/","name":"Los pol\u00edticos Veracruz","description":"","publisher":{"@id":"https:\/\/lospoliticosveracruz.com\/#organization"},"potentialAction":[{"@type":"SearchAction","target":{"@type":"EntryPoint","urlTemplate":"https:\/\/lospoliticosveracruz.com\/?s={search_term_string}"},"query-input":{"@type":"PropertyValueSpecification","valueRequired":true,"valueName":"search_term_string"}}],"inLanguage":"es"},{"@type":"Organization","@id":"https:\/\/lospoliticosveracruz.com\/#organization","name":"Los pol\u00edticos Veracruz","url":"https:\/\/lospoliticosveracruz.com\/","logo":{"@type":"ImageObject","inLanguage":"es","@id":"https:\/\/lospoliticosveracruz.com\/#\/schema\/logo\/image\/","url":"https:\/\/lospoliticosveracruz.com\/wp-content\/uploads\/2025\/12\/Logo-Nuevo-LOS-POLITICOS-1.jpg","contentUrl":"https:\/\/lospoliticosveracruz.com\/wp-content\/uploads\/2025\/12\/Logo-Nuevo-LOS-POLITICOS-1.jpg","width":260,"height":70,"caption":"Los pol\u00edticos Veracruz"},"image":{"@id":"https:\/\/lospoliticosveracruz.com\/#\/schema\/logo\/image\/"},"sameAs":["https:\/\/www.facebook.com\/people\/Notimemes-de-los-Polticos\/61565672886568\/","https:\/\/x.com\/LosPoliticosVer"]},{"@type":"Person","@id":"https:\/\/lospoliticosveracruz.com\/#\/schema\/person\/b8702bb0e538456e6efd07080bf2a4a2","name":"Lo viste en Los Pol\u00edticos","image":{"@type":"ImageObject","inLanguage":"es","@id":"https:\/\/secure.gravatar.com\/avatar\/3a8de04a2656d44082be478bd6c086daa447c4651605818287b9532d3d0bd435?s=96&d=mm&r=g","url":"https:\/\/secure.gravatar.com\/avatar\/3a8de04a2656d44082be478bd6c086daa447c4651605818287b9532d3d0bd435?s=96&d=mm&r=g","contentUrl":"https:\/\/secure.gravatar.com\/avatar\/3a8de04a2656d44082be478bd6c086daa447c4651605818287b9532d3d0bd435?s=96&d=mm&r=g","caption":"Lo viste en Los Pol\u00edticos"},"url":"https:\/\/lospoliticosveracruz.com\/?author=2"}]}},"_links":{"self":[{"href":"https:\/\/lospoliticosveracruz.com\/index.php?rest_route=\/wp\/v2\/posts\/57454","targetHints":{"allow":["GET"]}}],"collection":[{"href":"https:\/\/lospoliticosveracruz.com\/index.php?rest_route=\/wp\/v2\/posts"}],"about":[{"href":"https:\/\/lospoliticosveracruz.com\/index.php?rest_route=\/wp\/v2\/types\/post"}],"author":[{"embeddable":true,"href":"https:\/\/lospoliticosveracruz.com\/index.php?rest_route=\/wp\/v2\/users\/2"}],"replies":[{"embeddable":true,"href":"https:\/\/lospoliticosveracruz.com\/index.php?rest_route=%2Fwp%2Fv2%2Fcomments&post=57454"}],"version-history":[{"count":1,"href":"https:\/\/lospoliticosveracruz.com\/index.php?rest_route=\/wp\/v2\/posts\/57454\/revisions"}],"predecessor-version":[{"id":57455,"href":"https:\/\/lospoliticosveracruz.com\/index.php?rest_route=\/wp\/v2\/posts\/57454\/revisions\/57455"}],"wp:featuredmedia":[{"embeddable":true,"href":"https:\/\/lospoliticosveracruz.com\/index.php?rest_route=\/wp\/v2\/media\/50853"}],"wp:attachment":[{"href":"https:\/\/lospoliticosveracruz.com\/index.php?rest_route=%2Fwp%2Fv2%2Fmedia&parent=57454"}],"wp:term":[{"taxonomy":"category","embeddable":true,"href":"https:\/\/lospoliticosveracruz.com\/index.php?rest_route=%2Fwp%2Fv2%2Fcategories&post=57454"},{"taxonomy":"post_tag","embeddable":true,"href":"https:\/\/lospoliticosveracruz.com\/index.php?rest_route=%2Fwp%2Fv2%2Ftags&post=57454"}],"curies":[{"name":"wp","href":"https:\/\/api.w.org\/{rel}","templated":true}]}}