{"id":57466,"date":"2020-07-17T12:12:27","date_gmt":"2020-07-17T17:12:27","guid":{"rendered":"http:\/\/www.lospoliticosveracruz.com.mx\/?p=57466"},"modified":"2020-07-17T12:12:27","modified_gmt":"2020-07-17T17:12:27","slug":"libros-digitales-y-cambio-climatico","status":"publish","type":"post","link":"https:\/\/lospoliticosveracruz.com\/?p=57466","title":{"rendered":"Libros digitales y cambio clim\u00e1tico"},"content":{"rendered":"<p>&nbsp;<\/p>\n<p><strong>Adalberto Tejeda-Mart\u00ednez<\/strong><\/p>\n<p>Los libros digitales est\u00e1n prosperando en el encierro de la pandemia. Se equivoc\u00f3 Ray Bradbury cuando pronostic\u00f3, en la novela \u00abFarenhait 451\u00bb, que la pantalla de plasma arrinconar\u00eda en la clandestinidad al libro y la lectura. Por el contrario, las pantallas t\u00e1ctiles son m\u00e1quinas de lectura y de escritura insospechadas hace dos d\u00e9cadas. La otra mitad de la magia de las letras digitales es la Internet, donde se ha ido armando la biblioteca universal so\u00f1ada por Borges.<\/p>\n<p>El libro digital le va robando terreno al tradicional, pero est\u00e1 lejos de ganar la carrera no obstante sus ventajas: es tan port\u00e1til que una biblioteca con miles de t\u00edtulos no pesa ni un kilo, o m\u00e1s bien pesa lo que pesa el artefacto que la almacena; cada leyente puede escoger tipograf\u00eda y color del \u00abpapel\u00bb y acceder a animaciones y sonidos que en los impresos ser\u00edan anexos engorrosos. Para quienes leemos consultando el diccionario, el acceso a enciclopedias y lexicones es casi ilimitado si se tiene conexi\u00f3n a Internet, o a falta de conexi\u00f3n se puede cargar en el dispositivo una enciclopedia. Muchas novedades literarias pueden adquirirse en formato digital sin esperar a que lleguen a la librer\u00eda tras cruzar fronteras y aduanas. Adem\u00e1s, las ediciones electr\u00f3nicas suelen ser m\u00e1s baratas que las de bulto, lo que, junto con su portabilidad, las convierte en un remedio a la saturaci\u00f3n de las bodegas de las editoriales universitarias, ejemplos de ineficiente distribuci\u00f3n bibliogr\u00e1fica.<\/p>\n<p>En cuanto a la informaci\u00f3n diaria, ni qu\u00e9 decir: quien lee esta nota lo hace sin la intermediaci\u00f3n del papel, y es probable que se salte esta lectura porque informaci\u00f3n sobre acontecimientos que amenazan o prometen transformar el mundo -o al menos, su mundo- acaba de aparecer en m\u00faltiples portales noticiosos.<\/p>\n<p>En cambio, no es tan cierto que las publicaciones digitales contaminan menos que las convencionales. Hay que considerar la energ\u00eda que consumen los dispositivos personales y los grandes centros de c\u00f3mputo donde se almacenan libros, peri\u00f3dicos y revistas virtuales, la llamada \u00abnube\u00bb, que no es tal sino computadoras que se alimentan de electricidad, al igual que las l\u00e1mparas y los climas artificiales de sus albergues. Seg\u00fan la nota \u00ab\u00bfCu\u00e1nto contamina enviar un tuit\u2026?\u00bb de la edici\u00f3n \u00a1digital! del diario espa\u00f1ol El Pa\u00eds, las tecnolog\u00edas de la informaci\u00f3n y la comunicaci\u00f3n consumen entre el 6% y el 9% de la energ\u00eda mundial, y dentro de diez a\u00f1os alcanzar\u00e1n el 30%, o sea que para entonces ser\u00e1n responsables del cambio clim\u00e1tico como en un 10%.<\/p>\n<p>Pero mientras los devoradores de noticias ya casi abandonaron el papel, los lectores de libros no se acaban de decidir, y no por consideraciones ambientales, sino por un atavismo milenario: de haber vivido en la \u00e9poca romana, ante los primeros libros encuadernados habr\u00edan preferido el placer de desenrollar papiros.<\/p>\n","protected":false},"excerpt":{"rendered":"<p>&nbsp; Adalberto Tejeda-Mart\u00ednez Los libros digitales est\u00e1n prosperando en el encierro de la pandemia. Se equivoc\u00f3 Ray Bradbury cuando pronostic\u00f3, en la novela \u00abFarenhait 451\u00bb, que la pantalla de plasma arrinconar\u00eda en la clandestinidad al libro y la lectura. Por el contrario, las pantallas t\u00e1ctiles son m\u00e1quinas de lectura y de escritura insospechadas hace dos [&hellip;]<\/p>\n","protected":false},"author":2,"featured_media":0,"comment_status":"open","ping_status":"open","sticky":false,"template":"","format":"standard","meta":{"tdm_status":"","tdm_grid_status":"","footnotes":""},"categories":[70],"tags":[19250,19251,5198,9093,19249,14636,19252],"class_list":{"0":"post-57466","1":"post","2":"type-post","3":"status-publish","4":"format-standard","6":"category-de-opinion","7":"tag-digital","8":"tag-farenhait-451","9":"tag-internet","10":"tag-lectura","11":"tag-libro","12":"tag-opinion","13":"tag-papel"},"yoast_head":"<!-- This site is optimized with the Yoast SEO plugin v27.4 - https:\/\/yoast.com\/product\/yoast-seo-wordpress\/ -->\n<title>Libros digitales y cambio clim\u00e1tico - Los pol\u00edticos Veracruz<\/title>\n<meta name=\"robots\" content=\"index, follow, max-snippet:-1, max-image-preview:large, max-video-preview:-1\" \/>\n<link rel=\"canonical\" href=\"https:\/\/lospoliticosveracruz.com\/?p=57466\" \/>\n<meta property=\"og:locale\" content=\"es_ES\" \/>\n<meta property=\"og:type\" content=\"article\" \/>\n<meta property=\"og:title\" content=\"Libros digitales y cambio clim\u00e1tico - Los pol\u00edticos Veracruz\" \/>\n<meta property=\"og:description\" content=\"&nbsp; Adalberto Tejeda-Mart\u00ednez Los libros digitales est\u00e1n prosperando en el encierro de la pandemia. Se equivoc\u00f3 Ray Bradbury cuando pronostic\u00f3, en la novela \u00abFarenhait 451\u00bb, que la pantalla de plasma arrinconar\u00eda en la clandestinidad al libro y la lectura. Por el contrario, las pantallas t\u00e1ctiles son m\u00e1quinas de lectura y de escritura insospechadas hace dos [&hellip;]\" \/>\n<meta property=\"og:url\" content=\"https:\/\/lospoliticosveracruz.com\/?p=57466\" \/>\n<meta property=\"og:site_name\" content=\"Los pol\u00edticos Veracruz\" \/>\n<meta property=\"article:publisher\" content=\"https:\/\/www.facebook.com\/people\/Notimemes-de-los-Polticos\/61565672886568\/\" \/>\n<meta property=\"article:published_time\" content=\"2020-07-17T17:12:27+00:00\" \/>\n<meta property=\"og:image\" content=\"https:\/\/lospoliticosveracruz.com\/wp-content\/uploads\/2016\/07\/Logo-Dor.jpg\" \/>\n\t<meta property=\"og:image:width\" content=\"200\" \/>\n\t<meta property=\"og:image:height\" content=\"200\" \/>\n\t<meta property=\"og:image:type\" content=\"image\/jpeg\" \/>\n<meta name=\"author\" content=\"Lo viste en Los Pol\u00edticos\" \/>\n<meta name=\"twitter:card\" content=\"summary_large_image\" \/>\n<meta name=\"twitter:creator\" content=\"@LosPoliticosVer\" \/>\n<meta name=\"twitter:site\" content=\"@LosPoliticosVer\" \/>\n<meta name=\"twitter:label1\" content=\"Escrito por\" \/>\n\t<meta name=\"twitter:data1\" content=\"Lo viste en Los Pol\u00edticos\" \/>\n\t<meta name=\"twitter:label2\" content=\"Tiempo de lectura\" \/>\n\t<meta name=\"twitter:data2\" content=\"3 minutos\" \/>\n<script type=\"application\/ld+json\" class=\"yoast-schema-graph\">{\"@context\":\"https:\\\/\\\/schema.org\",\"@graph\":[{\"@type\":\"Article\",\"@id\":\"https:\\\/\\\/lospoliticosveracruz.com\\\/?p=57466#article\",\"isPartOf\":{\"@id\":\"https:\\\/\\\/lospoliticosveracruz.com\\\/?p=57466\"},\"author\":{\"name\":\"Lo viste en Los Pol\u00edticos\",\"@id\":\"https:\\\/\\\/lospoliticosveracruz.com\\\/#\\\/schema\\\/person\\\/b8702bb0e538456e6efd07080bf2a4a2\"},\"headline\":\"Libros digitales y cambio clim\u00e1tico\",\"datePublished\":\"2020-07-17T17:12:27+00:00\",\"mainEntityOfPage\":{\"@id\":\"https:\\\/\\\/lospoliticosveracruz.com\\\/?p=57466\"},\"wordCount\":509,\"commentCount\":0,\"publisher\":{\"@id\":\"https:\\\/\\\/lospoliticosveracruz.com\\\/#organization\"},\"keywords\":[\"digital\",\"farenhait 451\",\"internet\",\"Lectura\",\"Libro\",\"Opini\u00f3n\",\"papel\"],\"articleSection\":[\"De Opini\u00f3n\"],\"inLanguage\":\"es\",\"potentialAction\":[{\"@type\":\"CommentAction\",\"name\":\"Comment\",\"target\":[\"https:\\\/\\\/lospoliticosveracruz.com\\\/?p=57466#respond\"]}]},{\"@type\":\"WebPage\",\"@id\":\"https:\\\/\\\/lospoliticosveracruz.com\\\/?p=57466\",\"url\":\"https:\\\/\\\/lospoliticosveracruz.com\\\/?p=57466\",\"name\":\"Libros digitales y cambio clim\u00e1tico - Los pol\u00edticos Veracruz\",\"isPartOf\":{\"@id\":\"https:\\\/\\\/lospoliticosveracruz.com\\\/#website\"},\"datePublished\":\"2020-07-17T17:12:27+00:00\",\"breadcrumb\":{\"@id\":\"https:\\\/\\\/lospoliticosveracruz.com\\\/?p=57466#breadcrumb\"},\"inLanguage\":\"es\",\"potentialAction\":[{\"@type\":\"ReadAction\",\"target\":[\"https:\\\/\\\/lospoliticosveracruz.com\\\/?p=57466\"]}]},{\"@type\":\"BreadcrumbList\",\"@id\":\"https:\\\/\\\/lospoliticosveracruz.com\\\/?p=57466#breadcrumb\",\"itemListElement\":[{\"@type\":\"ListItem\",\"position\":1,\"name\":\"Portada\",\"item\":\"https:\\\/\\\/lospoliticosveracruz.com\\\/\"},{\"@type\":\"ListItem\",\"position\":2,\"name\":\"Libros digitales y cambio clim\u00e1tico\"}]},{\"@type\":\"WebSite\",\"@id\":\"https:\\\/\\\/lospoliticosveracruz.com\\\/#website\",\"url\":\"https:\\\/\\\/lospoliticosveracruz.com\\\/\",\"name\":\"Los pol\u00edticos Veracruz\",\"description\":\"\",\"publisher\":{\"@id\":\"https:\\\/\\\/lospoliticosveracruz.com\\\/#organization\"},\"potentialAction\":[{\"@type\":\"SearchAction\",\"target\":{\"@type\":\"EntryPoint\",\"urlTemplate\":\"https:\\\/\\\/lospoliticosveracruz.com\\\/?s={search_term_string}\"},\"query-input\":{\"@type\":\"PropertyValueSpecification\",\"valueRequired\":true,\"valueName\":\"search_term_string\"}}],\"inLanguage\":\"es\"},{\"@type\":\"Organization\",\"@id\":\"https:\\\/\\\/lospoliticosveracruz.com\\\/#organization\",\"name\":\"Los pol\u00edticos Veracruz\",\"url\":\"https:\\\/\\\/lospoliticosveracruz.com\\\/\",\"logo\":{\"@type\":\"ImageObject\",\"inLanguage\":\"es\",\"@id\":\"https:\\\/\\\/lospoliticosveracruz.com\\\/#\\\/schema\\\/logo\\\/image\\\/\",\"url\":\"https:\\\/\\\/lospoliticosveracruz.com\\\/wp-content\\\/uploads\\\/2025\\\/12\\\/Logo-Nuevo-LOS-POLITICOS-1.jpg\",\"contentUrl\":\"https:\\\/\\\/lospoliticosveracruz.com\\\/wp-content\\\/uploads\\\/2025\\\/12\\\/Logo-Nuevo-LOS-POLITICOS-1.jpg\",\"width\":260,\"height\":70,\"caption\":\"Los pol\u00edticos Veracruz\"},\"image\":{\"@id\":\"https:\\\/\\\/lospoliticosveracruz.com\\\/#\\\/schema\\\/logo\\\/image\\\/\"},\"sameAs\":[\"https:\\\/\\\/www.facebook.com\\\/people\\\/Notimemes-de-los-Polticos\\\/61565672886568\\\/\",\"https:\\\/\\\/x.com\\\/LosPoliticosVer\"]},{\"@type\":\"Person\",\"@id\":\"https:\\\/\\\/lospoliticosveracruz.com\\\/#\\\/schema\\\/person\\\/b8702bb0e538456e6efd07080bf2a4a2\",\"name\":\"Lo viste en Los Pol\u00edticos\",\"image\":{\"@type\":\"ImageObject\",\"inLanguage\":\"es\",\"@id\":\"https:\\\/\\\/secure.gravatar.com\\\/avatar\\\/3a8de04a2656d44082be478bd6c086daa447c4651605818287b9532d3d0bd435?s=96&d=mm&r=g\",\"url\":\"https:\\\/\\\/secure.gravatar.com\\\/avatar\\\/3a8de04a2656d44082be478bd6c086daa447c4651605818287b9532d3d0bd435?s=96&d=mm&r=g\",\"contentUrl\":\"https:\\\/\\\/secure.gravatar.com\\\/avatar\\\/3a8de04a2656d44082be478bd6c086daa447c4651605818287b9532d3d0bd435?s=96&d=mm&r=g\",\"caption\":\"Lo viste en Los Pol\u00edticos\"},\"url\":\"https:\\\/\\\/lospoliticosveracruz.com\\\/?author=2\"}]}<\/script>\n<!-- \/ Yoast SEO plugin. -->","yoast_head_json":{"title":"Libros digitales y cambio clim\u00e1tico - Los pol\u00edticos Veracruz","robots":{"index":"index","follow":"follow","max-snippet":"max-snippet:-1","max-image-preview":"max-image-preview:large","max-video-preview":"max-video-preview:-1"},"canonical":"https:\/\/lospoliticosveracruz.com\/?p=57466","og_locale":"es_ES","og_type":"article","og_title":"Libros digitales y cambio clim\u00e1tico - Los pol\u00edticos Veracruz","og_description":"&nbsp; Adalberto Tejeda-Mart\u00ednez Los libros digitales est\u00e1n prosperando en el encierro de la pandemia. Se equivoc\u00f3 Ray Bradbury cuando pronostic\u00f3, en la novela \u00abFarenhait 451\u00bb, que la pantalla de plasma arrinconar\u00eda en la clandestinidad al libro y la lectura. Por el contrario, las pantallas t\u00e1ctiles son m\u00e1quinas de lectura y de escritura insospechadas hace dos [&hellip;]","og_url":"https:\/\/lospoliticosveracruz.com\/?p=57466","og_site_name":"Los pol\u00edticos Veracruz","article_publisher":"https:\/\/www.facebook.com\/people\/Notimemes-de-los-Polticos\/61565672886568\/","article_published_time":"2020-07-17T17:12:27+00:00","og_image":[{"width":200,"height":200,"url":"https:\/\/lospoliticosveracruz.com\/wp-content\/uploads\/2016\/07\/Logo-Dor.jpg","type":"image\/jpeg"}],"author":"Lo viste en Los Pol\u00edticos","twitter_card":"summary_large_image","twitter_creator":"@LosPoliticosVer","twitter_site":"@LosPoliticosVer","twitter_misc":{"Escrito por":"Lo viste en Los Pol\u00edticos","Tiempo de lectura":"3 minutos"},"schema":{"@context":"https:\/\/schema.org","@graph":[{"@type":"Article","@id":"https:\/\/lospoliticosveracruz.com\/?p=57466#article","isPartOf":{"@id":"https:\/\/lospoliticosveracruz.com\/?p=57466"},"author":{"name":"Lo viste en Los Pol\u00edticos","@id":"https:\/\/lospoliticosveracruz.com\/#\/schema\/person\/b8702bb0e538456e6efd07080bf2a4a2"},"headline":"Libros digitales y cambio clim\u00e1tico","datePublished":"2020-07-17T17:12:27+00:00","mainEntityOfPage":{"@id":"https:\/\/lospoliticosveracruz.com\/?p=57466"},"wordCount":509,"commentCount":0,"publisher":{"@id":"https:\/\/lospoliticosveracruz.com\/#organization"},"keywords":["digital","farenhait 451","internet","Lectura","Libro","Opini\u00f3n","papel"],"articleSection":["De Opini\u00f3n"],"inLanguage":"es","potentialAction":[{"@type":"CommentAction","name":"Comment","target":["https:\/\/lospoliticosveracruz.com\/?p=57466#respond"]}]},{"@type":"WebPage","@id":"https:\/\/lospoliticosveracruz.com\/?p=57466","url":"https:\/\/lospoliticosveracruz.com\/?p=57466","name":"Libros digitales y cambio clim\u00e1tico - Los pol\u00edticos Veracruz","isPartOf":{"@id":"https:\/\/lospoliticosveracruz.com\/#website"},"datePublished":"2020-07-17T17:12:27+00:00","breadcrumb":{"@id":"https:\/\/lospoliticosveracruz.com\/?p=57466#breadcrumb"},"inLanguage":"es","potentialAction":[{"@type":"ReadAction","target":["https:\/\/lospoliticosveracruz.com\/?p=57466"]}]},{"@type":"BreadcrumbList","@id":"https:\/\/lospoliticosveracruz.com\/?p=57466#breadcrumb","itemListElement":[{"@type":"ListItem","position":1,"name":"Portada","item":"https:\/\/lospoliticosveracruz.com\/"},{"@type":"ListItem","position":2,"name":"Libros digitales y cambio clim\u00e1tico"}]},{"@type":"WebSite","@id":"https:\/\/lospoliticosveracruz.com\/#website","url":"https:\/\/lospoliticosveracruz.com\/","name":"Los pol\u00edticos Veracruz","description":"","publisher":{"@id":"https:\/\/lospoliticosveracruz.com\/#organization"},"potentialAction":[{"@type":"SearchAction","target":{"@type":"EntryPoint","urlTemplate":"https:\/\/lospoliticosveracruz.com\/?s={search_term_string}"},"query-input":{"@type":"PropertyValueSpecification","valueRequired":true,"valueName":"search_term_string"}}],"inLanguage":"es"},{"@type":"Organization","@id":"https:\/\/lospoliticosveracruz.com\/#organization","name":"Los pol\u00edticos Veracruz","url":"https:\/\/lospoliticosveracruz.com\/","logo":{"@type":"ImageObject","inLanguage":"es","@id":"https:\/\/lospoliticosveracruz.com\/#\/schema\/logo\/image\/","url":"https:\/\/lospoliticosveracruz.com\/wp-content\/uploads\/2025\/12\/Logo-Nuevo-LOS-POLITICOS-1.jpg","contentUrl":"https:\/\/lospoliticosveracruz.com\/wp-content\/uploads\/2025\/12\/Logo-Nuevo-LOS-POLITICOS-1.jpg","width":260,"height":70,"caption":"Los pol\u00edticos Veracruz"},"image":{"@id":"https:\/\/lospoliticosveracruz.com\/#\/schema\/logo\/image\/"},"sameAs":["https:\/\/www.facebook.com\/people\/Notimemes-de-los-Polticos\/61565672886568\/","https:\/\/x.com\/LosPoliticosVer"]},{"@type":"Person","@id":"https:\/\/lospoliticosveracruz.com\/#\/schema\/person\/b8702bb0e538456e6efd07080bf2a4a2","name":"Lo viste en Los Pol\u00edticos","image":{"@type":"ImageObject","inLanguage":"es","@id":"https:\/\/secure.gravatar.com\/avatar\/3a8de04a2656d44082be478bd6c086daa447c4651605818287b9532d3d0bd435?s=96&d=mm&r=g","url":"https:\/\/secure.gravatar.com\/avatar\/3a8de04a2656d44082be478bd6c086daa447c4651605818287b9532d3d0bd435?s=96&d=mm&r=g","contentUrl":"https:\/\/secure.gravatar.com\/avatar\/3a8de04a2656d44082be478bd6c086daa447c4651605818287b9532d3d0bd435?s=96&d=mm&r=g","caption":"Lo viste en Los Pol\u00edticos"},"url":"https:\/\/lospoliticosveracruz.com\/?author=2"}]}},"_links":{"self":[{"href":"https:\/\/lospoliticosveracruz.com\/index.php?rest_route=\/wp\/v2\/posts\/57466","targetHints":{"allow":["GET"]}}],"collection":[{"href":"https:\/\/lospoliticosveracruz.com\/index.php?rest_route=\/wp\/v2\/posts"}],"about":[{"href":"https:\/\/lospoliticosveracruz.com\/index.php?rest_route=\/wp\/v2\/types\/post"}],"author":[{"embeddable":true,"href":"https:\/\/lospoliticosveracruz.com\/index.php?rest_route=\/wp\/v2\/users\/2"}],"replies":[{"embeddable":true,"href":"https:\/\/lospoliticosveracruz.com\/index.php?rest_route=%2Fwp%2Fv2%2Fcomments&post=57466"}],"version-history":[{"count":1,"href":"https:\/\/lospoliticosveracruz.com\/index.php?rest_route=\/wp\/v2\/posts\/57466\/revisions"}],"predecessor-version":[{"id":57468,"href":"https:\/\/lospoliticosveracruz.com\/index.php?rest_route=\/wp\/v2\/posts\/57466\/revisions\/57468"}],"wp:attachment":[{"href":"https:\/\/lospoliticosveracruz.com\/index.php?rest_route=%2Fwp%2Fv2%2Fmedia&parent=57466"}],"wp:term":[{"taxonomy":"category","embeddable":true,"href":"https:\/\/lospoliticosveracruz.com\/index.php?rest_route=%2Fwp%2Fv2%2Fcategories&post=57466"},{"taxonomy":"post_tag","embeddable":true,"href":"https:\/\/lospoliticosveracruz.com\/index.php?rest_route=%2Fwp%2Fv2%2Ftags&post=57466"}],"curies":[{"name":"wp","href":"https:\/\/api.w.org\/{rel}","templated":true}]}}