{"id":57521,"date":"2020-07-18T14:34:31","date_gmt":"2020-07-18T19:34:31","guid":{"rendered":"http:\/\/www.lospoliticosveracruz.com.mx\/?p=57521"},"modified":"2020-07-18T14:34:31","modified_gmt":"2020-07-18T19:34:31","slug":"aniquilacion-de-organizaciones-civiles-retroceso-en-la-democracia-laura-haro","status":"publish","type":"post","link":"https:\/\/lospoliticosveracruz.com\/?p=57521","title":{"rendered":"Aniquilaci\u00f3n de organizaciones civiles, retroceso en la democracia: Laura Haro"},"content":{"rendered":"<p>El debilitamiento de la sociedad civil por parte de la actual administraci\u00f3n federal, representa un retroceso en la construcci\u00f3n de un Estado democr\u00e1tico en M\u00e9xico, se\u00f1al\u00f3 Laura Haro Ram\u00edrez, Secretaria de Vinculaci\u00f3n con la Sociedad Civil del Comit\u00e9 Ejecutivo Nacional del Partido Revolucionario Institucional (PRI).<\/p>\n<p>Ante esta situaci\u00f3n, asegur\u00f3 que es necesario trabajar solidariamente con las organizaciones sociales, ya que se les presentan nuevos retos para mantenerse como una instancia efectiva de atenci\u00f3n de causas, en los rubros en los que el gobierno est\u00e1 ausente por falta de inter\u00e9s y retiro de apoyos econ\u00f3micos.<\/p>\n<p>En la videoconferencia \u00abEspecialistas en tiempos de COVID\u00bb, con el tema \u00abConstruyendo Alianzas con la Sociedad Civil\u00bb, Laura Haro subray\u00f3 que el PRI inici\u00f3 una serie de acciones a las que se han sumado gobernadores, diputados locales y federales, ediles y militantes en general.<\/p>\n<p>Ello, con el prop\u00f3sito de impulsar el fortalecimiento de las estructuras ciudadanas, para que las genuinas expresiones de la sociedad civil organizada contribuyan con su desempe\u00f1o a mejorar la cultura pol\u00edtica, alentando la pr\u00e1ctica de valores de civilidad y democracia.<\/p>\n<p>Destac\u00f3 que el tricolor ha presentado propuestas concretas para abordar aspectos prioritarios para la sociedad, con el objetivo de consolidar una relaci\u00f3n de respeto, corresponsabilidad, colaboraci\u00f3n y trabajo conjunto con las organizaciones, para llevar adelante proyectos, programas y pol\u00edticas p\u00fablicas de acuerdo a las necesidades y prioridades de la ciudadan\u00eda, siendo respetuosos de sus c\u00f3digos \u00e9ticos, sus objetivos sociales y la autonom\u00eda de cada organizaci\u00f3n.<\/p>\n<p>Por su parte, la Secretaria de Gesti\u00f3n Social, Lorena Pi\u00f1\u00f3n Rivera, destac\u00f3 que las democracias exitosas se caracterizan por una sociedad civil fuerte, por lo que el desaf\u00edo de las organizaciones sociales, en una arena p\u00fablica crecientemente polarizada por el propio Presidente L\u00f3pez, es que se mantengan actuantes en sus demandas: si no se rinden en sus prop\u00f3sitos, encontrar\u00e1n mecanismos de gesti\u00f3n para resolver los problemas que les interesan.<\/p>\n<p>Dijo que la pluralidad de las causas de las organizaciones ciudadanas es socialmente \u00fatil, porque su esfuerzo c\u00edvico de organizarse hace posible que desde la esfera privada se resuelvan asuntos de la vida p\u00fablica en los que el actual gobierno no ha sido eficiente.<\/p>\n<p>Pi\u00f1\u00f3n Rivera apunt\u00f3 que en el PRI se suman todos los esfuerzos necesarios para contribuir a dar viabilidad a las nobles labores que realizan las diversas organizaciones de la sociedad civil, para transformar positivamente la vida de importantes y amplios sectores de la sociedad mexicana.<\/p>\n<p>Reafirm\u00f3 el compromiso del Presidente Alejandro Moreno de que el tricolor sea\u00a0 \u00abel cauce de las causas de la sociedad mexicana\u00bb. En este sentido, indic\u00f3 que es importante que sus demandas sean incorporadas a la plataforma pol\u00edtica y legislativa que se habr\u00e1 de ofrecer en la competencia electoral pr\u00f3xima, para que en los comicios del 2021, el PRI ratifique su vocaci\u00f3n de adaptarse a las demandas de los mexicanos y presente propuestas que combatan la estigmatizaci\u00f3n que ha promovido el Presidente L\u00f3pez hacia las asociaciones de ciudadanos.<\/p>\n<p>Finalmente, Pi\u00f1\u00f3n Rivera se\u00f1al\u00f3 que debe promoverse la recuperaci\u00f3n de un esquema efectivo de financiamiento p\u00fablico a las organizaciones ciudadanas y\u00a0 facilitarse los procesos para alentar las donaciones. \u00abEs lamentable que desde el gobierno federal se miren bajo sospecha las iniciativas provenientes de la sociedad civil organizada\u00bb.<\/p>\n","protected":false},"excerpt":{"rendered":"<p>El debilitamiento de la sociedad civil por parte de la actual administraci\u00f3n federal, representa un retroceso en la construcci\u00f3n de un Estado democr\u00e1tico en M\u00e9xico, se\u00f1al\u00f3 Laura Haro Ram\u00edrez, Secretaria de Vinculaci\u00f3n con la Sociedad Civil del Comit\u00e9 Ejecutivo Nacional del Partido Revolucionario Institucional (PRI). Ante esta situaci\u00f3n, asegur\u00f3 que es necesario trabajar solidariamente con [&hellip;]<\/p>\n","protected":false},"author":2,"featured_media":0,"comment_status":"open","ping_status":"open","sticky":false,"template":"","format":"standard","meta":{"tdm_status":"","tdm_grid_status":"","footnotes":""},"categories":[73],"tags":[14170,18690,19279,1003,4770,797,251,19280,19278],"class_list":{"0":"post-57521","1":"post","2":"type-post","3":"status-publish","4":"format-standard","6":"category-de-boleto","7":"tag-alejandro-moreno","8":"tag-especialistas-en-tiempos-de-covid","9":"tag-laura-haro-ramirez","10":"tag-lopez-obrador","11":"tag-lorena-pinon-rivera","12":"tag-presidente","13":"tag-pri","14":"tag-sociedad-civil-organizada","15":"tag-tricolor"},"yoast_head":"<!-- This site is optimized with the Yoast SEO plugin v27.4 - https:\/\/yoast.com\/product\/yoast-seo-wordpress\/ -->\n<title>Aniquilaci\u00f3n de organizaciones civiles, retroceso en la democracia: Laura Haro - Los pol\u00edticos Veracruz<\/title>\n<meta name=\"robots\" content=\"index, follow, max-snippet:-1, max-image-preview:large, max-video-preview:-1\" \/>\n<link rel=\"canonical\" href=\"https:\/\/lospoliticosveracruz.com\/?p=57521\" \/>\n<meta property=\"og:locale\" content=\"es_ES\" \/>\n<meta property=\"og:type\" content=\"article\" \/>\n<meta property=\"og:title\" content=\"Aniquilaci\u00f3n de organizaciones civiles, retroceso en la democracia: Laura Haro - Los pol\u00edticos Veracruz\" \/>\n<meta property=\"og:description\" content=\"El debilitamiento de la sociedad civil por parte de la actual administraci\u00f3n federal, representa un retroceso en la construcci\u00f3n de un Estado democr\u00e1tico en M\u00e9xico, se\u00f1al\u00f3 Laura Haro Ram\u00edrez, Secretaria de Vinculaci\u00f3n con la Sociedad Civil del Comit\u00e9 Ejecutivo Nacional del Partido Revolucionario Institucional (PRI). Ante esta situaci\u00f3n, asegur\u00f3 que es necesario trabajar solidariamente con [&hellip;]\" \/>\n<meta property=\"og:url\" content=\"https:\/\/lospoliticosveracruz.com\/?p=57521\" \/>\n<meta property=\"og:site_name\" content=\"Los pol\u00edticos Veracruz\" \/>\n<meta property=\"article:publisher\" content=\"https:\/\/www.facebook.com\/people\/Notimemes-de-los-Polticos\/61565672886568\/\" \/>\n<meta property=\"article:published_time\" content=\"2020-07-18T19:34:31+00:00\" \/>\n<meta property=\"og:image\" content=\"https:\/\/lospoliticosveracruz.com\/wp-content\/uploads\/2016\/07\/Logo-Dor.jpg\" \/>\n\t<meta property=\"og:image:width\" content=\"200\" \/>\n\t<meta property=\"og:image:height\" content=\"200\" \/>\n\t<meta property=\"og:image:type\" content=\"image\/jpeg\" \/>\n<meta name=\"author\" content=\"Lo viste en Los Pol\u00edticos\" \/>\n<meta name=\"twitter:card\" content=\"summary_large_image\" \/>\n<meta name=\"twitter:creator\" content=\"@LosPoliticosVer\" \/>\n<meta name=\"twitter:site\" content=\"@LosPoliticosVer\" \/>\n<meta name=\"twitter:label1\" content=\"Escrito por\" \/>\n\t<meta name=\"twitter:data1\" content=\"Lo viste en Los Pol\u00edticos\" \/>\n\t<meta name=\"twitter:label2\" content=\"Tiempo de lectura\" \/>\n\t<meta name=\"twitter:data2\" content=\"3 minutos\" \/>\n<script type=\"application\/ld+json\" class=\"yoast-schema-graph\">{\"@context\":\"https:\\\/\\\/schema.org\",\"@graph\":[{\"@type\":\"Article\",\"@id\":\"https:\\\/\\\/lospoliticosveracruz.com\\\/?p=57521#article\",\"isPartOf\":{\"@id\":\"https:\\\/\\\/lospoliticosveracruz.com\\\/?p=57521\"},\"author\":{\"name\":\"Lo viste en Los Pol\u00edticos\",\"@id\":\"https:\\\/\\\/lospoliticosveracruz.com\\\/#\\\/schema\\\/person\\\/b8702bb0e538456e6efd07080bf2a4a2\"},\"headline\":\"Aniquilaci\u00f3n de organizaciones civiles, retroceso en la democracia: Laura Haro\",\"datePublished\":\"2020-07-18T19:34:31+00:00\",\"mainEntityOfPage\":{\"@id\":\"https:\\\/\\\/lospoliticosveracruz.com\\\/?p=57521\"},\"wordCount\":588,\"commentCount\":0,\"publisher\":{\"@id\":\"https:\\\/\\\/lospoliticosveracruz.com\\\/#organization\"},\"keywords\":[\"Alejandro Moreno\",\"Especialistas en Tiempos de Covid\",\"Laura Haro Ram\u00edrez\",\"L\u00f3pez Obrador\",\"Lorena Pi\u00f1\u00f3n Rivera\",\"Presidente\",\"PRI\",\"sociedad civil organizada\",\"Tricolor\"],\"articleSection\":[\"De Boleto\"],\"inLanguage\":\"es\",\"potentialAction\":[{\"@type\":\"CommentAction\",\"name\":\"Comment\",\"target\":[\"https:\\\/\\\/lospoliticosveracruz.com\\\/?p=57521#respond\"]}]},{\"@type\":\"WebPage\",\"@id\":\"https:\\\/\\\/lospoliticosveracruz.com\\\/?p=57521\",\"url\":\"https:\\\/\\\/lospoliticosveracruz.com\\\/?p=57521\",\"name\":\"Aniquilaci\u00f3n de organizaciones civiles, retroceso en la democracia: Laura Haro - Los pol\u00edticos Veracruz\",\"isPartOf\":{\"@id\":\"https:\\\/\\\/lospoliticosveracruz.com\\\/#website\"},\"datePublished\":\"2020-07-18T19:34:31+00:00\",\"breadcrumb\":{\"@id\":\"https:\\\/\\\/lospoliticosveracruz.com\\\/?p=57521#breadcrumb\"},\"inLanguage\":\"es\",\"potentialAction\":[{\"@type\":\"ReadAction\",\"target\":[\"https:\\\/\\\/lospoliticosveracruz.com\\\/?p=57521\"]}]},{\"@type\":\"BreadcrumbList\",\"@id\":\"https:\\\/\\\/lospoliticosveracruz.com\\\/?p=57521#breadcrumb\",\"itemListElement\":[{\"@type\":\"ListItem\",\"position\":1,\"name\":\"Portada\",\"item\":\"https:\\\/\\\/lospoliticosveracruz.com\\\/\"},{\"@type\":\"ListItem\",\"position\":2,\"name\":\"Aniquilaci\u00f3n de organizaciones civiles, retroceso en la democracia: Laura Haro\"}]},{\"@type\":\"WebSite\",\"@id\":\"https:\\\/\\\/lospoliticosveracruz.com\\\/#website\",\"url\":\"https:\\\/\\\/lospoliticosveracruz.com\\\/\",\"name\":\"Los pol\u00edticos Veracruz\",\"description\":\"\",\"publisher\":{\"@id\":\"https:\\\/\\\/lospoliticosveracruz.com\\\/#organization\"},\"potentialAction\":[{\"@type\":\"SearchAction\",\"target\":{\"@type\":\"EntryPoint\",\"urlTemplate\":\"https:\\\/\\\/lospoliticosveracruz.com\\\/?s={search_term_string}\"},\"query-input\":{\"@type\":\"PropertyValueSpecification\",\"valueRequired\":true,\"valueName\":\"search_term_string\"}}],\"inLanguage\":\"es\"},{\"@type\":\"Organization\",\"@id\":\"https:\\\/\\\/lospoliticosveracruz.com\\\/#organization\",\"name\":\"Los pol\u00edticos Veracruz\",\"url\":\"https:\\\/\\\/lospoliticosveracruz.com\\\/\",\"logo\":{\"@type\":\"ImageObject\",\"inLanguage\":\"es\",\"@id\":\"https:\\\/\\\/lospoliticosveracruz.com\\\/#\\\/schema\\\/logo\\\/image\\\/\",\"url\":\"https:\\\/\\\/lospoliticosveracruz.com\\\/wp-content\\\/uploads\\\/2025\\\/12\\\/Logo-Nuevo-LOS-POLITICOS-1.jpg\",\"contentUrl\":\"https:\\\/\\\/lospoliticosveracruz.com\\\/wp-content\\\/uploads\\\/2025\\\/12\\\/Logo-Nuevo-LOS-POLITICOS-1.jpg\",\"width\":260,\"height\":70,\"caption\":\"Los pol\u00edticos Veracruz\"},\"image\":{\"@id\":\"https:\\\/\\\/lospoliticosveracruz.com\\\/#\\\/schema\\\/logo\\\/image\\\/\"},\"sameAs\":[\"https:\\\/\\\/www.facebook.com\\\/people\\\/Notimemes-de-los-Polticos\\\/61565672886568\\\/\",\"https:\\\/\\\/x.com\\\/LosPoliticosVer\"]},{\"@type\":\"Person\",\"@id\":\"https:\\\/\\\/lospoliticosveracruz.com\\\/#\\\/schema\\\/person\\\/b8702bb0e538456e6efd07080bf2a4a2\",\"name\":\"Lo viste en Los Pol\u00edticos\",\"image\":{\"@type\":\"ImageObject\",\"inLanguage\":\"es\",\"@id\":\"https:\\\/\\\/secure.gravatar.com\\\/avatar\\\/3a8de04a2656d44082be478bd6c086daa447c4651605818287b9532d3d0bd435?s=96&d=mm&r=g\",\"url\":\"https:\\\/\\\/secure.gravatar.com\\\/avatar\\\/3a8de04a2656d44082be478bd6c086daa447c4651605818287b9532d3d0bd435?s=96&d=mm&r=g\",\"contentUrl\":\"https:\\\/\\\/secure.gravatar.com\\\/avatar\\\/3a8de04a2656d44082be478bd6c086daa447c4651605818287b9532d3d0bd435?s=96&d=mm&r=g\",\"caption\":\"Lo viste en Los Pol\u00edticos\"},\"url\":\"https:\\\/\\\/lospoliticosveracruz.com\\\/?author=2\"}]}<\/script>\n<!-- \/ Yoast SEO plugin. -->","yoast_head_json":{"title":"Aniquilaci\u00f3n de organizaciones civiles, retroceso en la democracia: Laura Haro - Los pol\u00edticos Veracruz","robots":{"index":"index","follow":"follow","max-snippet":"max-snippet:-1","max-image-preview":"max-image-preview:large","max-video-preview":"max-video-preview:-1"},"canonical":"https:\/\/lospoliticosveracruz.com\/?p=57521","og_locale":"es_ES","og_type":"article","og_title":"Aniquilaci\u00f3n de organizaciones civiles, retroceso en la democracia: Laura Haro - Los pol\u00edticos Veracruz","og_description":"El debilitamiento de la sociedad civil por parte de la actual administraci\u00f3n federal, representa un retroceso en la construcci\u00f3n de un Estado democr\u00e1tico en M\u00e9xico, se\u00f1al\u00f3 Laura Haro Ram\u00edrez, Secretaria de Vinculaci\u00f3n con la Sociedad Civil del Comit\u00e9 Ejecutivo Nacional del Partido Revolucionario Institucional (PRI). Ante esta situaci\u00f3n, asegur\u00f3 que es necesario trabajar solidariamente con [&hellip;]","og_url":"https:\/\/lospoliticosveracruz.com\/?p=57521","og_site_name":"Los pol\u00edticos Veracruz","article_publisher":"https:\/\/www.facebook.com\/people\/Notimemes-de-los-Polticos\/61565672886568\/","article_published_time":"2020-07-18T19:34:31+00:00","og_image":[{"width":200,"height":200,"url":"https:\/\/lospoliticosveracruz.com\/wp-content\/uploads\/2016\/07\/Logo-Dor.jpg","type":"image\/jpeg"}],"author":"Lo viste en Los Pol\u00edticos","twitter_card":"summary_large_image","twitter_creator":"@LosPoliticosVer","twitter_site":"@LosPoliticosVer","twitter_misc":{"Escrito por":"Lo viste en Los Pol\u00edticos","Tiempo de lectura":"3 minutos"},"schema":{"@context":"https:\/\/schema.org","@graph":[{"@type":"Article","@id":"https:\/\/lospoliticosveracruz.com\/?p=57521#article","isPartOf":{"@id":"https:\/\/lospoliticosveracruz.com\/?p=57521"},"author":{"name":"Lo viste en Los Pol\u00edticos","@id":"https:\/\/lospoliticosveracruz.com\/#\/schema\/person\/b8702bb0e538456e6efd07080bf2a4a2"},"headline":"Aniquilaci\u00f3n de organizaciones civiles, retroceso en la democracia: Laura Haro","datePublished":"2020-07-18T19:34:31+00:00","mainEntityOfPage":{"@id":"https:\/\/lospoliticosveracruz.com\/?p=57521"},"wordCount":588,"commentCount":0,"publisher":{"@id":"https:\/\/lospoliticosveracruz.com\/#organization"},"keywords":["Alejandro Moreno","Especialistas en Tiempos de Covid","Laura Haro Ram\u00edrez","L\u00f3pez Obrador","Lorena Pi\u00f1\u00f3n Rivera","Presidente","PRI","sociedad civil organizada","Tricolor"],"articleSection":["De Boleto"],"inLanguage":"es","potentialAction":[{"@type":"CommentAction","name":"Comment","target":["https:\/\/lospoliticosveracruz.com\/?p=57521#respond"]}]},{"@type":"WebPage","@id":"https:\/\/lospoliticosveracruz.com\/?p=57521","url":"https:\/\/lospoliticosveracruz.com\/?p=57521","name":"Aniquilaci\u00f3n de organizaciones civiles, retroceso en la democracia: Laura Haro - Los pol\u00edticos Veracruz","isPartOf":{"@id":"https:\/\/lospoliticosveracruz.com\/#website"},"datePublished":"2020-07-18T19:34:31+00:00","breadcrumb":{"@id":"https:\/\/lospoliticosveracruz.com\/?p=57521#breadcrumb"},"inLanguage":"es","potentialAction":[{"@type":"ReadAction","target":["https:\/\/lospoliticosveracruz.com\/?p=57521"]}]},{"@type":"BreadcrumbList","@id":"https:\/\/lospoliticosveracruz.com\/?p=57521#breadcrumb","itemListElement":[{"@type":"ListItem","position":1,"name":"Portada","item":"https:\/\/lospoliticosveracruz.com\/"},{"@type":"ListItem","position":2,"name":"Aniquilaci\u00f3n de organizaciones civiles, retroceso en la democracia: Laura Haro"}]},{"@type":"WebSite","@id":"https:\/\/lospoliticosveracruz.com\/#website","url":"https:\/\/lospoliticosveracruz.com\/","name":"Los pol\u00edticos Veracruz","description":"","publisher":{"@id":"https:\/\/lospoliticosveracruz.com\/#organization"},"potentialAction":[{"@type":"SearchAction","target":{"@type":"EntryPoint","urlTemplate":"https:\/\/lospoliticosveracruz.com\/?s={search_term_string}"},"query-input":{"@type":"PropertyValueSpecification","valueRequired":true,"valueName":"search_term_string"}}],"inLanguage":"es"},{"@type":"Organization","@id":"https:\/\/lospoliticosveracruz.com\/#organization","name":"Los pol\u00edticos Veracruz","url":"https:\/\/lospoliticosveracruz.com\/","logo":{"@type":"ImageObject","inLanguage":"es","@id":"https:\/\/lospoliticosveracruz.com\/#\/schema\/logo\/image\/","url":"https:\/\/lospoliticosveracruz.com\/wp-content\/uploads\/2025\/12\/Logo-Nuevo-LOS-POLITICOS-1.jpg","contentUrl":"https:\/\/lospoliticosveracruz.com\/wp-content\/uploads\/2025\/12\/Logo-Nuevo-LOS-POLITICOS-1.jpg","width":260,"height":70,"caption":"Los pol\u00edticos Veracruz"},"image":{"@id":"https:\/\/lospoliticosveracruz.com\/#\/schema\/logo\/image\/"},"sameAs":["https:\/\/www.facebook.com\/people\/Notimemes-de-los-Polticos\/61565672886568\/","https:\/\/x.com\/LosPoliticosVer"]},{"@type":"Person","@id":"https:\/\/lospoliticosveracruz.com\/#\/schema\/person\/b8702bb0e538456e6efd07080bf2a4a2","name":"Lo viste en Los Pol\u00edticos","image":{"@type":"ImageObject","inLanguage":"es","@id":"https:\/\/secure.gravatar.com\/avatar\/3a8de04a2656d44082be478bd6c086daa447c4651605818287b9532d3d0bd435?s=96&d=mm&r=g","url":"https:\/\/secure.gravatar.com\/avatar\/3a8de04a2656d44082be478bd6c086daa447c4651605818287b9532d3d0bd435?s=96&d=mm&r=g","contentUrl":"https:\/\/secure.gravatar.com\/avatar\/3a8de04a2656d44082be478bd6c086daa447c4651605818287b9532d3d0bd435?s=96&d=mm&r=g","caption":"Lo viste en Los Pol\u00edticos"},"url":"https:\/\/lospoliticosveracruz.com\/?author=2"}]}},"_links":{"self":[{"href":"https:\/\/lospoliticosveracruz.com\/index.php?rest_route=\/wp\/v2\/posts\/57521","targetHints":{"allow":["GET"]}}],"collection":[{"href":"https:\/\/lospoliticosveracruz.com\/index.php?rest_route=\/wp\/v2\/posts"}],"about":[{"href":"https:\/\/lospoliticosveracruz.com\/index.php?rest_route=\/wp\/v2\/types\/post"}],"author":[{"embeddable":true,"href":"https:\/\/lospoliticosveracruz.com\/index.php?rest_route=\/wp\/v2\/users\/2"}],"replies":[{"embeddable":true,"href":"https:\/\/lospoliticosveracruz.com\/index.php?rest_route=%2Fwp%2Fv2%2Fcomments&post=57521"}],"version-history":[{"count":1,"href":"https:\/\/lospoliticosveracruz.com\/index.php?rest_route=\/wp\/v2\/posts\/57521\/revisions"}],"predecessor-version":[{"id":57523,"href":"https:\/\/lospoliticosveracruz.com\/index.php?rest_route=\/wp\/v2\/posts\/57521\/revisions\/57523"}],"wp:attachment":[{"href":"https:\/\/lospoliticosveracruz.com\/index.php?rest_route=%2Fwp%2Fv2%2Fmedia&parent=57521"}],"wp:term":[{"taxonomy":"category","embeddable":true,"href":"https:\/\/lospoliticosveracruz.com\/index.php?rest_route=%2Fwp%2Fv2%2Fcategories&post=57521"},{"taxonomy":"post_tag","embeddable":true,"href":"https:\/\/lospoliticosveracruz.com\/index.php?rest_route=%2Fwp%2Fv2%2Ftags&post=57521"}],"curies":[{"name":"wp","href":"https:\/\/api.w.org\/{rel}","templated":true}]}}