{"id":57531,"date":"2020-07-19T10:25:20","date_gmt":"2020-07-19T15:25:20","guid":{"rendered":"http:\/\/www.lospoliticosveracruz.com.mx\/?p=57531"},"modified":"2020-07-19T10:30:17","modified_gmt":"2020-07-19T15:30:17","slug":"quietas-fieras","status":"publish","type":"post","link":"https:\/\/lospoliticosveracruz.com\/?p=57531","title":{"rendered":"Quietas \u00abfieras\u00bb"},"content":{"rendered":"<p><strong>Ricardo Chua<\/strong><\/p>\n<p><em>Sale y Vale<\/em><\/p>\n<p>&nbsp;<\/p>\n<p>OJO&#8230; Seg\u00fan informes de Palacio de Gobierno en Xalapa&#8230; Eric Cisneros Burgos hab\u00eda acudido a trabajar a su oficina, desde el pasado lunes de manera normal, en la Secretar\u00eda de Gobierno&#8230; Sin embargo, los primeros s\u00edntomas del COVID, los empez\u00f3 a sentir desde el martes por la ma\u00f1ana&#8230; Es decir, ten\u00eda TRES D\u00cdAS sinti\u00e9ndose mal&#8230;\u00a0 Pero ante el malestar creciente por el Coronavirus, pues, tuvo que ir a una valoraci\u00f3n m\u00e9dica y el tema trascendi\u00f3 este viernes&#8230; Lo dem\u00e1s es historia&#8230;<\/p>\n<p>&nbsp;<\/p>\n<p>El caso aqu\u00ed es que Cisneros Burgos estuvo por 3 d\u00edas enfermo, acudiendo a Palacio de Gobierno, estando presente en actos con Cuitl\u00e1huac Garc\u00eda y otros funcionarios m\u00e1s que trabajan en esa dependencia y el virus, no perdona a nadie&#8230; Ser\u00eda bueno por la salud de todos los que laboran y visitan esta oficina, el personal se hagan las pruebas de COVID y que sanitizan el lugar&#8230; Para evitar m\u00e1s rumores de funcionarios presuntamente enfermos&#8230; Todo esto crea un \u00abvac\u00edo\u00bb informativo y despu\u00e9s hay m\u00e1s especulaci\u00f3n&#8230; AMEN&#8230;<\/p>\n<p>&nbsp;<\/p>\n<p>EL \u00daLTIMO REPORTE&#8230; Hasta el cierre de la columna&#8230; Se ten\u00eda la informaci\u00f3n certera que el estado de salud del secretario de Gobierno de Veracruz, Eric Cisneros Burgos&#8230;. Era cr\u00edtico pero estable&#8230; Este se encuentra en la sala de TERAPIA INTERMEDIA del \u00e1rea COVID-19 del Hospital Espa\u00f1ol del puerto de Veracruz&#8230; D\u00f3nde est\u00e1n los enfermos delicados pero NO en estado de gravedad mortal&#8230; Esto se escribi\u00f3 ayer por la noche&#8230; Hoy domingo por la ma\u00f1ana seguramente, habr\u00e1 otras noticias&#8230;<\/p>\n<p>&nbsp;<\/p>\n<p>Lo que es un hecho, es que Patrocinio Cisneros se encuentra en un \u00e1rea exclusiva del nosocomio&#8230; Donde nadie pasa a su habitaci\u00f3n y hay una enfermera de tiempo completo, que permanece a su lado y que no deja pasar a nadie, ni a los familiares cercano o colaboradores de su oficina, que se encuentran afuera de su cuarto y que al \u00fanico que reporta al pasar a verlo, es su m\u00e9dico de cabecera, el neum\u00f3logo: Xicot\u00e9ncatl Garc\u00eda Jim\u00e9nez&#8230; Nadie m\u00e1s.. S\u00f3lo la asiste el personal del hospital, por tratarse del personaje que es en Veracruz&#8230;<\/p>\n<p>&nbsp;<\/p>\n<p>Por \u00faltimo se logr\u00f3 saber&#8230; Que el a\u00fan secretario de Gobierno.. No se ha puesto m\u00e1s grave, pero SI EST\u00c1 intubado&#8230; Se encuentra viviendo los d\u00edas m\u00e1s cr\u00edticos de la enfermedad&#8230; Seg\u00fan las valoraciones m\u00e9dicas, debe estar entre el octavo o d\u00e9cimo d\u00eda de contagio&#8230; Y se tiene que esperar 48 horas m\u00e1s para saber su real estado de salud&#8230; Es decir, hasta el martes, se tendr\u00e1 la certeza.. Antes, todo es especulaci\u00f3n (Siempre y cuando no se agrave)&#8230; Por lo pronto, el operativo de vigilancia polic\u00edaca es discreto en los alrededores&#8230; TAN.. TAN..<\/p>\n<p>&nbsp;<\/p>\n<p>LA \u00abZOPILOTEADA\u00bb&#8230; Ayer por la tarde trascendi\u00f3 en Xalapa&#8230; Una presunta reuni\u00f3n privada en Casa Veracruz, entre el gobernador, Cuitl\u00e1huac Garc\u00eda Jim\u00e9nez y el diputado federal de MORENA por este distrito, Rafael Hern\u00e1ndez Villalpando&#8230; Obvio que este encuentro, era para hablar, de la posible remoci\u00f3n de Eric Cisneros Burgos, por el estado cr\u00edtico de salud, que guarda por estar contagiado de COVID&#8230; Y la llegada de Villalpando a la Secretar\u00eda de Gobierno, la pr\u00f3xima semana&#8230; TOTALMENTE FALSO&#8230;<\/p>\n<p>&nbsp;<\/p>\n<p>Las Fuentes de la capital, que estuvieron muy activas este s\u00e1bado, se\u00f1alan que si bien es cierto, Hern\u00e1ndez Villalpando busc\u00f3 a Cuitl\u00e1huac para verlo&#8230; Es un hecho, es que cuando localiz\u00f3 al gobernador&#8230; Este no lo quiso recibir en sus oficinas&#8230; As\u00ed que la reuni\u00f3n, simplemente, no se dio&#8230; As\u00ed que, por lo menos, hasta hoy por la noche, no hab\u00eda nada sobre este presunto movimiento en el gobierno estatal&#8230; Patrocinio est\u00e1 enfermo, pero sigue contando con el apoyo del inquilino de Palacio de Gobierno&#8230;<\/p>\n<p>&nbsp;<\/p>\n<p>Ya que para nadie es un \u00absecreto\u00bb y no se puede negar&#8230; Que Cuitl\u00e1huac \u00abdescansa\u00bb su administraci\u00f3n estatal en la persona de Patrocinio&#8230; Que le controla parte del gabinete y es como el Yunes Linares de Patricio Chirinos&#8230; Guardando debidas proporciones&#8230; Pero es un estilo parecido en este gobierno de MORENA&#8230; Cisneros es el que ejecuta, es el malo de la pel\u00edcula y el que opera el Estado&#8230; Por eso, ahora, que anda enfermo&#8230; Lo andan \u00abzopiloteando\u00bb&#8230; OGTS&#8230;<\/p>\n<p>&nbsp;<\/p>\n<p>Pero como en pol\u00edtica, las casualidades no existen.. Y, menos en gobiernos de MORENA&#8230; Solo bastaron menos de 24 horas, de que Patrocinio, hiciera su informe oficial, de que dio positivo al Coronavirus, para que sus detractores pol\u00edticos se mostrar\u00e1n y tambi\u00e9n los \u00abzopilotes\u00bb Morenos&#8230; Buscar\u00e1n \u00abestrategias\u00bb para rondar en Palacio de Gobierno&#8230; Intentaron cercar a Cuitl\u00e1huac&#8230; Que de primera mano ten\u00eda la informaci\u00f3n real del estado de salud de Patrocinio&#8230; As\u00ed que lo que decida, ser\u00e1 m\u00e1s adelante, no se le ve intenciones de hacerlo ahora..<\/p>\n<p>&nbsp;<\/p>\n<p>Adem\u00e1s dentro de MORENA y el gobierno estatal&#8230; Todos saben que Rafael Hern\u00e1ndez Villalpando.. No es del equipo pol\u00edtico cercano del gobernador.., No es cercano a Rocio Nahle&#8230; Menos a Manuel Huerta&#8230; Vamos en estos dos a\u00f1os, ha sido evidente que Cuitl\u00e1huac y Villalpando, se \u00abtragan pero no se mastican\u00bb.. Pero esa, es otra historia&#8230; Y como en Veracruz, s\u00f3lo no se sabe, lo que no ha sucedido&#8230; Esa REUNI\u00d3N que algunos personajes Morenos, JURABAN Y PERJURABAN, se hab\u00eda dado&#8230; NO OCURRI\u00d3&#8230;<\/p>\n<p>&nbsp;<\/p>\n<p>Cuitl\u00e1huac, simplemente, no quiso recibirlo&#8230; No es de su simpat\u00eda, por lo tanto, no le agrada su trato&#8230; Y como no se lo pidi\u00f3 Rocio Nahle, que lo recibiera&#8230; El gobernador prefiri\u00f3 ignorarlo.. Las \u00abgrillas\u00bb en Palacio de Gobierno, se\u00f1alan que Villalpando no ha aportado nada a la 4T en Veracruz&#8230; Y que desde el Congreso de la Uni\u00f3n, no ha impulsado ninguna propuesta a favor de Veracruz&#8230; Lo tienen \u00abgrillado\u00bb y alejado del gobierno&#8230; Por eso, era poco probable, su incorporaci\u00f3n a la administraci\u00f3n de Cuitl\u00e1huac&#8230;<\/p>\n<p>&nbsp;<\/p>\n<p>EN RESUMEN&#8230; Se sabe que Cuitl\u00e1huac antes de tomar una decisi\u00f3n en su gobierno&#8230; Siempre consulta a Patrocinio&#8230; Pero como \u00e9ste se encuentra enfermo&#8230; Ahora lo \u00fanica opini\u00f3n que est\u00e1 esperando para saber que hacer, es la de su hermano, Xicotencatl&#8230; De lo que \u00e9l le diga, se basar\u00e1 en sus pr\u00f3ximas decisiones&#8230; Por lo pronto, est\u00e1 en MODO DE ESPERA&#8230; Quietas \u00abfieras\u00bb&#8230; Hasta el momento todo sigue igual&#8230; Villalpando, no va&#8230; Al menos que L\u00f3pez Obrador o Rocio Nahle, digan lo contrario&#8230; AMEN&#8230;<\/p>\n","protected":false},"excerpt":{"rendered":"<p>Ricardo Chua Sale y Vale &nbsp; OJO&#8230; Seg\u00fan informes de Palacio de Gobierno en Xalapa&#8230; Eric Cisneros Burgos hab\u00eda acudido a trabajar a su oficina, desde el pasado lunes de manera normal, en la Secretar\u00eda de Gobierno&#8230; Sin embargo, los primeros s\u00edntomas del COVID, los empez\u00f3 a sentir desde el martes por la ma\u00f1ana&#8230; Es [&hellip;]<\/p>\n","protected":false},"author":2,"featured_media":0,"comment_status":"open","ping_status":"open","sticky":false,"template":"","format":"standard","meta":{"tdm_status":"","tdm_grid_status":"","footnotes":""},"categories":[70],"tags":[17426,16264,1563,13380,10317,1026,351,11992,3578],"class_list":{"0":"post-57531","1":"post","2":"type-post","3":"status-publish","4":"format-standard","6":"category-de-opinion","7":"tag-4t","8":"tag-coronavirus","9":"tag-cuitlahuac-garcia-jimenez","10":"tag-eric-patrocinio-cisneros","11":"tag-manuel-huerta","12":"tag-morena","13":"tag-palacio-de-gobierno","14":"tag-rafael-hernandez-villalpando","15":"tag-rocio-nahle"},"yoast_head":"<!-- This site is optimized with the Yoast SEO plugin v27.4 - https:\/\/yoast.com\/product\/yoast-seo-wordpress\/ -->\n<title>Quietas &quot;fieras&quot; - Los pol\u00edticos Veracruz<\/title>\n<meta name=\"robots\" content=\"index, follow, max-snippet:-1, max-image-preview:large, max-video-preview:-1\" \/>\n<link rel=\"canonical\" href=\"https:\/\/lospoliticosveracruz.com\/?p=57531\" \/>\n<meta property=\"og:locale\" content=\"es_ES\" \/>\n<meta property=\"og:type\" content=\"article\" \/>\n<meta property=\"og:title\" content=\"Quietas &quot;fieras&quot; - Los pol\u00edticos Veracruz\" \/>\n<meta property=\"og:description\" content=\"Ricardo Chua Sale y Vale &nbsp; OJO&#8230; Seg\u00fan informes de Palacio de Gobierno en Xalapa&#8230; Eric Cisneros Burgos hab\u00eda acudido a trabajar a su oficina, desde el pasado lunes de manera normal, en la Secretar\u00eda de Gobierno&#8230; Sin embargo, los primeros s\u00edntomas del COVID, los empez\u00f3 a sentir desde el martes por la ma\u00f1ana&#8230; Es [&hellip;]\" \/>\n<meta property=\"og:url\" content=\"https:\/\/lospoliticosveracruz.com\/?p=57531\" \/>\n<meta property=\"og:site_name\" content=\"Los pol\u00edticos Veracruz\" \/>\n<meta property=\"article:publisher\" content=\"https:\/\/www.facebook.com\/people\/Notimemes-de-los-Polticos\/61565672886568\/\" \/>\n<meta property=\"article:published_time\" content=\"2020-07-19T15:25:20+00:00\" \/>\n<meta property=\"article:modified_time\" content=\"2020-07-19T15:30:17+00:00\" \/>\n<meta property=\"og:image\" content=\"https:\/\/lospoliticosveracruz.com\/wp-content\/uploads\/2016\/07\/Logo-Dor.jpg\" \/>\n\t<meta property=\"og:image:width\" content=\"200\" \/>\n\t<meta property=\"og:image:height\" content=\"200\" \/>\n\t<meta property=\"og:image:type\" content=\"image\/jpeg\" \/>\n<meta name=\"author\" content=\"Lo viste en Los Pol\u00edticos\" \/>\n<meta name=\"twitter:card\" content=\"summary_large_image\" \/>\n<meta name=\"twitter:creator\" content=\"@LosPoliticosVer\" \/>\n<meta name=\"twitter:site\" content=\"@LosPoliticosVer\" \/>\n<meta name=\"twitter:label1\" content=\"Escrito por\" \/>\n\t<meta name=\"twitter:data1\" content=\"Lo viste en Los Pol\u00edticos\" \/>\n\t<meta name=\"twitter:label2\" content=\"Tiempo de lectura\" \/>\n\t<meta name=\"twitter:data2\" content=\"6 minutos\" \/>\n<script type=\"application\/ld+json\" class=\"yoast-schema-graph\">{\"@context\":\"https:\\\/\\\/schema.org\",\"@graph\":[{\"@type\":\"Article\",\"@id\":\"https:\\\/\\\/lospoliticosveracruz.com\\\/?p=57531#article\",\"isPartOf\":{\"@id\":\"https:\\\/\\\/lospoliticosveracruz.com\\\/?p=57531\"},\"author\":{\"name\":\"Lo viste en Los Pol\u00edticos\",\"@id\":\"https:\\\/\\\/lospoliticosveracruz.com\\\/#\\\/schema\\\/person\\\/b8702bb0e538456e6efd07080bf2a4a2\"},\"headline\":\"Quietas \u00abfieras\u00bb\",\"datePublished\":\"2020-07-19T15:25:20+00:00\",\"dateModified\":\"2020-07-19T15:30:17+00:00\",\"mainEntityOfPage\":{\"@id\":\"https:\\\/\\\/lospoliticosveracruz.com\\\/?p=57531\"},\"wordCount\":1128,\"commentCount\":0,\"publisher\":{\"@id\":\"https:\\\/\\\/lospoliticosveracruz.com\\\/#organization\"},\"keywords\":[\"4T\",\"coronavirus\",\"Cuitl\u00e1huac Garc\u00eda Jim\u00e9nez\",\"Eric Patrocinio Cisneros\",\"Manuel Huerta\",\"Morena\",\"Palacio de Gobierno\",\"Rafael Hern\u00e1ndez Villalpando\",\"Roc\u00edo Nahle\"],\"articleSection\":[\"De Opini\u00f3n\"],\"inLanguage\":\"es\",\"potentialAction\":[{\"@type\":\"CommentAction\",\"name\":\"Comment\",\"target\":[\"https:\\\/\\\/lospoliticosveracruz.com\\\/?p=57531#respond\"]}]},{\"@type\":\"WebPage\",\"@id\":\"https:\\\/\\\/lospoliticosveracruz.com\\\/?p=57531\",\"url\":\"https:\\\/\\\/lospoliticosveracruz.com\\\/?p=57531\",\"name\":\"Quietas \\\"fieras\\\" - Los pol\u00edticos Veracruz\",\"isPartOf\":{\"@id\":\"https:\\\/\\\/lospoliticosveracruz.com\\\/#website\"},\"datePublished\":\"2020-07-19T15:25:20+00:00\",\"dateModified\":\"2020-07-19T15:30:17+00:00\",\"breadcrumb\":{\"@id\":\"https:\\\/\\\/lospoliticosveracruz.com\\\/?p=57531#breadcrumb\"},\"inLanguage\":\"es\",\"potentialAction\":[{\"@type\":\"ReadAction\",\"target\":[\"https:\\\/\\\/lospoliticosveracruz.com\\\/?p=57531\"]}]},{\"@type\":\"BreadcrumbList\",\"@id\":\"https:\\\/\\\/lospoliticosveracruz.com\\\/?p=57531#breadcrumb\",\"itemListElement\":[{\"@type\":\"ListItem\",\"position\":1,\"name\":\"Portada\",\"item\":\"https:\\\/\\\/lospoliticosveracruz.com\\\/\"},{\"@type\":\"ListItem\",\"position\":2,\"name\":\"Quietas \u00abfieras\u00bb\"}]},{\"@type\":\"WebSite\",\"@id\":\"https:\\\/\\\/lospoliticosveracruz.com\\\/#website\",\"url\":\"https:\\\/\\\/lospoliticosveracruz.com\\\/\",\"name\":\"Los pol\u00edticos Veracruz\",\"description\":\"\",\"publisher\":{\"@id\":\"https:\\\/\\\/lospoliticosveracruz.com\\\/#organization\"},\"potentialAction\":[{\"@type\":\"SearchAction\",\"target\":{\"@type\":\"EntryPoint\",\"urlTemplate\":\"https:\\\/\\\/lospoliticosveracruz.com\\\/?s={search_term_string}\"},\"query-input\":{\"@type\":\"PropertyValueSpecification\",\"valueRequired\":true,\"valueName\":\"search_term_string\"}}],\"inLanguage\":\"es\"},{\"@type\":\"Organization\",\"@id\":\"https:\\\/\\\/lospoliticosveracruz.com\\\/#organization\",\"name\":\"Los pol\u00edticos Veracruz\",\"url\":\"https:\\\/\\\/lospoliticosveracruz.com\\\/\",\"logo\":{\"@type\":\"ImageObject\",\"inLanguage\":\"es\",\"@id\":\"https:\\\/\\\/lospoliticosveracruz.com\\\/#\\\/schema\\\/logo\\\/image\\\/\",\"url\":\"https:\\\/\\\/lospoliticosveracruz.com\\\/wp-content\\\/uploads\\\/2025\\\/12\\\/Logo-Nuevo-LOS-POLITICOS-1.jpg\",\"contentUrl\":\"https:\\\/\\\/lospoliticosveracruz.com\\\/wp-content\\\/uploads\\\/2025\\\/12\\\/Logo-Nuevo-LOS-POLITICOS-1.jpg\",\"width\":260,\"height\":70,\"caption\":\"Los pol\u00edticos Veracruz\"},\"image\":{\"@id\":\"https:\\\/\\\/lospoliticosveracruz.com\\\/#\\\/schema\\\/logo\\\/image\\\/\"},\"sameAs\":[\"https:\\\/\\\/www.facebook.com\\\/people\\\/Notimemes-de-los-Polticos\\\/61565672886568\\\/\",\"https:\\\/\\\/x.com\\\/LosPoliticosVer\"]},{\"@type\":\"Person\",\"@id\":\"https:\\\/\\\/lospoliticosveracruz.com\\\/#\\\/schema\\\/person\\\/b8702bb0e538456e6efd07080bf2a4a2\",\"name\":\"Lo viste en Los Pol\u00edticos\",\"image\":{\"@type\":\"ImageObject\",\"inLanguage\":\"es\",\"@id\":\"https:\\\/\\\/secure.gravatar.com\\\/avatar\\\/3a8de04a2656d44082be478bd6c086daa447c4651605818287b9532d3d0bd435?s=96&d=mm&r=g\",\"url\":\"https:\\\/\\\/secure.gravatar.com\\\/avatar\\\/3a8de04a2656d44082be478bd6c086daa447c4651605818287b9532d3d0bd435?s=96&d=mm&r=g\",\"contentUrl\":\"https:\\\/\\\/secure.gravatar.com\\\/avatar\\\/3a8de04a2656d44082be478bd6c086daa447c4651605818287b9532d3d0bd435?s=96&d=mm&r=g\",\"caption\":\"Lo viste en Los Pol\u00edticos\"},\"url\":\"https:\\\/\\\/lospoliticosveracruz.com\\\/?author=2\"}]}<\/script>\n<!-- \/ Yoast SEO plugin. -->","yoast_head_json":{"title":"Quietas \"fieras\" - Los pol\u00edticos Veracruz","robots":{"index":"index","follow":"follow","max-snippet":"max-snippet:-1","max-image-preview":"max-image-preview:large","max-video-preview":"max-video-preview:-1"},"canonical":"https:\/\/lospoliticosveracruz.com\/?p=57531","og_locale":"es_ES","og_type":"article","og_title":"Quietas \"fieras\" - Los pol\u00edticos Veracruz","og_description":"Ricardo Chua Sale y Vale &nbsp; OJO&#8230; Seg\u00fan informes de Palacio de Gobierno en Xalapa&#8230; Eric Cisneros Burgos hab\u00eda acudido a trabajar a su oficina, desde el pasado lunes de manera normal, en la Secretar\u00eda de Gobierno&#8230; Sin embargo, los primeros s\u00edntomas del COVID, los empez\u00f3 a sentir desde el martes por la ma\u00f1ana&#8230; Es [&hellip;]","og_url":"https:\/\/lospoliticosveracruz.com\/?p=57531","og_site_name":"Los pol\u00edticos Veracruz","article_publisher":"https:\/\/www.facebook.com\/people\/Notimemes-de-los-Polticos\/61565672886568\/","article_published_time":"2020-07-19T15:25:20+00:00","article_modified_time":"2020-07-19T15:30:17+00:00","og_image":[{"width":200,"height":200,"url":"https:\/\/lospoliticosveracruz.com\/wp-content\/uploads\/2016\/07\/Logo-Dor.jpg","type":"image\/jpeg"}],"author":"Lo viste en Los Pol\u00edticos","twitter_card":"summary_large_image","twitter_creator":"@LosPoliticosVer","twitter_site":"@LosPoliticosVer","twitter_misc":{"Escrito por":"Lo viste en Los Pol\u00edticos","Tiempo de lectura":"6 minutos"},"schema":{"@context":"https:\/\/schema.org","@graph":[{"@type":"Article","@id":"https:\/\/lospoliticosveracruz.com\/?p=57531#article","isPartOf":{"@id":"https:\/\/lospoliticosveracruz.com\/?p=57531"},"author":{"name":"Lo viste en Los Pol\u00edticos","@id":"https:\/\/lospoliticosveracruz.com\/#\/schema\/person\/b8702bb0e538456e6efd07080bf2a4a2"},"headline":"Quietas \u00abfieras\u00bb","datePublished":"2020-07-19T15:25:20+00:00","dateModified":"2020-07-19T15:30:17+00:00","mainEntityOfPage":{"@id":"https:\/\/lospoliticosveracruz.com\/?p=57531"},"wordCount":1128,"commentCount":0,"publisher":{"@id":"https:\/\/lospoliticosveracruz.com\/#organization"},"keywords":["4T","coronavirus","Cuitl\u00e1huac Garc\u00eda Jim\u00e9nez","Eric Patrocinio Cisneros","Manuel Huerta","Morena","Palacio de Gobierno","Rafael Hern\u00e1ndez Villalpando","Roc\u00edo Nahle"],"articleSection":["De Opini\u00f3n"],"inLanguage":"es","potentialAction":[{"@type":"CommentAction","name":"Comment","target":["https:\/\/lospoliticosveracruz.com\/?p=57531#respond"]}]},{"@type":"WebPage","@id":"https:\/\/lospoliticosveracruz.com\/?p=57531","url":"https:\/\/lospoliticosveracruz.com\/?p=57531","name":"Quietas \"fieras\" - Los pol\u00edticos Veracruz","isPartOf":{"@id":"https:\/\/lospoliticosveracruz.com\/#website"},"datePublished":"2020-07-19T15:25:20+00:00","dateModified":"2020-07-19T15:30:17+00:00","breadcrumb":{"@id":"https:\/\/lospoliticosveracruz.com\/?p=57531#breadcrumb"},"inLanguage":"es","potentialAction":[{"@type":"ReadAction","target":["https:\/\/lospoliticosveracruz.com\/?p=57531"]}]},{"@type":"BreadcrumbList","@id":"https:\/\/lospoliticosveracruz.com\/?p=57531#breadcrumb","itemListElement":[{"@type":"ListItem","position":1,"name":"Portada","item":"https:\/\/lospoliticosveracruz.com\/"},{"@type":"ListItem","position":2,"name":"Quietas \u00abfieras\u00bb"}]},{"@type":"WebSite","@id":"https:\/\/lospoliticosveracruz.com\/#website","url":"https:\/\/lospoliticosveracruz.com\/","name":"Los pol\u00edticos Veracruz","description":"","publisher":{"@id":"https:\/\/lospoliticosveracruz.com\/#organization"},"potentialAction":[{"@type":"SearchAction","target":{"@type":"EntryPoint","urlTemplate":"https:\/\/lospoliticosveracruz.com\/?s={search_term_string}"},"query-input":{"@type":"PropertyValueSpecification","valueRequired":true,"valueName":"search_term_string"}}],"inLanguage":"es"},{"@type":"Organization","@id":"https:\/\/lospoliticosveracruz.com\/#organization","name":"Los pol\u00edticos Veracruz","url":"https:\/\/lospoliticosveracruz.com\/","logo":{"@type":"ImageObject","inLanguage":"es","@id":"https:\/\/lospoliticosveracruz.com\/#\/schema\/logo\/image\/","url":"https:\/\/lospoliticosveracruz.com\/wp-content\/uploads\/2025\/12\/Logo-Nuevo-LOS-POLITICOS-1.jpg","contentUrl":"https:\/\/lospoliticosveracruz.com\/wp-content\/uploads\/2025\/12\/Logo-Nuevo-LOS-POLITICOS-1.jpg","width":260,"height":70,"caption":"Los pol\u00edticos Veracruz"},"image":{"@id":"https:\/\/lospoliticosveracruz.com\/#\/schema\/logo\/image\/"},"sameAs":["https:\/\/www.facebook.com\/people\/Notimemes-de-los-Polticos\/61565672886568\/","https:\/\/x.com\/LosPoliticosVer"]},{"@type":"Person","@id":"https:\/\/lospoliticosveracruz.com\/#\/schema\/person\/b8702bb0e538456e6efd07080bf2a4a2","name":"Lo viste en Los Pol\u00edticos","image":{"@type":"ImageObject","inLanguage":"es","@id":"https:\/\/secure.gravatar.com\/avatar\/3a8de04a2656d44082be478bd6c086daa447c4651605818287b9532d3d0bd435?s=96&d=mm&r=g","url":"https:\/\/secure.gravatar.com\/avatar\/3a8de04a2656d44082be478bd6c086daa447c4651605818287b9532d3d0bd435?s=96&d=mm&r=g","contentUrl":"https:\/\/secure.gravatar.com\/avatar\/3a8de04a2656d44082be478bd6c086daa447c4651605818287b9532d3d0bd435?s=96&d=mm&r=g","caption":"Lo viste en Los Pol\u00edticos"},"url":"https:\/\/lospoliticosveracruz.com\/?author=2"}]}},"_links":{"self":[{"href":"https:\/\/lospoliticosveracruz.com\/index.php?rest_route=\/wp\/v2\/posts\/57531","targetHints":{"allow":["GET"]}}],"collection":[{"href":"https:\/\/lospoliticosveracruz.com\/index.php?rest_route=\/wp\/v2\/posts"}],"about":[{"href":"https:\/\/lospoliticosveracruz.com\/index.php?rest_route=\/wp\/v2\/types\/post"}],"author":[{"embeddable":true,"href":"https:\/\/lospoliticosveracruz.com\/index.php?rest_route=\/wp\/v2\/users\/2"}],"replies":[{"embeddable":true,"href":"https:\/\/lospoliticosveracruz.com\/index.php?rest_route=%2Fwp%2Fv2%2Fcomments&post=57531"}],"version-history":[{"count":1,"href":"https:\/\/lospoliticosveracruz.com\/index.php?rest_route=\/wp\/v2\/posts\/57531\/revisions"}],"predecessor-version":[{"id":57532,"href":"https:\/\/lospoliticosveracruz.com\/index.php?rest_route=\/wp\/v2\/posts\/57531\/revisions\/57532"}],"wp:attachment":[{"href":"https:\/\/lospoliticosveracruz.com\/index.php?rest_route=%2Fwp%2Fv2%2Fmedia&parent=57531"}],"wp:term":[{"taxonomy":"category","embeddable":true,"href":"https:\/\/lospoliticosveracruz.com\/index.php?rest_route=%2Fwp%2Fv2%2Fcategories&post=57531"},{"taxonomy":"post_tag","embeddable":true,"href":"https:\/\/lospoliticosveracruz.com\/index.php?rest_route=%2Fwp%2Fv2%2Ftags&post=57531"}],"curies":[{"name":"wp","href":"https:\/\/api.w.org\/{rel}","templated":true}]}}