{"id":57539,"date":"2020-07-19T17:27:10","date_gmt":"2020-07-19T22:27:10","guid":{"rendered":"http:\/\/www.lospoliticosveracruz.com.mx\/?p=57539"},"modified":"2020-07-19T17:27:10","modified_gmt":"2020-07-19T22:27:10","slug":"felipe-checo-y-eric","status":"publish","type":"post","link":"https:\/\/lospoliticosveracruz.com\/?p=57539","title":{"rendered":"Felipe, Checo y Eric"},"content":{"rendered":"<p><strong>Salvador Mu\u00f1oz<\/strong><\/p>\n<p><em>Los Pol\u00edticos<\/em><\/p>\n<p><span style=\"font-weight: 400;\">Hace unos d\u00edas, recib\u00ed el mensaje de un amigo\u2026 me dec\u00eda que \u00e9l, su esposa y su chaval salieron positivos en la prueba Covid\u2026 \u201cLlevamos 10 d\u00edas con los s\u00edntomas y ah\u00ed vamos poco a poco. Son d\u00edas de mucho dolor de cuerpo, agitaci\u00f3n y mucho cansancio, pero primero Dios creo que la vamos a librar. Estamos en cuarentena en casa\u201d. Describe su situaci\u00f3n como una ruleta rusa donde un d\u00eda es regular y otros, de plano, d\u00edas dolorosos.<\/span><\/p>\n<p><span style=\"font-weight: 400;\">Quien conoce a Felipe Pineda Barradas, alcalde de Acula, sabe que dif\u00edcilmente se raja y aun con la situaci\u00f3n por la que pasa, est\u00e1 al pendiente del municipio, tan as\u00ed que en el \u00faltimo acuerdo de Cabildo, hace tres o cuatro d\u00edas, donde se tomaron m\u00e1s medidas para evitar la propagaci\u00f3n de este virus, llamaba a sus pobladores a cerrar filas contra la Covid-19\u2026 \u201custedes saben que un servidor ha buscado la manera de hacer conciencia para que la gente se quede casa\u2026 hagamos caso, estamos en la etapa de la enfermedad m\u00e1s alta. Hagan caso, la enfermedad es muy mala\u2026 se los decimos por experiencia propia, a un servidor le est\u00e1 costando mucho los s\u00edntomas del Covid-19\u201d.<\/span><\/p>\n<p><span style=\"font-weight: 400;\">Espero en verdad el pronto restablecimiento de la salud de su familia as\u00ed como la de \u00e9l porque tenemos pendiente una comida y como dice el nuevo cl\u00e1sico, es seguro que se d\u00e9 \u201ccuando pase todo esto\u2026\u201d<\/span><\/p>\n<p><span style=\"font-weight: 400;\">Hace unos d\u00edas, intercambi\u00e9 mensajes con un sobreviviente al Covid-19\u2026 No es una exageraci\u00f3n lo de \u201cSobreviviente\u201d, es en serio&#8230; me dio gusto tener noticias de \u00e9l, de Checo, como le digo. Hablo del Procurador del Medio Ambiente, Sergio Rodr\u00edguez Cort\u00e9s. \u00bfPor qu\u00e9 el gusto? Porque me agrada la gente con sentido del humor y Checo lo tiene aunque no lo parezca; no obstante la cara adusta que mantiene, sabe re\u00edr.<\/span><\/p>\n<p><span style=\"font-weight: 400;\">No quise preguntarle en ese momento nada de su regreso, de su retorno, de esa oportunidad que tiene ahora en la vida\u2026 ya habr\u00e1 tiempo\u2026 lo que s\u00ed le dije es que regresaba afilado con todo a su trabajo, porque de un modo u otro, compartimos intereses verdes, ecol\u00f3gicos, y adem\u00e1s, recuerdo, tiene una hija que es un alma de Dios\u2026 animalito que ve desamparado, \u00a1es adoptado!<\/span><\/p>\n<p><span style=\"font-weight: 400;\">En serio, me dio gusto saber de Checo y saber que est\u00e1 bien, recargado, y sobre todo, lleno de vitalidad\u2026 ahora s\u00ed, como quien dice, en su \u201csegundo aire\u201d sin necesidad de un ventilador\u2026<\/span><\/p>\n<p><span style=\"font-weight: 400;\">El fin de semana fue Eric Cisneros Burgos la noticia\u2026 positivo en Covid-19. El secretario de Gobierno tambi\u00e9n fue tema de mesa, sala y rec\u00e1mara en la casa. Pongo \u201cNos sorprendimos\u201d, porque no encuentro el verbo exacto para entender las reacciones en redes que conllev\u00f3 el saber que este funcionario estaba enfermo. Si bien, algunos comentarios quisieron justificar las reacciones bajo el esquema de \u201cse cosecha lo que se siembra\u201d, no lo compartimos en casa. Nos queda claro que don Eric no es monedita de oro, y menos en el cargo que tiene y por la forma en que lo lleva (diputados y ediles me han externado el modo en que \u201ctrabaja\u201d el se\u00f1or)&#8230; pero las reacciones en las redes sociales sobre su situaci\u00f3n donde incluso varios \u201clo murieron\u201d, escapa a mis entendederas y por eso s\u00f3lo atino a poner \u201cNos sorprendimos\u201d.<\/span><\/p>\n<p><span style=\"font-weight: 400;\">Si hablara en funci\u00f3n de opinista o columnista, esperar\u00eda que recupere pronto la salud el secretario de Gobierno para poder continuar debatiendo si lo que hace o deja de hacer como tal, es malo, regular o p\u00e9simo; incluso, hasta le mand\u00e9 un mensaje a su Facebook (por WhatsApp creo que me bloque\u00f3 como muchos morenos, algunos panistas \u2013los pri\u00edstas son m\u00e1s tolerantes\u2013\u00a0y otros): \u201c\u00c1nimo! Es mi cliente favorito! En espera de su pronto restablecimiento! Los Notimemes lo esperan!\u201d; como persona, simplemente espero su recuperaci\u00f3n como igual lo deseo para quien est\u00e9 padeciendo este mal del 2020 porque al menos en casa, ya sabemos lo que se siente; y por eso, en serio, esperamos siempre lo mejor para quien la est\u00e1 pasando peor, pues bien dice el meme: \u00a1Sonr\u00ede! para que lo \u00fanico que contagies sean buenas vibras!<\/span><\/p>\n<p>&nbsp;<\/p>\n<p><span style=\"font-weight: 400;\">smcainito@gmail.com<\/span><\/p>\n","protected":false},"excerpt":{"rendered":"<p>Salvador Mu\u00f1oz Los Pol\u00edticos Hace unos d\u00edas, recib\u00ed el mensaje de un amigo\u2026 me dec\u00eda que \u00e9l, su esposa y su chaval salieron positivos en la prueba Covid\u2026 \u201cLlevamos 10 d\u00edas con los s\u00edntomas y ah\u00ed vamos poco a poco. Son d\u00edas de mucho dolor de cuerpo, agitaci\u00f3n y mucho cansancio, pero primero Dios creo [&hellip;]<\/p>\n","protected":false},"author":2,"featured_media":0,"comment_status":"open","ping_status":"open","sticky":false,"template":"","format":"standard","meta":{"tdm_status":"","tdm_grid_status":"","footnotes":""},"categories":[70],"tags":[16264,16673,12299,12584,16929,19285,954,807,195],"class_list":{"0":"post-57539","1":"post","2":"type-post","3":"status-publish","4":"format-standard","6":"category-de-opinion","7":"tag-coronavirus","8":"tag-covid-19","9":"tag-eric-cisneros-burgos","10":"tag-felipe-pineda-barradas","11":"tag-pandemia","12":"tag-procurador-del-medio-ambiente","13":"tag-secretario-de-gobierno","14":"tag-sergio-rodriguez-cortes","15":"tag-veracruz"},"yoast_head":"<!-- This site is optimized with the Yoast SEO plugin v27.4 - https:\/\/yoast.com\/product\/yoast-seo-wordpress\/ -->\n<title>Felipe, Checo y Eric - Los pol\u00edticos Veracruz<\/title>\n<meta name=\"robots\" content=\"index, follow, max-snippet:-1, max-image-preview:large, max-video-preview:-1\" \/>\n<link rel=\"canonical\" href=\"https:\/\/lospoliticosveracruz.com\/?p=57539\" \/>\n<meta property=\"og:locale\" content=\"es_ES\" \/>\n<meta property=\"og:type\" content=\"article\" \/>\n<meta property=\"og:title\" content=\"Felipe, Checo y Eric - Los pol\u00edticos Veracruz\" \/>\n<meta property=\"og:description\" content=\"Salvador Mu\u00f1oz Los Pol\u00edticos Hace unos d\u00edas, recib\u00ed el mensaje de un amigo\u2026 me dec\u00eda que \u00e9l, su esposa y su chaval salieron positivos en la prueba Covid\u2026 \u201cLlevamos 10 d\u00edas con los s\u00edntomas y ah\u00ed vamos poco a poco. Son d\u00edas de mucho dolor de cuerpo, agitaci\u00f3n y mucho cansancio, pero primero Dios creo [&hellip;]\" \/>\n<meta property=\"og:url\" content=\"https:\/\/lospoliticosveracruz.com\/?p=57539\" \/>\n<meta property=\"og:site_name\" content=\"Los pol\u00edticos Veracruz\" \/>\n<meta property=\"article:publisher\" content=\"https:\/\/www.facebook.com\/people\/Notimemes-de-los-Polticos\/61565672886568\/\" \/>\n<meta property=\"article:published_time\" content=\"2020-07-19T22:27:10+00:00\" \/>\n<meta property=\"og:image\" content=\"https:\/\/lospoliticosveracruz.com\/wp-content\/uploads\/2016\/07\/Logo-Dor.jpg\" \/>\n\t<meta property=\"og:image:width\" content=\"200\" \/>\n\t<meta property=\"og:image:height\" content=\"200\" \/>\n\t<meta property=\"og:image:type\" content=\"image\/jpeg\" \/>\n<meta name=\"author\" content=\"Lo viste en Los Pol\u00edticos\" \/>\n<meta name=\"twitter:card\" content=\"summary_large_image\" \/>\n<meta name=\"twitter:creator\" content=\"@LosPoliticosVer\" \/>\n<meta name=\"twitter:site\" content=\"@LosPoliticosVer\" \/>\n<meta name=\"twitter:label1\" content=\"Escrito por\" \/>\n\t<meta name=\"twitter:data1\" content=\"Lo viste en Los Pol\u00edticos\" \/>\n\t<meta name=\"twitter:label2\" content=\"Tiempo de lectura\" \/>\n\t<meta name=\"twitter:data2\" content=\"4 minutos\" \/>\n<script type=\"application\/ld+json\" class=\"yoast-schema-graph\">{\"@context\":\"https:\\\/\\\/schema.org\",\"@graph\":[{\"@type\":\"Article\",\"@id\":\"https:\\\/\\\/lospoliticosveracruz.com\\\/?p=57539#article\",\"isPartOf\":{\"@id\":\"https:\\\/\\\/lospoliticosveracruz.com\\\/?p=57539\"},\"author\":{\"name\":\"Lo viste en Los Pol\u00edticos\",\"@id\":\"https:\\\/\\\/lospoliticosveracruz.com\\\/#\\\/schema\\\/person\\\/b8702bb0e538456e6efd07080bf2a4a2\"},\"headline\":\"Felipe, Checo y Eric\",\"datePublished\":\"2020-07-19T22:27:10+00:00\",\"mainEntityOfPage\":{\"@id\":\"https:\\\/\\\/lospoliticosveracruz.com\\\/?p=57539\"},\"wordCount\":734,\"commentCount\":0,\"publisher\":{\"@id\":\"https:\\\/\\\/lospoliticosveracruz.com\\\/#organization\"},\"keywords\":[\"coronavirus\",\"Covid 19\",\"Eric Cisneros Burgos\",\"Felipe Pineda Barradas\",\"pandemia\",\"Procurador del Medio Ambiente\",\"secretario de Gobierno\",\"Sergio Rodr\u00edguez Cort\u00e9s\",\"Veracruz\"],\"articleSection\":[\"De Opini\u00f3n\"],\"inLanguage\":\"es\",\"potentialAction\":[{\"@type\":\"CommentAction\",\"name\":\"Comment\",\"target\":[\"https:\\\/\\\/lospoliticosveracruz.com\\\/?p=57539#respond\"]}]},{\"@type\":\"WebPage\",\"@id\":\"https:\\\/\\\/lospoliticosveracruz.com\\\/?p=57539\",\"url\":\"https:\\\/\\\/lospoliticosveracruz.com\\\/?p=57539\",\"name\":\"Felipe, Checo y Eric - Los pol\u00edticos Veracruz\",\"isPartOf\":{\"@id\":\"https:\\\/\\\/lospoliticosveracruz.com\\\/#website\"},\"datePublished\":\"2020-07-19T22:27:10+00:00\",\"breadcrumb\":{\"@id\":\"https:\\\/\\\/lospoliticosveracruz.com\\\/?p=57539#breadcrumb\"},\"inLanguage\":\"es\",\"potentialAction\":[{\"@type\":\"ReadAction\",\"target\":[\"https:\\\/\\\/lospoliticosveracruz.com\\\/?p=57539\"]}]},{\"@type\":\"BreadcrumbList\",\"@id\":\"https:\\\/\\\/lospoliticosveracruz.com\\\/?p=57539#breadcrumb\",\"itemListElement\":[{\"@type\":\"ListItem\",\"position\":1,\"name\":\"Portada\",\"item\":\"https:\\\/\\\/lospoliticosveracruz.com\\\/\"},{\"@type\":\"ListItem\",\"position\":2,\"name\":\"Felipe, Checo y Eric\"}]},{\"@type\":\"WebSite\",\"@id\":\"https:\\\/\\\/lospoliticosveracruz.com\\\/#website\",\"url\":\"https:\\\/\\\/lospoliticosveracruz.com\\\/\",\"name\":\"Los pol\u00edticos Veracruz\",\"description\":\"\",\"publisher\":{\"@id\":\"https:\\\/\\\/lospoliticosveracruz.com\\\/#organization\"},\"potentialAction\":[{\"@type\":\"SearchAction\",\"target\":{\"@type\":\"EntryPoint\",\"urlTemplate\":\"https:\\\/\\\/lospoliticosveracruz.com\\\/?s={search_term_string}\"},\"query-input\":{\"@type\":\"PropertyValueSpecification\",\"valueRequired\":true,\"valueName\":\"search_term_string\"}}],\"inLanguage\":\"es\"},{\"@type\":\"Organization\",\"@id\":\"https:\\\/\\\/lospoliticosveracruz.com\\\/#organization\",\"name\":\"Los pol\u00edticos Veracruz\",\"url\":\"https:\\\/\\\/lospoliticosveracruz.com\\\/\",\"logo\":{\"@type\":\"ImageObject\",\"inLanguage\":\"es\",\"@id\":\"https:\\\/\\\/lospoliticosveracruz.com\\\/#\\\/schema\\\/logo\\\/image\\\/\",\"url\":\"https:\\\/\\\/lospoliticosveracruz.com\\\/wp-content\\\/uploads\\\/2025\\\/12\\\/Logo-Nuevo-LOS-POLITICOS-1.jpg\",\"contentUrl\":\"https:\\\/\\\/lospoliticosveracruz.com\\\/wp-content\\\/uploads\\\/2025\\\/12\\\/Logo-Nuevo-LOS-POLITICOS-1.jpg\",\"width\":260,\"height\":70,\"caption\":\"Los pol\u00edticos Veracruz\"},\"image\":{\"@id\":\"https:\\\/\\\/lospoliticosveracruz.com\\\/#\\\/schema\\\/logo\\\/image\\\/\"},\"sameAs\":[\"https:\\\/\\\/www.facebook.com\\\/people\\\/Notimemes-de-los-Polticos\\\/61565672886568\\\/\",\"https:\\\/\\\/x.com\\\/LosPoliticosVer\"]},{\"@type\":\"Person\",\"@id\":\"https:\\\/\\\/lospoliticosveracruz.com\\\/#\\\/schema\\\/person\\\/b8702bb0e538456e6efd07080bf2a4a2\",\"name\":\"Lo viste en Los Pol\u00edticos\",\"image\":{\"@type\":\"ImageObject\",\"inLanguage\":\"es\",\"@id\":\"https:\\\/\\\/secure.gravatar.com\\\/avatar\\\/3a8de04a2656d44082be478bd6c086daa447c4651605818287b9532d3d0bd435?s=96&d=mm&r=g\",\"url\":\"https:\\\/\\\/secure.gravatar.com\\\/avatar\\\/3a8de04a2656d44082be478bd6c086daa447c4651605818287b9532d3d0bd435?s=96&d=mm&r=g\",\"contentUrl\":\"https:\\\/\\\/secure.gravatar.com\\\/avatar\\\/3a8de04a2656d44082be478bd6c086daa447c4651605818287b9532d3d0bd435?s=96&d=mm&r=g\",\"caption\":\"Lo viste en Los Pol\u00edticos\"},\"url\":\"https:\\\/\\\/lospoliticosveracruz.com\\\/?author=2\"}]}<\/script>\n<!-- \/ Yoast SEO plugin. -->","yoast_head_json":{"title":"Felipe, Checo y Eric - Los pol\u00edticos Veracruz","robots":{"index":"index","follow":"follow","max-snippet":"max-snippet:-1","max-image-preview":"max-image-preview:large","max-video-preview":"max-video-preview:-1"},"canonical":"https:\/\/lospoliticosveracruz.com\/?p=57539","og_locale":"es_ES","og_type":"article","og_title":"Felipe, Checo y Eric - Los pol\u00edticos Veracruz","og_description":"Salvador Mu\u00f1oz Los Pol\u00edticos Hace unos d\u00edas, recib\u00ed el mensaje de un amigo\u2026 me dec\u00eda que \u00e9l, su esposa y su chaval salieron positivos en la prueba Covid\u2026 \u201cLlevamos 10 d\u00edas con los s\u00edntomas y ah\u00ed vamos poco a poco. Son d\u00edas de mucho dolor de cuerpo, agitaci\u00f3n y mucho cansancio, pero primero Dios creo [&hellip;]","og_url":"https:\/\/lospoliticosveracruz.com\/?p=57539","og_site_name":"Los pol\u00edticos Veracruz","article_publisher":"https:\/\/www.facebook.com\/people\/Notimemes-de-los-Polticos\/61565672886568\/","article_published_time":"2020-07-19T22:27:10+00:00","og_image":[{"width":200,"height":200,"url":"https:\/\/lospoliticosveracruz.com\/wp-content\/uploads\/2016\/07\/Logo-Dor.jpg","type":"image\/jpeg"}],"author":"Lo viste en Los Pol\u00edticos","twitter_card":"summary_large_image","twitter_creator":"@LosPoliticosVer","twitter_site":"@LosPoliticosVer","twitter_misc":{"Escrito por":"Lo viste en Los Pol\u00edticos","Tiempo de lectura":"4 minutos"},"schema":{"@context":"https:\/\/schema.org","@graph":[{"@type":"Article","@id":"https:\/\/lospoliticosveracruz.com\/?p=57539#article","isPartOf":{"@id":"https:\/\/lospoliticosveracruz.com\/?p=57539"},"author":{"name":"Lo viste en Los Pol\u00edticos","@id":"https:\/\/lospoliticosveracruz.com\/#\/schema\/person\/b8702bb0e538456e6efd07080bf2a4a2"},"headline":"Felipe, Checo y Eric","datePublished":"2020-07-19T22:27:10+00:00","mainEntityOfPage":{"@id":"https:\/\/lospoliticosveracruz.com\/?p=57539"},"wordCount":734,"commentCount":0,"publisher":{"@id":"https:\/\/lospoliticosveracruz.com\/#organization"},"keywords":["coronavirus","Covid 19","Eric Cisneros Burgos","Felipe Pineda Barradas","pandemia","Procurador del Medio Ambiente","secretario de Gobierno","Sergio Rodr\u00edguez Cort\u00e9s","Veracruz"],"articleSection":["De Opini\u00f3n"],"inLanguage":"es","potentialAction":[{"@type":"CommentAction","name":"Comment","target":["https:\/\/lospoliticosveracruz.com\/?p=57539#respond"]}]},{"@type":"WebPage","@id":"https:\/\/lospoliticosveracruz.com\/?p=57539","url":"https:\/\/lospoliticosveracruz.com\/?p=57539","name":"Felipe, Checo y Eric - Los pol\u00edticos Veracruz","isPartOf":{"@id":"https:\/\/lospoliticosveracruz.com\/#website"},"datePublished":"2020-07-19T22:27:10+00:00","breadcrumb":{"@id":"https:\/\/lospoliticosveracruz.com\/?p=57539#breadcrumb"},"inLanguage":"es","potentialAction":[{"@type":"ReadAction","target":["https:\/\/lospoliticosveracruz.com\/?p=57539"]}]},{"@type":"BreadcrumbList","@id":"https:\/\/lospoliticosveracruz.com\/?p=57539#breadcrumb","itemListElement":[{"@type":"ListItem","position":1,"name":"Portada","item":"https:\/\/lospoliticosveracruz.com\/"},{"@type":"ListItem","position":2,"name":"Felipe, Checo y Eric"}]},{"@type":"WebSite","@id":"https:\/\/lospoliticosveracruz.com\/#website","url":"https:\/\/lospoliticosveracruz.com\/","name":"Los pol\u00edticos Veracruz","description":"","publisher":{"@id":"https:\/\/lospoliticosveracruz.com\/#organization"},"potentialAction":[{"@type":"SearchAction","target":{"@type":"EntryPoint","urlTemplate":"https:\/\/lospoliticosveracruz.com\/?s={search_term_string}"},"query-input":{"@type":"PropertyValueSpecification","valueRequired":true,"valueName":"search_term_string"}}],"inLanguage":"es"},{"@type":"Organization","@id":"https:\/\/lospoliticosveracruz.com\/#organization","name":"Los pol\u00edticos Veracruz","url":"https:\/\/lospoliticosveracruz.com\/","logo":{"@type":"ImageObject","inLanguage":"es","@id":"https:\/\/lospoliticosveracruz.com\/#\/schema\/logo\/image\/","url":"https:\/\/lospoliticosveracruz.com\/wp-content\/uploads\/2025\/12\/Logo-Nuevo-LOS-POLITICOS-1.jpg","contentUrl":"https:\/\/lospoliticosveracruz.com\/wp-content\/uploads\/2025\/12\/Logo-Nuevo-LOS-POLITICOS-1.jpg","width":260,"height":70,"caption":"Los pol\u00edticos Veracruz"},"image":{"@id":"https:\/\/lospoliticosveracruz.com\/#\/schema\/logo\/image\/"},"sameAs":["https:\/\/www.facebook.com\/people\/Notimemes-de-los-Polticos\/61565672886568\/","https:\/\/x.com\/LosPoliticosVer"]},{"@type":"Person","@id":"https:\/\/lospoliticosveracruz.com\/#\/schema\/person\/b8702bb0e538456e6efd07080bf2a4a2","name":"Lo viste en Los Pol\u00edticos","image":{"@type":"ImageObject","inLanguage":"es","@id":"https:\/\/secure.gravatar.com\/avatar\/3a8de04a2656d44082be478bd6c086daa447c4651605818287b9532d3d0bd435?s=96&d=mm&r=g","url":"https:\/\/secure.gravatar.com\/avatar\/3a8de04a2656d44082be478bd6c086daa447c4651605818287b9532d3d0bd435?s=96&d=mm&r=g","contentUrl":"https:\/\/secure.gravatar.com\/avatar\/3a8de04a2656d44082be478bd6c086daa447c4651605818287b9532d3d0bd435?s=96&d=mm&r=g","caption":"Lo viste en Los Pol\u00edticos"},"url":"https:\/\/lospoliticosveracruz.com\/?author=2"}]}},"_links":{"self":[{"href":"https:\/\/lospoliticosveracruz.com\/index.php?rest_route=\/wp\/v2\/posts\/57539","targetHints":{"allow":["GET"]}}],"collection":[{"href":"https:\/\/lospoliticosveracruz.com\/index.php?rest_route=\/wp\/v2\/posts"}],"about":[{"href":"https:\/\/lospoliticosveracruz.com\/index.php?rest_route=\/wp\/v2\/types\/post"}],"author":[{"embeddable":true,"href":"https:\/\/lospoliticosveracruz.com\/index.php?rest_route=\/wp\/v2\/users\/2"}],"replies":[{"embeddable":true,"href":"https:\/\/lospoliticosveracruz.com\/index.php?rest_route=%2Fwp%2Fv2%2Fcomments&post=57539"}],"version-history":[{"count":1,"href":"https:\/\/lospoliticosveracruz.com\/index.php?rest_route=\/wp\/v2\/posts\/57539\/revisions"}],"predecessor-version":[{"id":57541,"href":"https:\/\/lospoliticosveracruz.com\/index.php?rest_route=\/wp\/v2\/posts\/57539\/revisions\/57541"}],"wp:attachment":[{"href":"https:\/\/lospoliticosveracruz.com\/index.php?rest_route=%2Fwp%2Fv2%2Fmedia&parent=57539"}],"wp:term":[{"taxonomy":"category","embeddable":true,"href":"https:\/\/lospoliticosveracruz.com\/index.php?rest_route=%2Fwp%2Fv2%2Fcategories&post=57539"},{"taxonomy":"post_tag","embeddable":true,"href":"https:\/\/lospoliticosveracruz.com\/index.php?rest_route=%2Fwp%2Fv2%2Ftags&post=57539"}],"curies":[{"name":"wp","href":"https:\/\/api.w.org\/{rel}","templated":true}]}}