{"id":57595,"date":"2020-07-20T20:44:27","date_gmt":"2020-07-21T01:44:27","guid":{"rendered":"http:\/\/www.lospoliticosveracruz.com.mx\/?p=57595"},"modified":"2020-07-20T20:44:27","modified_gmt":"2020-07-21T01:44:27","slug":"pri-becas","status":"publish","type":"post","link":"https:\/\/lospoliticosveracruz.com\/?p=57595","title":{"rendered":"\u00a1PRI-becas!"},"content":{"rendered":"<p>&nbsp;<\/p>\n<p>&nbsp;<\/p>\n<p>Conscientes de la complicada situaci\u00f3n econ\u00f3mica actual, y la necesidad fundamental de acceder a una educaci\u00f3n de calidad, el Partido Revolucionario Institucional en Veracruz, ofrece la vinculaci\u00f3n para acceder a becas en diversas universidades privadas, inform\u00f3 la secretaria de Gesti\u00f3n Social del Comit\u00e9 Directivo Estatal (CDE), Ana Rosa Vald\u00e9s Salazar.<\/p>\n<p>Refiri\u00f3 que en muchas ocasiones las y los aspirantes universitarios no logran obtener un lugar en las instituciones p\u00fablicas, o quienes desean continuar con su preparaci\u00f3n profesional en el aprendizaje de idiomas o en posgrados, ven coartadas sus intenciones al no contar con los recursos econ\u00f3micos para acceder a otras instituciones.<\/p>\n<p>Ana Rosa Vald\u00e9s, subray\u00f3 el compromiso social del PRI en Veracruz, que ha establecido convenios con distintas universidades de prestigio para ofrecer posibilidades a las y los veracruzanos de continuar con su preparaci\u00f3n acad\u00e9mica; y la disposici\u00f3n de las instituciones educativas para trabajar en conjunto, ofrecer contenidos valiosos y contribuir con la formaci\u00f3n de profesionales con una formaci\u00f3n adecuada a la realidad actual.<\/p>\n<p>\u201cEl acceso a la educaci\u00f3n y tener una constante capacitaci\u00f3n es prioridad, y gracias a la voluntad y liderazgo de la dirigencia estatal del PRI en Veracruz, encabezada por Marlon Ram\u00edrez Mar\u00edn en la presidencia, y Arianna \u00c1ngeles Aguirre, en la secretar\u00eda general, hemos podido establecer v\u00ednculos en beneficio de las familias\u201d, indic\u00f3.<\/p>\n<p>A trav\u00e9s de la Secretar\u00eda de Gesti\u00f3n Social, el CDE del PRI ha firmado convenios con: la Universidad de Xalapa, la Universidad del Golfo de M\u00e9xico, la Universidad Polit\u00e9cnica de Veracruz, la Universidad Hern\u00e1n Cort\u00e9s, la Universidad Paccioli de Xalapa, el Instituto Universitario de Iberoam\u00e9rica, la Universidad Filadelfia de M\u00e9xico, y el Centro Latinoamericano de Estudios Superiores.<\/p>\n<p>Asimismo, con el Instituto de Capacitaci\u00f3n de Recursos Humanos, la Escuela Libre de Ciencias Pol\u00edticas y Administraci\u00f3n P\u00fablica, la Universidad Hispanoamericana de Altos Estudios, la Universidad Calmecac, la Universidad de las Naciones, Universidad Taj\u00edn, la Universidad Euro hispanoamericana, la Universidad Valladolid, el Centro de Lenguas Extranjeras Kiosk, el Instituto Veracruzano de Educaci\u00f3n Superior, el Centro Veracruzano de Investigaci\u00f3n y Posgrado, as\u00ed como con el Centro de Idiomas Saint Patrick Talk.<\/p>\n<p>Las personas interesadas pueden comunicarse a la Secretar\u00eda de Gesti\u00f3n Social del CDE del PRI, al tel\u00e9fono 2283676020, extensiones 3061 y 3001, y por medio de las redes sociales: Facebook SOMOS PRI Veracruz y Twitter @PRIVeracruz_<\/p>\n","protected":false},"excerpt":{"rendered":"<p>&nbsp; &nbsp; Conscientes de la complicada situaci\u00f3n econ\u00f3mica actual, y la necesidad fundamental de acceder a una educaci\u00f3n de calidad, el Partido Revolucionario Institucional en Veracruz, ofrece la vinculaci\u00f3n para acceder a becas en diversas universidades privadas, inform\u00f3 la secretaria de Gesti\u00f3n Social del Comit\u00e9 Directivo Estatal (CDE), Ana Rosa Vald\u00e9s Salazar. Refiri\u00f3 que en [&hellip;]<\/p>\n","protected":false},"author":2,"featured_media":0,"comment_status":"open","ping_status":"open","sticky":false,"template":"","format":"standard","meta":{"tdm_status":"","tdm_grid_status":"","footnotes":""},"categories":[73],"tags":[2952,6874,19315,2908,251,15362,19316,546],"class_list":{"0":"post-57595","1":"post","2":"type-post","3":"status-publish","4":"format-standard","6":"category-de-boleto","7":"tag-ana-rosa-valdes","8":"tag-becas","9":"tag-cde","10":"tag-marlon-ramirez-marin","11":"tag-pri","12":"tag-secretaria-de-gestion-social","13":"tag-somos-pri-veracruz","14":"tag-universidad"},"yoast_head":"<!-- This site is optimized with the Yoast SEO plugin v27.4 - https:\/\/yoast.com\/product\/yoast-seo-wordpress\/ -->\n<title>\u00a1PRI-becas! - Los pol\u00edticos Veracruz<\/title>\n<meta name=\"robots\" content=\"index, follow, max-snippet:-1, max-image-preview:large, max-video-preview:-1\" \/>\n<link rel=\"canonical\" href=\"https:\/\/lospoliticosveracruz.com\/?p=57595\" \/>\n<meta property=\"og:locale\" content=\"es_ES\" \/>\n<meta property=\"og:type\" content=\"article\" \/>\n<meta property=\"og:title\" content=\"\u00a1PRI-becas! - Los pol\u00edticos Veracruz\" \/>\n<meta property=\"og:description\" content=\"&nbsp; &nbsp; Conscientes de la complicada situaci\u00f3n econ\u00f3mica actual, y la necesidad fundamental de acceder a una educaci\u00f3n de calidad, el Partido Revolucionario Institucional en Veracruz, ofrece la vinculaci\u00f3n para acceder a becas en diversas universidades privadas, inform\u00f3 la secretaria de Gesti\u00f3n Social del Comit\u00e9 Directivo Estatal (CDE), Ana Rosa Vald\u00e9s Salazar. Refiri\u00f3 que en [&hellip;]\" \/>\n<meta property=\"og:url\" content=\"https:\/\/lospoliticosveracruz.com\/?p=57595\" \/>\n<meta property=\"og:site_name\" content=\"Los pol\u00edticos Veracruz\" \/>\n<meta property=\"article:publisher\" content=\"https:\/\/www.facebook.com\/people\/Notimemes-de-los-Polticos\/61565672886568\/\" \/>\n<meta property=\"article:published_time\" content=\"2020-07-21T01:44:27+00:00\" \/>\n<meta property=\"og:image\" content=\"https:\/\/lospoliticosveracruz.com\/wp-content\/uploads\/2016\/07\/Logo-Dor.jpg\" \/>\n\t<meta property=\"og:image:width\" content=\"200\" \/>\n\t<meta property=\"og:image:height\" content=\"200\" \/>\n\t<meta property=\"og:image:type\" content=\"image\/jpeg\" \/>\n<meta name=\"author\" content=\"Lo viste en Los Pol\u00edticos\" \/>\n<meta name=\"twitter:card\" content=\"summary_large_image\" \/>\n<meta name=\"twitter:creator\" content=\"@LosPoliticosVer\" \/>\n<meta name=\"twitter:site\" content=\"@LosPoliticosVer\" \/>\n<meta name=\"twitter:label1\" content=\"Escrito por\" \/>\n\t<meta name=\"twitter:data1\" content=\"Lo viste en Los Pol\u00edticos\" \/>\n\t<meta name=\"twitter:label2\" content=\"Tiempo de lectura\" \/>\n\t<meta name=\"twitter:data2\" content=\"2 minutos\" \/>\n<script type=\"application\/ld+json\" class=\"yoast-schema-graph\">{\"@context\":\"https:\\\/\\\/schema.org\",\"@graph\":[{\"@type\":\"Article\",\"@id\":\"https:\\\/\\\/lospoliticosveracruz.com\\\/?p=57595#article\",\"isPartOf\":{\"@id\":\"https:\\\/\\\/lospoliticosveracruz.com\\\/?p=57595\"},\"author\":{\"name\":\"Lo viste en Los Pol\u00edticos\",\"@id\":\"https:\\\/\\\/lospoliticosveracruz.com\\\/#\\\/schema\\\/person\\\/b8702bb0e538456e6efd07080bf2a4a2\"},\"headline\":\"\u00a1PRI-becas!\",\"datePublished\":\"2020-07-21T01:44:27+00:00\",\"mainEntityOfPage\":{\"@id\":\"https:\\\/\\\/lospoliticosveracruz.com\\\/?p=57595\"},\"wordCount\":420,\"commentCount\":0,\"publisher\":{\"@id\":\"https:\\\/\\\/lospoliticosveracruz.com\\\/#organization\"},\"keywords\":[\"Ana Rosa Vald\u00e9s\",\"Becas\",\"CDE\",\"Marlon Ram\u00edrez Mar\u00edn\",\"PRI\",\"secretaria de gesti\u00f3n Social\",\"SOMOS PRI Veracruz\",\"Universidad\"],\"articleSection\":[\"De Boleto\"],\"inLanguage\":\"es\",\"potentialAction\":[{\"@type\":\"CommentAction\",\"name\":\"Comment\",\"target\":[\"https:\\\/\\\/lospoliticosveracruz.com\\\/?p=57595#respond\"]}]},{\"@type\":\"WebPage\",\"@id\":\"https:\\\/\\\/lospoliticosveracruz.com\\\/?p=57595\",\"url\":\"https:\\\/\\\/lospoliticosveracruz.com\\\/?p=57595\",\"name\":\"\u00a1PRI-becas! - Los pol\u00edticos Veracruz\",\"isPartOf\":{\"@id\":\"https:\\\/\\\/lospoliticosveracruz.com\\\/#website\"},\"datePublished\":\"2020-07-21T01:44:27+00:00\",\"breadcrumb\":{\"@id\":\"https:\\\/\\\/lospoliticosveracruz.com\\\/?p=57595#breadcrumb\"},\"inLanguage\":\"es\",\"potentialAction\":[{\"@type\":\"ReadAction\",\"target\":[\"https:\\\/\\\/lospoliticosveracruz.com\\\/?p=57595\"]}]},{\"@type\":\"BreadcrumbList\",\"@id\":\"https:\\\/\\\/lospoliticosveracruz.com\\\/?p=57595#breadcrumb\",\"itemListElement\":[{\"@type\":\"ListItem\",\"position\":1,\"name\":\"Portada\",\"item\":\"https:\\\/\\\/lospoliticosveracruz.com\\\/\"},{\"@type\":\"ListItem\",\"position\":2,\"name\":\"\u00a1PRI-becas!\"}]},{\"@type\":\"WebSite\",\"@id\":\"https:\\\/\\\/lospoliticosveracruz.com\\\/#website\",\"url\":\"https:\\\/\\\/lospoliticosveracruz.com\\\/\",\"name\":\"Los pol\u00edticos Veracruz\",\"description\":\"\",\"publisher\":{\"@id\":\"https:\\\/\\\/lospoliticosveracruz.com\\\/#organization\"},\"potentialAction\":[{\"@type\":\"SearchAction\",\"target\":{\"@type\":\"EntryPoint\",\"urlTemplate\":\"https:\\\/\\\/lospoliticosveracruz.com\\\/?s={search_term_string}\"},\"query-input\":{\"@type\":\"PropertyValueSpecification\",\"valueRequired\":true,\"valueName\":\"search_term_string\"}}],\"inLanguage\":\"es\"},{\"@type\":\"Organization\",\"@id\":\"https:\\\/\\\/lospoliticosveracruz.com\\\/#organization\",\"name\":\"Los pol\u00edticos Veracruz\",\"url\":\"https:\\\/\\\/lospoliticosveracruz.com\\\/\",\"logo\":{\"@type\":\"ImageObject\",\"inLanguage\":\"es\",\"@id\":\"https:\\\/\\\/lospoliticosveracruz.com\\\/#\\\/schema\\\/logo\\\/image\\\/\",\"url\":\"https:\\\/\\\/lospoliticosveracruz.com\\\/wp-content\\\/uploads\\\/2025\\\/12\\\/Logo-Nuevo-LOS-POLITICOS-1.jpg\",\"contentUrl\":\"https:\\\/\\\/lospoliticosveracruz.com\\\/wp-content\\\/uploads\\\/2025\\\/12\\\/Logo-Nuevo-LOS-POLITICOS-1.jpg\",\"width\":260,\"height\":70,\"caption\":\"Los pol\u00edticos Veracruz\"},\"image\":{\"@id\":\"https:\\\/\\\/lospoliticosveracruz.com\\\/#\\\/schema\\\/logo\\\/image\\\/\"},\"sameAs\":[\"https:\\\/\\\/www.facebook.com\\\/people\\\/Notimemes-de-los-Polticos\\\/61565672886568\\\/\",\"https:\\\/\\\/x.com\\\/LosPoliticosVer\"]},{\"@type\":\"Person\",\"@id\":\"https:\\\/\\\/lospoliticosveracruz.com\\\/#\\\/schema\\\/person\\\/b8702bb0e538456e6efd07080bf2a4a2\",\"name\":\"Lo viste en Los Pol\u00edticos\",\"image\":{\"@type\":\"ImageObject\",\"inLanguage\":\"es\",\"@id\":\"https:\\\/\\\/secure.gravatar.com\\\/avatar\\\/3a8de04a2656d44082be478bd6c086daa447c4651605818287b9532d3d0bd435?s=96&d=mm&r=g\",\"url\":\"https:\\\/\\\/secure.gravatar.com\\\/avatar\\\/3a8de04a2656d44082be478bd6c086daa447c4651605818287b9532d3d0bd435?s=96&d=mm&r=g\",\"contentUrl\":\"https:\\\/\\\/secure.gravatar.com\\\/avatar\\\/3a8de04a2656d44082be478bd6c086daa447c4651605818287b9532d3d0bd435?s=96&d=mm&r=g\",\"caption\":\"Lo viste en Los Pol\u00edticos\"},\"url\":\"https:\\\/\\\/lospoliticosveracruz.com\\\/?author=2\"}]}<\/script>\n<!-- \/ Yoast SEO plugin. -->","yoast_head_json":{"title":"\u00a1PRI-becas! - Los pol\u00edticos Veracruz","robots":{"index":"index","follow":"follow","max-snippet":"max-snippet:-1","max-image-preview":"max-image-preview:large","max-video-preview":"max-video-preview:-1"},"canonical":"https:\/\/lospoliticosveracruz.com\/?p=57595","og_locale":"es_ES","og_type":"article","og_title":"\u00a1PRI-becas! - Los pol\u00edticos Veracruz","og_description":"&nbsp; &nbsp; Conscientes de la complicada situaci\u00f3n econ\u00f3mica actual, y la necesidad fundamental de acceder a una educaci\u00f3n de calidad, el Partido Revolucionario Institucional en Veracruz, ofrece la vinculaci\u00f3n para acceder a becas en diversas universidades privadas, inform\u00f3 la secretaria de Gesti\u00f3n Social del Comit\u00e9 Directivo Estatal (CDE), Ana Rosa Vald\u00e9s Salazar. Refiri\u00f3 que en [&hellip;]","og_url":"https:\/\/lospoliticosveracruz.com\/?p=57595","og_site_name":"Los pol\u00edticos Veracruz","article_publisher":"https:\/\/www.facebook.com\/people\/Notimemes-de-los-Polticos\/61565672886568\/","article_published_time":"2020-07-21T01:44:27+00:00","og_image":[{"width":200,"height":200,"url":"https:\/\/lospoliticosveracruz.com\/wp-content\/uploads\/2016\/07\/Logo-Dor.jpg","type":"image\/jpeg"}],"author":"Lo viste en Los Pol\u00edticos","twitter_card":"summary_large_image","twitter_creator":"@LosPoliticosVer","twitter_site":"@LosPoliticosVer","twitter_misc":{"Escrito por":"Lo viste en Los Pol\u00edticos","Tiempo de lectura":"2 minutos"},"schema":{"@context":"https:\/\/schema.org","@graph":[{"@type":"Article","@id":"https:\/\/lospoliticosveracruz.com\/?p=57595#article","isPartOf":{"@id":"https:\/\/lospoliticosveracruz.com\/?p=57595"},"author":{"name":"Lo viste en Los Pol\u00edticos","@id":"https:\/\/lospoliticosveracruz.com\/#\/schema\/person\/b8702bb0e538456e6efd07080bf2a4a2"},"headline":"\u00a1PRI-becas!","datePublished":"2020-07-21T01:44:27+00:00","mainEntityOfPage":{"@id":"https:\/\/lospoliticosveracruz.com\/?p=57595"},"wordCount":420,"commentCount":0,"publisher":{"@id":"https:\/\/lospoliticosveracruz.com\/#organization"},"keywords":["Ana Rosa Vald\u00e9s","Becas","CDE","Marlon Ram\u00edrez Mar\u00edn","PRI","secretaria de gesti\u00f3n Social","SOMOS PRI Veracruz","Universidad"],"articleSection":["De Boleto"],"inLanguage":"es","potentialAction":[{"@type":"CommentAction","name":"Comment","target":["https:\/\/lospoliticosveracruz.com\/?p=57595#respond"]}]},{"@type":"WebPage","@id":"https:\/\/lospoliticosveracruz.com\/?p=57595","url":"https:\/\/lospoliticosveracruz.com\/?p=57595","name":"\u00a1PRI-becas! - Los pol\u00edticos Veracruz","isPartOf":{"@id":"https:\/\/lospoliticosveracruz.com\/#website"},"datePublished":"2020-07-21T01:44:27+00:00","breadcrumb":{"@id":"https:\/\/lospoliticosveracruz.com\/?p=57595#breadcrumb"},"inLanguage":"es","potentialAction":[{"@type":"ReadAction","target":["https:\/\/lospoliticosveracruz.com\/?p=57595"]}]},{"@type":"BreadcrumbList","@id":"https:\/\/lospoliticosveracruz.com\/?p=57595#breadcrumb","itemListElement":[{"@type":"ListItem","position":1,"name":"Portada","item":"https:\/\/lospoliticosveracruz.com\/"},{"@type":"ListItem","position":2,"name":"\u00a1PRI-becas!"}]},{"@type":"WebSite","@id":"https:\/\/lospoliticosveracruz.com\/#website","url":"https:\/\/lospoliticosveracruz.com\/","name":"Los pol\u00edticos Veracruz","description":"","publisher":{"@id":"https:\/\/lospoliticosveracruz.com\/#organization"},"potentialAction":[{"@type":"SearchAction","target":{"@type":"EntryPoint","urlTemplate":"https:\/\/lospoliticosveracruz.com\/?s={search_term_string}"},"query-input":{"@type":"PropertyValueSpecification","valueRequired":true,"valueName":"search_term_string"}}],"inLanguage":"es"},{"@type":"Organization","@id":"https:\/\/lospoliticosveracruz.com\/#organization","name":"Los pol\u00edticos Veracruz","url":"https:\/\/lospoliticosveracruz.com\/","logo":{"@type":"ImageObject","inLanguage":"es","@id":"https:\/\/lospoliticosveracruz.com\/#\/schema\/logo\/image\/","url":"https:\/\/lospoliticosveracruz.com\/wp-content\/uploads\/2025\/12\/Logo-Nuevo-LOS-POLITICOS-1.jpg","contentUrl":"https:\/\/lospoliticosveracruz.com\/wp-content\/uploads\/2025\/12\/Logo-Nuevo-LOS-POLITICOS-1.jpg","width":260,"height":70,"caption":"Los pol\u00edticos Veracruz"},"image":{"@id":"https:\/\/lospoliticosveracruz.com\/#\/schema\/logo\/image\/"},"sameAs":["https:\/\/www.facebook.com\/people\/Notimemes-de-los-Polticos\/61565672886568\/","https:\/\/x.com\/LosPoliticosVer"]},{"@type":"Person","@id":"https:\/\/lospoliticosveracruz.com\/#\/schema\/person\/b8702bb0e538456e6efd07080bf2a4a2","name":"Lo viste en Los Pol\u00edticos","image":{"@type":"ImageObject","inLanguage":"es","@id":"https:\/\/secure.gravatar.com\/avatar\/3a8de04a2656d44082be478bd6c086daa447c4651605818287b9532d3d0bd435?s=96&d=mm&r=g","url":"https:\/\/secure.gravatar.com\/avatar\/3a8de04a2656d44082be478bd6c086daa447c4651605818287b9532d3d0bd435?s=96&d=mm&r=g","contentUrl":"https:\/\/secure.gravatar.com\/avatar\/3a8de04a2656d44082be478bd6c086daa447c4651605818287b9532d3d0bd435?s=96&d=mm&r=g","caption":"Lo viste en Los Pol\u00edticos"},"url":"https:\/\/lospoliticosveracruz.com\/?author=2"}]}},"_links":{"self":[{"href":"https:\/\/lospoliticosveracruz.com\/index.php?rest_route=\/wp\/v2\/posts\/57595","targetHints":{"allow":["GET"]}}],"collection":[{"href":"https:\/\/lospoliticosveracruz.com\/index.php?rest_route=\/wp\/v2\/posts"}],"about":[{"href":"https:\/\/lospoliticosveracruz.com\/index.php?rest_route=\/wp\/v2\/types\/post"}],"author":[{"embeddable":true,"href":"https:\/\/lospoliticosveracruz.com\/index.php?rest_route=\/wp\/v2\/users\/2"}],"replies":[{"embeddable":true,"href":"https:\/\/lospoliticosveracruz.com\/index.php?rest_route=%2Fwp%2Fv2%2Fcomments&post=57595"}],"version-history":[{"count":1,"href":"https:\/\/lospoliticosveracruz.com\/index.php?rest_route=\/wp\/v2\/posts\/57595\/revisions"}],"predecessor-version":[{"id":57597,"href":"https:\/\/lospoliticosveracruz.com\/index.php?rest_route=\/wp\/v2\/posts\/57595\/revisions\/57597"}],"wp:attachment":[{"href":"https:\/\/lospoliticosveracruz.com\/index.php?rest_route=%2Fwp%2Fv2%2Fmedia&parent=57595"}],"wp:term":[{"taxonomy":"category","embeddable":true,"href":"https:\/\/lospoliticosveracruz.com\/index.php?rest_route=%2Fwp%2Fv2%2Fcategories&post=57595"},{"taxonomy":"post_tag","embeddable":true,"href":"https:\/\/lospoliticosveracruz.com\/index.php?rest_route=%2Fwp%2Fv2%2Ftags&post=57595"}],"curies":[{"name":"wp","href":"https:\/\/api.w.org\/{rel}","templated":true}]}}