{"id":57715,"date":"2020-07-22T19:39:47","date_gmt":"2020-07-23T00:39:47","guid":{"rendered":"http:\/\/www.lospoliticosveracruz.com.mx\/?p=57715"},"modified":"2020-07-22T19:39:47","modified_gmt":"2020-07-23T00:39:47","slug":"prevalece-la-ley-y-la-autonomia-del-ine-dunyaska","status":"publish","type":"post","link":"https:\/\/lospoliticosveracruz.com\/?p=57715","title":{"rendered":"Prevalece la Ley y la autonom\u00eda del INE: Dunyaska"},"content":{"rendered":"<p>&nbsp;<\/p>\n<p>&nbsp;<\/p>\n<p>CDMX.- La diputada federal por el Distrito XII de Veracruz, Mariana Dunyaska Garc\u00eda Rojas se\u00f1al\u00f3 que, en materia de la selecci\u00f3n de los 4 Nuevos Consejeros del INE, prevalecieron los principios democr\u00e1ticos y de autonom\u00eda que la ley otorga para el mantenimiento de la democracia.<\/p>\n<p>\u201cEs un gran d\u00eda para M\u00e9xico, ya que se logr\u00f3 concluir el proceso de selecci\u00f3n de quienes tomar\u00e1n protesta como Consejero del INE, a pesar de las quejas infundadas de un grupo de legisladores radicales\u201d afirm\u00f3 la Diputada<\/p>\n<p>\u201cNos encontramos a pocos meses de que comience el que ser\u00e1 el proceso electoral m\u00e1s grande de nuestra historia moderna, siendo la primera vez que dentro de todos los estados haya elecciones de car\u00e1cter local y federal al mismo tiempo, donde se renovar\u00e1n alcald\u00edas, congresos locales, 15 Gobernaturas y los 500 Diputados Federales, por lo que era indispensable garantizar que el proceso de selecci\u00f3n fuera lo m\u00e1s transparente y confiable posible.<\/p>\n<p>La diputada se refiri\u00f3 a los cuestionamientos que surgieron durante la \u00faltima parte de la selecci\u00f3n: \u201cDentro de todo el proceso, es lamentable que se viera manchado por la actuaci\u00f3n de John Ackerman, quien frente a un claro conflicto de inter\u00e9s y a la incapacidad de forzar al Comit\u00e9 T\u00e9cnico Evaluador a sus caprichos, decidi\u00f3 deslegitimar a sus compa\u00f1eros y a las quintetas e intentar reventar, a trav\u00e9s del PT y algunos legisladores de Morena, los consensos que se hab\u00edan concretado.\u201d<\/p>\n<p>\u201cY en este tenor, es lamentable la reacci\u00f3n de dichos diputados, que en voz del coordinador del PT, Reginaldo Sandoval, hoy digan que la ley est\u00e1 mal, amagando con modificar la Constituci\u00f3n, s\u00f3lo cuando sus intentos de capturar al INE y de reventar el proceso electoral fracasaron. Si tanto consideraban que la \u201cConstituci\u00f3n estaba mal\u201d o que \u201cEst\u00e1bamos gobernando con reglas viejas\u201d, \u00bfPor qu\u00e9 no propusieron una Reforma desde 2018? Muchos de ellos son pol\u00edticos de carrera, conocen el andamiaje electoral, pero decidieron quejarse s\u00f3lo cuando no lograron imponer a sus cuates.\u201d<\/p>\n<p>Sobre quienes fueron electos el d\u00eda de hoy, se\u00f1al\u00f3: \u201cLa labor de los diputados en cierta forma ya concluy\u00f3, pero estaremos vigilantes que quienes fueron electos para ejercer como Consejeros de nuestro m\u00e1ximo \u00f3rgano electoral, contin\u00faen con la autonom\u00eda que los llev\u00f3 a lograr los consensos y que sus decisiones se basen en la capacidad t\u00e9cnica que requiere la labor electoral. Este voto no fue un cheque en blanco ya que, no s\u00f3lo nosotros, sino todo el pa\u00eds les exige estar a las alturas de las circunstancias por venir y de los continuos arrebatos autoritarios que buscan mermar al instituto electoral que nos ha dado certidumbre durante m\u00e1s de tres d\u00e9cadas\u201d<\/p>\n","protected":false},"excerpt":{"rendered":"<p>&nbsp; &nbsp; CDMX.- La diputada federal por el Distrito XII de Veracruz, Mariana Dunyaska Garc\u00eda Rojas se\u00f1al\u00f3 que, en materia de la selecci\u00f3n de los 4 Nuevos Consejeros del INE, prevalecieron los principios democr\u00e1ticos y de autonom\u00eda que la ley otorga para el mantenimiento de la democracia. \u201cEs un gran d\u00eda para M\u00e9xico, ya que [&hellip;]<\/p>\n","protected":false},"author":2,"featured_media":0,"comment_status":"open","ping_status":"open","sticky":false,"template":"","format":"standard","meta":{"tdm_status":"","tdm_grid_status":"","footnotes":""},"categories":[73],"tags":[1302,454,19371,662,554,19372,19370,7387,1026,2289,19373],"class_list":{"0":"post-57715","1":"post","2":"type-post","3":"status-publish","4":"format-standard","6":"category-de-boleto","7":"tag-congreso","8":"tag-diputado","9":"tag-federal","10":"tag-gubernatura","11":"tag-ine","12":"tag-jhon-ackerman","13":"tag-local","14":"tag-mariana-dunyaska-garcia","15":"tag-morena","16":"tag-pt","17":"tag-reginaldo-sandoval"},"yoast_head":"<!-- This site is optimized with the Yoast SEO plugin v27.4 - https:\/\/yoast.com\/product\/yoast-seo-wordpress\/ -->\n<title>Prevalece la Ley y la autonom\u00eda del INE: Dunyaska - Los pol\u00edticos Veracruz<\/title>\n<meta name=\"robots\" content=\"index, follow, max-snippet:-1, max-image-preview:large, max-video-preview:-1\" \/>\n<link rel=\"canonical\" href=\"https:\/\/lospoliticosveracruz.com\/?p=57715\" \/>\n<meta property=\"og:locale\" content=\"es_ES\" \/>\n<meta property=\"og:type\" content=\"article\" \/>\n<meta property=\"og:title\" content=\"Prevalece la Ley y la autonom\u00eda del INE: Dunyaska - Los pol\u00edticos Veracruz\" \/>\n<meta property=\"og:description\" content=\"&nbsp; &nbsp; CDMX.- La diputada federal por el Distrito XII de Veracruz, Mariana Dunyaska Garc\u00eda Rojas se\u00f1al\u00f3 que, en materia de la selecci\u00f3n de los 4 Nuevos Consejeros del INE, prevalecieron los principios democr\u00e1ticos y de autonom\u00eda que la ley otorga para el mantenimiento de la democracia. \u201cEs un gran d\u00eda para M\u00e9xico, ya que [&hellip;]\" \/>\n<meta property=\"og:url\" content=\"https:\/\/lospoliticosveracruz.com\/?p=57715\" \/>\n<meta property=\"og:site_name\" content=\"Los pol\u00edticos Veracruz\" \/>\n<meta property=\"article:publisher\" content=\"https:\/\/www.facebook.com\/people\/Notimemes-de-los-Polticos\/61565672886568\/\" \/>\n<meta property=\"article:published_time\" content=\"2020-07-23T00:39:47+00:00\" \/>\n<meta property=\"og:image\" content=\"https:\/\/lospoliticosveracruz.com\/wp-content\/uploads\/2016\/07\/Logo-Dor.jpg\" \/>\n\t<meta property=\"og:image:width\" content=\"200\" \/>\n\t<meta property=\"og:image:height\" content=\"200\" \/>\n\t<meta property=\"og:image:type\" content=\"image\/jpeg\" \/>\n<meta name=\"author\" content=\"Lo viste en Los Pol\u00edticos\" \/>\n<meta name=\"twitter:card\" content=\"summary_large_image\" \/>\n<meta name=\"twitter:creator\" content=\"@LosPoliticosVer\" \/>\n<meta name=\"twitter:site\" content=\"@LosPoliticosVer\" \/>\n<meta name=\"twitter:label1\" content=\"Escrito por\" \/>\n\t<meta name=\"twitter:data1\" content=\"Lo viste en Los Pol\u00edticos\" \/>\n\t<meta name=\"twitter:label2\" content=\"Tiempo de lectura\" \/>\n\t<meta name=\"twitter:data2\" content=\"2 minutos\" \/>\n<script type=\"application\/ld+json\" class=\"yoast-schema-graph\">{\"@context\":\"https:\\\/\\\/schema.org\",\"@graph\":[{\"@type\":\"Article\",\"@id\":\"https:\\\/\\\/lospoliticosveracruz.com\\\/?p=57715#article\",\"isPartOf\":{\"@id\":\"https:\\\/\\\/lospoliticosveracruz.com\\\/?p=57715\"},\"author\":{\"name\":\"Lo viste en Los Pol\u00edticos\",\"@id\":\"https:\\\/\\\/lospoliticosveracruz.com\\\/#\\\/schema\\\/person\\\/b8702bb0e538456e6efd07080bf2a4a2\"},\"headline\":\"Prevalece la Ley y la autonom\u00eda del INE: Dunyaska\",\"datePublished\":\"2020-07-23T00:39:47+00:00\",\"mainEntityOfPage\":{\"@id\":\"https:\\\/\\\/lospoliticosveracruz.com\\\/?p=57715\"},\"wordCount\":486,\"commentCount\":0,\"publisher\":{\"@id\":\"https:\\\/\\\/lospoliticosveracruz.com\\\/#organization\"},\"keywords\":[\"Congreso\",\"diputado\",\"federal\",\"gubernatura\",\"INE\",\"Jhon Ackerman\",\"local\",\"Mariana Dunyaska Garc\u00eda\",\"Morena\",\"PT\",\"Reginaldo Sandoval\"],\"articleSection\":[\"De Boleto\"],\"inLanguage\":\"es\",\"potentialAction\":[{\"@type\":\"CommentAction\",\"name\":\"Comment\",\"target\":[\"https:\\\/\\\/lospoliticosveracruz.com\\\/?p=57715#respond\"]}]},{\"@type\":\"WebPage\",\"@id\":\"https:\\\/\\\/lospoliticosveracruz.com\\\/?p=57715\",\"url\":\"https:\\\/\\\/lospoliticosveracruz.com\\\/?p=57715\",\"name\":\"Prevalece la Ley y la autonom\u00eda del INE: Dunyaska - Los pol\u00edticos Veracruz\",\"isPartOf\":{\"@id\":\"https:\\\/\\\/lospoliticosveracruz.com\\\/#website\"},\"datePublished\":\"2020-07-23T00:39:47+00:00\",\"breadcrumb\":{\"@id\":\"https:\\\/\\\/lospoliticosveracruz.com\\\/?p=57715#breadcrumb\"},\"inLanguage\":\"es\",\"potentialAction\":[{\"@type\":\"ReadAction\",\"target\":[\"https:\\\/\\\/lospoliticosveracruz.com\\\/?p=57715\"]}]},{\"@type\":\"BreadcrumbList\",\"@id\":\"https:\\\/\\\/lospoliticosveracruz.com\\\/?p=57715#breadcrumb\",\"itemListElement\":[{\"@type\":\"ListItem\",\"position\":1,\"name\":\"Portada\",\"item\":\"https:\\\/\\\/lospoliticosveracruz.com\\\/\"},{\"@type\":\"ListItem\",\"position\":2,\"name\":\"Prevalece la Ley y la autonom\u00eda del INE: Dunyaska\"}]},{\"@type\":\"WebSite\",\"@id\":\"https:\\\/\\\/lospoliticosveracruz.com\\\/#website\",\"url\":\"https:\\\/\\\/lospoliticosveracruz.com\\\/\",\"name\":\"Los pol\u00edticos Veracruz\",\"description\":\"\",\"publisher\":{\"@id\":\"https:\\\/\\\/lospoliticosveracruz.com\\\/#organization\"},\"potentialAction\":[{\"@type\":\"SearchAction\",\"target\":{\"@type\":\"EntryPoint\",\"urlTemplate\":\"https:\\\/\\\/lospoliticosveracruz.com\\\/?s={search_term_string}\"},\"query-input\":{\"@type\":\"PropertyValueSpecification\",\"valueRequired\":true,\"valueName\":\"search_term_string\"}}],\"inLanguage\":\"es\"},{\"@type\":\"Organization\",\"@id\":\"https:\\\/\\\/lospoliticosveracruz.com\\\/#organization\",\"name\":\"Los pol\u00edticos Veracruz\",\"url\":\"https:\\\/\\\/lospoliticosveracruz.com\\\/\",\"logo\":{\"@type\":\"ImageObject\",\"inLanguage\":\"es\",\"@id\":\"https:\\\/\\\/lospoliticosveracruz.com\\\/#\\\/schema\\\/logo\\\/image\\\/\",\"url\":\"https:\\\/\\\/lospoliticosveracruz.com\\\/wp-content\\\/uploads\\\/2025\\\/12\\\/Logo-Nuevo-LOS-POLITICOS-1.jpg\",\"contentUrl\":\"https:\\\/\\\/lospoliticosveracruz.com\\\/wp-content\\\/uploads\\\/2025\\\/12\\\/Logo-Nuevo-LOS-POLITICOS-1.jpg\",\"width\":260,\"height\":70,\"caption\":\"Los pol\u00edticos Veracruz\"},\"image\":{\"@id\":\"https:\\\/\\\/lospoliticosveracruz.com\\\/#\\\/schema\\\/logo\\\/image\\\/\"},\"sameAs\":[\"https:\\\/\\\/www.facebook.com\\\/people\\\/Notimemes-de-los-Polticos\\\/61565672886568\\\/\",\"https:\\\/\\\/x.com\\\/LosPoliticosVer\"]},{\"@type\":\"Person\",\"@id\":\"https:\\\/\\\/lospoliticosveracruz.com\\\/#\\\/schema\\\/person\\\/b8702bb0e538456e6efd07080bf2a4a2\",\"name\":\"Lo viste en Los Pol\u00edticos\",\"image\":{\"@type\":\"ImageObject\",\"inLanguage\":\"es\",\"@id\":\"https:\\\/\\\/secure.gravatar.com\\\/avatar\\\/3a8de04a2656d44082be478bd6c086daa447c4651605818287b9532d3d0bd435?s=96&d=mm&r=g\",\"url\":\"https:\\\/\\\/secure.gravatar.com\\\/avatar\\\/3a8de04a2656d44082be478bd6c086daa447c4651605818287b9532d3d0bd435?s=96&d=mm&r=g\",\"contentUrl\":\"https:\\\/\\\/secure.gravatar.com\\\/avatar\\\/3a8de04a2656d44082be478bd6c086daa447c4651605818287b9532d3d0bd435?s=96&d=mm&r=g\",\"caption\":\"Lo viste en Los Pol\u00edticos\"},\"url\":\"https:\\\/\\\/lospoliticosveracruz.com\\\/?author=2\"}]}<\/script>\n<!-- \/ Yoast SEO plugin. -->","yoast_head_json":{"title":"Prevalece la Ley y la autonom\u00eda del INE: Dunyaska - Los pol\u00edticos Veracruz","robots":{"index":"index","follow":"follow","max-snippet":"max-snippet:-1","max-image-preview":"max-image-preview:large","max-video-preview":"max-video-preview:-1"},"canonical":"https:\/\/lospoliticosveracruz.com\/?p=57715","og_locale":"es_ES","og_type":"article","og_title":"Prevalece la Ley y la autonom\u00eda del INE: Dunyaska - Los pol\u00edticos Veracruz","og_description":"&nbsp; &nbsp; CDMX.- La diputada federal por el Distrito XII de Veracruz, Mariana Dunyaska Garc\u00eda Rojas se\u00f1al\u00f3 que, en materia de la selecci\u00f3n de los 4 Nuevos Consejeros del INE, prevalecieron los principios democr\u00e1ticos y de autonom\u00eda que la ley otorga para el mantenimiento de la democracia. \u201cEs un gran d\u00eda para M\u00e9xico, ya que [&hellip;]","og_url":"https:\/\/lospoliticosveracruz.com\/?p=57715","og_site_name":"Los pol\u00edticos Veracruz","article_publisher":"https:\/\/www.facebook.com\/people\/Notimemes-de-los-Polticos\/61565672886568\/","article_published_time":"2020-07-23T00:39:47+00:00","og_image":[{"width":200,"height":200,"url":"https:\/\/lospoliticosveracruz.com\/wp-content\/uploads\/2016\/07\/Logo-Dor.jpg","type":"image\/jpeg"}],"author":"Lo viste en Los Pol\u00edticos","twitter_card":"summary_large_image","twitter_creator":"@LosPoliticosVer","twitter_site":"@LosPoliticosVer","twitter_misc":{"Escrito por":"Lo viste en Los Pol\u00edticos","Tiempo de lectura":"2 minutos"},"schema":{"@context":"https:\/\/schema.org","@graph":[{"@type":"Article","@id":"https:\/\/lospoliticosveracruz.com\/?p=57715#article","isPartOf":{"@id":"https:\/\/lospoliticosveracruz.com\/?p=57715"},"author":{"name":"Lo viste en Los Pol\u00edticos","@id":"https:\/\/lospoliticosveracruz.com\/#\/schema\/person\/b8702bb0e538456e6efd07080bf2a4a2"},"headline":"Prevalece la Ley y la autonom\u00eda del INE: Dunyaska","datePublished":"2020-07-23T00:39:47+00:00","mainEntityOfPage":{"@id":"https:\/\/lospoliticosveracruz.com\/?p=57715"},"wordCount":486,"commentCount":0,"publisher":{"@id":"https:\/\/lospoliticosveracruz.com\/#organization"},"keywords":["Congreso","diputado","federal","gubernatura","INE","Jhon Ackerman","local","Mariana Dunyaska Garc\u00eda","Morena","PT","Reginaldo Sandoval"],"articleSection":["De Boleto"],"inLanguage":"es","potentialAction":[{"@type":"CommentAction","name":"Comment","target":["https:\/\/lospoliticosveracruz.com\/?p=57715#respond"]}]},{"@type":"WebPage","@id":"https:\/\/lospoliticosveracruz.com\/?p=57715","url":"https:\/\/lospoliticosveracruz.com\/?p=57715","name":"Prevalece la Ley y la autonom\u00eda del INE: Dunyaska - Los pol\u00edticos Veracruz","isPartOf":{"@id":"https:\/\/lospoliticosveracruz.com\/#website"},"datePublished":"2020-07-23T00:39:47+00:00","breadcrumb":{"@id":"https:\/\/lospoliticosveracruz.com\/?p=57715#breadcrumb"},"inLanguage":"es","potentialAction":[{"@type":"ReadAction","target":["https:\/\/lospoliticosveracruz.com\/?p=57715"]}]},{"@type":"BreadcrumbList","@id":"https:\/\/lospoliticosveracruz.com\/?p=57715#breadcrumb","itemListElement":[{"@type":"ListItem","position":1,"name":"Portada","item":"https:\/\/lospoliticosveracruz.com\/"},{"@type":"ListItem","position":2,"name":"Prevalece la Ley y la autonom\u00eda del INE: Dunyaska"}]},{"@type":"WebSite","@id":"https:\/\/lospoliticosveracruz.com\/#website","url":"https:\/\/lospoliticosveracruz.com\/","name":"Los pol\u00edticos Veracruz","description":"","publisher":{"@id":"https:\/\/lospoliticosveracruz.com\/#organization"},"potentialAction":[{"@type":"SearchAction","target":{"@type":"EntryPoint","urlTemplate":"https:\/\/lospoliticosveracruz.com\/?s={search_term_string}"},"query-input":{"@type":"PropertyValueSpecification","valueRequired":true,"valueName":"search_term_string"}}],"inLanguage":"es"},{"@type":"Organization","@id":"https:\/\/lospoliticosveracruz.com\/#organization","name":"Los pol\u00edticos Veracruz","url":"https:\/\/lospoliticosveracruz.com\/","logo":{"@type":"ImageObject","inLanguage":"es","@id":"https:\/\/lospoliticosveracruz.com\/#\/schema\/logo\/image\/","url":"https:\/\/lospoliticosveracruz.com\/wp-content\/uploads\/2025\/12\/Logo-Nuevo-LOS-POLITICOS-1.jpg","contentUrl":"https:\/\/lospoliticosveracruz.com\/wp-content\/uploads\/2025\/12\/Logo-Nuevo-LOS-POLITICOS-1.jpg","width":260,"height":70,"caption":"Los pol\u00edticos Veracruz"},"image":{"@id":"https:\/\/lospoliticosveracruz.com\/#\/schema\/logo\/image\/"},"sameAs":["https:\/\/www.facebook.com\/people\/Notimemes-de-los-Polticos\/61565672886568\/","https:\/\/x.com\/LosPoliticosVer"]},{"@type":"Person","@id":"https:\/\/lospoliticosveracruz.com\/#\/schema\/person\/b8702bb0e538456e6efd07080bf2a4a2","name":"Lo viste en Los Pol\u00edticos","image":{"@type":"ImageObject","inLanguage":"es","@id":"https:\/\/secure.gravatar.com\/avatar\/3a8de04a2656d44082be478bd6c086daa447c4651605818287b9532d3d0bd435?s=96&d=mm&r=g","url":"https:\/\/secure.gravatar.com\/avatar\/3a8de04a2656d44082be478bd6c086daa447c4651605818287b9532d3d0bd435?s=96&d=mm&r=g","contentUrl":"https:\/\/secure.gravatar.com\/avatar\/3a8de04a2656d44082be478bd6c086daa447c4651605818287b9532d3d0bd435?s=96&d=mm&r=g","caption":"Lo viste en Los Pol\u00edticos"},"url":"https:\/\/lospoliticosveracruz.com\/?author=2"}]}},"_links":{"self":[{"href":"https:\/\/lospoliticosveracruz.com\/index.php?rest_route=\/wp\/v2\/posts\/57715","targetHints":{"allow":["GET"]}}],"collection":[{"href":"https:\/\/lospoliticosveracruz.com\/index.php?rest_route=\/wp\/v2\/posts"}],"about":[{"href":"https:\/\/lospoliticosveracruz.com\/index.php?rest_route=\/wp\/v2\/types\/post"}],"author":[{"embeddable":true,"href":"https:\/\/lospoliticosveracruz.com\/index.php?rest_route=\/wp\/v2\/users\/2"}],"replies":[{"embeddable":true,"href":"https:\/\/lospoliticosveracruz.com\/index.php?rest_route=%2Fwp%2Fv2%2Fcomments&post=57715"}],"version-history":[{"count":1,"href":"https:\/\/lospoliticosveracruz.com\/index.php?rest_route=\/wp\/v2\/posts\/57715\/revisions"}],"predecessor-version":[{"id":57717,"href":"https:\/\/lospoliticosveracruz.com\/index.php?rest_route=\/wp\/v2\/posts\/57715\/revisions\/57717"}],"wp:attachment":[{"href":"https:\/\/lospoliticosveracruz.com\/index.php?rest_route=%2Fwp%2Fv2%2Fmedia&parent=57715"}],"wp:term":[{"taxonomy":"category","embeddable":true,"href":"https:\/\/lospoliticosveracruz.com\/index.php?rest_route=%2Fwp%2Fv2%2Fcategories&post=57715"},{"taxonomy":"post_tag","embeddable":true,"href":"https:\/\/lospoliticosveracruz.com\/index.php?rest_route=%2Fwp%2Fv2%2Ftags&post=57715"}],"curies":[{"name":"wp","href":"https:\/\/api.w.org\/{rel}","templated":true}]}}