{"id":57768,"date":"2020-07-23T17:24:58","date_gmt":"2020-07-23T22:24:58","guid":{"rendered":"http:\/\/www.lospoliticosveracruz.com.mx\/?p=57768"},"modified":"2020-07-23T17:24:58","modified_gmt":"2020-07-23T22:24:58","slug":"van-reformas-para-el-ivai","status":"publish","type":"post","link":"https:\/\/lospoliticosveracruz.com\/?p=57768","title":{"rendered":"Van Reformas para el IVAI"},"content":{"rendered":"<p>&nbsp;<\/p>\n<p>El \u00f3rgano aut\u00f3nomo requiere una reingenier\u00eda administrativa: Henri Cristophe G\u00f3mez<\/p>\n<p>&nbsp;<\/p>\n<p>Con la finalidad de mejorar el desempe\u00f1o del Instituto Veracruzano de Acceso a la Informaci\u00f3n y Protecci\u00f3n de Datos Personales (IVAI), en breve se pondr\u00e1 a consideraci\u00f3n del Pleno de la LXV Legislatura una propuesta de reforma que permita realizar una reingenier\u00eda administrativa en este \u00f3rgano aut\u00f3nomo, inform\u00f3 el diputado local Henri Cristophe G\u00f3mez S\u00e1nchez. El Presidente de la Comisi\u00f3n Permanente de Transparencia, Acceso a la Informaci\u00f3n y Parlamento Abierto dijo que, en d\u00edas pasados, los comisionados del IVAI, Naldy Patricia Rodr\u00edguez Lagunes, presidenta, Mar\u00eda Magda Zayas Mu\u00f1oz y Alfredo Corona Liz\u00e1rraga, tuvieron un acercamiento con la finalidad de\u00a0 elaborar una propuesta de reforma a la Ley de Transparencia y Acceso a la Informaci\u00f3n para el Estado de Veracruz de Ignacio de la Llave, por considerarla necesaria, debido a las inconsistencias detectadas, que son resultado de las deficientes administraciones pasadas.<\/p>\n<p>Entre los problemas estructurales que actualmente presenta el Instituto, mencion\u00f3 los de tipo financiero, como el pago de rentas atrasadas del edificio, administrativo, como la duplicidad de funciones y, en algunos casos, direcciones sin jefaturas, as\u00ed como la nula actualizaci\u00f3n del Reglamento Interno y de los manuales de organizaci\u00f3n, y los de tipo jur\u00eddico, como el retraso en miles de expedientes sin contestar, el no seguimiento a 15 laudos, lo cual acumula un monto pendiente por 20 millones de pesos.<\/p>\n<p>En entrevista, el diputado Henri Christophe se\u00f1al\u00f3 que la LXV Legislatura ha dado muestra de su inter\u00e9s por que en Veracruz la transparencia y la rendici\u00f3n de cuentas sea una realidad; muestra de esto, dijo son los trabajos llevados a cabo para la renovaci\u00f3n del Pleno del IVAI con la designaci\u00f3n de nuevos comisionados, resultado de un proceso democr\u00e1tico, transparente y legal.<\/p>\n<p>Por otra parte, indic\u00f3 que con las diputadas Mar\u00eda Graciela Hern\u00e1ndez I\u00f1iguez y Adriana Paola Linares Capitanachi, secretaria y vocal respectivamente de la citada comisi\u00f3n, realizar\u00e1 un an\u00e1lisis profundo de la o las propuestas de reforma a la Ley de Transparencia, a fin de enriquecerla y verificar que sea lo que realmente conviene al Instituto, sobre todo, que sea una herramienta \u00fatil para las y los veracruzanos.<\/p>\n","protected":false},"excerpt":{"rendered":"<p>&nbsp; El \u00f3rgano aut\u00f3nomo requiere una reingenier\u00eda administrativa: Henri Cristophe G\u00f3mez &nbsp; Con la finalidad de mejorar el desempe\u00f1o del Instituto Veracruzano de Acceso a la Informaci\u00f3n y Protecci\u00f3n de Datos Personales (IVAI), en breve se pondr\u00e1 a consideraci\u00f3n del Pleno de la LXV Legislatura una propuesta de reforma que permita realizar una reingenier\u00eda administrativa [&hellip;]<\/p>\n","protected":false},"author":2,"featured_media":0,"comment_status":"open","ping_status":"open","sticky":false,"template":"","format":"standard","meta":{"tdm_status":"","tdm_grid_status":"","footnotes":""},"categories":[73],"tags":[13668,12381,19398,985,5516,14166,18339,5578,1067],"class_list":{"0":"post-57768","1":"post","2":"type-post","3":"status-publish","4":"format-standard","6":"category-de-boleto","7":"tag-adriana-paola-linares-capitanachi","8":"tag-estado-de-veracruz","9":"tag-henri-cristophe-gomez-sanchez","10":"tag-ivai","11":"tag-ley-de-transparencia","12":"tag-maria-graciela-hernandez-iniguez","13":"tag-maria-magda-zayas-munoz","14":"tag-naldy-patricia-rodriguez-lagunes","15":"tag-transparencia"},"yoast_head":"<!-- This site is optimized with the Yoast SEO plugin v27.4 - https:\/\/yoast.com\/product\/yoast-seo-wordpress\/ -->\n<title>Van Reformas para el IVAI - Los pol\u00edticos Veracruz<\/title>\n<meta name=\"robots\" content=\"index, follow, max-snippet:-1, max-image-preview:large, max-video-preview:-1\" \/>\n<link rel=\"canonical\" href=\"https:\/\/lospoliticosveracruz.com\/?p=57768\" \/>\n<meta property=\"og:locale\" content=\"es_ES\" \/>\n<meta property=\"og:type\" content=\"article\" \/>\n<meta property=\"og:title\" content=\"Van Reformas para el IVAI - Los pol\u00edticos Veracruz\" \/>\n<meta property=\"og:description\" content=\"&nbsp; El \u00f3rgano aut\u00f3nomo requiere una reingenier\u00eda administrativa: Henri Cristophe G\u00f3mez &nbsp; Con la finalidad de mejorar el desempe\u00f1o del Instituto Veracruzano de Acceso a la Informaci\u00f3n y Protecci\u00f3n de Datos Personales (IVAI), en breve se pondr\u00e1 a consideraci\u00f3n del Pleno de la LXV Legislatura una propuesta de reforma que permita realizar una reingenier\u00eda administrativa [&hellip;]\" \/>\n<meta property=\"og:url\" content=\"https:\/\/lospoliticosveracruz.com\/?p=57768\" \/>\n<meta property=\"og:site_name\" content=\"Los pol\u00edticos Veracruz\" \/>\n<meta property=\"article:publisher\" content=\"https:\/\/www.facebook.com\/people\/Notimemes-de-los-Polticos\/61565672886568\/\" \/>\n<meta property=\"article:published_time\" content=\"2020-07-23T22:24:58+00:00\" \/>\n<meta property=\"og:image\" content=\"https:\/\/lospoliticosveracruz.com\/wp-content\/uploads\/2016\/07\/Logo-Dor.jpg\" \/>\n\t<meta property=\"og:image:width\" content=\"200\" \/>\n\t<meta property=\"og:image:height\" content=\"200\" \/>\n\t<meta property=\"og:image:type\" content=\"image\/jpeg\" \/>\n<meta name=\"author\" content=\"Lo viste en Los Pol\u00edticos\" \/>\n<meta name=\"twitter:card\" content=\"summary_large_image\" \/>\n<meta name=\"twitter:creator\" content=\"@LosPoliticosVer\" \/>\n<meta name=\"twitter:site\" content=\"@LosPoliticosVer\" \/>\n<meta name=\"twitter:label1\" content=\"Escrito por\" \/>\n\t<meta name=\"twitter:data1\" content=\"Lo viste en Los Pol\u00edticos\" \/>\n\t<meta name=\"twitter:label2\" content=\"Tiempo de lectura\" \/>\n\t<meta name=\"twitter:data2\" content=\"2 minutos\" \/>\n<script type=\"application\/ld+json\" class=\"yoast-schema-graph\">{\"@context\":\"https:\\\/\\\/schema.org\",\"@graph\":[{\"@type\":\"Article\",\"@id\":\"https:\\\/\\\/lospoliticosveracruz.com\\\/?p=57768#article\",\"isPartOf\":{\"@id\":\"https:\\\/\\\/lospoliticosveracruz.com\\\/?p=57768\"},\"author\":{\"name\":\"Lo viste en Los Pol\u00edticos\",\"@id\":\"https:\\\/\\\/lospoliticosveracruz.com\\\/#\\\/schema\\\/person\\\/b8702bb0e538456e6efd07080bf2a4a2\"},\"headline\":\"Van Reformas para el IVAI\",\"datePublished\":\"2020-07-23T22:24:58+00:00\",\"mainEntityOfPage\":{\"@id\":\"https:\\\/\\\/lospoliticosveracruz.com\\\/?p=57768\"},\"wordCount\":397,\"commentCount\":0,\"publisher\":{\"@id\":\"https:\\\/\\\/lospoliticosveracruz.com\\\/#organization\"},\"keywords\":[\"Adriana Paola Linares Capitanachi\",\"estado de Veracruz\",\"Henri Cristophe G\u00f3mez S\u00e1nchez\",\"IVAI\",\"Ley de Transparencia\",\"Mar\u00eda Graciela Hern\u00e1ndez I\u00f1iguez\",\"Mar\u00eda Magda Zayas Mu\u00f1oz\",\"Naldy Patricia Rodr\u00edguez Lagunes\",\"transparencia\"],\"articleSection\":[\"De Boleto\"],\"inLanguage\":\"es\",\"potentialAction\":[{\"@type\":\"CommentAction\",\"name\":\"Comment\",\"target\":[\"https:\\\/\\\/lospoliticosveracruz.com\\\/?p=57768#respond\"]}]},{\"@type\":\"WebPage\",\"@id\":\"https:\\\/\\\/lospoliticosveracruz.com\\\/?p=57768\",\"url\":\"https:\\\/\\\/lospoliticosveracruz.com\\\/?p=57768\",\"name\":\"Van Reformas para el IVAI - Los pol\u00edticos Veracruz\",\"isPartOf\":{\"@id\":\"https:\\\/\\\/lospoliticosveracruz.com\\\/#website\"},\"datePublished\":\"2020-07-23T22:24:58+00:00\",\"breadcrumb\":{\"@id\":\"https:\\\/\\\/lospoliticosveracruz.com\\\/?p=57768#breadcrumb\"},\"inLanguage\":\"es\",\"potentialAction\":[{\"@type\":\"ReadAction\",\"target\":[\"https:\\\/\\\/lospoliticosveracruz.com\\\/?p=57768\"]}]},{\"@type\":\"BreadcrumbList\",\"@id\":\"https:\\\/\\\/lospoliticosveracruz.com\\\/?p=57768#breadcrumb\",\"itemListElement\":[{\"@type\":\"ListItem\",\"position\":1,\"name\":\"Portada\",\"item\":\"https:\\\/\\\/lospoliticosveracruz.com\\\/\"},{\"@type\":\"ListItem\",\"position\":2,\"name\":\"Van Reformas para el IVAI\"}]},{\"@type\":\"WebSite\",\"@id\":\"https:\\\/\\\/lospoliticosveracruz.com\\\/#website\",\"url\":\"https:\\\/\\\/lospoliticosveracruz.com\\\/\",\"name\":\"Los pol\u00edticos Veracruz\",\"description\":\"\",\"publisher\":{\"@id\":\"https:\\\/\\\/lospoliticosveracruz.com\\\/#organization\"},\"potentialAction\":[{\"@type\":\"SearchAction\",\"target\":{\"@type\":\"EntryPoint\",\"urlTemplate\":\"https:\\\/\\\/lospoliticosveracruz.com\\\/?s={search_term_string}\"},\"query-input\":{\"@type\":\"PropertyValueSpecification\",\"valueRequired\":true,\"valueName\":\"search_term_string\"}}],\"inLanguage\":\"es\"},{\"@type\":\"Organization\",\"@id\":\"https:\\\/\\\/lospoliticosveracruz.com\\\/#organization\",\"name\":\"Los pol\u00edticos Veracruz\",\"url\":\"https:\\\/\\\/lospoliticosveracruz.com\\\/\",\"logo\":{\"@type\":\"ImageObject\",\"inLanguage\":\"es\",\"@id\":\"https:\\\/\\\/lospoliticosveracruz.com\\\/#\\\/schema\\\/logo\\\/image\\\/\",\"url\":\"https:\\\/\\\/lospoliticosveracruz.com\\\/wp-content\\\/uploads\\\/2025\\\/12\\\/Logo-Nuevo-LOS-POLITICOS-1.jpg\",\"contentUrl\":\"https:\\\/\\\/lospoliticosveracruz.com\\\/wp-content\\\/uploads\\\/2025\\\/12\\\/Logo-Nuevo-LOS-POLITICOS-1.jpg\",\"width\":260,\"height\":70,\"caption\":\"Los pol\u00edticos Veracruz\"},\"image\":{\"@id\":\"https:\\\/\\\/lospoliticosveracruz.com\\\/#\\\/schema\\\/logo\\\/image\\\/\"},\"sameAs\":[\"https:\\\/\\\/www.facebook.com\\\/people\\\/Notimemes-de-los-Polticos\\\/61565672886568\\\/\",\"https:\\\/\\\/x.com\\\/LosPoliticosVer\"]},{\"@type\":\"Person\",\"@id\":\"https:\\\/\\\/lospoliticosveracruz.com\\\/#\\\/schema\\\/person\\\/b8702bb0e538456e6efd07080bf2a4a2\",\"name\":\"Lo viste en Los Pol\u00edticos\",\"image\":{\"@type\":\"ImageObject\",\"inLanguage\":\"es\",\"@id\":\"https:\\\/\\\/secure.gravatar.com\\\/avatar\\\/3a8de04a2656d44082be478bd6c086daa447c4651605818287b9532d3d0bd435?s=96&d=mm&r=g\",\"url\":\"https:\\\/\\\/secure.gravatar.com\\\/avatar\\\/3a8de04a2656d44082be478bd6c086daa447c4651605818287b9532d3d0bd435?s=96&d=mm&r=g\",\"contentUrl\":\"https:\\\/\\\/secure.gravatar.com\\\/avatar\\\/3a8de04a2656d44082be478bd6c086daa447c4651605818287b9532d3d0bd435?s=96&d=mm&r=g\",\"caption\":\"Lo viste en Los Pol\u00edticos\"},\"url\":\"https:\\\/\\\/lospoliticosveracruz.com\\\/?author=2\"}]}<\/script>\n<!-- \/ Yoast SEO plugin. -->","yoast_head_json":{"title":"Van Reformas para el IVAI - Los pol\u00edticos Veracruz","robots":{"index":"index","follow":"follow","max-snippet":"max-snippet:-1","max-image-preview":"max-image-preview:large","max-video-preview":"max-video-preview:-1"},"canonical":"https:\/\/lospoliticosveracruz.com\/?p=57768","og_locale":"es_ES","og_type":"article","og_title":"Van Reformas para el IVAI - Los pol\u00edticos Veracruz","og_description":"&nbsp; El \u00f3rgano aut\u00f3nomo requiere una reingenier\u00eda administrativa: Henri Cristophe G\u00f3mez &nbsp; Con la finalidad de mejorar el desempe\u00f1o del Instituto Veracruzano de Acceso a la Informaci\u00f3n y Protecci\u00f3n de Datos Personales (IVAI), en breve se pondr\u00e1 a consideraci\u00f3n del Pleno de la LXV Legislatura una propuesta de reforma que permita realizar una reingenier\u00eda administrativa [&hellip;]","og_url":"https:\/\/lospoliticosveracruz.com\/?p=57768","og_site_name":"Los pol\u00edticos Veracruz","article_publisher":"https:\/\/www.facebook.com\/people\/Notimemes-de-los-Polticos\/61565672886568\/","article_published_time":"2020-07-23T22:24:58+00:00","og_image":[{"width":200,"height":200,"url":"https:\/\/lospoliticosveracruz.com\/wp-content\/uploads\/2016\/07\/Logo-Dor.jpg","type":"image\/jpeg"}],"author":"Lo viste en Los Pol\u00edticos","twitter_card":"summary_large_image","twitter_creator":"@LosPoliticosVer","twitter_site":"@LosPoliticosVer","twitter_misc":{"Escrito por":"Lo viste en Los Pol\u00edticos","Tiempo de lectura":"2 minutos"},"schema":{"@context":"https:\/\/schema.org","@graph":[{"@type":"Article","@id":"https:\/\/lospoliticosveracruz.com\/?p=57768#article","isPartOf":{"@id":"https:\/\/lospoliticosveracruz.com\/?p=57768"},"author":{"name":"Lo viste en Los Pol\u00edticos","@id":"https:\/\/lospoliticosveracruz.com\/#\/schema\/person\/b8702bb0e538456e6efd07080bf2a4a2"},"headline":"Van Reformas para el IVAI","datePublished":"2020-07-23T22:24:58+00:00","mainEntityOfPage":{"@id":"https:\/\/lospoliticosveracruz.com\/?p=57768"},"wordCount":397,"commentCount":0,"publisher":{"@id":"https:\/\/lospoliticosveracruz.com\/#organization"},"keywords":["Adriana Paola Linares Capitanachi","estado de Veracruz","Henri Cristophe G\u00f3mez S\u00e1nchez","IVAI","Ley de Transparencia","Mar\u00eda Graciela Hern\u00e1ndez I\u00f1iguez","Mar\u00eda Magda Zayas Mu\u00f1oz","Naldy Patricia Rodr\u00edguez Lagunes","transparencia"],"articleSection":["De Boleto"],"inLanguage":"es","potentialAction":[{"@type":"CommentAction","name":"Comment","target":["https:\/\/lospoliticosveracruz.com\/?p=57768#respond"]}]},{"@type":"WebPage","@id":"https:\/\/lospoliticosveracruz.com\/?p=57768","url":"https:\/\/lospoliticosveracruz.com\/?p=57768","name":"Van Reformas para el IVAI - Los pol\u00edticos Veracruz","isPartOf":{"@id":"https:\/\/lospoliticosveracruz.com\/#website"},"datePublished":"2020-07-23T22:24:58+00:00","breadcrumb":{"@id":"https:\/\/lospoliticosveracruz.com\/?p=57768#breadcrumb"},"inLanguage":"es","potentialAction":[{"@type":"ReadAction","target":["https:\/\/lospoliticosveracruz.com\/?p=57768"]}]},{"@type":"BreadcrumbList","@id":"https:\/\/lospoliticosveracruz.com\/?p=57768#breadcrumb","itemListElement":[{"@type":"ListItem","position":1,"name":"Portada","item":"https:\/\/lospoliticosveracruz.com\/"},{"@type":"ListItem","position":2,"name":"Van Reformas para el IVAI"}]},{"@type":"WebSite","@id":"https:\/\/lospoliticosveracruz.com\/#website","url":"https:\/\/lospoliticosveracruz.com\/","name":"Los pol\u00edticos Veracruz","description":"","publisher":{"@id":"https:\/\/lospoliticosveracruz.com\/#organization"},"potentialAction":[{"@type":"SearchAction","target":{"@type":"EntryPoint","urlTemplate":"https:\/\/lospoliticosveracruz.com\/?s={search_term_string}"},"query-input":{"@type":"PropertyValueSpecification","valueRequired":true,"valueName":"search_term_string"}}],"inLanguage":"es"},{"@type":"Organization","@id":"https:\/\/lospoliticosveracruz.com\/#organization","name":"Los pol\u00edticos Veracruz","url":"https:\/\/lospoliticosveracruz.com\/","logo":{"@type":"ImageObject","inLanguage":"es","@id":"https:\/\/lospoliticosveracruz.com\/#\/schema\/logo\/image\/","url":"https:\/\/lospoliticosveracruz.com\/wp-content\/uploads\/2025\/12\/Logo-Nuevo-LOS-POLITICOS-1.jpg","contentUrl":"https:\/\/lospoliticosveracruz.com\/wp-content\/uploads\/2025\/12\/Logo-Nuevo-LOS-POLITICOS-1.jpg","width":260,"height":70,"caption":"Los pol\u00edticos Veracruz"},"image":{"@id":"https:\/\/lospoliticosveracruz.com\/#\/schema\/logo\/image\/"},"sameAs":["https:\/\/www.facebook.com\/people\/Notimemes-de-los-Polticos\/61565672886568\/","https:\/\/x.com\/LosPoliticosVer"]},{"@type":"Person","@id":"https:\/\/lospoliticosveracruz.com\/#\/schema\/person\/b8702bb0e538456e6efd07080bf2a4a2","name":"Lo viste en Los Pol\u00edticos","image":{"@type":"ImageObject","inLanguage":"es","@id":"https:\/\/secure.gravatar.com\/avatar\/3a8de04a2656d44082be478bd6c086daa447c4651605818287b9532d3d0bd435?s=96&d=mm&r=g","url":"https:\/\/secure.gravatar.com\/avatar\/3a8de04a2656d44082be478bd6c086daa447c4651605818287b9532d3d0bd435?s=96&d=mm&r=g","contentUrl":"https:\/\/secure.gravatar.com\/avatar\/3a8de04a2656d44082be478bd6c086daa447c4651605818287b9532d3d0bd435?s=96&d=mm&r=g","caption":"Lo viste en Los Pol\u00edticos"},"url":"https:\/\/lospoliticosveracruz.com\/?author=2"}]}},"_links":{"self":[{"href":"https:\/\/lospoliticosveracruz.com\/index.php?rest_route=\/wp\/v2\/posts\/57768","targetHints":{"allow":["GET"]}}],"collection":[{"href":"https:\/\/lospoliticosveracruz.com\/index.php?rest_route=\/wp\/v2\/posts"}],"about":[{"href":"https:\/\/lospoliticosveracruz.com\/index.php?rest_route=\/wp\/v2\/types\/post"}],"author":[{"embeddable":true,"href":"https:\/\/lospoliticosveracruz.com\/index.php?rest_route=\/wp\/v2\/users\/2"}],"replies":[{"embeddable":true,"href":"https:\/\/lospoliticosveracruz.com\/index.php?rest_route=%2Fwp%2Fv2%2Fcomments&post=57768"}],"version-history":[{"count":1,"href":"https:\/\/lospoliticosveracruz.com\/index.php?rest_route=\/wp\/v2\/posts\/57768\/revisions"}],"predecessor-version":[{"id":57770,"href":"https:\/\/lospoliticosveracruz.com\/index.php?rest_route=\/wp\/v2\/posts\/57768\/revisions\/57770"}],"wp:attachment":[{"href":"https:\/\/lospoliticosveracruz.com\/index.php?rest_route=%2Fwp%2Fv2%2Fmedia&parent=57768"}],"wp:term":[{"taxonomy":"category","embeddable":true,"href":"https:\/\/lospoliticosveracruz.com\/index.php?rest_route=%2Fwp%2Fv2%2Fcategories&post=57768"},{"taxonomy":"post_tag","embeddable":true,"href":"https:\/\/lospoliticosveracruz.com\/index.php?rest_route=%2Fwp%2Fv2%2Ftags&post=57768"}],"curies":[{"name":"wp","href":"https:\/\/api.w.org\/{rel}","templated":true}]}}