{"id":57771,"date":"2020-07-23T17:48:10","date_gmt":"2020-07-23T22:48:10","guid":{"rendered":"http:\/\/www.lospoliticosveracruz.com.mx\/?p=57771"},"modified":"2020-07-23T17:48:10","modified_gmt":"2020-07-23T22:48:10","slug":"primero-nuestros-heroes","status":"publish","type":"post","link":"https:\/\/lospoliticosveracruz.com\/?p=57771","title":{"rendered":"PRImero nuestros h\u00e9roes"},"content":{"rendered":"<p>&nbsp;<\/p>\n<p>En reconocimiento al esfuerzo y lucha diaria en la que m\u00e9dicos, enfermeras, camilleros y personal de salud del estado, exponen su vida al enfrentarse al COVID-19, el Comit\u00e9 Directivo Estatal del PRI en Veracruz, ha gestionado convenios de colaboraci\u00f3n para que puedan al igual que sus familias, continuar con sus estudios.<\/p>\n<p>A trav\u00e9s de su Secretar\u00eda de Gesti\u00f3n Social, el CDE del PRI en Veracruz, firm\u00f3 un convenio de colaboraci\u00f3n con la Universidad Hern\u00e1n Cort\u00e9s, para otorgar al personal de salud de Veracruz, a sus familiares y a las personas interesadas, becas de un alto porcentaje y sin costo de inscripci\u00f3n en su extensa oferta educativa que incluye especialidades en medicina.<\/p>\n<p>\u201cAnte esta pandemia por coronavirus hay tres temas fundamentales para la sociedad: la salud, la econom\u00eda y la educaci\u00f3n, y con esta firma de convenio se est\u00e1n cuidando las tres aristas, se cuida la econom\u00eda, se abona a la preparaci\u00f3n del personal de salud y se ofrece la posibilidad de estudiar en una universidad de prestigio como la Universidad Hern\u00e1n Cort\u00e9s\u201d, indic\u00f3 el presidente del CDE del PRI en Veracruz, Marlon Ram\u00edrez Mar\u00edn.<\/p>\n<p>Durante la firma de convenio que se realiz\u00f3 mediante plataformas digitales en pro de continuar con las medidas de prevenci\u00f3n ante el COVID-19, en la que estuvieron presentes: como testigo de honor, la secretaria de Gesti\u00f3n Social del CEN del PRI, Lorena Pi\u00f1\u00f3n Rivera, y la secretaria general del CDE del PRI en Veracruz, Arianna \u00c1ngeles Aguirre; Marlon Ram\u00edrez Mar\u00edn, record\u00f3 que uno de los compromisos desde que asumi\u00f3 la dirigencia del partido ha sido buscar las causas m\u00e1s apremiantes de la sociedad para abanderarlas.<\/p>\n<p>La Universidad Hern\u00e1n Cort\u00e9s se une a esta iniciativa del PRI en Veracruz que tiene la convicci\u00f3n de sumar esfuerzos y voluntades. \u201cPara m\u00ed es un orgullo y un gusto firmar este convenio y llegar a estas personas que est\u00e1n dando el frente por cada uno de los veracruzanos\u201d, expres\u00f3 su rectora Irma Rodr\u00edguez P\u00e9rez.<\/p>\n<p>Por su parte, la secretaria de Gesti\u00f3n Social del PRI en Veracruz, Ana Rosa Vald\u00e9s Salazar, enfatiz\u00f3 la importancia de la firma de este convenio, \u201cpara apoyar al personal del sector salud que est\u00e1 dando la batalla por todos nosotros. Sabemos que ellos est\u00e1n dando la vida, y muchos la han perdido; y tambi\u00e9n son padres y madres de familia\u201d.<\/p>\n<p>Subray\u00f3 el compromiso de la iniciativa privada, en este caso de la Universidad Hern\u00e1n Cort\u00e9s \u201cpara respaldar la econom\u00eda de estas personas que merecen todo nuestro respeto y reconocimiento\u201d, para quienes se seguir\u00e1 tocando puertas en favor de lograr m\u00e1s becas en universidades y que estas se sumen a PRImero nuestros h\u00e9roes de salud.<\/p>\n<p>El presidente del Comit\u00e9 Directivo Municipal de Xalapa, Alfredo Ni\u00f1o Flores, ofreci\u00f3 ser v\u00ednculo con las y los j\u00f3venes xalape\u00f1os y que accedan a estos beneficios: \u201clos priistas de Xalapa estamos convencidos que la educaci\u00f3n es fundamental para el desarrollo de la sociedad, promover estos acuerdos dan oportunidad y certeza para que los j\u00f3venes contin\u00faen con sus estudios y la universidad Hern\u00e1n Cort\u00e9s est\u00e1 a la vanguardia de lo que la sociedad necesita\u201d, se\u00f1al\u00f3.<\/p>\n<p>Convenio ofrece colegiaturas accesibles, sin costo de inscripci\u00f3n .<\/p>\n<p>La Universidad Hern\u00e1n Cort\u00e9s es respaldada por 25 a\u00f1os de experiencia, calidad acad\u00e9mica, programas actualizados, ofrece 17 licenciaturas, maestr\u00edas y especialidades, as\u00ed como diplomados en el \u00e1rea de la salud, y tiene la flexibilidad de horarios matutinos, vespertinos y sabatinos.<\/p>\n<p>Cuenta con instalaciones f\u00edsicas para cada \u00e1rea y as\u00ed mantener una \u201csana distancia\u201d, y con plataformas digitales para desarrollar los planes de estudio de acuerdo a las condiciones actuales de prevenci\u00f3n ante la pandemia.<\/p>\n<p>Cabe destacar que las inscripciones son de aproximadamente 4 mil pesos, pero con el convenio, no habr\u00e1 costo de inscripci\u00f3n; y las colegiaturas que oscilan normalmente entre 3 mil y 4 mil 500 pesos, con becas del 65 al 71 por ciento, oscilar\u00e1n entre los 800 y mil 400 pesos.<\/p>\n<p>Para acceder a la beca de licenciatura, \u00fanicamente se requiere certificado de bachillerato, no importa la instituci\u00f3n, tampoco hay una exigencia de promedio de calificaciones espec\u00edfico. Las personas interesadas pueden contactar a la Secretar\u00eda de Gesti\u00f3n Social del CDE al tel\u00e9fono 2283676020, extensiones 3061 y 3001, y por medio de las redes sociales: Facebook Secretar\u00eda de Gesti\u00f3n Social del CDE del PRI Veracruz y Twitter: Gesti\u00f3n Social PRI Veracruz<\/p>\n","protected":false},"excerpt":{"rendered":"<p>&nbsp; En reconocimiento al esfuerzo y lucha diaria en la que m\u00e9dicos, enfermeras, camilleros y personal de salud del estado, exponen su vida al enfrentarse al COVID-19, el Comit\u00e9 Directivo Estatal del PRI en Veracruz, ha gestionado convenios de colaboraci\u00f3n para que puedan al igual que sus familias, continuar con sus estudios. A trav\u00e9s de [&hellip;]<\/p>\n","protected":false},"author":2,"featured_media":0,"comment_status":"open","ping_status":"open","sticky":false,"template":"","format":"standard","meta":{"tdm_status":"","tdm_grid_status":"","footnotes":""},"categories":[73],"tags":[6874,2908,16929,251,19399,5697,96],"class_list":{"0":"post-57771","1":"post","2":"type-post","3":"status-publish","4":"format-standard","6":"category-de-boleto","7":"tag-becas","8":"tag-marlon-ramirez-marin","9":"tag-pandemia","10":"tag-pri","11":"tag-primero-nuestros-heroes","12":"tag-universidad-hernan-cortes","13":"tag-xalapa"},"yoast_head":"<!-- This site is optimized with the Yoast SEO plugin v27.4 - https:\/\/yoast.com\/product\/yoast-seo-wordpress\/ -->\n<title>PRImero nuestros h\u00e9roes - Los pol\u00edticos Veracruz<\/title>\n<meta name=\"robots\" content=\"index, follow, max-snippet:-1, max-image-preview:large, max-video-preview:-1\" \/>\n<link rel=\"canonical\" href=\"https:\/\/lospoliticosveracruz.com\/?p=57771\" \/>\n<meta property=\"og:locale\" content=\"es_ES\" \/>\n<meta property=\"og:type\" content=\"article\" \/>\n<meta property=\"og:title\" content=\"PRImero nuestros h\u00e9roes - Los pol\u00edticos Veracruz\" \/>\n<meta property=\"og:description\" content=\"&nbsp; En reconocimiento al esfuerzo y lucha diaria en la que m\u00e9dicos, enfermeras, camilleros y personal de salud del estado, exponen su vida al enfrentarse al COVID-19, el Comit\u00e9 Directivo Estatal del PRI en Veracruz, ha gestionado convenios de colaboraci\u00f3n para que puedan al igual que sus familias, continuar con sus estudios. A trav\u00e9s de [&hellip;]\" \/>\n<meta property=\"og:url\" content=\"https:\/\/lospoliticosveracruz.com\/?p=57771\" \/>\n<meta property=\"og:site_name\" content=\"Los pol\u00edticos Veracruz\" \/>\n<meta property=\"article:publisher\" content=\"https:\/\/www.facebook.com\/people\/Notimemes-de-los-Polticos\/61565672886568\/\" \/>\n<meta property=\"article:published_time\" content=\"2020-07-23T22:48:10+00:00\" \/>\n<meta property=\"og:image\" content=\"https:\/\/lospoliticosveracruz.com\/wp-content\/uploads\/2016\/07\/Logo-Dor.jpg\" \/>\n\t<meta property=\"og:image:width\" content=\"200\" \/>\n\t<meta property=\"og:image:height\" content=\"200\" \/>\n\t<meta property=\"og:image:type\" content=\"image\/jpeg\" \/>\n<meta name=\"author\" content=\"Lo viste en Los Pol\u00edticos\" \/>\n<meta name=\"twitter:card\" content=\"summary_large_image\" \/>\n<meta name=\"twitter:creator\" content=\"@LosPoliticosVer\" \/>\n<meta name=\"twitter:site\" content=\"@LosPoliticosVer\" \/>\n<meta name=\"twitter:label1\" content=\"Escrito por\" \/>\n\t<meta name=\"twitter:data1\" content=\"Lo viste en Los Pol\u00edticos\" \/>\n\t<meta name=\"twitter:label2\" content=\"Tiempo de lectura\" \/>\n\t<meta name=\"twitter:data2\" content=\"4 minutos\" \/>\n<script type=\"application\/ld+json\" class=\"yoast-schema-graph\">{\"@context\":\"https:\\\/\\\/schema.org\",\"@graph\":[{\"@type\":\"Article\",\"@id\":\"https:\\\/\\\/lospoliticosveracruz.com\\\/?p=57771#article\",\"isPartOf\":{\"@id\":\"https:\\\/\\\/lospoliticosveracruz.com\\\/?p=57771\"},\"author\":{\"name\":\"Lo viste en Los Pol\u00edticos\",\"@id\":\"https:\\\/\\\/lospoliticosveracruz.com\\\/#\\\/schema\\\/person\\\/b8702bb0e538456e6efd07080bf2a4a2\"},\"headline\":\"PRImero nuestros h\u00e9roes\",\"datePublished\":\"2020-07-23T22:48:10+00:00\",\"mainEntityOfPage\":{\"@id\":\"https:\\\/\\\/lospoliticosveracruz.com\\\/?p=57771\"},\"wordCount\":772,\"commentCount\":0,\"publisher\":{\"@id\":\"https:\\\/\\\/lospoliticosveracruz.com\\\/#organization\"},\"keywords\":[\"Becas\",\"Marlon Ram\u00edrez Mar\u00edn\",\"pandemia\",\"PRI\",\"PRImero nuestros h\u00e9roes\",\"Universidad Hern\u00e1n Cort\u00e9s\",\"Xalapa\"],\"articleSection\":[\"De Boleto\"],\"inLanguage\":\"es\",\"potentialAction\":[{\"@type\":\"CommentAction\",\"name\":\"Comment\",\"target\":[\"https:\\\/\\\/lospoliticosveracruz.com\\\/?p=57771#respond\"]}]},{\"@type\":\"WebPage\",\"@id\":\"https:\\\/\\\/lospoliticosveracruz.com\\\/?p=57771\",\"url\":\"https:\\\/\\\/lospoliticosveracruz.com\\\/?p=57771\",\"name\":\"PRImero nuestros h\u00e9roes - Los pol\u00edticos Veracruz\",\"isPartOf\":{\"@id\":\"https:\\\/\\\/lospoliticosveracruz.com\\\/#website\"},\"datePublished\":\"2020-07-23T22:48:10+00:00\",\"breadcrumb\":{\"@id\":\"https:\\\/\\\/lospoliticosveracruz.com\\\/?p=57771#breadcrumb\"},\"inLanguage\":\"es\",\"potentialAction\":[{\"@type\":\"ReadAction\",\"target\":[\"https:\\\/\\\/lospoliticosveracruz.com\\\/?p=57771\"]}]},{\"@type\":\"BreadcrumbList\",\"@id\":\"https:\\\/\\\/lospoliticosveracruz.com\\\/?p=57771#breadcrumb\",\"itemListElement\":[{\"@type\":\"ListItem\",\"position\":1,\"name\":\"Portada\",\"item\":\"https:\\\/\\\/lospoliticosveracruz.com\\\/\"},{\"@type\":\"ListItem\",\"position\":2,\"name\":\"PRImero nuestros h\u00e9roes\"}]},{\"@type\":\"WebSite\",\"@id\":\"https:\\\/\\\/lospoliticosveracruz.com\\\/#website\",\"url\":\"https:\\\/\\\/lospoliticosveracruz.com\\\/\",\"name\":\"Los pol\u00edticos Veracruz\",\"description\":\"\",\"publisher\":{\"@id\":\"https:\\\/\\\/lospoliticosveracruz.com\\\/#organization\"},\"potentialAction\":[{\"@type\":\"SearchAction\",\"target\":{\"@type\":\"EntryPoint\",\"urlTemplate\":\"https:\\\/\\\/lospoliticosveracruz.com\\\/?s={search_term_string}\"},\"query-input\":{\"@type\":\"PropertyValueSpecification\",\"valueRequired\":true,\"valueName\":\"search_term_string\"}}],\"inLanguage\":\"es\"},{\"@type\":\"Organization\",\"@id\":\"https:\\\/\\\/lospoliticosveracruz.com\\\/#organization\",\"name\":\"Los pol\u00edticos Veracruz\",\"url\":\"https:\\\/\\\/lospoliticosveracruz.com\\\/\",\"logo\":{\"@type\":\"ImageObject\",\"inLanguage\":\"es\",\"@id\":\"https:\\\/\\\/lospoliticosveracruz.com\\\/#\\\/schema\\\/logo\\\/image\\\/\",\"url\":\"https:\\\/\\\/lospoliticosveracruz.com\\\/wp-content\\\/uploads\\\/2025\\\/12\\\/Logo-Nuevo-LOS-POLITICOS-1.jpg\",\"contentUrl\":\"https:\\\/\\\/lospoliticosveracruz.com\\\/wp-content\\\/uploads\\\/2025\\\/12\\\/Logo-Nuevo-LOS-POLITICOS-1.jpg\",\"width\":260,\"height\":70,\"caption\":\"Los pol\u00edticos Veracruz\"},\"image\":{\"@id\":\"https:\\\/\\\/lospoliticosveracruz.com\\\/#\\\/schema\\\/logo\\\/image\\\/\"},\"sameAs\":[\"https:\\\/\\\/www.facebook.com\\\/people\\\/Notimemes-de-los-Polticos\\\/61565672886568\\\/\",\"https:\\\/\\\/x.com\\\/LosPoliticosVer\"]},{\"@type\":\"Person\",\"@id\":\"https:\\\/\\\/lospoliticosveracruz.com\\\/#\\\/schema\\\/person\\\/b8702bb0e538456e6efd07080bf2a4a2\",\"name\":\"Lo viste en Los Pol\u00edticos\",\"image\":{\"@type\":\"ImageObject\",\"inLanguage\":\"es\",\"@id\":\"https:\\\/\\\/secure.gravatar.com\\\/avatar\\\/3a8de04a2656d44082be478bd6c086daa447c4651605818287b9532d3d0bd435?s=96&d=mm&r=g\",\"url\":\"https:\\\/\\\/secure.gravatar.com\\\/avatar\\\/3a8de04a2656d44082be478bd6c086daa447c4651605818287b9532d3d0bd435?s=96&d=mm&r=g\",\"contentUrl\":\"https:\\\/\\\/secure.gravatar.com\\\/avatar\\\/3a8de04a2656d44082be478bd6c086daa447c4651605818287b9532d3d0bd435?s=96&d=mm&r=g\",\"caption\":\"Lo viste en Los Pol\u00edticos\"},\"url\":\"https:\\\/\\\/lospoliticosveracruz.com\\\/?author=2\"}]}<\/script>\n<!-- \/ Yoast SEO plugin. -->","yoast_head_json":{"title":"PRImero nuestros h\u00e9roes - Los pol\u00edticos Veracruz","robots":{"index":"index","follow":"follow","max-snippet":"max-snippet:-1","max-image-preview":"max-image-preview:large","max-video-preview":"max-video-preview:-1"},"canonical":"https:\/\/lospoliticosveracruz.com\/?p=57771","og_locale":"es_ES","og_type":"article","og_title":"PRImero nuestros h\u00e9roes - Los pol\u00edticos Veracruz","og_description":"&nbsp; En reconocimiento al esfuerzo y lucha diaria en la que m\u00e9dicos, enfermeras, camilleros y personal de salud del estado, exponen su vida al enfrentarse al COVID-19, el Comit\u00e9 Directivo Estatal del PRI en Veracruz, ha gestionado convenios de colaboraci\u00f3n para que puedan al igual que sus familias, continuar con sus estudios. A trav\u00e9s de [&hellip;]","og_url":"https:\/\/lospoliticosveracruz.com\/?p=57771","og_site_name":"Los pol\u00edticos Veracruz","article_publisher":"https:\/\/www.facebook.com\/people\/Notimemes-de-los-Polticos\/61565672886568\/","article_published_time":"2020-07-23T22:48:10+00:00","og_image":[{"width":200,"height":200,"url":"https:\/\/lospoliticosveracruz.com\/wp-content\/uploads\/2016\/07\/Logo-Dor.jpg","type":"image\/jpeg"}],"author":"Lo viste en Los Pol\u00edticos","twitter_card":"summary_large_image","twitter_creator":"@LosPoliticosVer","twitter_site":"@LosPoliticosVer","twitter_misc":{"Escrito por":"Lo viste en Los Pol\u00edticos","Tiempo de lectura":"4 minutos"},"schema":{"@context":"https:\/\/schema.org","@graph":[{"@type":"Article","@id":"https:\/\/lospoliticosveracruz.com\/?p=57771#article","isPartOf":{"@id":"https:\/\/lospoliticosveracruz.com\/?p=57771"},"author":{"name":"Lo viste en Los Pol\u00edticos","@id":"https:\/\/lospoliticosveracruz.com\/#\/schema\/person\/b8702bb0e538456e6efd07080bf2a4a2"},"headline":"PRImero nuestros h\u00e9roes","datePublished":"2020-07-23T22:48:10+00:00","mainEntityOfPage":{"@id":"https:\/\/lospoliticosveracruz.com\/?p=57771"},"wordCount":772,"commentCount":0,"publisher":{"@id":"https:\/\/lospoliticosveracruz.com\/#organization"},"keywords":["Becas","Marlon Ram\u00edrez Mar\u00edn","pandemia","PRI","PRImero nuestros h\u00e9roes","Universidad Hern\u00e1n Cort\u00e9s","Xalapa"],"articleSection":["De Boleto"],"inLanguage":"es","potentialAction":[{"@type":"CommentAction","name":"Comment","target":["https:\/\/lospoliticosveracruz.com\/?p=57771#respond"]}]},{"@type":"WebPage","@id":"https:\/\/lospoliticosveracruz.com\/?p=57771","url":"https:\/\/lospoliticosveracruz.com\/?p=57771","name":"PRImero nuestros h\u00e9roes - Los pol\u00edticos Veracruz","isPartOf":{"@id":"https:\/\/lospoliticosveracruz.com\/#website"},"datePublished":"2020-07-23T22:48:10+00:00","breadcrumb":{"@id":"https:\/\/lospoliticosveracruz.com\/?p=57771#breadcrumb"},"inLanguage":"es","potentialAction":[{"@type":"ReadAction","target":["https:\/\/lospoliticosveracruz.com\/?p=57771"]}]},{"@type":"BreadcrumbList","@id":"https:\/\/lospoliticosveracruz.com\/?p=57771#breadcrumb","itemListElement":[{"@type":"ListItem","position":1,"name":"Portada","item":"https:\/\/lospoliticosveracruz.com\/"},{"@type":"ListItem","position":2,"name":"PRImero nuestros h\u00e9roes"}]},{"@type":"WebSite","@id":"https:\/\/lospoliticosveracruz.com\/#website","url":"https:\/\/lospoliticosveracruz.com\/","name":"Los pol\u00edticos Veracruz","description":"","publisher":{"@id":"https:\/\/lospoliticosveracruz.com\/#organization"},"potentialAction":[{"@type":"SearchAction","target":{"@type":"EntryPoint","urlTemplate":"https:\/\/lospoliticosveracruz.com\/?s={search_term_string}"},"query-input":{"@type":"PropertyValueSpecification","valueRequired":true,"valueName":"search_term_string"}}],"inLanguage":"es"},{"@type":"Organization","@id":"https:\/\/lospoliticosveracruz.com\/#organization","name":"Los pol\u00edticos Veracruz","url":"https:\/\/lospoliticosveracruz.com\/","logo":{"@type":"ImageObject","inLanguage":"es","@id":"https:\/\/lospoliticosveracruz.com\/#\/schema\/logo\/image\/","url":"https:\/\/lospoliticosveracruz.com\/wp-content\/uploads\/2025\/12\/Logo-Nuevo-LOS-POLITICOS-1.jpg","contentUrl":"https:\/\/lospoliticosveracruz.com\/wp-content\/uploads\/2025\/12\/Logo-Nuevo-LOS-POLITICOS-1.jpg","width":260,"height":70,"caption":"Los pol\u00edticos Veracruz"},"image":{"@id":"https:\/\/lospoliticosveracruz.com\/#\/schema\/logo\/image\/"},"sameAs":["https:\/\/www.facebook.com\/people\/Notimemes-de-los-Polticos\/61565672886568\/","https:\/\/x.com\/LosPoliticosVer"]},{"@type":"Person","@id":"https:\/\/lospoliticosveracruz.com\/#\/schema\/person\/b8702bb0e538456e6efd07080bf2a4a2","name":"Lo viste en Los Pol\u00edticos","image":{"@type":"ImageObject","inLanguage":"es","@id":"https:\/\/secure.gravatar.com\/avatar\/3a8de04a2656d44082be478bd6c086daa447c4651605818287b9532d3d0bd435?s=96&d=mm&r=g","url":"https:\/\/secure.gravatar.com\/avatar\/3a8de04a2656d44082be478bd6c086daa447c4651605818287b9532d3d0bd435?s=96&d=mm&r=g","contentUrl":"https:\/\/secure.gravatar.com\/avatar\/3a8de04a2656d44082be478bd6c086daa447c4651605818287b9532d3d0bd435?s=96&d=mm&r=g","caption":"Lo viste en Los Pol\u00edticos"},"url":"https:\/\/lospoliticosveracruz.com\/?author=2"}]}},"_links":{"self":[{"href":"https:\/\/lospoliticosveracruz.com\/index.php?rest_route=\/wp\/v2\/posts\/57771","targetHints":{"allow":["GET"]}}],"collection":[{"href":"https:\/\/lospoliticosveracruz.com\/index.php?rest_route=\/wp\/v2\/posts"}],"about":[{"href":"https:\/\/lospoliticosveracruz.com\/index.php?rest_route=\/wp\/v2\/types\/post"}],"author":[{"embeddable":true,"href":"https:\/\/lospoliticosveracruz.com\/index.php?rest_route=\/wp\/v2\/users\/2"}],"replies":[{"embeddable":true,"href":"https:\/\/lospoliticosveracruz.com\/index.php?rest_route=%2Fwp%2Fv2%2Fcomments&post=57771"}],"version-history":[{"count":1,"href":"https:\/\/lospoliticosveracruz.com\/index.php?rest_route=\/wp\/v2\/posts\/57771\/revisions"}],"predecessor-version":[{"id":57773,"href":"https:\/\/lospoliticosveracruz.com\/index.php?rest_route=\/wp\/v2\/posts\/57771\/revisions\/57773"}],"wp:attachment":[{"href":"https:\/\/lospoliticosveracruz.com\/index.php?rest_route=%2Fwp%2Fv2%2Fmedia&parent=57771"}],"wp:term":[{"taxonomy":"category","embeddable":true,"href":"https:\/\/lospoliticosveracruz.com\/index.php?rest_route=%2Fwp%2Fv2%2Fcategories&post=57771"},{"taxonomy":"post_tag","embeddable":true,"href":"https:\/\/lospoliticosveracruz.com\/index.php?rest_route=%2Fwp%2Fv2%2Ftags&post=57771"}],"curies":[{"name":"wp","href":"https:\/\/api.w.org\/{rel}","templated":true}]}}