{"id":57942,"date":"2020-07-28T09:24:22","date_gmt":"2020-07-28T14:24:22","guid":{"rendered":"http:\/\/www.lospoliticosveracruz.com.mx\/?p=57942"},"modified":"2020-07-28T09:24:22","modified_gmt":"2020-07-28T14:24:22","slug":"la-embestida-opositora","status":"publish","type":"post","link":"https:\/\/lospoliticosveracruz.com\/?p=57942","title":{"rendered":"La embestida opositora"},"content":{"rendered":"<p>&nbsp;<\/p>\n<p><strong>Ricardo Chua<\/strong><\/p>\n<p><em>Sale y vale<\/em><\/p>\n<p>LA EMBESTIDA OPOSITORA&#8230; La uni\u00f3n de partidos pol\u00edticos de oposici\u00f3n a MORENA en Veracruz para que la Suprema Corte de Justicia de la Naci\u00f3n, en una ACCI\u00d3N DE INCONSTITUCIONALIDAD, deseche la Reforma Electoral legitimada en junio pasado en el Congreso Local y con el \u00abrespaldo\u00bb de m\u00e1s de los 107 ayuntamientos y suscabildos, que eran necesarios para que entre en vigor&#8230; Era algo que se esperaba del PRI, PAN y PRD&#8230; La midieron bien y saben que pueden \u00abecharla para abajo\u00bb&#8230; Es cuesti\u00f3n de tiempo..<\/p>\n<p>De esa manera, el c\u00f3digo electoral no se altera y quedar\u00eda igual&#8230; As\u00ed MORENA no podr\u00eda aprovechar la MAYOR\u00cdA absoluta que tiene en el gobierno estatal y Congreso Local para enfrentar el proceso local y federal del 2021&#8230; Teniendo como administraci\u00f3n estatal, a una de las peores calificadas en el pa\u00eds por la sociedad civil&#8230; Por eso, se intent\u00f3 \u00abblindar\u00bb a Cuitl\u00e1huac Garc\u00eda con la NO revocaci\u00f3n de mandato en 2022 y someter al OPLE con unas medidas legales \u00abama\u00f1adas\u00bb&#8230; Ahora los Ministros de la SCJN tienen la \u00faltima palabra&#8230;<\/p>\n<p>Al final de cuentas&#8230; Lo planteado por Marl\u00f3n Ram\u00edrez, \u00abEl Chapito\u00bb Guzm\u00e1n y Jes\u00fas Mart\u00ednez es una forma directa de hacer ver que la oposici\u00f3n en Veracruz junto con la sociedad civil que los apoya&#8230; Temen un FRAUDE ELECTORAL en todas sus formas \u00ablegales\u00bb y es lo que quieren evitar&#8230; Que se unan, no es lo raro&#8230; Que superen esta elecci\u00f3n venidera juntos, tampoco ser\u00eda raro&#8230; Lo que ser\u00eda in\u00e9dito ver, es que todos esos sectores de la sociedad civil que en 2018 votaron por MORENA ahora lo hagan por esa alianza opositora&#8230;<\/p>\n<p>El por qu\u00e9 se fueron hasta la Suprema Corte de Justicia de la Naci\u00f3n&#8230; La respuesta es sencilla: Saben que el Tribunal Electoral de Veracruz (TEV) est\u00e1 manejado por Magistrados afines a MORENA.. Gabriel Deantes, es el operador del gobierno estatal en ese sitio&#8230; Y si sus magistrados se \u00abenredaron\u00bb con el tema Actopan, donde no era complicado cumplir la ley, dejando al suplente del alcalde desaforado&#8230;. Acaso creen que la Reforma Electoral, no ser\u00eda avalada ah\u00ed, por eso en los tribunales de Veracruz \u00abpas\u00f3 de humo\u00bb o qu\u00e9 esperan \u00bfflores?&#8230;<\/p>\n<p>En este espacio se manej\u00f3, que era una REFORMA MENTIROSA&#8230; Ya que pesar de que lograron el\u00a0 \u00abapoyo\u00bb de las autoridades municipales necesarias para aprobar la nueva reforma electoral, que ya hab\u00eda sido aprobada por diputados locales de MORENA y sus aliados del Congreso del Estado para legitimarla y que el d\u00eda de hoy, ya est\u00e1 impugnada&#8230; La misma nac\u00eda como una \u00abLEY MUERTA\u00bb&#8230; Y ah\u00ed est\u00e1n los resultados&#8230;<\/p>\n<p>El motivo de que naciera as\u00ed&#8230; Era porque los diputados locales no tomaron en cuenta el ARMONIZAR EL C\u00d3DIGO ELECTORAL DE VERACRUZ&#8230; Y, por esa raz\u00f3n, es que los partidos pol\u00edticos de oposici\u00f3n, lo est\u00e1n tomando como un ARGUMENTO legal para impugnar y lograr que esto pueda costarle a MORENA que la reforma electoral sencillamente, no pase los tribunales electorales federales como la SCJN&#8230; Ese fue el grave error&#8230;<\/p>\n<p>Argumentos para lograrlo hay muchos&#8230; Como el hecho de que no est\u00e1 armonizado el c\u00f3digo&#8230; Ya que se se\u00f1ala que el proceso electoral para renovar los 212 ayuntamientos de Veracruz, empieza en una fecha y el proceso para renovar el Congreso del\u00a0 Estado, se inicia en otra&#8230; Es decir, las elecciones no inician el mismo d\u00eda, por lo tanto, no est\u00e1n armonizadas&#8230; A pesar, que el 6 de junio del 2021 se eligen presidentes municipales y legisladores.. Ah\u00ed est\u00e1 el detalle&#8230;<\/p>\n<p>El propio senador de MORENA y l\u00edder del Senado, Ricardo Monreal, lo ha dicho hasta el cansancio de que la mayor\u00eda de las legislaturas estatales en el pa\u00eds, tienen una ARMONIZACI\u00d3N DISFUNCIONAL&#8230; Que provoca que muchas reformas en sus constituciones locales, sean Leyes \u00abMuertas\u00bb&#8230;. Y, en Veracruz, no le falta raz\u00f3n&#8230; Por eso, el PRI-PAN-PRD la impugnan con muchas posibilidades de que la SCJN le d\u00e9 la raz\u00f3n&#8230;.<\/p>\n<p>As\u00ed que el tema de no ARMONIZAR EL C\u00d3DIGO ELECTORAL DE VERACRUZ, es partir de un principio que crea un conflicto entre la Reforma local y la misma Constituci\u00f3n Pol\u00edtica de los Estados Unidos Mexicanos (Las que nos rige en el pa\u00eds)&#8230; Ya que el ART\u00cdCULO 105 dice que: \u00abLa Suprema Corte de Justicia de la Naci\u00f3n conocer\u00e1, en los t\u00e9rminos que se\u00f1ale la ley reglamentaria, de los asuntos siguientes\u00bb&#8230; Y como este caso ya se judicializa&#8230; Los Ministros tendr\u00e1n la \u00faltima palabra al respecto..<\/p>\n<p>Los partidos opositores basan su estrategia jur\u00eddica alegando que el art\u00edculo 105 FRACCI\u00d3N II se\u00f1ala en su inciso f): \u00abLos partidos pol\u00edticos con registro ante el Instituto Nacional Electoral, por conducto de sus dirigencias nacionales, en contra de leyes electorales federales o locales; y los partidos pol\u00edticos con registro en una entidad federativa, a trav\u00e9s de sus dirigencias, exclusivamente en contra de leyes electorales expedidas por la Legislatura de la entidad federativa que les otorg\u00f3 el registro\u00bb&#8230; Por eso van por una acci\u00f3n de inconstitucionalidad&#8230;<\/p>\n<p>Por eso, se basan directamente en que este asunto, se dar\u00e1 ESPEC\u00cdFICAMENTE porque el art\u00edculo 105 constitucional\u00a0 menciona muy claro que: \u00abLa \u00fanica v\u00eda para plantear la no conformidad de las leyes electorales a la Constituci\u00f3n es la prevista en este art\u00edculo. Las leyes electorales federal y locales deber\u00e1n promulgarse y publicarse por lo menos 90 d\u00edas antes de que inicie el proceso electoral en que vayan a aplicarse, y durante el mismo no podr\u00e1 haber modificaciones legales fundamentales\u00bb&#8230;\u00a0 En pocas palabras: La elecci\u00f3n no est\u00e1 armonizada&#8230;<\/p>\n<p>Ya que es evidente que el proceso para mun\u00edcipes y legisladores es el 6 de junio del 2021, al igual que la elecci\u00f3n federal&#8230; Y una Acci\u00f3n de Inconstitucionalidad contra la Reforma, va mandar a esta a \u00abdormir el sue\u00f1o de los justos\u00bb&#8230; Ya que no se puede tratar diferente a partidos pol\u00edticos u OPLE para una elecci\u00f3n a alcaldes y diputados locales, que una elecci\u00f3n federal en un mismo Estado, m\u00e1s si son en la misma fecha y entidad&#8230; Por desconocimiento, los diputados \u00abaprobaron\u00bb una \u00abReforma Muerta\u00bb&#8230; La SCJN tendr\u00e1 la \u00faltima palabra&#8230; AMEN&#8230;<\/p>\n","protected":false},"excerpt":{"rendered":"<p>&nbsp; Ricardo Chua Sale y vale LA EMBESTIDA OPOSITORA&#8230; La uni\u00f3n de partidos pol\u00edticos de oposici\u00f3n a MORENA en Veracruz para que la Suprema Corte de Justicia de la Naci\u00f3n, en una ACCI\u00d3N DE INCONSTITUCIONALIDAD, deseche la Reforma Electoral legitimada en junio pasado en el Congreso Local y con el \u00abrespaldo\u00bb de m\u00e1s de los [&hellip;]<\/p>\n","protected":false},"author":2,"featured_media":0,"comment_status":"open","ping_status":"open","sticky":false,"template":"","format":"standard","meta":{"tdm_status":"","tdm_grid_status":"","footnotes":""},"categories":[70],"tags":[17051,19480,1884,10488,1706,1026,266,107,251,1414,10353,3965,6753,195],"class_list":{"0":"post-57942","1":"post","2":"type-post","3":"status-publish","4":"format-standard","6":"category-de-opinion","7":"tag-chapo-guzman-aviles","8":"tag-fraude-electoral","9":"tag-gabriel-deantes","10":"tag-jesus-martinez","11":"tag-marlon-ramirez","12":"tag-morena","13":"tag-pan","14":"tag-prd","15":"tag-pri","16":"tag-reforma-electoral","17":"tag-ricardo-monreal","18":"tag-scjn","19":"tag-tribunal-electoral-de-veracruz","20":"tag-veracruz"},"yoast_head":"<!-- This site is optimized with the Yoast SEO plugin v27.4 - https:\/\/yoast.com\/product\/yoast-seo-wordpress\/ -->\n<title>La embestida opositora - Los pol\u00edticos Veracruz<\/title>\n<meta name=\"robots\" content=\"index, follow, max-snippet:-1, max-image-preview:large, max-video-preview:-1\" \/>\n<link rel=\"canonical\" href=\"https:\/\/lospoliticosveracruz.com\/?p=57942\" \/>\n<meta property=\"og:locale\" content=\"es_ES\" \/>\n<meta property=\"og:type\" content=\"article\" \/>\n<meta property=\"og:title\" content=\"La embestida opositora - Los pol\u00edticos Veracruz\" \/>\n<meta property=\"og:description\" content=\"&nbsp; Ricardo Chua Sale y vale LA EMBESTIDA OPOSITORA&#8230; La uni\u00f3n de partidos pol\u00edticos de oposici\u00f3n a MORENA en Veracruz para que la Suprema Corte de Justicia de la Naci\u00f3n, en una ACCI\u00d3N DE INCONSTITUCIONALIDAD, deseche la Reforma Electoral legitimada en junio pasado en el Congreso Local y con el \u00abrespaldo\u00bb de m\u00e1s de los [&hellip;]\" \/>\n<meta property=\"og:url\" content=\"https:\/\/lospoliticosveracruz.com\/?p=57942\" \/>\n<meta property=\"og:site_name\" content=\"Los pol\u00edticos Veracruz\" \/>\n<meta property=\"article:publisher\" content=\"https:\/\/www.facebook.com\/people\/Notimemes-de-los-Polticos\/61565672886568\/\" \/>\n<meta property=\"article:published_time\" content=\"2020-07-28T14:24:22+00:00\" \/>\n<meta property=\"og:image\" content=\"https:\/\/lospoliticosveracruz.com\/wp-content\/uploads\/2016\/07\/Logo-Dor.jpg\" \/>\n\t<meta property=\"og:image:width\" content=\"200\" \/>\n\t<meta property=\"og:image:height\" content=\"200\" \/>\n\t<meta property=\"og:image:type\" content=\"image\/jpeg\" \/>\n<meta name=\"author\" content=\"Lo viste en Los Pol\u00edticos\" \/>\n<meta name=\"twitter:card\" content=\"summary_large_image\" \/>\n<meta name=\"twitter:creator\" content=\"@LosPoliticosVer\" \/>\n<meta name=\"twitter:site\" content=\"@LosPoliticosVer\" \/>\n<meta name=\"twitter:label1\" content=\"Escrito por\" \/>\n\t<meta name=\"twitter:data1\" content=\"Lo viste en Los Pol\u00edticos\" \/>\n\t<meta name=\"twitter:label2\" content=\"Tiempo de lectura\" \/>\n\t<meta name=\"twitter:data2\" content=\"5 minutos\" \/>\n<script type=\"application\/ld+json\" class=\"yoast-schema-graph\">{\"@context\":\"https:\\\/\\\/schema.org\",\"@graph\":[{\"@type\":\"Article\",\"@id\":\"https:\\\/\\\/lospoliticosveracruz.com\\\/?p=57942#article\",\"isPartOf\":{\"@id\":\"https:\\\/\\\/lospoliticosveracruz.com\\\/?p=57942\"},\"author\":{\"name\":\"Lo viste en Los Pol\u00edticos\",\"@id\":\"https:\\\/\\\/lospoliticosveracruz.com\\\/#\\\/schema\\\/person\\\/b8702bb0e538456e6efd07080bf2a4a2\"},\"headline\":\"La embestida opositora\",\"datePublished\":\"2020-07-28T14:24:22+00:00\",\"mainEntityOfPage\":{\"@id\":\"https:\\\/\\\/lospoliticosveracruz.com\\\/?p=57942\"},\"wordCount\":1075,\"commentCount\":0,\"publisher\":{\"@id\":\"https:\\\/\\\/lospoliticosveracruz.com\\\/#organization\"},\"keywords\":[\"Chapo Guzm\u00e1n Avil\u00e9s\",\"Fraude electoral\",\"Gabriel Deantes\",\"Jes\u00fas Mart\u00ednez\",\"Marlon Ram\u00edrez\",\"Morena\",\"PAN\",\"PRD\",\"PRI\",\"reforma electoral\",\"Ricardo Monreal\",\"SCJN\",\"Tribunal Electoral de Veracruz\",\"Veracruz\"],\"articleSection\":[\"De Opini\u00f3n\"],\"inLanguage\":\"es\",\"potentialAction\":[{\"@type\":\"CommentAction\",\"name\":\"Comment\",\"target\":[\"https:\\\/\\\/lospoliticosveracruz.com\\\/?p=57942#respond\"]}]},{\"@type\":\"WebPage\",\"@id\":\"https:\\\/\\\/lospoliticosveracruz.com\\\/?p=57942\",\"url\":\"https:\\\/\\\/lospoliticosveracruz.com\\\/?p=57942\",\"name\":\"La embestida opositora - Los pol\u00edticos Veracruz\",\"isPartOf\":{\"@id\":\"https:\\\/\\\/lospoliticosveracruz.com\\\/#website\"},\"datePublished\":\"2020-07-28T14:24:22+00:00\",\"breadcrumb\":{\"@id\":\"https:\\\/\\\/lospoliticosveracruz.com\\\/?p=57942#breadcrumb\"},\"inLanguage\":\"es\",\"potentialAction\":[{\"@type\":\"ReadAction\",\"target\":[\"https:\\\/\\\/lospoliticosveracruz.com\\\/?p=57942\"]}]},{\"@type\":\"BreadcrumbList\",\"@id\":\"https:\\\/\\\/lospoliticosveracruz.com\\\/?p=57942#breadcrumb\",\"itemListElement\":[{\"@type\":\"ListItem\",\"position\":1,\"name\":\"Portada\",\"item\":\"https:\\\/\\\/lospoliticosveracruz.com\\\/\"},{\"@type\":\"ListItem\",\"position\":2,\"name\":\"La embestida opositora\"}]},{\"@type\":\"WebSite\",\"@id\":\"https:\\\/\\\/lospoliticosveracruz.com\\\/#website\",\"url\":\"https:\\\/\\\/lospoliticosveracruz.com\\\/\",\"name\":\"Los pol\u00edticos Veracruz\",\"description\":\"\",\"publisher\":{\"@id\":\"https:\\\/\\\/lospoliticosveracruz.com\\\/#organization\"},\"potentialAction\":[{\"@type\":\"SearchAction\",\"target\":{\"@type\":\"EntryPoint\",\"urlTemplate\":\"https:\\\/\\\/lospoliticosveracruz.com\\\/?s={search_term_string}\"},\"query-input\":{\"@type\":\"PropertyValueSpecification\",\"valueRequired\":true,\"valueName\":\"search_term_string\"}}],\"inLanguage\":\"es\"},{\"@type\":\"Organization\",\"@id\":\"https:\\\/\\\/lospoliticosveracruz.com\\\/#organization\",\"name\":\"Los pol\u00edticos Veracruz\",\"url\":\"https:\\\/\\\/lospoliticosveracruz.com\\\/\",\"logo\":{\"@type\":\"ImageObject\",\"inLanguage\":\"es\",\"@id\":\"https:\\\/\\\/lospoliticosveracruz.com\\\/#\\\/schema\\\/logo\\\/image\\\/\",\"url\":\"https:\\\/\\\/lospoliticosveracruz.com\\\/wp-content\\\/uploads\\\/2025\\\/12\\\/Logo-Nuevo-LOS-POLITICOS-1.jpg\",\"contentUrl\":\"https:\\\/\\\/lospoliticosveracruz.com\\\/wp-content\\\/uploads\\\/2025\\\/12\\\/Logo-Nuevo-LOS-POLITICOS-1.jpg\",\"width\":260,\"height\":70,\"caption\":\"Los pol\u00edticos Veracruz\"},\"image\":{\"@id\":\"https:\\\/\\\/lospoliticosveracruz.com\\\/#\\\/schema\\\/logo\\\/image\\\/\"},\"sameAs\":[\"https:\\\/\\\/www.facebook.com\\\/people\\\/Notimemes-de-los-Polticos\\\/61565672886568\\\/\",\"https:\\\/\\\/x.com\\\/LosPoliticosVer\"]},{\"@type\":\"Person\",\"@id\":\"https:\\\/\\\/lospoliticosveracruz.com\\\/#\\\/schema\\\/person\\\/b8702bb0e538456e6efd07080bf2a4a2\",\"name\":\"Lo viste en Los Pol\u00edticos\",\"image\":{\"@type\":\"ImageObject\",\"inLanguage\":\"es\",\"@id\":\"https:\\\/\\\/secure.gravatar.com\\\/avatar\\\/3a8de04a2656d44082be478bd6c086daa447c4651605818287b9532d3d0bd435?s=96&d=mm&r=g\",\"url\":\"https:\\\/\\\/secure.gravatar.com\\\/avatar\\\/3a8de04a2656d44082be478bd6c086daa447c4651605818287b9532d3d0bd435?s=96&d=mm&r=g\",\"contentUrl\":\"https:\\\/\\\/secure.gravatar.com\\\/avatar\\\/3a8de04a2656d44082be478bd6c086daa447c4651605818287b9532d3d0bd435?s=96&d=mm&r=g\",\"caption\":\"Lo viste en Los Pol\u00edticos\"},\"url\":\"https:\\\/\\\/lospoliticosveracruz.com\\\/?author=2\"}]}<\/script>\n<!-- \/ Yoast SEO plugin. -->","yoast_head_json":{"title":"La embestida opositora - Los pol\u00edticos Veracruz","robots":{"index":"index","follow":"follow","max-snippet":"max-snippet:-1","max-image-preview":"max-image-preview:large","max-video-preview":"max-video-preview:-1"},"canonical":"https:\/\/lospoliticosveracruz.com\/?p=57942","og_locale":"es_ES","og_type":"article","og_title":"La embestida opositora - Los pol\u00edticos Veracruz","og_description":"&nbsp; Ricardo Chua Sale y vale LA EMBESTIDA OPOSITORA&#8230; La uni\u00f3n de partidos pol\u00edticos de oposici\u00f3n a MORENA en Veracruz para que la Suprema Corte de Justicia de la Naci\u00f3n, en una ACCI\u00d3N DE INCONSTITUCIONALIDAD, deseche la Reforma Electoral legitimada en junio pasado en el Congreso Local y con el \u00abrespaldo\u00bb de m\u00e1s de los [&hellip;]","og_url":"https:\/\/lospoliticosveracruz.com\/?p=57942","og_site_name":"Los pol\u00edticos Veracruz","article_publisher":"https:\/\/www.facebook.com\/people\/Notimemes-de-los-Polticos\/61565672886568\/","article_published_time":"2020-07-28T14:24:22+00:00","og_image":[{"width":200,"height":200,"url":"https:\/\/lospoliticosveracruz.com\/wp-content\/uploads\/2016\/07\/Logo-Dor.jpg","type":"image\/jpeg"}],"author":"Lo viste en Los Pol\u00edticos","twitter_card":"summary_large_image","twitter_creator":"@LosPoliticosVer","twitter_site":"@LosPoliticosVer","twitter_misc":{"Escrito por":"Lo viste en Los Pol\u00edticos","Tiempo de lectura":"5 minutos"},"schema":{"@context":"https:\/\/schema.org","@graph":[{"@type":"Article","@id":"https:\/\/lospoliticosveracruz.com\/?p=57942#article","isPartOf":{"@id":"https:\/\/lospoliticosveracruz.com\/?p=57942"},"author":{"name":"Lo viste en Los Pol\u00edticos","@id":"https:\/\/lospoliticosveracruz.com\/#\/schema\/person\/b8702bb0e538456e6efd07080bf2a4a2"},"headline":"La embestida opositora","datePublished":"2020-07-28T14:24:22+00:00","mainEntityOfPage":{"@id":"https:\/\/lospoliticosveracruz.com\/?p=57942"},"wordCount":1075,"commentCount":0,"publisher":{"@id":"https:\/\/lospoliticosveracruz.com\/#organization"},"keywords":["Chapo Guzm\u00e1n Avil\u00e9s","Fraude electoral","Gabriel Deantes","Jes\u00fas Mart\u00ednez","Marlon Ram\u00edrez","Morena","PAN","PRD","PRI","reforma electoral","Ricardo Monreal","SCJN","Tribunal Electoral de Veracruz","Veracruz"],"articleSection":["De Opini\u00f3n"],"inLanguage":"es","potentialAction":[{"@type":"CommentAction","name":"Comment","target":["https:\/\/lospoliticosveracruz.com\/?p=57942#respond"]}]},{"@type":"WebPage","@id":"https:\/\/lospoliticosveracruz.com\/?p=57942","url":"https:\/\/lospoliticosveracruz.com\/?p=57942","name":"La embestida opositora - Los pol\u00edticos Veracruz","isPartOf":{"@id":"https:\/\/lospoliticosveracruz.com\/#website"},"datePublished":"2020-07-28T14:24:22+00:00","breadcrumb":{"@id":"https:\/\/lospoliticosveracruz.com\/?p=57942#breadcrumb"},"inLanguage":"es","potentialAction":[{"@type":"ReadAction","target":["https:\/\/lospoliticosveracruz.com\/?p=57942"]}]},{"@type":"BreadcrumbList","@id":"https:\/\/lospoliticosveracruz.com\/?p=57942#breadcrumb","itemListElement":[{"@type":"ListItem","position":1,"name":"Portada","item":"https:\/\/lospoliticosveracruz.com\/"},{"@type":"ListItem","position":2,"name":"La embestida opositora"}]},{"@type":"WebSite","@id":"https:\/\/lospoliticosveracruz.com\/#website","url":"https:\/\/lospoliticosveracruz.com\/","name":"Los pol\u00edticos Veracruz","description":"","publisher":{"@id":"https:\/\/lospoliticosveracruz.com\/#organization"},"potentialAction":[{"@type":"SearchAction","target":{"@type":"EntryPoint","urlTemplate":"https:\/\/lospoliticosveracruz.com\/?s={search_term_string}"},"query-input":{"@type":"PropertyValueSpecification","valueRequired":true,"valueName":"search_term_string"}}],"inLanguage":"es"},{"@type":"Organization","@id":"https:\/\/lospoliticosveracruz.com\/#organization","name":"Los pol\u00edticos Veracruz","url":"https:\/\/lospoliticosveracruz.com\/","logo":{"@type":"ImageObject","inLanguage":"es","@id":"https:\/\/lospoliticosveracruz.com\/#\/schema\/logo\/image\/","url":"https:\/\/lospoliticosveracruz.com\/wp-content\/uploads\/2025\/12\/Logo-Nuevo-LOS-POLITICOS-1.jpg","contentUrl":"https:\/\/lospoliticosveracruz.com\/wp-content\/uploads\/2025\/12\/Logo-Nuevo-LOS-POLITICOS-1.jpg","width":260,"height":70,"caption":"Los pol\u00edticos Veracruz"},"image":{"@id":"https:\/\/lospoliticosveracruz.com\/#\/schema\/logo\/image\/"},"sameAs":["https:\/\/www.facebook.com\/people\/Notimemes-de-los-Polticos\/61565672886568\/","https:\/\/x.com\/LosPoliticosVer"]},{"@type":"Person","@id":"https:\/\/lospoliticosveracruz.com\/#\/schema\/person\/b8702bb0e538456e6efd07080bf2a4a2","name":"Lo viste en Los Pol\u00edticos","image":{"@type":"ImageObject","inLanguage":"es","@id":"https:\/\/secure.gravatar.com\/avatar\/3a8de04a2656d44082be478bd6c086daa447c4651605818287b9532d3d0bd435?s=96&d=mm&r=g","url":"https:\/\/secure.gravatar.com\/avatar\/3a8de04a2656d44082be478bd6c086daa447c4651605818287b9532d3d0bd435?s=96&d=mm&r=g","contentUrl":"https:\/\/secure.gravatar.com\/avatar\/3a8de04a2656d44082be478bd6c086daa447c4651605818287b9532d3d0bd435?s=96&d=mm&r=g","caption":"Lo viste en Los Pol\u00edticos"},"url":"https:\/\/lospoliticosveracruz.com\/?author=2"}]}},"_links":{"self":[{"href":"https:\/\/lospoliticosveracruz.com\/index.php?rest_route=\/wp\/v2\/posts\/57942","targetHints":{"allow":["GET"]}}],"collection":[{"href":"https:\/\/lospoliticosveracruz.com\/index.php?rest_route=\/wp\/v2\/posts"}],"about":[{"href":"https:\/\/lospoliticosveracruz.com\/index.php?rest_route=\/wp\/v2\/types\/post"}],"author":[{"embeddable":true,"href":"https:\/\/lospoliticosveracruz.com\/index.php?rest_route=\/wp\/v2\/users\/2"}],"replies":[{"embeddable":true,"href":"https:\/\/lospoliticosveracruz.com\/index.php?rest_route=%2Fwp%2Fv2%2Fcomments&post=57942"}],"version-history":[{"count":1,"href":"https:\/\/lospoliticosveracruz.com\/index.php?rest_route=\/wp\/v2\/posts\/57942\/revisions"}],"predecessor-version":[{"id":57944,"href":"https:\/\/lospoliticosveracruz.com\/index.php?rest_route=\/wp\/v2\/posts\/57942\/revisions\/57944"}],"wp:attachment":[{"href":"https:\/\/lospoliticosveracruz.com\/index.php?rest_route=%2Fwp%2Fv2%2Fmedia&parent=57942"}],"wp:term":[{"taxonomy":"category","embeddable":true,"href":"https:\/\/lospoliticosveracruz.com\/index.php?rest_route=%2Fwp%2Fv2%2Fcategories&post=57942"},{"taxonomy":"post_tag","embeddable":true,"href":"https:\/\/lospoliticosveracruz.com\/index.php?rest_route=%2Fwp%2Fv2%2Ftags&post=57942"}],"curies":[{"name":"wp","href":"https:\/\/api.w.org\/{rel}","templated":true}]}}