{"id":58227,"date":"2020-08-02T11:31:58","date_gmt":"2020-08-02T16:31:58","guid":{"rendered":"http:\/\/www.lospoliticosveracruz.com.mx\/?p=58227"},"modified":"2020-08-02T11:34:58","modified_gmt":"2020-08-02T16:34:58","slug":"ahora-si-vecino-preparate","status":"publish","type":"post","link":"https:\/\/lospoliticosveracruz.com\/?p=58227","title":{"rendered":"Ahora s\u00ed, vecino \u00a1prep\u00e1rate!"},"content":{"rendered":"<p>&nbsp;<\/p>\n<p>Las obras de un jard\u00edn vecinal y un m\u00f3dulo deportivo en las colonias \u00abLa Florida\u00bb y \u00abAmapolas II\u00bb del Municipio de Veracruz que realiza -entre otras- la Secretar\u00eda de Desarrollo Agrario, Territorial y Urbano con inversi\u00f3n de 250 millones de pesos, fueron supervisadas por el titular de la dependencia, Ram\u00f3n Meyer Falc\u00f3n, sobre las cuales el Delegado de Programas de Desarrollo en el Estado, Manuel Huerta Ladr\u00f3n de Guevara, dijo que son espacios para la recreaci\u00f3n, el intercambio social y la capacitaci\u00f3n de los habitantes de las periferias urbanas.<\/p>\n<p>\u201cEspacios como los de \u00abLa Florida\u00bb y \u00abAmapolas II\u00bb integran a los ciudadanos de las comunidades m\u00e1s alejadas, marginadas y pobres de las ciudades, las cuales son foco del Programa de Mejoramiento Urbano que ha puesto en marcha el Gobierno de la Rep\u00fablica con la finalidad de inyectar recursos directamente para que no s\u00f3lo se invierta en los centros urbanos, sino tambi\u00e9n que esos beneficios vayan a las periferias\u201d, agreg\u00f3.<\/p>\n<p>En el recorrido al predio \u00abLa Florida\u00bb, Huerta coment\u00f3 que el plan es construir \u00e1reas de usos m\u00faltiples con un \u00c1gora de punto de encuentro y discusi\u00f3n de problemas de la comunidad, de recreaci\u00f3n y deporte.<\/p>\n<p>En la colonia \u00abAmapolas II\u00bb, tambi\u00e9n construir\u00e1n un \u00c1gora y se crear\u00e1n m\u00f3dulos para talleres de artes y oficios que incrementen las capacidades art\u00edsticas, productivas y una cancha de futbol 9.<\/p>\n<p>El programa se realiza con una mezcla de recursos de la Federaci\u00f3n, el Estado y el Municipio, en obras que no son de relumbr\u00f3n, se\u00f1al\u00f3 el funcionario.<\/p>\n<p>Coment\u00f3 que en Coatzacoalcos y Veracruz se est\u00e1n realizando obras de una inversi\u00f3n aproximada de 250 millones de pesos en cada Municipio y, como se ha mencionado, se destinan a trabajos de infraestructura en colonias vulnerables.<\/p>\n<p>Se\u00f1al\u00f3 que est\u00e1s obras de equipamiento urbano concluir\u00e1n en diciembre pr\u00f3ximo, al recorrido tambi\u00e9n asistieron autoridades del Gobierno Municipal y la encargada de la SEDATU en el Estado, ingeniero Ang\u00e9lica Men\u00e9ndez Rodr\u00edguez.<\/p>\n","protected":false},"excerpt":{"rendered":"<p>&nbsp; Las obras de un jard\u00edn vecinal y un m\u00f3dulo deportivo en las colonias \u00abLa Florida\u00bb y \u00abAmapolas II\u00bb del Municipio de Veracruz que realiza -entre otras- la Secretar\u00eda de Desarrollo Agrario, Territorial y Urbano con inversi\u00f3n de 250 millones de pesos, fueron supervisadas por el titular de la dependencia, Ram\u00f3n Meyer Falc\u00f3n, sobre las [&hellip;]<\/p>\n","protected":false},"author":2,"featured_media":0,"comment_status":"open","ping_status":"open","sticky":false,"template":"","format":"standard","meta":{"tdm_status":"","tdm_grid_status":"","footnotes":""},"categories":[73],"tags":[17426,371,16304,19618,1850,1026,19619,1948,195],"class_list":{"0":"post-58227","1":"post","2":"type-post","3":"status-publish","4":"format-standard","6":"category-de-boleto","7":"tag-4t","8":"tag-coatzacoalcos","9":"tag-gobierno-de-la-republica","10":"tag-jardin-vecinal","11":"tag-manuel-huerta-ladron-de-guevara","12":"tag-morena","13":"tag-programas-de-desarrollo-en-el-estado","14":"tag-sedatu","15":"tag-veracruz"},"yoast_head":"<!-- This site is optimized with the Yoast SEO plugin v27.4 - https:\/\/yoast.com\/product\/yoast-seo-wordpress\/ -->\n<title>Ahora s\u00ed, vecino \u00a1prep\u00e1rate! - Los pol\u00edticos Veracruz<\/title>\n<meta name=\"robots\" content=\"index, follow, max-snippet:-1, max-image-preview:large, max-video-preview:-1\" \/>\n<link rel=\"canonical\" href=\"https:\/\/lospoliticosveracruz.com\/?p=58227\" \/>\n<meta property=\"og:locale\" content=\"es_ES\" \/>\n<meta property=\"og:type\" content=\"article\" \/>\n<meta property=\"og:title\" content=\"Ahora s\u00ed, vecino \u00a1prep\u00e1rate! - Los pol\u00edticos Veracruz\" \/>\n<meta property=\"og:description\" content=\"&nbsp; Las obras de un jard\u00edn vecinal y un m\u00f3dulo deportivo en las colonias \u00abLa Florida\u00bb y \u00abAmapolas II\u00bb del Municipio de Veracruz que realiza -entre otras- la Secretar\u00eda de Desarrollo Agrario, Territorial y Urbano con inversi\u00f3n de 250 millones de pesos, fueron supervisadas por el titular de la dependencia, Ram\u00f3n Meyer Falc\u00f3n, sobre las [&hellip;]\" \/>\n<meta property=\"og:url\" content=\"https:\/\/lospoliticosveracruz.com\/?p=58227\" \/>\n<meta property=\"og:site_name\" content=\"Los pol\u00edticos Veracruz\" \/>\n<meta property=\"article:publisher\" content=\"https:\/\/www.facebook.com\/people\/Notimemes-de-los-Polticos\/61565672886568\/\" \/>\n<meta property=\"article:published_time\" content=\"2020-08-02T16:31:58+00:00\" \/>\n<meta property=\"article:modified_time\" content=\"2020-08-02T16:34:58+00:00\" \/>\n<meta property=\"og:image\" content=\"https:\/\/lospoliticosveracruz.com\/wp-content\/uploads\/2016\/07\/Logo-Dor.jpg\" \/>\n\t<meta property=\"og:image:width\" content=\"200\" \/>\n\t<meta property=\"og:image:height\" content=\"200\" \/>\n\t<meta property=\"og:image:type\" content=\"image\/jpeg\" \/>\n<meta name=\"author\" content=\"Lo viste en Los Pol\u00edticos\" \/>\n<meta name=\"twitter:card\" content=\"summary_large_image\" \/>\n<meta name=\"twitter:creator\" content=\"@LosPoliticosVer\" \/>\n<meta name=\"twitter:site\" content=\"@LosPoliticosVer\" \/>\n<meta name=\"twitter:label1\" content=\"Escrito por\" \/>\n\t<meta name=\"twitter:data1\" content=\"Lo viste en Los Pol\u00edticos\" \/>\n\t<meta name=\"twitter:label2\" content=\"Tiempo de lectura\" \/>\n\t<meta name=\"twitter:data2\" content=\"2 minutos\" \/>\n<script type=\"application\/ld+json\" class=\"yoast-schema-graph\">{\"@context\":\"https:\\\/\\\/schema.org\",\"@graph\":[{\"@type\":\"Article\",\"@id\":\"https:\\\/\\\/lospoliticosveracruz.com\\\/?p=58227#article\",\"isPartOf\":{\"@id\":\"https:\\\/\\\/lospoliticosveracruz.com\\\/?p=58227\"},\"author\":{\"name\":\"Lo viste en Los Pol\u00edticos\",\"@id\":\"https:\\\/\\\/lospoliticosveracruz.com\\\/#\\\/schema\\\/person\\\/b8702bb0e538456e6efd07080bf2a4a2\"},\"headline\":\"Ahora s\u00ed, vecino \u00a1prep\u00e1rate!\",\"datePublished\":\"2020-08-02T16:31:58+00:00\",\"dateModified\":\"2020-08-02T16:34:58+00:00\",\"mainEntityOfPage\":{\"@id\":\"https:\\\/\\\/lospoliticosveracruz.com\\\/?p=58227\"},\"wordCount\":358,\"commentCount\":0,\"publisher\":{\"@id\":\"https:\\\/\\\/lospoliticosveracruz.com\\\/#organization\"},\"keywords\":[\"4T\",\"Coatzacoalcos\",\"Gobierno de la Rep\u00fablica\",\"jard\u00edn vecinal\",\"Manuel Huerta Ladr\u00f3n de Guevara\",\"Morena\",\"Programas de Desarrollo en el Estado\",\"Sedatu\",\"Veracruz\"],\"articleSection\":[\"De Boleto\"],\"inLanguage\":\"es\",\"potentialAction\":[{\"@type\":\"CommentAction\",\"name\":\"Comment\",\"target\":[\"https:\\\/\\\/lospoliticosveracruz.com\\\/?p=58227#respond\"]}]},{\"@type\":\"WebPage\",\"@id\":\"https:\\\/\\\/lospoliticosveracruz.com\\\/?p=58227\",\"url\":\"https:\\\/\\\/lospoliticosveracruz.com\\\/?p=58227\",\"name\":\"Ahora s\u00ed, vecino \u00a1prep\u00e1rate! - Los pol\u00edticos Veracruz\",\"isPartOf\":{\"@id\":\"https:\\\/\\\/lospoliticosveracruz.com\\\/#website\"},\"datePublished\":\"2020-08-02T16:31:58+00:00\",\"dateModified\":\"2020-08-02T16:34:58+00:00\",\"breadcrumb\":{\"@id\":\"https:\\\/\\\/lospoliticosveracruz.com\\\/?p=58227#breadcrumb\"},\"inLanguage\":\"es\",\"potentialAction\":[{\"@type\":\"ReadAction\",\"target\":[\"https:\\\/\\\/lospoliticosveracruz.com\\\/?p=58227\"]}]},{\"@type\":\"BreadcrumbList\",\"@id\":\"https:\\\/\\\/lospoliticosveracruz.com\\\/?p=58227#breadcrumb\",\"itemListElement\":[{\"@type\":\"ListItem\",\"position\":1,\"name\":\"Portada\",\"item\":\"https:\\\/\\\/lospoliticosveracruz.com\\\/\"},{\"@type\":\"ListItem\",\"position\":2,\"name\":\"Ahora s\u00ed, vecino \u00a1prep\u00e1rate!\"}]},{\"@type\":\"WebSite\",\"@id\":\"https:\\\/\\\/lospoliticosveracruz.com\\\/#website\",\"url\":\"https:\\\/\\\/lospoliticosveracruz.com\\\/\",\"name\":\"Los pol\u00edticos Veracruz\",\"description\":\"\",\"publisher\":{\"@id\":\"https:\\\/\\\/lospoliticosveracruz.com\\\/#organization\"},\"potentialAction\":[{\"@type\":\"SearchAction\",\"target\":{\"@type\":\"EntryPoint\",\"urlTemplate\":\"https:\\\/\\\/lospoliticosveracruz.com\\\/?s={search_term_string}\"},\"query-input\":{\"@type\":\"PropertyValueSpecification\",\"valueRequired\":true,\"valueName\":\"search_term_string\"}}],\"inLanguage\":\"es\"},{\"@type\":\"Organization\",\"@id\":\"https:\\\/\\\/lospoliticosveracruz.com\\\/#organization\",\"name\":\"Los pol\u00edticos Veracruz\",\"url\":\"https:\\\/\\\/lospoliticosveracruz.com\\\/\",\"logo\":{\"@type\":\"ImageObject\",\"inLanguage\":\"es\",\"@id\":\"https:\\\/\\\/lospoliticosveracruz.com\\\/#\\\/schema\\\/logo\\\/image\\\/\",\"url\":\"https:\\\/\\\/lospoliticosveracruz.com\\\/wp-content\\\/uploads\\\/2025\\\/12\\\/Logo-Nuevo-LOS-POLITICOS-1.jpg\",\"contentUrl\":\"https:\\\/\\\/lospoliticosveracruz.com\\\/wp-content\\\/uploads\\\/2025\\\/12\\\/Logo-Nuevo-LOS-POLITICOS-1.jpg\",\"width\":260,\"height\":70,\"caption\":\"Los pol\u00edticos Veracruz\"},\"image\":{\"@id\":\"https:\\\/\\\/lospoliticosveracruz.com\\\/#\\\/schema\\\/logo\\\/image\\\/\"},\"sameAs\":[\"https:\\\/\\\/www.facebook.com\\\/people\\\/Notimemes-de-los-Polticos\\\/61565672886568\\\/\",\"https:\\\/\\\/x.com\\\/LosPoliticosVer\"]},{\"@type\":\"Person\",\"@id\":\"https:\\\/\\\/lospoliticosveracruz.com\\\/#\\\/schema\\\/person\\\/b8702bb0e538456e6efd07080bf2a4a2\",\"name\":\"Lo viste en Los Pol\u00edticos\",\"image\":{\"@type\":\"ImageObject\",\"inLanguage\":\"es\",\"@id\":\"https:\\\/\\\/secure.gravatar.com\\\/avatar\\\/3a8de04a2656d44082be478bd6c086daa447c4651605818287b9532d3d0bd435?s=96&d=mm&r=g\",\"url\":\"https:\\\/\\\/secure.gravatar.com\\\/avatar\\\/3a8de04a2656d44082be478bd6c086daa447c4651605818287b9532d3d0bd435?s=96&d=mm&r=g\",\"contentUrl\":\"https:\\\/\\\/secure.gravatar.com\\\/avatar\\\/3a8de04a2656d44082be478bd6c086daa447c4651605818287b9532d3d0bd435?s=96&d=mm&r=g\",\"caption\":\"Lo viste en Los Pol\u00edticos\"},\"url\":\"https:\\\/\\\/lospoliticosveracruz.com\\\/?author=2\"}]}<\/script>\n<!-- \/ Yoast SEO plugin. -->","yoast_head_json":{"title":"Ahora s\u00ed, vecino \u00a1prep\u00e1rate! - Los pol\u00edticos Veracruz","robots":{"index":"index","follow":"follow","max-snippet":"max-snippet:-1","max-image-preview":"max-image-preview:large","max-video-preview":"max-video-preview:-1"},"canonical":"https:\/\/lospoliticosveracruz.com\/?p=58227","og_locale":"es_ES","og_type":"article","og_title":"Ahora s\u00ed, vecino \u00a1prep\u00e1rate! - Los pol\u00edticos Veracruz","og_description":"&nbsp; Las obras de un jard\u00edn vecinal y un m\u00f3dulo deportivo en las colonias \u00abLa Florida\u00bb y \u00abAmapolas II\u00bb del Municipio de Veracruz que realiza -entre otras- la Secretar\u00eda de Desarrollo Agrario, Territorial y Urbano con inversi\u00f3n de 250 millones de pesos, fueron supervisadas por el titular de la dependencia, Ram\u00f3n Meyer Falc\u00f3n, sobre las [&hellip;]","og_url":"https:\/\/lospoliticosveracruz.com\/?p=58227","og_site_name":"Los pol\u00edticos Veracruz","article_publisher":"https:\/\/www.facebook.com\/people\/Notimemes-de-los-Polticos\/61565672886568\/","article_published_time":"2020-08-02T16:31:58+00:00","article_modified_time":"2020-08-02T16:34:58+00:00","og_image":[{"width":200,"height":200,"url":"https:\/\/lospoliticosveracruz.com\/wp-content\/uploads\/2016\/07\/Logo-Dor.jpg","type":"image\/jpeg"}],"author":"Lo viste en Los Pol\u00edticos","twitter_card":"summary_large_image","twitter_creator":"@LosPoliticosVer","twitter_site":"@LosPoliticosVer","twitter_misc":{"Escrito por":"Lo viste en Los Pol\u00edticos","Tiempo de lectura":"2 minutos"},"schema":{"@context":"https:\/\/schema.org","@graph":[{"@type":"Article","@id":"https:\/\/lospoliticosveracruz.com\/?p=58227#article","isPartOf":{"@id":"https:\/\/lospoliticosveracruz.com\/?p=58227"},"author":{"name":"Lo viste en Los Pol\u00edticos","@id":"https:\/\/lospoliticosveracruz.com\/#\/schema\/person\/b8702bb0e538456e6efd07080bf2a4a2"},"headline":"Ahora s\u00ed, vecino \u00a1prep\u00e1rate!","datePublished":"2020-08-02T16:31:58+00:00","dateModified":"2020-08-02T16:34:58+00:00","mainEntityOfPage":{"@id":"https:\/\/lospoliticosveracruz.com\/?p=58227"},"wordCount":358,"commentCount":0,"publisher":{"@id":"https:\/\/lospoliticosveracruz.com\/#organization"},"keywords":["4T","Coatzacoalcos","Gobierno de la Rep\u00fablica","jard\u00edn vecinal","Manuel Huerta Ladr\u00f3n de Guevara","Morena","Programas de Desarrollo en el Estado","Sedatu","Veracruz"],"articleSection":["De Boleto"],"inLanguage":"es","potentialAction":[{"@type":"CommentAction","name":"Comment","target":["https:\/\/lospoliticosveracruz.com\/?p=58227#respond"]}]},{"@type":"WebPage","@id":"https:\/\/lospoliticosveracruz.com\/?p=58227","url":"https:\/\/lospoliticosveracruz.com\/?p=58227","name":"Ahora s\u00ed, vecino \u00a1prep\u00e1rate! - Los pol\u00edticos Veracruz","isPartOf":{"@id":"https:\/\/lospoliticosveracruz.com\/#website"},"datePublished":"2020-08-02T16:31:58+00:00","dateModified":"2020-08-02T16:34:58+00:00","breadcrumb":{"@id":"https:\/\/lospoliticosveracruz.com\/?p=58227#breadcrumb"},"inLanguage":"es","potentialAction":[{"@type":"ReadAction","target":["https:\/\/lospoliticosveracruz.com\/?p=58227"]}]},{"@type":"BreadcrumbList","@id":"https:\/\/lospoliticosveracruz.com\/?p=58227#breadcrumb","itemListElement":[{"@type":"ListItem","position":1,"name":"Portada","item":"https:\/\/lospoliticosveracruz.com\/"},{"@type":"ListItem","position":2,"name":"Ahora s\u00ed, vecino \u00a1prep\u00e1rate!"}]},{"@type":"WebSite","@id":"https:\/\/lospoliticosveracruz.com\/#website","url":"https:\/\/lospoliticosveracruz.com\/","name":"Los pol\u00edticos Veracruz","description":"","publisher":{"@id":"https:\/\/lospoliticosveracruz.com\/#organization"},"potentialAction":[{"@type":"SearchAction","target":{"@type":"EntryPoint","urlTemplate":"https:\/\/lospoliticosveracruz.com\/?s={search_term_string}"},"query-input":{"@type":"PropertyValueSpecification","valueRequired":true,"valueName":"search_term_string"}}],"inLanguage":"es"},{"@type":"Organization","@id":"https:\/\/lospoliticosveracruz.com\/#organization","name":"Los pol\u00edticos Veracruz","url":"https:\/\/lospoliticosveracruz.com\/","logo":{"@type":"ImageObject","inLanguage":"es","@id":"https:\/\/lospoliticosveracruz.com\/#\/schema\/logo\/image\/","url":"https:\/\/lospoliticosveracruz.com\/wp-content\/uploads\/2025\/12\/Logo-Nuevo-LOS-POLITICOS-1.jpg","contentUrl":"https:\/\/lospoliticosveracruz.com\/wp-content\/uploads\/2025\/12\/Logo-Nuevo-LOS-POLITICOS-1.jpg","width":260,"height":70,"caption":"Los pol\u00edticos Veracruz"},"image":{"@id":"https:\/\/lospoliticosveracruz.com\/#\/schema\/logo\/image\/"},"sameAs":["https:\/\/www.facebook.com\/people\/Notimemes-de-los-Polticos\/61565672886568\/","https:\/\/x.com\/LosPoliticosVer"]},{"@type":"Person","@id":"https:\/\/lospoliticosveracruz.com\/#\/schema\/person\/b8702bb0e538456e6efd07080bf2a4a2","name":"Lo viste en Los Pol\u00edticos","image":{"@type":"ImageObject","inLanguage":"es","@id":"https:\/\/secure.gravatar.com\/avatar\/3a8de04a2656d44082be478bd6c086daa447c4651605818287b9532d3d0bd435?s=96&d=mm&r=g","url":"https:\/\/secure.gravatar.com\/avatar\/3a8de04a2656d44082be478bd6c086daa447c4651605818287b9532d3d0bd435?s=96&d=mm&r=g","contentUrl":"https:\/\/secure.gravatar.com\/avatar\/3a8de04a2656d44082be478bd6c086daa447c4651605818287b9532d3d0bd435?s=96&d=mm&r=g","caption":"Lo viste en Los Pol\u00edticos"},"url":"https:\/\/lospoliticosveracruz.com\/?author=2"}]}},"_links":{"self":[{"href":"https:\/\/lospoliticosveracruz.com\/index.php?rest_route=\/wp\/v2\/posts\/58227","targetHints":{"allow":["GET"]}}],"collection":[{"href":"https:\/\/lospoliticosveracruz.com\/index.php?rest_route=\/wp\/v2\/posts"}],"about":[{"href":"https:\/\/lospoliticosveracruz.com\/index.php?rest_route=\/wp\/v2\/types\/post"}],"author":[{"embeddable":true,"href":"https:\/\/lospoliticosveracruz.com\/index.php?rest_route=\/wp\/v2\/users\/2"}],"replies":[{"embeddable":true,"href":"https:\/\/lospoliticosveracruz.com\/index.php?rest_route=%2Fwp%2Fv2%2Fcomments&post=58227"}],"version-history":[{"count":2,"href":"https:\/\/lospoliticosveracruz.com\/index.php?rest_route=\/wp\/v2\/posts\/58227\/revisions"}],"predecessor-version":[{"id":58230,"href":"https:\/\/lospoliticosveracruz.com\/index.php?rest_route=\/wp\/v2\/posts\/58227\/revisions\/58230"}],"wp:attachment":[{"href":"https:\/\/lospoliticosveracruz.com\/index.php?rest_route=%2Fwp%2Fv2%2Fmedia&parent=58227"}],"wp:term":[{"taxonomy":"category","embeddable":true,"href":"https:\/\/lospoliticosveracruz.com\/index.php?rest_route=%2Fwp%2Fv2%2Fcategories&post=58227"},{"taxonomy":"post_tag","embeddable":true,"href":"https:\/\/lospoliticosveracruz.com\/index.php?rest_route=%2Fwp%2Fv2%2Ftags&post=58227"}],"curies":[{"name":"wp","href":"https:\/\/api.w.org\/{rel}","templated":true}]}}