{"id":58279,"date":"2020-08-03T20:09:12","date_gmt":"2020-08-04T01:09:12","guid":{"rendered":"http:\/\/www.lospoliticosveracruz.com.mx\/?p=58279"},"modified":"2020-08-03T20:09:12","modified_gmt":"2020-08-04T01:09:12","slug":"tenemos-hambre-de-ganar","status":"publish","type":"post","link":"https:\/\/lospoliticosveracruz.com\/?p=58279","title":{"rendered":"Tenemos hambre de ganar"},"content":{"rendered":"<p>&nbsp;<\/p>\n<p>Nunca se queden callados, no permitan que alguien hable mal del PRI de Veracruz, ni al interior ni al exterior, y que no tenga una respuesta de nosotros, manifest\u00f3 el presidente del CDE en la entidad, Marlon Ram\u00edrez Mar\u00edn, a las y los nuevos titulares de las presidencias y secretar\u00edas generales de comit\u00e9s municipales.<\/p>\n<p>Consider\u00f3 que quedarse callados al ser parte de este instituto pol\u00edtico, es el peor error que se puede cometer, y a ofensa recibida se le debe dar una respuesta igual, \u201cel PRI no puede permanecer callado porque tenemos muchas obras y acciones que hicimos en el estado y en el pa\u00eds\u201d, a\u00f1adi\u00f3.<\/p>\n<p>Luego de tomar protesta a las presidentas, presidentes, secretarias y secretarios generales de los comit\u00e9s municipales de Boca del R\u00edo, Tlalixcoyan, Ignacio de la Llave, Jamapa, Camar\u00f3n de Tejeda y Cotaxtla, consider\u00f3 positivo que el partido tenga nuevos rostros. \u201cCreemos que son ya nuestros brazos, nuestras manos, piernas, o\u00eddos y boca\u201d.<\/p>\n<p>\u201cQuienes hoy asumen su nuevo encargo tienen una gran responsabilidad, cuentan con toda la confianza y el respaldo del CDE. Tenemos hambre de ganar, de que a Veracruz le vaya bien, de reivindicarnos con la sociedad y hacer mejor las cosas\u201d, enfatiz\u00f3.<\/p>\n<p>Advirti\u00f3 que ha habido quien le apuesta a que al PRI le va a ir mal, a que el PRI va a desaparecer, \u201cno son pocos nuestros detractores, y la realidad es que siempre se han quedado con las ganas, porque cuando se inicia desde cero, hay una gran ventaja, y hoy el trabajo se nota y nos respalda\u201d.<\/p>\n<p>\u201cNuestros detractores no esperan nada de nosotros, siguen embriagados en la victoria que tuvieron y ni se enteraron como fue, piensan que el partido estaba acabado, y en Boca del R\u00edo como en otros municipios hemos perdido, pero tambi\u00e9n hemos ganado elecciones cuando tenemos la sencillez y humildad de reconocer que no hicimos las cosas bien\u201d, enfatiz\u00f3.<\/p>\n<p>En su intervenci\u00f3n, la diputada federal, Anil\u00fa Ingram Vallines, reconoci\u00f3 la complejidad de conformar 149 comit\u00e9s directivos municipales en un estado con gran apasionamiento pol\u00edtico como Veracruz, y resalt\u00f3 que el PRI es un partido capaz de ir en unidad, con fortaleza y convicciones. \u00abHoy tenemos una prueba que no es sencilla, pero con las mejores mujeres y hombres, vamos a dar la gran batalla el pr\u00f3ximo 2021\u201d.<\/p>\n<p>Por su parte, el presidente del Comit\u00e9 Municipal en Boca del R\u00edo, Rodolfo Lorente Mosqueda, subray\u00f3 que el PRI es un partido din\u00e1mico, innovador, de puertas abiertas, y con el trabajo, experiencia y juventud de las y los nuevos dirigentes, quienes levantar\u00e1n la voz, se lograr\u00e1n resultados favorecedores para Veracruz.<\/p>\n<p>Rindieron protesta del Comit\u00e9 de Boca del R\u00edo: Rodolfo Lorente Mosqueda, como presidente; Mar\u00eda Esther Fragoso Ter\u00e1n, como secretaria general; del Comit\u00e9 de Tlalixcoyan: Guedana Valdivia Lordm\u00e9ndez como presidenta y Rub\u00e9n Cruz Cruz como secretario general; del Comit\u00e9 de Camar\u00f3n de Tejeda, como presidente Hugo Rafael Pimentel L\u00f3pez, y Raquel Araceli G\u00f3mez Bernardi como secretaria general y del Comit\u00e9 de Ignacio de la Llave: Aurelio de Jes\u00fas Errasquin Hern\u00e1ndez como presidente y Cristina Ter\u00e1n Raygoza como secretaria general.<\/p>\n<p>De igual forma, del Comit\u00e9 de Carrillo Puerto, Jes\u00fas Pav\u00f3n Flores como presidente, y Domitila Rosales del Pilar, como secretaria general; del Comit\u00e9 de Cotaxtla: Tom\u00e1s Zurita Rivera, y Beatriz Crisanto Calles como secretaria general; del Comit\u00e9 de Cuitl\u00e1huac, Rafael Soriano Burgos como presidente y Erika Fern\u00e1ndez Burgos como secretaria general; y del Comit\u00e9 de Jamapa: David Sosa D\u00edaz, como presidente y\u00a0 Mar\u00eda de los \u00c1ngeles \u00c1lvarez Covarrubias como secretaria general.<\/p>\n","protected":false},"excerpt":{"rendered":"<p>&nbsp; Nunca se queden callados, no permitan que alguien hable mal del PRI de Veracruz, ni al interior ni al exterior, y que no tenga una respuesta de nosotros, manifest\u00f3 el presidente del CDE en la entidad, Marlon Ram\u00edrez Mar\u00edn, a las y los nuevos titulares de las presidencias y secretar\u00edas generales de comit\u00e9s municipales. [&hellip;]<\/p>\n","protected":false},"author":2,"featured_media":0,"comment_status":"open","ping_status":"open","sticky":false,"template":"","format":"standard","meta":{"tdm_status":"","tdm_grid_status":"","footnotes":""},"categories":[73],"tags":[1872,601,6484,19315,7192,3693,11321,19644,2908,251,3886,19643,4752],"class_list":{"0":"post-58279","1":"post","2":"type-post","3":"status-publish","4":"format-standard","6":"category-de-boleto","7":"tag-anilu-ingram-vallines","8":"tag-boca-del-rio","9":"tag-camaron-de-tejeda","10":"tag-cde","11":"tag-cotaxtla","12":"tag-ignacio-de-la-llave","13":"tag-jamapa","14":"tag-maria-esther-fragoso-teran","15":"tag-marlon-ramirez-marin","16":"tag-pri","17":"tag-pri-de-veracruz","18":"tag-rodolfo-lorente-mosqueda","19":"tag-tlalixcoyan"},"yoast_head":"<!-- This site is optimized with the Yoast SEO plugin v27.4 - https:\/\/yoast.com\/product\/yoast-seo-wordpress\/ -->\n<title>Tenemos hambre de ganar - Los pol\u00edticos Veracruz<\/title>\n<meta name=\"robots\" content=\"index, follow, max-snippet:-1, max-image-preview:large, max-video-preview:-1\" \/>\n<link rel=\"canonical\" href=\"https:\/\/lospoliticosveracruz.com\/?p=58279\" \/>\n<meta property=\"og:locale\" content=\"es_ES\" \/>\n<meta property=\"og:type\" content=\"article\" \/>\n<meta property=\"og:title\" content=\"Tenemos hambre de ganar - Los pol\u00edticos Veracruz\" \/>\n<meta property=\"og:description\" content=\"&nbsp; Nunca se queden callados, no permitan que alguien hable mal del PRI de Veracruz, ni al interior ni al exterior, y que no tenga una respuesta de nosotros, manifest\u00f3 el presidente del CDE en la entidad, Marlon Ram\u00edrez Mar\u00edn, a las y los nuevos titulares de las presidencias y secretar\u00edas generales de comit\u00e9s municipales. [&hellip;]\" \/>\n<meta property=\"og:url\" content=\"https:\/\/lospoliticosveracruz.com\/?p=58279\" \/>\n<meta property=\"og:site_name\" content=\"Los pol\u00edticos Veracruz\" \/>\n<meta property=\"article:publisher\" content=\"https:\/\/www.facebook.com\/people\/Notimemes-de-los-Polticos\/61565672886568\/\" \/>\n<meta property=\"article:published_time\" content=\"2020-08-04T01:09:12+00:00\" \/>\n<meta property=\"og:image\" content=\"https:\/\/lospoliticosveracruz.com\/wp-content\/uploads\/2016\/07\/Logo-Dor.jpg\" \/>\n\t<meta property=\"og:image:width\" content=\"200\" \/>\n\t<meta property=\"og:image:height\" content=\"200\" \/>\n\t<meta property=\"og:image:type\" content=\"image\/jpeg\" \/>\n<meta name=\"author\" content=\"Lo viste en Los Pol\u00edticos\" \/>\n<meta name=\"twitter:card\" content=\"summary_large_image\" \/>\n<meta name=\"twitter:creator\" content=\"@LosPoliticosVer\" \/>\n<meta name=\"twitter:site\" content=\"@LosPoliticosVer\" \/>\n<meta name=\"twitter:label1\" content=\"Escrito por\" \/>\n\t<meta name=\"twitter:data1\" content=\"Lo viste en Los Pol\u00edticos\" \/>\n\t<meta name=\"twitter:label2\" content=\"Tiempo de lectura\" \/>\n\t<meta name=\"twitter:data2\" content=\"3 minutos\" \/>\n<script type=\"application\/ld+json\" class=\"yoast-schema-graph\">{\"@context\":\"https:\\\/\\\/schema.org\",\"@graph\":[{\"@type\":\"Article\",\"@id\":\"https:\\\/\\\/lospoliticosveracruz.com\\\/?p=58279#article\",\"isPartOf\":{\"@id\":\"https:\\\/\\\/lospoliticosveracruz.com\\\/?p=58279\"},\"author\":{\"name\":\"Lo viste en Los Pol\u00edticos\",\"@id\":\"https:\\\/\\\/lospoliticosveracruz.com\\\/#\\\/schema\\\/person\\\/b8702bb0e538456e6efd07080bf2a4a2\"},\"headline\":\"Tenemos hambre de ganar\",\"datePublished\":\"2020-08-04T01:09:12+00:00\",\"mainEntityOfPage\":{\"@id\":\"https:\\\/\\\/lospoliticosveracruz.com\\\/?p=58279\"},\"wordCount\":624,\"commentCount\":0,\"publisher\":{\"@id\":\"https:\\\/\\\/lospoliticosveracruz.com\\\/#organization\"},\"keywords\":[\"Anil\u00fa Ingram Vallines\",\"Boca del R\u00edo\",\"Camar\u00f3n de Tejeda\",\"CDE\",\"Cotaxtla\",\"Ignacio de la Llave\",\"Jamapa\",\"Mar\u00eda Esther Fragoso Ter\u00e1n\",\"Marlon Ram\u00edrez Mar\u00edn\",\"PRI\",\"PRI de Veracruz\",\"Rodolfo Lorente Mosqueda\",\"Tlalixcoyan\"],\"articleSection\":[\"De Boleto\"],\"inLanguage\":\"es\",\"potentialAction\":[{\"@type\":\"CommentAction\",\"name\":\"Comment\",\"target\":[\"https:\\\/\\\/lospoliticosveracruz.com\\\/?p=58279#respond\"]}]},{\"@type\":\"WebPage\",\"@id\":\"https:\\\/\\\/lospoliticosveracruz.com\\\/?p=58279\",\"url\":\"https:\\\/\\\/lospoliticosveracruz.com\\\/?p=58279\",\"name\":\"Tenemos hambre de ganar - Los pol\u00edticos Veracruz\",\"isPartOf\":{\"@id\":\"https:\\\/\\\/lospoliticosveracruz.com\\\/#website\"},\"datePublished\":\"2020-08-04T01:09:12+00:00\",\"breadcrumb\":{\"@id\":\"https:\\\/\\\/lospoliticosveracruz.com\\\/?p=58279#breadcrumb\"},\"inLanguage\":\"es\",\"potentialAction\":[{\"@type\":\"ReadAction\",\"target\":[\"https:\\\/\\\/lospoliticosveracruz.com\\\/?p=58279\"]}]},{\"@type\":\"BreadcrumbList\",\"@id\":\"https:\\\/\\\/lospoliticosveracruz.com\\\/?p=58279#breadcrumb\",\"itemListElement\":[{\"@type\":\"ListItem\",\"position\":1,\"name\":\"Portada\",\"item\":\"https:\\\/\\\/lospoliticosveracruz.com\\\/\"},{\"@type\":\"ListItem\",\"position\":2,\"name\":\"Tenemos hambre de ganar\"}]},{\"@type\":\"WebSite\",\"@id\":\"https:\\\/\\\/lospoliticosveracruz.com\\\/#website\",\"url\":\"https:\\\/\\\/lospoliticosveracruz.com\\\/\",\"name\":\"Los pol\u00edticos Veracruz\",\"description\":\"\",\"publisher\":{\"@id\":\"https:\\\/\\\/lospoliticosveracruz.com\\\/#organization\"},\"potentialAction\":[{\"@type\":\"SearchAction\",\"target\":{\"@type\":\"EntryPoint\",\"urlTemplate\":\"https:\\\/\\\/lospoliticosveracruz.com\\\/?s={search_term_string}\"},\"query-input\":{\"@type\":\"PropertyValueSpecification\",\"valueRequired\":true,\"valueName\":\"search_term_string\"}}],\"inLanguage\":\"es\"},{\"@type\":\"Organization\",\"@id\":\"https:\\\/\\\/lospoliticosveracruz.com\\\/#organization\",\"name\":\"Los pol\u00edticos Veracruz\",\"url\":\"https:\\\/\\\/lospoliticosveracruz.com\\\/\",\"logo\":{\"@type\":\"ImageObject\",\"inLanguage\":\"es\",\"@id\":\"https:\\\/\\\/lospoliticosveracruz.com\\\/#\\\/schema\\\/logo\\\/image\\\/\",\"url\":\"https:\\\/\\\/lospoliticosveracruz.com\\\/wp-content\\\/uploads\\\/2025\\\/12\\\/Logo-Nuevo-LOS-POLITICOS-1.jpg\",\"contentUrl\":\"https:\\\/\\\/lospoliticosveracruz.com\\\/wp-content\\\/uploads\\\/2025\\\/12\\\/Logo-Nuevo-LOS-POLITICOS-1.jpg\",\"width\":260,\"height\":70,\"caption\":\"Los pol\u00edticos Veracruz\"},\"image\":{\"@id\":\"https:\\\/\\\/lospoliticosveracruz.com\\\/#\\\/schema\\\/logo\\\/image\\\/\"},\"sameAs\":[\"https:\\\/\\\/www.facebook.com\\\/people\\\/Notimemes-de-los-Polticos\\\/61565672886568\\\/\",\"https:\\\/\\\/x.com\\\/LosPoliticosVer\"]},{\"@type\":\"Person\",\"@id\":\"https:\\\/\\\/lospoliticosveracruz.com\\\/#\\\/schema\\\/person\\\/b8702bb0e538456e6efd07080bf2a4a2\",\"name\":\"Lo viste en Los Pol\u00edticos\",\"image\":{\"@type\":\"ImageObject\",\"inLanguage\":\"es\",\"@id\":\"https:\\\/\\\/secure.gravatar.com\\\/avatar\\\/3a8de04a2656d44082be478bd6c086daa447c4651605818287b9532d3d0bd435?s=96&d=mm&r=g\",\"url\":\"https:\\\/\\\/secure.gravatar.com\\\/avatar\\\/3a8de04a2656d44082be478bd6c086daa447c4651605818287b9532d3d0bd435?s=96&d=mm&r=g\",\"contentUrl\":\"https:\\\/\\\/secure.gravatar.com\\\/avatar\\\/3a8de04a2656d44082be478bd6c086daa447c4651605818287b9532d3d0bd435?s=96&d=mm&r=g\",\"caption\":\"Lo viste en Los Pol\u00edticos\"},\"url\":\"https:\\\/\\\/lospoliticosveracruz.com\\\/?author=2\"}]}<\/script>\n<!-- \/ Yoast SEO plugin. -->","yoast_head_json":{"title":"Tenemos hambre de ganar - Los pol\u00edticos Veracruz","robots":{"index":"index","follow":"follow","max-snippet":"max-snippet:-1","max-image-preview":"max-image-preview:large","max-video-preview":"max-video-preview:-1"},"canonical":"https:\/\/lospoliticosveracruz.com\/?p=58279","og_locale":"es_ES","og_type":"article","og_title":"Tenemos hambre de ganar - Los pol\u00edticos Veracruz","og_description":"&nbsp; Nunca se queden callados, no permitan que alguien hable mal del PRI de Veracruz, ni al interior ni al exterior, y que no tenga una respuesta de nosotros, manifest\u00f3 el presidente del CDE en la entidad, Marlon Ram\u00edrez Mar\u00edn, a las y los nuevos titulares de las presidencias y secretar\u00edas generales de comit\u00e9s municipales. [&hellip;]","og_url":"https:\/\/lospoliticosveracruz.com\/?p=58279","og_site_name":"Los pol\u00edticos Veracruz","article_publisher":"https:\/\/www.facebook.com\/people\/Notimemes-de-los-Polticos\/61565672886568\/","article_published_time":"2020-08-04T01:09:12+00:00","og_image":[{"width":200,"height":200,"url":"https:\/\/lospoliticosveracruz.com\/wp-content\/uploads\/2016\/07\/Logo-Dor.jpg","type":"image\/jpeg"}],"author":"Lo viste en Los Pol\u00edticos","twitter_card":"summary_large_image","twitter_creator":"@LosPoliticosVer","twitter_site":"@LosPoliticosVer","twitter_misc":{"Escrito por":"Lo viste en Los Pol\u00edticos","Tiempo de lectura":"3 minutos"},"schema":{"@context":"https:\/\/schema.org","@graph":[{"@type":"Article","@id":"https:\/\/lospoliticosveracruz.com\/?p=58279#article","isPartOf":{"@id":"https:\/\/lospoliticosveracruz.com\/?p=58279"},"author":{"name":"Lo viste en Los Pol\u00edticos","@id":"https:\/\/lospoliticosveracruz.com\/#\/schema\/person\/b8702bb0e538456e6efd07080bf2a4a2"},"headline":"Tenemos hambre de ganar","datePublished":"2020-08-04T01:09:12+00:00","mainEntityOfPage":{"@id":"https:\/\/lospoliticosveracruz.com\/?p=58279"},"wordCount":624,"commentCount":0,"publisher":{"@id":"https:\/\/lospoliticosveracruz.com\/#organization"},"keywords":["Anil\u00fa Ingram Vallines","Boca del R\u00edo","Camar\u00f3n de Tejeda","CDE","Cotaxtla","Ignacio de la Llave","Jamapa","Mar\u00eda Esther Fragoso Ter\u00e1n","Marlon Ram\u00edrez Mar\u00edn","PRI","PRI de Veracruz","Rodolfo Lorente Mosqueda","Tlalixcoyan"],"articleSection":["De Boleto"],"inLanguage":"es","potentialAction":[{"@type":"CommentAction","name":"Comment","target":["https:\/\/lospoliticosveracruz.com\/?p=58279#respond"]}]},{"@type":"WebPage","@id":"https:\/\/lospoliticosveracruz.com\/?p=58279","url":"https:\/\/lospoliticosveracruz.com\/?p=58279","name":"Tenemos hambre de ganar - Los pol\u00edticos Veracruz","isPartOf":{"@id":"https:\/\/lospoliticosveracruz.com\/#website"},"datePublished":"2020-08-04T01:09:12+00:00","breadcrumb":{"@id":"https:\/\/lospoliticosveracruz.com\/?p=58279#breadcrumb"},"inLanguage":"es","potentialAction":[{"@type":"ReadAction","target":["https:\/\/lospoliticosveracruz.com\/?p=58279"]}]},{"@type":"BreadcrumbList","@id":"https:\/\/lospoliticosveracruz.com\/?p=58279#breadcrumb","itemListElement":[{"@type":"ListItem","position":1,"name":"Portada","item":"https:\/\/lospoliticosveracruz.com\/"},{"@type":"ListItem","position":2,"name":"Tenemos hambre de ganar"}]},{"@type":"WebSite","@id":"https:\/\/lospoliticosveracruz.com\/#website","url":"https:\/\/lospoliticosveracruz.com\/","name":"Los pol\u00edticos Veracruz","description":"","publisher":{"@id":"https:\/\/lospoliticosveracruz.com\/#organization"},"potentialAction":[{"@type":"SearchAction","target":{"@type":"EntryPoint","urlTemplate":"https:\/\/lospoliticosveracruz.com\/?s={search_term_string}"},"query-input":{"@type":"PropertyValueSpecification","valueRequired":true,"valueName":"search_term_string"}}],"inLanguage":"es"},{"@type":"Organization","@id":"https:\/\/lospoliticosveracruz.com\/#organization","name":"Los pol\u00edticos Veracruz","url":"https:\/\/lospoliticosveracruz.com\/","logo":{"@type":"ImageObject","inLanguage":"es","@id":"https:\/\/lospoliticosveracruz.com\/#\/schema\/logo\/image\/","url":"https:\/\/lospoliticosveracruz.com\/wp-content\/uploads\/2025\/12\/Logo-Nuevo-LOS-POLITICOS-1.jpg","contentUrl":"https:\/\/lospoliticosveracruz.com\/wp-content\/uploads\/2025\/12\/Logo-Nuevo-LOS-POLITICOS-1.jpg","width":260,"height":70,"caption":"Los pol\u00edticos Veracruz"},"image":{"@id":"https:\/\/lospoliticosveracruz.com\/#\/schema\/logo\/image\/"},"sameAs":["https:\/\/www.facebook.com\/people\/Notimemes-de-los-Polticos\/61565672886568\/","https:\/\/x.com\/LosPoliticosVer"]},{"@type":"Person","@id":"https:\/\/lospoliticosveracruz.com\/#\/schema\/person\/b8702bb0e538456e6efd07080bf2a4a2","name":"Lo viste en Los Pol\u00edticos","image":{"@type":"ImageObject","inLanguage":"es","@id":"https:\/\/secure.gravatar.com\/avatar\/3a8de04a2656d44082be478bd6c086daa447c4651605818287b9532d3d0bd435?s=96&d=mm&r=g","url":"https:\/\/secure.gravatar.com\/avatar\/3a8de04a2656d44082be478bd6c086daa447c4651605818287b9532d3d0bd435?s=96&d=mm&r=g","contentUrl":"https:\/\/secure.gravatar.com\/avatar\/3a8de04a2656d44082be478bd6c086daa447c4651605818287b9532d3d0bd435?s=96&d=mm&r=g","caption":"Lo viste en Los Pol\u00edticos"},"url":"https:\/\/lospoliticosveracruz.com\/?author=2"}]}},"_links":{"self":[{"href":"https:\/\/lospoliticosveracruz.com\/index.php?rest_route=\/wp\/v2\/posts\/58279","targetHints":{"allow":["GET"]}}],"collection":[{"href":"https:\/\/lospoliticosveracruz.com\/index.php?rest_route=\/wp\/v2\/posts"}],"about":[{"href":"https:\/\/lospoliticosveracruz.com\/index.php?rest_route=\/wp\/v2\/types\/post"}],"author":[{"embeddable":true,"href":"https:\/\/lospoliticosveracruz.com\/index.php?rest_route=\/wp\/v2\/users\/2"}],"replies":[{"embeddable":true,"href":"https:\/\/lospoliticosveracruz.com\/index.php?rest_route=%2Fwp%2Fv2%2Fcomments&post=58279"}],"version-history":[{"count":1,"href":"https:\/\/lospoliticosveracruz.com\/index.php?rest_route=\/wp\/v2\/posts\/58279\/revisions"}],"predecessor-version":[{"id":58281,"href":"https:\/\/lospoliticosveracruz.com\/index.php?rest_route=\/wp\/v2\/posts\/58279\/revisions\/58281"}],"wp:attachment":[{"href":"https:\/\/lospoliticosveracruz.com\/index.php?rest_route=%2Fwp%2Fv2%2Fmedia&parent=58279"}],"wp:term":[{"taxonomy":"category","embeddable":true,"href":"https:\/\/lospoliticosveracruz.com\/index.php?rest_route=%2Fwp%2Fv2%2Fcategories&post=58279"},{"taxonomy":"post_tag","embeddable":true,"href":"https:\/\/lospoliticosveracruz.com\/index.php?rest_route=%2Fwp%2Fv2%2Ftags&post=58279"}],"curies":[{"name":"wp","href":"https:\/\/api.w.org\/{rel}","templated":true}]}}