{"id":58384,"date":"2020-08-05T21:22:49","date_gmt":"2020-08-06T02:22:49","guid":{"rendered":"http:\/\/www.lospoliticosveracruz.com.mx\/?p=58384"},"modified":"2020-08-05T21:24:08","modified_gmt":"2020-08-06T02:24:08","slug":"la-rectoria-que-viene","status":"publish","type":"post","link":"https:\/\/lospoliticosveracruz.com\/?p=58384","title":{"rendered":"La Rector\u00eda que viene"},"content":{"rendered":"<p><strong>Adalberto Tejeda-Mart\u00ednez<\/strong><\/p>\n<p>La Universidad Veracruzana renovar\u00e1 la Rector\u00eda dentro de un a\u00f1o. Para ocuparla se identifican como diez nombres, entre autoridades y funcionarios del primer nivel actual, excompetidores de hace tres a\u00f1os y un par de nuevas caras. Se ir\u00e1n dando a conocer conforme el proceso tome forma hacia inicios del pr\u00f3ximo a\u00f1o, pero aprovechando este asueto vacacional encimado a la cuarentena, se vale especular.<br \/>\nPrimero, sobre si continuar\u00e1 vigente la actual Ley Org\u00e1nica, imperfecta y vieja, pero mejor que esa traici\u00f3n a la autonom\u00eda universitaria y a la transparencia que es el anteproyecto presentado a la Legislatura hace un a\u00f1o*. Lo sensato, de parte de esta C\u00e1mara local, ser\u00e1 dejar el tema a la siguiente, cuando tambi\u00e9n haya nuevas autoridades universitarias; pero el oportunismo pol\u00edtico quiz\u00e1s se meta por la ventana que en mal momento abri\u00f3 la UV con un proyecto de cambio de Ley Org\u00e1nica que no es prioridad de la comunidad universitaria ni de la sociedad veracruzana, aunque s\u00ed de interesados en menguar la Contralor\u00eda y la Junta de Gobierno de la UV.<br \/>\nLa segunda especulaci\u00f3n es sobre el escenario que enfrentar\u00e1 quien ocupe la Rector\u00eda a partir de septiembre del a\u00f1o que viene: virtualidad, seguridad, financiamiento, autonom\u00eda y liderazgo. V\u00e1monos por partes.<br \/>\nDesde hace tres lustros las suspensiones de actividades por hidrometeoros, a veces sensatas y a veces locas (huracanes en lontananza con playas y plazas comerciales para disfrutarse a plenitud), ven\u00edan exigiendo estrategias virtuales de docencia y, de ser posible, de investigaci\u00f3n y extensi\u00f3n de la cultura. La pandemia ha evidenciado lo perentorio del trabajo a distancia de acad\u00e9micos, administrativos, funcionarios y estudiantes. \u00bfQu\u00e9 inversiones se requieren en infraestructura?, \u00bfqu\u00e9 facilidades al personal universitario?, \u00bfqu\u00e9 apoyos para estudiantes que por su situaci\u00f3n tienen conectividad nula o deficiente? La pandemia muestra que en muchos casos las obras de remodelaci\u00f3n ejecutadas recientemente son absurdas: muros cubiertos de azulejo en escuelas con internet intermitente.<br \/>\nLa crisis econ\u00f3mica agudizada en estos meses llevar\u00e1 a un incremento de la delincuencia. Habr\u00e1 mayor penetraci\u00f3n del narcomenudeo en los campus, o quiz\u00e1s se inicien cobros de piso y secuestros expr\u00e9s, al tiempo que crece la arrogancia de las fuerzas armadas contra la juventud: en Xalapa detienen y muere el serigrafista Carlos Andr\u00e9s Navarro el 2 de mayo o apresan el 10 de julio al estudiante de Fotograf\u00eda de la UV Carlos Alarc\u00f3n por pronunciar la palabra \u00abculo\u00bb.<br \/>\nEn consonancia con este panorama, los gobiernos federal y estatal son poco amigables con la ciencia y la cultura; est\u00e1n dispuestos a rasurar presupuestos e imponer la exigencia de cantidad de estudiantes en menoscabo de la calidad acad\u00e9mica.<br \/>\nGran l\u00edo le espera a quien se haga de la Rector\u00eda a partir de septiembre 2021, complicado con lo que se aparezca de aqu\u00ed a entonces.<\/p>\n<p><strong><em><a href=\"http:\/\/*http:\/\/jornadaveracruz.com.mx\/Post.aspx?id=190523_080913_282\">*http:\/\/jornadaveracruz.com.mx\/Post.aspx?id=190523_080913_282<\/a><\/em><\/strong><\/p>\n","protected":false},"excerpt":{"rendered":"<p>Adalberto Tejeda-Mart\u00ednez La Universidad Veracruzana renovar\u00e1 la Rector\u00eda dentro de un a\u00f1o. Para ocuparla se identifican como diez nombres, entre autoridades y funcionarios del primer nivel actual, excompetidores de hace tres a\u00f1os y un par de nuevas caras. Se ir\u00e1n dando a conocer conforme el proceso tome forma hacia inicios del pr\u00f3ximo a\u00f1o, pero aprovechando [&hellip;]<\/p>\n","protected":false},"author":2,"featured_media":0,"comment_status":"open","ping_status":"open","sticky":false,"template":"","format":"standard","meta":{"tdm_status":"","tdm_grid_status":"","footnotes":""},"categories":[70],"tags":[19694,18592,19695,14636,8167,172],"class_list":{"0":"post-58384","1":"post","2":"type-post","3":"status-publish","4":"format-standard","6":"category-de-opinion","7":"tag-junta-de-gobierno-de-la-uv","8":"tag-ley-organica","9":"tag-narcomenudeo","10":"tag-opinion","11":"tag-rectoria","12":"tag-uv"},"yoast_head":"<!-- This site is optimized with the Yoast SEO plugin v27.4 - https:\/\/yoast.com\/product\/yoast-seo-wordpress\/ -->\n<title>La Rector\u00eda que viene - Los pol\u00edticos Veracruz<\/title>\n<meta name=\"robots\" content=\"index, follow, max-snippet:-1, max-image-preview:large, max-video-preview:-1\" \/>\n<link rel=\"canonical\" href=\"https:\/\/lospoliticosveracruz.com\/?p=58384\" \/>\n<meta property=\"og:locale\" content=\"es_ES\" \/>\n<meta property=\"og:type\" content=\"article\" \/>\n<meta property=\"og:title\" content=\"La Rector\u00eda que viene - Los pol\u00edticos Veracruz\" \/>\n<meta property=\"og:description\" content=\"Adalberto Tejeda-Mart\u00ednez La Universidad Veracruzana renovar\u00e1 la Rector\u00eda dentro de un a\u00f1o. Para ocuparla se identifican como diez nombres, entre autoridades y funcionarios del primer nivel actual, excompetidores de hace tres a\u00f1os y un par de nuevas caras. Se ir\u00e1n dando a conocer conforme el proceso tome forma hacia inicios del pr\u00f3ximo a\u00f1o, pero aprovechando [&hellip;]\" \/>\n<meta property=\"og:url\" content=\"https:\/\/lospoliticosveracruz.com\/?p=58384\" \/>\n<meta property=\"og:site_name\" content=\"Los pol\u00edticos Veracruz\" \/>\n<meta property=\"article:publisher\" content=\"https:\/\/www.facebook.com\/people\/Notimemes-de-los-Polticos\/61565672886568\/\" \/>\n<meta property=\"article:published_time\" content=\"2020-08-06T02:22:49+00:00\" \/>\n<meta property=\"article:modified_time\" content=\"2020-08-06T02:24:08+00:00\" \/>\n<meta property=\"og:image\" content=\"https:\/\/lospoliticosveracruz.com\/wp-content\/uploads\/2016\/07\/Logo-Dor.jpg\" \/>\n\t<meta property=\"og:image:width\" content=\"200\" \/>\n\t<meta property=\"og:image:height\" content=\"200\" \/>\n\t<meta property=\"og:image:type\" content=\"image\/jpeg\" \/>\n<meta name=\"author\" content=\"Lo viste en Los Pol\u00edticos\" \/>\n<meta name=\"twitter:card\" content=\"summary_large_image\" \/>\n<meta name=\"twitter:creator\" content=\"@LosPoliticosVer\" \/>\n<meta name=\"twitter:site\" content=\"@LosPoliticosVer\" \/>\n<meta name=\"twitter:label1\" content=\"Escrito por\" \/>\n\t<meta name=\"twitter:data1\" content=\"Lo viste en Los Pol\u00edticos\" \/>\n\t<meta name=\"twitter:label2\" content=\"Tiempo de lectura\" \/>\n\t<meta name=\"twitter:data2\" content=\"3 minutos\" \/>\n<script type=\"application\/ld+json\" class=\"yoast-schema-graph\">{\"@context\":\"https:\\\/\\\/schema.org\",\"@graph\":[{\"@type\":\"Article\",\"@id\":\"https:\\\/\\\/lospoliticosveracruz.com\\\/?p=58384#article\",\"isPartOf\":{\"@id\":\"https:\\\/\\\/lospoliticosveracruz.com\\\/?p=58384\"},\"author\":{\"name\":\"Lo viste en Los Pol\u00edticos\",\"@id\":\"https:\\\/\\\/lospoliticosveracruz.com\\\/#\\\/schema\\\/person\\\/b8702bb0e538456e6efd07080bf2a4a2\"},\"headline\":\"La Rector\u00eda que viene\",\"datePublished\":\"2020-08-06T02:22:49+00:00\",\"dateModified\":\"2020-08-06T02:24:08+00:00\",\"mainEntityOfPage\":{\"@id\":\"https:\\\/\\\/lospoliticosveracruz.com\\\/?p=58384\"},\"wordCount\":507,\"commentCount\":0,\"publisher\":{\"@id\":\"https:\\\/\\\/lospoliticosveracruz.com\\\/#organization\"},\"keywords\":[\"Junta de Gobierno de la UV\",\"Ley Org\u00e1nica\",\"narcomenudeo\",\"Opini\u00f3n\",\"Rector\u00eda\",\"UV\"],\"articleSection\":[\"De Opini\u00f3n\"],\"inLanguage\":\"es\",\"potentialAction\":[{\"@type\":\"CommentAction\",\"name\":\"Comment\",\"target\":[\"https:\\\/\\\/lospoliticosveracruz.com\\\/?p=58384#respond\"]}]},{\"@type\":\"WebPage\",\"@id\":\"https:\\\/\\\/lospoliticosveracruz.com\\\/?p=58384\",\"url\":\"https:\\\/\\\/lospoliticosveracruz.com\\\/?p=58384\",\"name\":\"La Rector\u00eda que viene - Los pol\u00edticos Veracruz\",\"isPartOf\":{\"@id\":\"https:\\\/\\\/lospoliticosveracruz.com\\\/#website\"},\"datePublished\":\"2020-08-06T02:22:49+00:00\",\"dateModified\":\"2020-08-06T02:24:08+00:00\",\"breadcrumb\":{\"@id\":\"https:\\\/\\\/lospoliticosveracruz.com\\\/?p=58384#breadcrumb\"},\"inLanguage\":\"es\",\"potentialAction\":[{\"@type\":\"ReadAction\",\"target\":[\"https:\\\/\\\/lospoliticosveracruz.com\\\/?p=58384\"]}]},{\"@type\":\"BreadcrumbList\",\"@id\":\"https:\\\/\\\/lospoliticosveracruz.com\\\/?p=58384#breadcrumb\",\"itemListElement\":[{\"@type\":\"ListItem\",\"position\":1,\"name\":\"Portada\",\"item\":\"https:\\\/\\\/lospoliticosveracruz.com\\\/\"},{\"@type\":\"ListItem\",\"position\":2,\"name\":\"La Rector\u00eda que viene\"}]},{\"@type\":\"WebSite\",\"@id\":\"https:\\\/\\\/lospoliticosveracruz.com\\\/#website\",\"url\":\"https:\\\/\\\/lospoliticosveracruz.com\\\/\",\"name\":\"Los pol\u00edticos Veracruz\",\"description\":\"\",\"publisher\":{\"@id\":\"https:\\\/\\\/lospoliticosveracruz.com\\\/#organization\"},\"potentialAction\":[{\"@type\":\"SearchAction\",\"target\":{\"@type\":\"EntryPoint\",\"urlTemplate\":\"https:\\\/\\\/lospoliticosveracruz.com\\\/?s={search_term_string}\"},\"query-input\":{\"@type\":\"PropertyValueSpecification\",\"valueRequired\":true,\"valueName\":\"search_term_string\"}}],\"inLanguage\":\"es\"},{\"@type\":\"Organization\",\"@id\":\"https:\\\/\\\/lospoliticosveracruz.com\\\/#organization\",\"name\":\"Los pol\u00edticos Veracruz\",\"url\":\"https:\\\/\\\/lospoliticosveracruz.com\\\/\",\"logo\":{\"@type\":\"ImageObject\",\"inLanguage\":\"es\",\"@id\":\"https:\\\/\\\/lospoliticosveracruz.com\\\/#\\\/schema\\\/logo\\\/image\\\/\",\"url\":\"https:\\\/\\\/lospoliticosveracruz.com\\\/wp-content\\\/uploads\\\/2025\\\/12\\\/Logo-Nuevo-LOS-POLITICOS-1.jpg\",\"contentUrl\":\"https:\\\/\\\/lospoliticosveracruz.com\\\/wp-content\\\/uploads\\\/2025\\\/12\\\/Logo-Nuevo-LOS-POLITICOS-1.jpg\",\"width\":260,\"height\":70,\"caption\":\"Los pol\u00edticos Veracruz\"},\"image\":{\"@id\":\"https:\\\/\\\/lospoliticosveracruz.com\\\/#\\\/schema\\\/logo\\\/image\\\/\"},\"sameAs\":[\"https:\\\/\\\/www.facebook.com\\\/people\\\/Notimemes-de-los-Polticos\\\/61565672886568\\\/\",\"https:\\\/\\\/x.com\\\/LosPoliticosVer\"]},{\"@type\":\"Person\",\"@id\":\"https:\\\/\\\/lospoliticosveracruz.com\\\/#\\\/schema\\\/person\\\/b8702bb0e538456e6efd07080bf2a4a2\",\"name\":\"Lo viste en Los Pol\u00edticos\",\"image\":{\"@type\":\"ImageObject\",\"inLanguage\":\"es\",\"@id\":\"https:\\\/\\\/secure.gravatar.com\\\/avatar\\\/3a8de04a2656d44082be478bd6c086daa447c4651605818287b9532d3d0bd435?s=96&d=mm&r=g\",\"url\":\"https:\\\/\\\/secure.gravatar.com\\\/avatar\\\/3a8de04a2656d44082be478bd6c086daa447c4651605818287b9532d3d0bd435?s=96&d=mm&r=g\",\"contentUrl\":\"https:\\\/\\\/secure.gravatar.com\\\/avatar\\\/3a8de04a2656d44082be478bd6c086daa447c4651605818287b9532d3d0bd435?s=96&d=mm&r=g\",\"caption\":\"Lo viste en Los Pol\u00edticos\"},\"url\":\"https:\\\/\\\/lospoliticosveracruz.com\\\/?author=2\"}]}<\/script>\n<!-- \/ Yoast SEO plugin. -->","yoast_head_json":{"title":"La Rector\u00eda que viene - Los pol\u00edticos Veracruz","robots":{"index":"index","follow":"follow","max-snippet":"max-snippet:-1","max-image-preview":"max-image-preview:large","max-video-preview":"max-video-preview:-1"},"canonical":"https:\/\/lospoliticosveracruz.com\/?p=58384","og_locale":"es_ES","og_type":"article","og_title":"La Rector\u00eda que viene - Los pol\u00edticos Veracruz","og_description":"Adalberto Tejeda-Mart\u00ednez La Universidad Veracruzana renovar\u00e1 la Rector\u00eda dentro de un a\u00f1o. Para ocuparla se identifican como diez nombres, entre autoridades y funcionarios del primer nivel actual, excompetidores de hace tres a\u00f1os y un par de nuevas caras. Se ir\u00e1n dando a conocer conforme el proceso tome forma hacia inicios del pr\u00f3ximo a\u00f1o, pero aprovechando [&hellip;]","og_url":"https:\/\/lospoliticosveracruz.com\/?p=58384","og_site_name":"Los pol\u00edticos Veracruz","article_publisher":"https:\/\/www.facebook.com\/people\/Notimemes-de-los-Polticos\/61565672886568\/","article_published_time":"2020-08-06T02:22:49+00:00","article_modified_time":"2020-08-06T02:24:08+00:00","og_image":[{"width":200,"height":200,"url":"https:\/\/lospoliticosveracruz.com\/wp-content\/uploads\/2016\/07\/Logo-Dor.jpg","type":"image\/jpeg"}],"author":"Lo viste en Los Pol\u00edticos","twitter_card":"summary_large_image","twitter_creator":"@LosPoliticosVer","twitter_site":"@LosPoliticosVer","twitter_misc":{"Escrito por":"Lo viste en Los Pol\u00edticos","Tiempo de lectura":"3 minutos"},"schema":{"@context":"https:\/\/schema.org","@graph":[{"@type":"Article","@id":"https:\/\/lospoliticosveracruz.com\/?p=58384#article","isPartOf":{"@id":"https:\/\/lospoliticosveracruz.com\/?p=58384"},"author":{"name":"Lo viste en Los Pol\u00edticos","@id":"https:\/\/lospoliticosveracruz.com\/#\/schema\/person\/b8702bb0e538456e6efd07080bf2a4a2"},"headline":"La Rector\u00eda que viene","datePublished":"2020-08-06T02:22:49+00:00","dateModified":"2020-08-06T02:24:08+00:00","mainEntityOfPage":{"@id":"https:\/\/lospoliticosveracruz.com\/?p=58384"},"wordCount":507,"commentCount":0,"publisher":{"@id":"https:\/\/lospoliticosveracruz.com\/#organization"},"keywords":["Junta de Gobierno de la UV","Ley Org\u00e1nica","narcomenudeo","Opini\u00f3n","Rector\u00eda","UV"],"articleSection":["De Opini\u00f3n"],"inLanguage":"es","potentialAction":[{"@type":"CommentAction","name":"Comment","target":["https:\/\/lospoliticosveracruz.com\/?p=58384#respond"]}]},{"@type":"WebPage","@id":"https:\/\/lospoliticosveracruz.com\/?p=58384","url":"https:\/\/lospoliticosveracruz.com\/?p=58384","name":"La Rector\u00eda que viene - Los pol\u00edticos Veracruz","isPartOf":{"@id":"https:\/\/lospoliticosveracruz.com\/#website"},"datePublished":"2020-08-06T02:22:49+00:00","dateModified":"2020-08-06T02:24:08+00:00","breadcrumb":{"@id":"https:\/\/lospoliticosveracruz.com\/?p=58384#breadcrumb"},"inLanguage":"es","potentialAction":[{"@type":"ReadAction","target":["https:\/\/lospoliticosveracruz.com\/?p=58384"]}]},{"@type":"BreadcrumbList","@id":"https:\/\/lospoliticosveracruz.com\/?p=58384#breadcrumb","itemListElement":[{"@type":"ListItem","position":1,"name":"Portada","item":"https:\/\/lospoliticosveracruz.com\/"},{"@type":"ListItem","position":2,"name":"La Rector\u00eda que viene"}]},{"@type":"WebSite","@id":"https:\/\/lospoliticosveracruz.com\/#website","url":"https:\/\/lospoliticosveracruz.com\/","name":"Los pol\u00edticos Veracruz","description":"","publisher":{"@id":"https:\/\/lospoliticosveracruz.com\/#organization"},"potentialAction":[{"@type":"SearchAction","target":{"@type":"EntryPoint","urlTemplate":"https:\/\/lospoliticosveracruz.com\/?s={search_term_string}"},"query-input":{"@type":"PropertyValueSpecification","valueRequired":true,"valueName":"search_term_string"}}],"inLanguage":"es"},{"@type":"Organization","@id":"https:\/\/lospoliticosveracruz.com\/#organization","name":"Los pol\u00edticos Veracruz","url":"https:\/\/lospoliticosveracruz.com\/","logo":{"@type":"ImageObject","inLanguage":"es","@id":"https:\/\/lospoliticosveracruz.com\/#\/schema\/logo\/image\/","url":"https:\/\/lospoliticosveracruz.com\/wp-content\/uploads\/2025\/12\/Logo-Nuevo-LOS-POLITICOS-1.jpg","contentUrl":"https:\/\/lospoliticosveracruz.com\/wp-content\/uploads\/2025\/12\/Logo-Nuevo-LOS-POLITICOS-1.jpg","width":260,"height":70,"caption":"Los pol\u00edticos Veracruz"},"image":{"@id":"https:\/\/lospoliticosveracruz.com\/#\/schema\/logo\/image\/"},"sameAs":["https:\/\/www.facebook.com\/people\/Notimemes-de-los-Polticos\/61565672886568\/","https:\/\/x.com\/LosPoliticosVer"]},{"@type":"Person","@id":"https:\/\/lospoliticosveracruz.com\/#\/schema\/person\/b8702bb0e538456e6efd07080bf2a4a2","name":"Lo viste en Los Pol\u00edticos","image":{"@type":"ImageObject","inLanguage":"es","@id":"https:\/\/secure.gravatar.com\/avatar\/3a8de04a2656d44082be478bd6c086daa447c4651605818287b9532d3d0bd435?s=96&d=mm&r=g","url":"https:\/\/secure.gravatar.com\/avatar\/3a8de04a2656d44082be478bd6c086daa447c4651605818287b9532d3d0bd435?s=96&d=mm&r=g","contentUrl":"https:\/\/secure.gravatar.com\/avatar\/3a8de04a2656d44082be478bd6c086daa447c4651605818287b9532d3d0bd435?s=96&d=mm&r=g","caption":"Lo viste en Los Pol\u00edticos"},"url":"https:\/\/lospoliticosveracruz.com\/?author=2"}]}},"_links":{"self":[{"href":"https:\/\/lospoliticosveracruz.com\/index.php?rest_route=\/wp\/v2\/posts\/58384","targetHints":{"allow":["GET"]}}],"collection":[{"href":"https:\/\/lospoliticosveracruz.com\/index.php?rest_route=\/wp\/v2\/posts"}],"about":[{"href":"https:\/\/lospoliticosveracruz.com\/index.php?rest_route=\/wp\/v2\/types\/post"}],"author":[{"embeddable":true,"href":"https:\/\/lospoliticosveracruz.com\/index.php?rest_route=\/wp\/v2\/users\/2"}],"replies":[{"embeddable":true,"href":"https:\/\/lospoliticosveracruz.com\/index.php?rest_route=%2Fwp%2Fv2%2Fcomments&post=58384"}],"version-history":[{"count":2,"href":"https:\/\/lospoliticosveracruz.com\/index.php?rest_route=\/wp\/v2\/posts\/58384\/revisions"}],"predecessor-version":[{"id":58387,"href":"https:\/\/lospoliticosveracruz.com\/index.php?rest_route=\/wp\/v2\/posts\/58384\/revisions\/58387"}],"wp:attachment":[{"href":"https:\/\/lospoliticosveracruz.com\/index.php?rest_route=%2Fwp%2Fv2%2Fmedia&parent=58384"}],"wp:term":[{"taxonomy":"category","embeddable":true,"href":"https:\/\/lospoliticosveracruz.com\/index.php?rest_route=%2Fwp%2Fv2%2Fcategories&post=58384"},{"taxonomy":"post_tag","embeddable":true,"href":"https:\/\/lospoliticosveracruz.com\/index.php?rest_route=%2Fwp%2Fv2%2Ftags&post=58384"}],"curies":[{"name":"wp","href":"https:\/\/api.w.org\/{rel}","templated":true}]}}