{"id":58481,"date":"2020-08-07T09:13:23","date_gmt":"2020-08-07T14:13:23","guid":{"rendered":"http:\/\/www.lospoliticosveracruz.com.mx\/?p=58481"},"modified":"2020-08-07T09:13:23","modified_gmt":"2020-08-07T14:13:23","slug":"la-seleccion-de-morena","status":"publish","type":"post","link":"https:\/\/lospoliticosveracruz.com\/?p=58481","title":{"rendered":"La selecci\u00f3n de Morena"},"content":{"rendered":"<p><strong>Ricardo Chua<\/strong><br \/>\n<em>Sale y vale<\/em><\/p>\n<p>OJO&#8230; Todo parece indicar que en MORENA ya se est\u00e1n definiendo sus actores pol\u00edticos por sus prospectos a dirigente nacional y estatal en Veracruz&#8230;. Al menos se sabe que el delegado del gobierno federal en la entidad, Manuel Huerta Ladr\u00f3n de Guevara y su grupo pol\u00edtico se han definido por Mario Delgado para el CEN y por Jaime Humberto P\u00e9rez Pardave, para el comit\u00e9 estatal&#8230; Hagan sus apuesta que los Morenos, ya se est\u00e1n pronunci\u00e1ndose por sus \u201cpollos\u201d&#8230;.<br \/>\nSe ha logrado saber al interior de los Morenos, que legisladores federales y locales de ese partido en Veracruz, que son del equipo de Huerta, ya han dado a conocer que se la \u201cjuegan\u201d con Mario Delgado, para renovar el comit\u00e9 nacional de MORENA&#8230; Pese a que no se deben de meter en procesos partidistas, en Veracruz, los legisladores del grupo de Manuel Huerta iniciaron proselitismo a favor de Delgado&#8230; AMLO prohibi\u00f3 a funcionarios meter las manos&#8230;.<br \/>\nFue el diputado federal, Jaime Humberto P\u00e9rez Bernab\u00e9, aspirantes a presidir el Comit\u00e9 estatal, y cercano a Huerta, el que hizo el pronunciamiento con sus hom\u00f3logos veracruzanos, donde extern\u00f3 su respaldo a Mario Delgado&#8230; Y fue en la semana cuando militantes de MORENA hicieron un llamado al secretario General del partido, Gonzalo Vicencio, de no asumirse como presidente en funciones, porque no tiene ese nombramiento, ni atribuciones.<br \/>\nLA SELECCI\u00d3N DE MORENA&#8230; El hecho de que ex funcionarios federales ligados a Manuel Huerta renunciaran a sus cargos p\u00fablicos en la delegaci\u00f3n del gobierno federal en Veracruz&#8230; Para que como todo ciudadano que tiene el derecho de votar y ser votado, busquen un cargo de elecci\u00f3n popular, en este caso una diputaci\u00f3n federal por alguno de los 20 distritos electorales federales de la entidad&#8230; NO significa, como un hecho, que ya la tengan \u00aben sus manos\u00bb&#8230;<br \/>\nEsa decisi\u00f3n final, ser\u00e1 y es de Andr\u00e9s Manuel L\u00f3pez Obrador&#8230; Es los palo-mea&#8230; Aqu\u00ed, no hay de otra \u00absopa\u00bb&#8230; Desde diciembre del 2018 que MORENA tom\u00f3 el poder federal v\u00eda L\u00f3pez Obrador&#8230; Este dej\u00f3 bien claro que las 300 diputaciones federales en juego en este 2021&#8230; Ser\u00e1n DECIDIDAS por \u00e9l y que nadie m\u00e1s intervendr\u00e1&#8230; Va cuidar su proyecto en la 4T y lo tendr\u00e1 que hacer con su gente de confianza&#8230;Y que le garanticen su triunfo&#8230;.<br \/>\nAs\u00ed que en este momento, en los 20 distritos que hay en disputa en Veracruz en la elecci\u00f3n federal&#8230; Dentro de MORENA, nadie tiene nada seguro&#8230; S\u00f3lo que tenga la \u00abbendici\u00f3n\u00bb del \u00abSe\u00f1or\u00bb&#8230; No hay m\u00e1s&#8230; Por eso, en el tema de la elecci\u00f3n federal, el gobernador, Cuitl\u00e1huac Garc\u00eda, no mueve ni un solo \u00abdedo\u00bb&#8230; Pa qu\u00e9, si ese proceso no depende de \u00e9l&#8230; Solo tendr\u00e1 que aportar, lo que tiene que aportar&#8230; Esa ser\u00e1 su ayuda&#8230; No habr\u00e1 m\u00e1s&#8230;<br \/>\nPero adem\u00e1s como en el proceso del \u00e1mbito local, no hay la restricci\u00f3n de anular candidaturas como en 2018, le pas\u00f3 a Daniela Griego, cuando fue candidata plurinominal de MORENA a diputada federal&#8230; Ella fue diputada local porque hay una AUSENCIA en la regulaci\u00f3n electoral en ese sentido&#8230; As\u00ed que esta vez, no habr\u00e1 problemas&#8230; Ya que ella es el mismo ejemplo de lo que no se debe hacer&#8230; En esa elecci\u00f3n, Griego se burl\u00f3 de los ciudadanos&#8230; Aprovechando, el vac\u00edo legal que existe en lo local&#8230;<br \/>\nP\u00ebro la alcanz\u00f3 la realidad jur\u00eddica nacional y ah\u00ed fue donde se le cay\u00f3 la diputaci\u00f3n plurinominal&#8230; Pero, por esas razones, Cuitl\u00e1huac Garc\u00eda seguramente respetar\u00e1 los espacios pol\u00edticos de MORENA en la elecci\u00f3n federal, que tenga que respetar&#8230; Sobre todo porque seguramente antes de llevarse a cabo este proceso, \u00e9l recibir\u00e1 las instrucciones del comit\u00e9 nacional de los Morenos, donde seguir\u00e1 los propios lineamientos que marque el Presidente o que le indiquen los funcionarios federales&#8230;<br \/>\nYa que as\u00ed como sucedi\u00f3 el pasado s\u00e1bado con Rocio Nahle&#8230; Que di\u00e1logo con \u00e9lla&#8230; No ser\u00eda nada raro que empiecen a venir otros funcionarios del mismo calibre.. A reunirse con \u00e9l y platicar del proceso federal&#8230; No van a descubrir el \u00abhilo negro\u00bb&#8230; Todos los gobernadores lo hacen y lo hicieron&#8230; Pero en el \u00e1mbito local, no habr\u00e1 duda, que ser\u00e1 \u00e9l quien tome las decisiones de los posibles candidatos&#8230; Salvo excepciones que le diga AMLO.. Esto es y ha sido as\u00ed por siempre dentro del sistema pol\u00edtico mexicano&#8230; Nada cambia&#8230; AMEN&#8230;<br \/>\nPD&#8230; Hay que ponerle mucha atenci\u00f3n a los temas del dinero que se manejar\u00e1n en el proceso electoral federal del pr\u00f3ximo a\u00f1o en Veracruz&#8230; Ya que, al parecer, ser\u00e1 un elemento que no va a pesar como en anta\u00f1o&#8230; Ya que ser\u00e1 una elecci\u00f3n muy complicada para todos los partidos pol\u00edticos, incluido MORENA&#8230; hay quien asegura que en el INE est\u00e1n observando que los ciudadanos&#8230; No van a querer integrar las casillas&#8230; As\u00ed como lo leen&#8230;<br \/>\nA ese nivel se ve la nula participaci\u00f3n ciudadana&#8230; Ya que a los que ser\u00e1n funcionarios de casillas, su pago no ser\u00e1 alto y por eso no van a ir&#8230; Ya que temen que el asunto de la violencia aunado a la pandemia del Coronavirus, les afecte directamente&#8230; Y si eso, les pasa a los organizadores de la elecci\u00f3n&#8230; A la ciudadan\u00eda en general, les va a valer \u00abuna pura y dos con sal\u00bb&#8230; A ese panorama nos vamos a enfrentar&#8230; El INE ya lo detect\u00f3&#8230; Ojal\u00e1 haya tiempo de hacer alg\u00fan tipo de cambio&#8230; Si no hasta la democracia estar\u00e1 enferma y no de COVID&#8230; CAOS&#8230;<\/p>\n","protected":false},"excerpt":{"rendered":"<p>Ricardo Chua Sale y vale OJO&#8230; Todo parece indicar que en MORENA ya se est\u00e1n definiendo sus actores pol\u00edticos por sus prospectos a dirigente nacional y estatal en Veracruz&#8230;. Al menos se sabe que el delegado del gobierno federal en la entidad, Manuel Huerta Ladr\u00f3n de Guevara y su grupo pol\u00edtico se han definido por [&hellip;]<\/p>\n","protected":false},"author":2,"featured_media":0,"comment_status":"open","ping_status":"open","sticky":false,"template":"","format":"standard","meta":{"tdm_status":"","tdm_grid_status":"","footnotes":""},"categories":[70],"tags":[618,1681,5622,12026,19335,15016,554,19741,1850,12596,1026,14636,13604,3578,195],"class_list":{"0":"post-58481","1":"post","2":"type-post","3":"status-publish","4":"format-standard","6":"category-de-opinion","7":"tag-andres-manuel-lopez-obrador","8":"tag-cuitlahuac-garcia","9":"tag-daniela-griego","10":"tag-diputaciones-plurinominales","11":"tag-elecciones-2021","12":"tag-gonzalo-vicencio","13":"tag-ine","14":"tag-jaime-humberto-perez-pardave","15":"tag-manuel-huerta-ladron-de-guevara","16":"tag-mario-delgado","17":"tag-morena","18":"tag-opinion","19":"tag-ricardo-chua","20":"tag-rocio-nahle","21":"tag-veracruz"},"yoast_head":"<!-- This site is optimized with the Yoast SEO plugin v27.4 - https:\/\/yoast.com\/product\/yoast-seo-wordpress\/ -->\n<title>La selecci\u00f3n de Morena - Los pol\u00edticos Veracruz<\/title>\n<meta name=\"robots\" content=\"index, follow, max-snippet:-1, max-image-preview:large, max-video-preview:-1\" \/>\n<link rel=\"canonical\" href=\"https:\/\/lospoliticosveracruz.com\/?p=58481\" \/>\n<meta property=\"og:locale\" content=\"es_ES\" \/>\n<meta property=\"og:type\" content=\"article\" \/>\n<meta property=\"og:title\" content=\"La selecci\u00f3n de Morena - Los pol\u00edticos Veracruz\" \/>\n<meta property=\"og:description\" content=\"Ricardo Chua Sale y vale OJO&#8230; Todo parece indicar que en MORENA ya se est\u00e1n definiendo sus actores pol\u00edticos por sus prospectos a dirigente nacional y estatal en Veracruz&#8230;. Al menos se sabe que el delegado del gobierno federal en la entidad, Manuel Huerta Ladr\u00f3n de Guevara y su grupo pol\u00edtico se han definido por [&hellip;]\" \/>\n<meta property=\"og:url\" content=\"https:\/\/lospoliticosveracruz.com\/?p=58481\" \/>\n<meta property=\"og:site_name\" content=\"Los pol\u00edticos Veracruz\" \/>\n<meta property=\"article:publisher\" content=\"https:\/\/www.facebook.com\/people\/Notimemes-de-los-Polticos\/61565672886568\/\" \/>\n<meta property=\"article:published_time\" content=\"2020-08-07T14:13:23+00:00\" \/>\n<meta property=\"og:image\" content=\"https:\/\/lospoliticosveracruz.com\/wp-content\/uploads\/2016\/07\/Logo-Dor.jpg\" \/>\n\t<meta property=\"og:image:width\" content=\"200\" \/>\n\t<meta property=\"og:image:height\" content=\"200\" \/>\n\t<meta property=\"og:image:type\" content=\"image\/jpeg\" \/>\n<meta name=\"author\" content=\"Lo viste en Los Pol\u00edticos\" \/>\n<meta name=\"twitter:card\" content=\"summary_large_image\" \/>\n<meta name=\"twitter:creator\" content=\"@LosPoliticosVer\" \/>\n<meta name=\"twitter:site\" content=\"@LosPoliticosVer\" \/>\n<meta name=\"twitter:label1\" content=\"Escrito por\" \/>\n\t<meta name=\"twitter:data1\" content=\"Lo viste en Los Pol\u00edticos\" \/>\n\t<meta name=\"twitter:label2\" content=\"Tiempo de lectura\" \/>\n\t<meta name=\"twitter:data2\" content=\"5 minutos\" \/>\n<script type=\"application\/ld+json\" class=\"yoast-schema-graph\">{\"@context\":\"https:\\\/\\\/schema.org\",\"@graph\":[{\"@type\":\"Article\",\"@id\":\"https:\\\/\\\/lospoliticosveracruz.com\\\/?p=58481#article\",\"isPartOf\":{\"@id\":\"https:\\\/\\\/lospoliticosveracruz.com\\\/?p=58481\"},\"author\":{\"name\":\"Lo viste en Los Pol\u00edticos\",\"@id\":\"https:\\\/\\\/lospoliticosveracruz.com\\\/#\\\/schema\\\/person\\\/b8702bb0e538456e6efd07080bf2a4a2\"},\"headline\":\"La selecci\u00f3n de Morena\",\"datePublished\":\"2020-08-07T14:13:23+00:00\",\"mainEntityOfPage\":{\"@id\":\"https:\\\/\\\/lospoliticosveracruz.com\\\/?p=58481\"},\"wordCount\":959,\"commentCount\":0,\"publisher\":{\"@id\":\"https:\\\/\\\/lospoliticosveracruz.com\\\/#organization\"},\"keywords\":[\"Andr\u00e9s Manuel L\u00f3pez Obrador\",\"Cuitl\u00e1huac Garc\u00eda\",\"Daniela Griego\",\"Diputaciones plurinominales\",\"Elecciones 2021\",\"Gonzalo Vicencio\",\"INE\",\"Jaime Humberto P\u00e9rez Pardave\",\"Manuel Huerta Ladr\u00f3n de Guevara\",\"Mario Delgado\",\"Morena\",\"Opini\u00f3n\",\"Ricardo Ch\u00faa\",\"Roc\u00edo Nahle\",\"Veracruz\"],\"articleSection\":[\"De Opini\u00f3n\"],\"inLanguage\":\"es\",\"potentialAction\":[{\"@type\":\"CommentAction\",\"name\":\"Comment\",\"target\":[\"https:\\\/\\\/lospoliticosveracruz.com\\\/?p=58481#respond\"]}]},{\"@type\":\"WebPage\",\"@id\":\"https:\\\/\\\/lospoliticosveracruz.com\\\/?p=58481\",\"url\":\"https:\\\/\\\/lospoliticosveracruz.com\\\/?p=58481\",\"name\":\"La selecci\u00f3n de Morena - Los pol\u00edticos Veracruz\",\"isPartOf\":{\"@id\":\"https:\\\/\\\/lospoliticosveracruz.com\\\/#website\"},\"datePublished\":\"2020-08-07T14:13:23+00:00\",\"breadcrumb\":{\"@id\":\"https:\\\/\\\/lospoliticosveracruz.com\\\/?p=58481#breadcrumb\"},\"inLanguage\":\"es\",\"potentialAction\":[{\"@type\":\"ReadAction\",\"target\":[\"https:\\\/\\\/lospoliticosveracruz.com\\\/?p=58481\"]}]},{\"@type\":\"BreadcrumbList\",\"@id\":\"https:\\\/\\\/lospoliticosveracruz.com\\\/?p=58481#breadcrumb\",\"itemListElement\":[{\"@type\":\"ListItem\",\"position\":1,\"name\":\"Portada\",\"item\":\"https:\\\/\\\/lospoliticosveracruz.com\\\/\"},{\"@type\":\"ListItem\",\"position\":2,\"name\":\"La selecci\u00f3n de Morena\"}]},{\"@type\":\"WebSite\",\"@id\":\"https:\\\/\\\/lospoliticosveracruz.com\\\/#website\",\"url\":\"https:\\\/\\\/lospoliticosveracruz.com\\\/\",\"name\":\"Los pol\u00edticos Veracruz\",\"description\":\"\",\"publisher\":{\"@id\":\"https:\\\/\\\/lospoliticosveracruz.com\\\/#organization\"},\"potentialAction\":[{\"@type\":\"SearchAction\",\"target\":{\"@type\":\"EntryPoint\",\"urlTemplate\":\"https:\\\/\\\/lospoliticosveracruz.com\\\/?s={search_term_string}\"},\"query-input\":{\"@type\":\"PropertyValueSpecification\",\"valueRequired\":true,\"valueName\":\"search_term_string\"}}],\"inLanguage\":\"es\"},{\"@type\":\"Organization\",\"@id\":\"https:\\\/\\\/lospoliticosveracruz.com\\\/#organization\",\"name\":\"Los pol\u00edticos Veracruz\",\"url\":\"https:\\\/\\\/lospoliticosveracruz.com\\\/\",\"logo\":{\"@type\":\"ImageObject\",\"inLanguage\":\"es\",\"@id\":\"https:\\\/\\\/lospoliticosveracruz.com\\\/#\\\/schema\\\/logo\\\/image\\\/\",\"url\":\"https:\\\/\\\/lospoliticosveracruz.com\\\/wp-content\\\/uploads\\\/2025\\\/12\\\/Logo-Nuevo-LOS-POLITICOS-1.jpg\",\"contentUrl\":\"https:\\\/\\\/lospoliticosveracruz.com\\\/wp-content\\\/uploads\\\/2025\\\/12\\\/Logo-Nuevo-LOS-POLITICOS-1.jpg\",\"width\":260,\"height\":70,\"caption\":\"Los pol\u00edticos Veracruz\"},\"image\":{\"@id\":\"https:\\\/\\\/lospoliticosveracruz.com\\\/#\\\/schema\\\/logo\\\/image\\\/\"},\"sameAs\":[\"https:\\\/\\\/www.facebook.com\\\/people\\\/Notimemes-de-los-Polticos\\\/61565672886568\\\/\",\"https:\\\/\\\/x.com\\\/LosPoliticosVer\"]},{\"@type\":\"Person\",\"@id\":\"https:\\\/\\\/lospoliticosveracruz.com\\\/#\\\/schema\\\/person\\\/b8702bb0e538456e6efd07080bf2a4a2\",\"name\":\"Lo viste en Los Pol\u00edticos\",\"image\":{\"@type\":\"ImageObject\",\"inLanguage\":\"es\",\"@id\":\"https:\\\/\\\/secure.gravatar.com\\\/avatar\\\/3a8de04a2656d44082be478bd6c086daa447c4651605818287b9532d3d0bd435?s=96&d=mm&r=g\",\"url\":\"https:\\\/\\\/secure.gravatar.com\\\/avatar\\\/3a8de04a2656d44082be478bd6c086daa447c4651605818287b9532d3d0bd435?s=96&d=mm&r=g\",\"contentUrl\":\"https:\\\/\\\/secure.gravatar.com\\\/avatar\\\/3a8de04a2656d44082be478bd6c086daa447c4651605818287b9532d3d0bd435?s=96&d=mm&r=g\",\"caption\":\"Lo viste en Los Pol\u00edticos\"},\"url\":\"https:\\\/\\\/lospoliticosveracruz.com\\\/?author=2\"}]}<\/script>\n<!-- \/ Yoast SEO plugin. -->","yoast_head_json":{"title":"La selecci\u00f3n de Morena - Los pol\u00edticos Veracruz","robots":{"index":"index","follow":"follow","max-snippet":"max-snippet:-1","max-image-preview":"max-image-preview:large","max-video-preview":"max-video-preview:-1"},"canonical":"https:\/\/lospoliticosveracruz.com\/?p=58481","og_locale":"es_ES","og_type":"article","og_title":"La selecci\u00f3n de Morena - Los pol\u00edticos Veracruz","og_description":"Ricardo Chua Sale y vale OJO&#8230; Todo parece indicar que en MORENA ya se est\u00e1n definiendo sus actores pol\u00edticos por sus prospectos a dirigente nacional y estatal en Veracruz&#8230;. Al menos se sabe que el delegado del gobierno federal en la entidad, Manuel Huerta Ladr\u00f3n de Guevara y su grupo pol\u00edtico se han definido por [&hellip;]","og_url":"https:\/\/lospoliticosveracruz.com\/?p=58481","og_site_name":"Los pol\u00edticos Veracruz","article_publisher":"https:\/\/www.facebook.com\/people\/Notimemes-de-los-Polticos\/61565672886568\/","article_published_time":"2020-08-07T14:13:23+00:00","og_image":[{"width":200,"height":200,"url":"https:\/\/lospoliticosveracruz.com\/wp-content\/uploads\/2016\/07\/Logo-Dor.jpg","type":"image\/jpeg"}],"author":"Lo viste en Los Pol\u00edticos","twitter_card":"summary_large_image","twitter_creator":"@LosPoliticosVer","twitter_site":"@LosPoliticosVer","twitter_misc":{"Escrito por":"Lo viste en Los Pol\u00edticos","Tiempo de lectura":"5 minutos"},"schema":{"@context":"https:\/\/schema.org","@graph":[{"@type":"Article","@id":"https:\/\/lospoliticosveracruz.com\/?p=58481#article","isPartOf":{"@id":"https:\/\/lospoliticosveracruz.com\/?p=58481"},"author":{"name":"Lo viste en Los Pol\u00edticos","@id":"https:\/\/lospoliticosveracruz.com\/#\/schema\/person\/b8702bb0e538456e6efd07080bf2a4a2"},"headline":"La selecci\u00f3n de Morena","datePublished":"2020-08-07T14:13:23+00:00","mainEntityOfPage":{"@id":"https:\/\/lospoliticosveracruz.com\/?p=58481"},"wordCount":959,"commentCount":0,"publisher":{"@id":"https:\/\/lospoliticosveracruz.com\/#organization"},"keywords":["Andr\u00e9s Manuel L\u00f3pez Obrador","Cuitl\u00e1huac Garc\u00eda","Daniela Griego","Diputaciones plurinominales","Elecciones 2021","Gonzalo Vicencio","INE","Jaime Humberto P\u00e9rez Pardave","Manuel Huerta Ladr\u00f3n de Guevara","Mario Delgado","Morena","Opini\u00f3n","Ricardo Ch\u00faa","Roc\u00edo Nahle","Veracruz"],"articleSection":["De Opini\u00f3n"],"inLanguage":"es","potentialAction":[{"@type":"CommentAction","name":"Comment","target":["https:\/\/lospoliticosveracruz.com\/?p=58481#respond"]}]},{"@type":"WebPage","@id":"https:\/\/lospoliticosveracruz.com\/?p=58481","url":"https:\/\/lospoliticosveracruz.com\/?p=58481","name":"La selecci\u00f3n de Morena - Los pol\u00edticos Veracruz","isPartOf":{"@id":"https:\/\/lospoliticosveracruz.com\/#website"},"datePublished":"2020-08-07T14:13:23+00:00","breadcrumb":{"@id":"https:\/\/lospoliticosveracruz.com\/?p=58481#breadcrumb"},"inLanguage":"es","potentialAction":[{"@type":"ReadAction","target":["https:\/\/lospoliticosveracruz.com\/?p=58481"]}]},{"@type":"BreadcrumbList","@id":"https:\/\/lospoliticosveracruz.com\/?p=58481#breadcrumb","itemListElement":[{"@type":"ListItem","position":1,"name":"Portada","item":"https:\/\/lospoliticosveracruz.com\/"},{"@type":"ListItem","position":2,"name":"La selecci\u00f3n de Morena"}]},{"@type":"WebSite","@id":"https:\/\/lospoliticosveracruz.com\/#website","url":"https:\/\/lospoliticosveracruz.com\/","name":"Los pol\u00edticos Veracruz","description":"","publisher":{"@id":"https:\/\/lospoliticosveracruz.com\/#organization"},"potentialAction":[{"@type":"SearchAction","target":{"@type":"EntryPoint","urlTemplate":"https:\/\/lospoliticosveracruz.com\/?s={search_term_string}"},"query-input":{"@type":"PropertyValueSpecification","valueRequired":true,"valueName":"search_term_string"}}],"inLanguage":"es"},{"@type":"Organization","@id":"https:\/\/lospoliticosveracruz.com\/#organization","name":"Los pol\u00edticos Veracruz","url":"https:\/\/lospoliticosveracruz.com\/","logo":{"@type":"ImageObject","inLanguage":"es","@id":"https:\/\/lospoliticosveracruz.com\/#\/schema\/logo\/image\/","url":"https:\/\/lospoliticosveracruz.com\/wp-content\/uploads\/2025\/12\/Logo-Nuevo-LOS-POLITICOS-1.jpg","contentUrl":"https:\/\/lospoliticosveracruz.com\/wp-content\/uploads\/2025\/12\/Logo-Nuevo-LOS-POLITICOS-1.jpg","width":260,"height":70,"caption":"Los pol\u00edticos Veracruz"},"image":{"@id":"https:\/\/lospoliticosveracruz.com\/#\/schema\/logo\/image\/"},"sameAs":["https:\/\/www.facebook.com\/people\/Notimemes-de-los-Polticos\/61565672886568\/","https:\/\/x.com\/LosPoliticosVer"]},{"@type":"Person","@id":"https:\/\/lospoliticosveracruz.com\/#\/schema\/person\/b8702bb0e538456e6efd07080bf2a4a2","name":"Lo viste en Los Pol\u00edticos","image":{"@type":"ImageObject","inLanguage":"es","@id":"https:\/\/secure.gravatar.com\/avatar\/3a8de04a2656d44082be478bd6c086daa447c4651605818287b9532d3d0bd435?s=96&d=mm&r=g","url":"https:\/\/secure.gravatar.com\/avatar\/3a8de04a2656d44082be478bd6c086daa447c4651605818287b9532d3d0bd435?s=96&d=mm&r=g","contentUrl":"https:\/\/secure.gravatar.com\/avatar\/3a8de04a2656d44082be478bd6c086daa447c4651605818287b9532d3d0bd435?s=96&d=mm&r=g","caption":"Lo viste en Los Pol\u00edticos"},"url":"https:\/\/lospoliticosveracruz.com\/?author=2"}]}},"_links":{"self":[{"href":"https:\/\/lospoliticosveracruz.com\/index.php?rest_route=\/wp\/v2\/posts\/58481","targetHints":{"allow":["GET"]}}],"collection":[{"href":"https:\/\/lospoliticosveracruz.com\/index.php?rest_route=\/wp\/v2\/posts"}],"about":[{"href":"https:\/\/lospoliticosveracruz.com\/index.php?rest_route=\/wp\/v2\/types\/post"}],"author":[{"embeddable":true,"href":"https:\/\/lospoliticosveracruz.com\/index.php?rest_route=\/wp\/v2\/users\/2"}],"replies":[{"embeddable":true,"href":"https:\/\/lospoliticosveracruz.com\/index.php?rest_route=%2Fwp%2Fv2%2Fcomments&post=58481"}],"version-history":[{"count":1,"href":"https:\/\/lospoliticosveracruz.com\/index.php?rest_route=\/wp\/v2\/posts\/58481\/revisions"}],"predecessor-version":[{"id":58483,"href":"https:\/\/lospoliticosveracruz.com\/index.php?rest_route=\/wp\/v2\/posts\/58481\/revisions\/58483"}],"wp:attachment":[{"href":"https:\/\/lospoliticosveracruz.com\/index.php?rest_route=%2Fwp%2Fv2%2Fmedia&parent=58481"}],"wp:term":[{"taxonomy":"category","embeddable":true,"href":"https:\/\/lospoliticosveracruz.com\/index.php?rest_route=%2Fwp%2Fv2%2Fcategories&post=58481"},{"taxonomy":"post_tag","embeddable":true,"href":"https:\/\/lospoliticosveracruz.com\/index.php?rest_route=%2Fwp%2Fv2%2Ftags&post=58481"}],"curies":[{"name":"wp","href":"https:\/\/api.w.org\/{rel}","templated":true}]}}