{"id":58505,"date":"2020-08-07T19:33:29","date_gmt":"2020-08-08T00:33:29","guid":{"rendered":"http:\/\/www.lospoliticosveracruz.com.mx\/?p=58505"},"modified":"2020-08-07T19:33:29","modified_gmt":"2020-08-08T00:33:29","slug":"covid-burla-discriminacion-y-racismo","status":"publish","type":"post","link":"https:\/\/lospoliticosveracruz.com\/?p=58505","title":{"rendered":"Covid: Burla, discriminaci\u00f3n y racismo"},"content":{"rendered":"<p><strong>Brenda Caballero<\/strong><\/p>\n<p><em>N\u00fameros Rojos<\/em><\/p>\n<p><span style=\"font-weight: 400;\">\u201cLes quiero informar que peri\u00f3dicamente mi equipo de colaboradores m\u00e1s cercanos y yo nos realizamos la prueba de Covid-19, y a pesar de que siempre tom\u00e9 todas las medidas de prevenci\u00f3n, he resultado positivo seg\u00fan el \u00faltimo examen practicado. Me encuentro bien de salud acatando en casa las medidas de aislamiento recomendadas por los doctores, desde donde estar\u00e9 atento a que el municipio siga operando con normalidad.<\/span><\/p>\n<p><span style=\"font-weight: 400;\">Sigan cuid\u00e1ndose y cuiden de sus familias\u201d.<\/span><\/p>\n<p><span style=\"font-weight: 400;\">\u00c9sa fue la publicaci\u00f3n en Facebook del alcalde de Medell\u00edn de Bravo, Polo Deschamps, hace unos d\u00edas. De inmediato, los comentarios se hicieron presentes para el edil dese\u00e1ndole pronta recuperaci\u00f3n&#8230; bueno, no todos. El ex alcalde Marcos Isle\u00f1o le respondi\u00f3 con \u201cemojis\u201d de risa, m\u00e1s bien de carcajada, ante su contagio. \u00bfDe verdad se estaba burlando? Entiendo que sea su contrincante pol\u00edtico, pero la Covid-19 no debe ser motivo de burla. La pandemia es un problema de salud que sigue cobrando vidas todos los d\u00edas en el mundo.<\/span><\/p>\n<p><span style=\"font-weight: 400;\">Sin duda alguna, esta pandemia ha sacado lo mejor y lo peor de nosotros. Hemos conocido actos de generosidad de la sociedad civil, as\u00ed como actos de rechazo y estigmatizaci\u00f3n, principalmente hacia los trabajadores del sector Salud, aunque no se salvaron empleados de mercados y hasta indigentes. Se han documentado actos de violencia y de discriminaci\u00f3n.<\/span><\/p>\n<p><span style=\"font-weight: 400;\">\u201cDespu\u00e9s de que se enteraron que ten\u00eda Covid, me mandaron parabienes, pero al recuperarme, tambi\u00e9n sufr\u00ed rechazo al igual que mi familia; hab\u00eda personas que no quer\u00edan ni saludarnos, ni recibirnos en sus comercios\u201d, me platica Luisa.<\/span><\/p>\n<p><span style=\"font-weight: 400;\">Pareciera incre\u00edble que en plena pandemia reaccionemos as\u00ed; sin embargo, el Secretario General de las Naciones Unidas en un informe de pol\u00edtica sobre Covid-19 y los Derechos Humanos, afirma que desde el brote de esta enfermedad, \u00abla inestabilidad y el temor que engendra la pandemia est\u00e1 exacerbando las preocupaciones existentes en materia de Derechos Humanos, como la discriminaci\u00f3n contra determinados grupos en el mundo\u201d.<\/span><\/p>\n<p><span style=\"font-weight: 400;\">Seg\u00fan el informe, los que m\u00e1s sufrieron la discriminaci\u00f3n fueron los asi\u00e1ticos y las personas de ascendencia de este continente, frecuentemente el blanco de ataques \u201cpor causar\u201d la pandemia y su propagaci\u00f3n. Se les atac\u00f3 verbalmente por medios y redes sociales; se boicote\u00f3 sus actividades econ\u00f3micas y hasta en algunos casos, tuvieron dificultades de acceso a las instituciones educativas.<\/span><\/p>\n<p><span style=\"font-weight: 400;\">Concluye que en tiempos de crisis y de gran incertidumbre, especialmente de la magnitud como la que estamos viviendo, la gente tiende a buscar chivos expiatorios para desahogar sus frustraciones, preocupaciones y miedos.<\/span><\/p>\n<p><span style=\"font-weight: 400;\">En M\u00e9xico, el Conapred (Consejo Nacional para Prevenir la Discriminaci\u00f3n) elabor\u00f3 una gu\u00eda con la intenci\u00f3n de mejorar las relaciones interpersonales en la sociedad en tiempos de pandemia, con la intenci\u00f3n de eliminar la discriminaci\u00f3n especialmente con las personas diagnosticadas con la Covid-19 o que presentan s\u00edntomas de la enfermedad. Incluso atiende quejas por discriminaci\u00f3n ante un despido injustificado por haber contra\u00eddo Covid, por ser familiar de un paciente, o si se le neg\u00f3 la entrada a un comercio o supermercado, por prejuicios y estereotipos.<\/span><\/p>\n<p><span style=\"font-weight: 400;\">Debemos entender la \u201csana distancia\u201d, pero primero hay que poner distancia a la discriminaci\u00f3n.<\/span><\/p>\n<p>&nbsp;<\/p>\n<p><span style=\"font-weight: 400;\">@NumerosRojos_BC<\/span><\/p>\n<p><span style=\"font-weight: 400;\">caballero_brenda@hotmail.com<\/span><\/p>\n<p>&nbsp;<\/p>\n","protected":false},"excerpt":{"rendered":"<p>Brenda Caballero N\u00fameros Rojos \u201cLes quiero informar que peri\u00f3dicamente mi equipo de colaboradores m\u00e1s cercanos y yo nos realizamos la prueba de Covid-19, y a pesar de que siempre tom\u00e9 todas las medidas de prevenci\u00f3n, he resultado positivo seg\u00fan el \u00faltimo examen practicado. Me encuentro bien de salud acatando en casa las medidas de aislamiento [&hellip;]<\/p>\n","protected":false},"author":2,"featured_media":0,"comment_status":"open","ping_status":"open","sticky":false,"template":"","format":"standard","meta":{"tdm_status":"","tdm_grid_status":"","footnotes":""},"categories":[70],"tags":[2687,7812,16673,4430,242,19748,1420,7517],"class_list":{"0":"post-58505","1":"post","2":"type-post","3":"status-publish","4":"format-standard","6":"category-de-opinion","7":"tag-brenda-caballero","8":"tag-conapred","9":"tag-covid-19","10":"tag-derechos-humanos","11":"tag-facebook","12":"tag-marcos-isleno","13":"tag-medellin-de-bravo","14":"tag-polo-deschamps"},"yoast_head":"<!-- This site is optimized with the Yoast SEO plugin v27.4 - https:\/\/yoast.com\/product\/yoast-seo-wordpress\/ -->\n<title>Covid: Burla, discriminaci\u00f3n y racismo - Los pol\u00edticos Veracruz<\/title>\n<meta name=\"robots\" content=\"index, follow, max-snippet:-1, max-image-preview:large, max-video-preview:-1\" \/>\n<link rel=\"canonical\" href=\"https:\/\/lospoliticosveracruz.com\/?p=58505\" \/>\n<meta property=\"og:locale\" content=\"es_ES\" \/>\n<meta property=\"og:type\" content=\"article\" \/>\n<meta property=\"og:title\" content=\"Covid: Burla, discriminaci\u00f3n y racismo - Los pol\u00edticos Veracruz\" \/>\n<meta property=\"og:description\" content=\"Brenda Caballero N\u00fameros Rojos \u201cLes quiero informar que peri\u00f3dicamente mi equipo de colaboradores m\u00e1s cercanos y yo nos realizamos la prueba de Covid-19, y a pesar de que siempre tom\u00e9 todas las medidas de prevenci\u00f3n, he resultado positivo seg\u00fan el \u00faltimo examen practicado. Me encuentro bien de salud acatando en casa las medidas de aislamiento [&hellip;]\" \/>\n<meta property=\"og:url\" content=\"https:\/\/lospoliticosveracruz.com\/?p=58505\" \/>\n<meta property=\"og:site_name\" content=\"Los pol\u00edticos Veracruz\" \/>\n<meta property=\"article:publisher\" content=\"https:\/\/www.facebook.com\/people\/Notimemes-de-los-Polticos\/61565672886568\/\" \/>\n<meta property=\"article:published_time\" content=\"2020-08-08T00:33:29+00:00\" \/>\n<meta property=\"og:image\" content=\"https:\/\/lospoliticosveracruz.com\/wp-content\/uploads\/2016\/07\/Logo-Dor.jpg\" \/>\n\t<meta property=\"og:image:width\" content=\"200\" \/>\n\t<meta property=\"og:image:height\" content=\"200\" \/>\n\t<meta property=\"og:image:type\" content=\"image\/jpeg\" \/>\n<meta name=\"author\" content=\"Lo viste en Los Pol\u00edticos\" \/>\n<meta name=\"twitter:card\" content=\"summary_large_image\" \/>\n<meta name=\"twitter:creator\" content=\"@LosPoliticosVer\" \/>\n<meta name=\"twitter:site\" content=\"@LosPoliticosVer\" \/>\n<meta name=\"twitter:label1\" content=\"Escrito por\" \/>\n\t<meta name=\"twitter:data1\" content=\"Lo viste en Los Pol\u00edticos\" \/>\n\t<meta name=\"twitter:label2\" content=\"Tiempo de lectura\" \/>\n\t<meta name=\"twitter:data2\" content=\"3 minutos\" \/>\n<script type=\"application\/ld+json\" class=\"yoast-schema-graph\">{\"@context\":\"https:\\\/\\\/schema.org\",\"@graph\":[{\"@type\":\"Article\",\"@id\":\"https:\\\/\\\/lospoliticosveracruz.com\\\/?p=58505#article\",\"isPartOf\":{\"@id\":\"https:\\\/\\\/lospoliticosveracruz.com\\\/?p=58505\"},\"author\":{\"name\":\"Lo viste en Los Pol\u00edticos\",\"@id\":\"https:\\\/\\\/lospoliticosveracruz.com\\\/#\\\/schema\\\/person\\\/b8702bb0e538456e6efd07080bf2a4a2\"},\"headline\":\"Covid: Burla, discriminaci\u00f3n y racismo\",\"datePublished\":\"2020-08-08T00:33:29+00:00\",\"mainEntityOfPage\":{\"@id\":\"https:\\\/\\\/lospoliticosveracruz.com\\\/?p=58505\"},\"wordCount\":569,\"commentCount\":0,\"publisher\":{\"@id\":\"https:\\\/\\\/lospoliticosveracruz.com\\\/#organization\"},\"keywords\":[\"Brenda Caballero\",\"Conapred\",\"Covid 19\",\"derechos humanos\",\"facebook\",\"Marcos Isle\u00f1o\",\"Medell\u00edn de Bravo\",\"Polo Deschamps\"],\"articleSection\":[\"De Opini\u00f3n\"],\"inLanguage\":\"es\",\"potentialAction\":[{\"@type\":\"CommentAction\",\"name\":\"Comment\",\"target\":[\"https:\\\/\\\/lospoliticosveracruz.com\\\/?p=58505#respond\"]}]},{\"@type\":\"WebPage\",\"@id\":\"https:\\\/\\\/lospoliticosveracruz.com\\\/?p=58505\",\"url\":\"https:\\\/\\\/lospoliticosveracruz.com\\\/?p=58505\",\"name\":\"Covid: Burla, discriminaci\u00f3n y racismo - Los pol\u00edticos Veracruz\",\"isPartOf\":{\"@id\":\"https:\\\/\\\/lospoliticosveracruz.com\\\/#website\"},\"datePublished\":\"2020-08-08T00:33:29+00:00\",\"breadcrumb\":{\"@id\":\"https:\\\/\\\/lospoliticosveracruz.com\\\/?p=58505#breadcrumb\"},\"inLanguage\":\"es\",\"potentialAction\":[{\"@type\":\"ReadAction\",\"target\":[\"https:\\\/\\\/lospoliticosveracruz.com\\\/?p=58505\"]}]},{\"@type\":\"BreadcrumbList\",\"@id\":\"https:\\\/\\\/lospoliticosveracruz.com\\\/?p=58505#breadcrumb\",\"itemListElement\":[{\"@type\":\"ListItem\",\"position\":1,\"name\":\"Portada\",\"item\":\"https:\\\/\\\/lospoliticosveracruz.com\\\/\"},{\"@type\":\"ListItem\",\"position\":2,\"name\":\"Covid: Burla, discriminaci\u00f3n y racismo\"}]},{\"@type\":\"WebSite\",\"@id\":\"https:\\\/\\\/lospoliticosveracruz.com\\\/#website\",\"url\":\"https:\\\/\\\/lospoliticosveracruz.com\\\/\",\"name\":\"Los pol\u00edticos Veracruz\",\"description\":\"\",\"publisher\":{\"@id\":\"https:\\\/\\\/lospoliticosveracruz.com\\\/#organization\"},\"potentialAction\":[{\"@type\":\"SearchAction\",\"target\":{\"@type\":\"EntryPoint\",\"urlTemplate\":\"https:\\\/\\\/lospoliticosveracruz.com\\\/?s={search_term_string}\"},\"query-input\":{\"@type\":\"PropertyValueSpecification\",\"valueRequired\":true,\"valueName\":\"search_term_string\"}}],\"inLanguage\":\"es\"},{\"@type\":\"Organization\",\"@id\":\"https:\\\/\\\/lospoliticosveracruz.com\\\/#organization\",\"name\":\"Los pol\u00edticos Veracruz\",\"url\":\"https:\\\/\\\/lospoliticosveracruz.com\\\/\",\"logo\":{\"@type\":\"ImageObject\",\"inLanguage\":\"es\",\"@id\":\"https:\\\/\\\/lospoliticosveracruz.com\\\/#\\\/schema\\\/logo\\\/image\\\/\",\"url\":\"https:\\\/\\\/lospoliticosveracruz.com\\\/wp-content\\\/uploads\\\/2025\\\/12\\\/Logo-Nuevo-LOS-POLITICOS-1.jpg\",\"contentUrl\":\"https:\\\/\\\/lospoliticosveracruz.com\\\/wp-content\\\/uploads\\\/2025\\\/12\\\/Logo-Nuevo-LOS-POLITICOS-1.jpg\",\"width\":260,\"height\":70,\"caption\":\"Los pol\u00edticos Veracruz\"},\"image\":{\"@id\":\"https:\\\/\\\/lospoliticosveracruz.com\\\/#\\\/schema\\\/logo\\\/image\\\/\"},\"sameAs\":[\"https:\\\/\\\/www.facebook.com\\\/people\\\/Notimemes-de-los-Polticos\\\/61565672886568\\\/\",\"https:\\\/\\\/x.com\\\/LosPoliticosVer\"]},{\"@type\":\"Person\",\"@id\":\"https:\\\/\\\/lospoliticosveracruz.com\\\/#\\\/schema\\\/person\\\/b8702bb0e538456e6efd07080bf2a4a2\",\"name\":\"Lo viste en Los Pol\u00edticos\",\"image\":{\"@type\":\"ImageObject\",\"inLanguage\":\"es\",\"@id\":\"https:\\\/\\\/secure.gravatar.com\\\/avatar\\\/3a8de04a2656d44082be478bd6c086daa447c4651605818287b9532d3d0bd435?s=96&d=mm&r=g\",\"url\":\"https:\\\/\\\/secure.gravatar.com\\\/avatar\\\/3a8de04a2656d44082be478bd6c086daa447c4651605818287b9532d3d0bd435?s=96&d=mm&r=g\",\"contentUrl\":\"https:\\\/\\\/secure.gravatar.com\\\/avatar\\\/3a8de04a2656d44082be478bd6c086daa447c4651605818287b9532d3d0bd435?s=96&d=mm&r=g\",\"caption\":\"Lo viste en Los Pol\u00edticos\"},\"url\":\"https:\\\/\\\/lospoliticosveracruz.com\\\/?author=2\"}]}<\/script>\n<!-- \/ Yoast SEO plugin. -->","yoast_head_json":{"title":"Covid: Burla, discriminaci\u00f3n y racismo - Los pol\u00edticos Veracruz","robots":{"index":"index","follow":"follow","max-snippet":"max-snippet:-1","max-image-preview":"max-image-preview:large","max-video-preview":"max-video-preview:-1"},"canonical":"https:\/\/lospoliticosveracruz.com\/?p=58505","og_locale":"es_ES","og_type":"article","og_title":"Covid: Burla, discriminaci\u00f3n y racismo - Los pol\u00edticos Veracruz","og_description":"Brenda Caballero N\u00fameros Rojos \u201cLes quiero informar que peri\u00f3dicamente mi equipo de colaboradores m\u00e1s cercanos y yo nos realizamos la prueba de Covid-19, y a pesar de que siempre tom\u00e9 todas las medidas de prevenci\u00f3n, he resultado positivo seg\u00fan el \u00faltimo examen practicado. Me encuentro bien de salud acatando en casa las medidas de aislamiento [&hellip;]","og_url":"https:\/\/lospoliticosveracruz.com\/?p=58505","og_site_name":"Los pol\u00edticos Veracruz","article_publisher":"https:\/\/www.facebook.com\/people\/Notimemes-de-los-Polticos\/61565672886568\/","article_published_time":"2020-08-08T00:33:29+00:00","og_image":[{"width":200,"height":200,"url":"https:\/\/lospoliticosveracruz.com\/wp-content\/uploads\/2016\/07\/Logo-Dor.jpg","type":"image\/jpeg"}],"author":"Lo viste en Los Pol\u00edticos","twitter_card":"summary_large_image","twitter_creator":"@LosPoliticosVer","twitter_site":"@LosPoliticosVer","twitter_misc":{"Escrito por":"Lo viste en Los Pol\u00edticos","Tiempo de lectura":"3 minutos"},"schema":{"@context":"https:\/\/schema.org","@graph":[{"@type":"Article","@id":"https:\/\/lospoliticosveracruz.com\/?p=58505#article","isPartOf":{"@id":"https:\/\/lospoliticosveracruz.com\/?p=58505"},"author":{"name":"Lo viste en Los Pol\u00edticos","@id":"https:\/\/lospoliticosveracruz.com\/#\/schema\/person\/b8702bb0e538456e6efd07080bf2a4a2"},"headline":"Covid: Burla, discriminaci\u00f3n y racismo","datePublished":"2020-08-08T00:33:29+00:00","mainEntityOfPage":{"@id":"https:\/\/lospoliticosveracruz.com\/?p=58505"},"wordCount":569,"commentCount":0,"publisher":{"@id":"https:\/\/lospoliticosveracruz.com\/#organization"},"keywords":["Brenda Caballero","Conapred","Covid 19","derechos humanos","facebook","Marcos Isle\u00f1o","Medell\u00edn de Bravo","Polo Deschamps"],"articleSection":["De Opini\u00f3n"],"inLanguage":"es","potentialAction":[{"@type":"CommentAction","name":"Comment","target":["https:\/\/lospoliticosveracruz.com\/?p=58505#respond"]}]},{"@type":"WebPage","@id":"https:\/\/lospoliticosveracruz.com\/?p=58505","url":"https:\/\/lospoliticosveracruz.com\/?p=58505","name":"Covid: Burla, discriminaci\u00f3n y racismo - Los pol\u00edticos Veracruz","isPartOf":{"@id":"https:\/\/lospoliticosveracruz.com\/#website"},"datePublished":"2020-08-08T00:33:29+00:00","breadcrumb":{"@id":"https:\/\/lospoliticosveracruz.com\/?p=58505#breadcrumb"},"inLanguage":"es","potentialAction":[{"@type":"ReadAction","target":["https:\/\/lospoliticosveracruz.com\/?p=58505"]}]},{"@type":"BreadcrumbList","@id":"https:\/\/lospoliticosveracruz.com\/?p=58505#breadcrumb","itemListElement":[{"@type":"ListItem","position":1,"name":"Portada","item":"https:\/\/lospoliticosveracruz.com\/"},{"@type":"ListItem","position":2,"name":"Covid: Burla, discriminaci\u00f3n y racismo"}]},{"@type":"WebSite","@id":"https:\/\/lospoliticosveracruz.com\/#website","url":"https:\/\/lospoliticosveracruz.com\/","name":"Los pol\u00edticos Veracruz","description":"","publisher":{"@id":"https:\/\/lospoliticosveracruz.com\/#organization"},"potentialAction":[{"@type":"SearchAction","target":{"@type":"EntryPoint","urlTemplate":"https:\/\/lospoliticosveracruz.com\/?s={search_term_string}"},"query-input":{"@type":"PropertyValueSpecification","valueRequired":true,"valueName":"search_term_string"}}],"inLanguage":"es"},{"@type":"Organization","@id":"https:\/\/lospoliticosveracruz.com\/#organization","name":"Los pol\u00edticos Veracruz","url":"https:\/\/lospoliticosveracruz.com\/","logo":{"@type":"ImageObject","inLanguage":"es","@id":"https:\/\/lospoliticosveracruz.com\/#\/schema\/logo\/image\/","url":"https:\/\/lospoliticosveracruz.com\/wp-content\/uploads\/2025\/12\/Logo-Nuevo-LOS-POLITICOS-1.jpg","contentUrl":"https:\/\/lospoliticosveracruz.com\/wp-content\/uploads\/2025\/12\/Logo-Nuevo-LOS-POLITICOS-1.jpg","width":260,"height":70,"caption":"Los pol\u00edticos Veracruz"},"image":{"@id":"https:\/\/lospoliticosveracruz.com\/#\/schema\/logo\/image\/"},"sameAs":["https:\/\/www.facebook.com\/people\/Notimemes-de-los-Polticos\/61565672886568\/","https:\/\/x.com\/LosPoliticosVer"]},{"@type":"Person","@id":"https:\/\/lospoliticosveracruz.com\/#\/schema\/person\/b8702bb0e538456e6efd07080bf2a4a2","name":"Lo viste en Los Pol\u00edticos","image":{"@type":"ImageObject","inLanguage":"es","@id":"https:\/\/secure.gravatar.com\/avatar\/3a8de04a2656d44082be478bd6c086daa447c4651605818287b9532d3d0bd435?s=96&d=mm&r=g","url":"https:\/\/secure.gravatar.com\/avatar\/3a8de04a2656d44082be478bd6c086daa447c4651605818287b9532d3d0bd435?s=96&d=mm&r=g","contentUrl":"https:\/\/secure.gravatar.com\/avatar\/3a8de04a2656d44082be478bd6c086daa447c4651605818287b9532d3d0bd435?s=96&d=mm&r=g","caption":"Lo viste en Los Pol\u00edticos"},"url":"https:\/\/lospoliticosveracruz.com\/?author=2"}]}},"_links":{"self":[{"href":"https:\/\/lospoliticosveracruz.com\/index.php?rest_route=\/wp\/v2\/posts\/58505","targetHints":{"allow":["GET"]}}],"collection":[{"href":"https:\/\/lospoliticosveracruz.com\/index.php?rest_route=\/wp\/v2\/posts"}],"about":[{"href":"https:\/\/lospoliticosveracruz.com\/index.php?rest_route=\/wp\/v2\/types\/post"}],"author":[{"embeddable":true,"href":"https:\/\/lospoliticosveracruz.com\/index.php?rest_route=\/wp\/v2\/users\/2"}],"replies":[{"embeddable":true,"href":"https:\/\/lospoliticosveracruz.com\/index.php?rest_route=%2Fwp%2Fv2%2Fcomments&post=58505"}],"version-history":[{"count":1,"href":"https:\/\/lospoliticosveracruz.com\/index.php?rest_route=\/wp\/v2\/posts\/58505\/revisions"}],"predecessor-version":[{"id":58507,"href":"https:\/\/lospoliticosveracruz.com\/index.php?rest_route=\/wp\/v2\/posts\/58505\/revisions\/58507"}],"wp:attachment":[{"href":"https:\/\/lospoliticosveracruz.com\/index.php?rest_route=%2Fwp%2Fv2%2Fmedia&parent=58505"}],"wp:term":[{"taxonomy":"category","embeddable":true,"href":"https:\/\/lospoliticosveracruz.com\/index.php?rest_route=%2Fwp%2Fv2%2Fcategories&post=58505"},{"taxonomy":"post_tag","embeddable":true,"href":"https:\/\/lospoliticosveracruz.com\/index.php?rest_route=%2Fwp%2Fv2%2Ftags&post=58505"}],"curies":[{"name":"wp","href":"https:\/\/api.w.org\/{rel}","templated":true}]}}