{"id":58527,"date":"2020-08-08T07:18:02","date_gmt":"2020-08-08T12:18:02","guid":{"rendered":"http:\/\/www.lospoliticosveracruz.com.mx\/?p=58527"},"modified":"2020-08-08T07:18:02","modified_gmt":"2020-08-08T12:18:02","slug":"papelito-habla-en-isla","status":"publish","type":"post","link":"https:\/\/lospoliticosveracruz.com\/?p=58527","title":{"rendered":"Papelito habla en Isla"},"content":{"rendered":"<p>&nbsp;<\/p>\n<p><strong>Eduardo Venegas Naranjo<\/strong><\/p>\n<p><em>Ciudad Isla<\/em><\/p>\n<p>Un total de 76 escrituras fueron entregadas por el Presidente Municipal de Ciudad Isla, Veracruz, Fernando Molina Landa, de forma gratuita, a igual n\u00fameros de beneficiados de la Colonia Nueva Isla, ubicado en la cabecera municipal.<\/p>\n<p>Por su parte Er\u00e9ndira Salgado Carri\u00f3n, Sindica \u00danica del Ayuntamiento, manifest\u00f3 que estas escrituras dan certeza jur\u00eddica al patrimonio de las familias, \u00abcelebramos el esfuerzo conjunto para obtener este documento, coadyuvamos en la tranquilidad de sus familias, hay colonias que llevan m\u00e1s de 15 a\u00f1os buscando obtener la escritura y ustedes despu\u00e9s de 2 a\u00f1os y medio de tomar posesi\u00f3n de sus terrenos se logra la certeza jur\u00eddica\u00bb<\/p>\n<p>Durante la intervenci\u00f3n de la diputada local por el distrito 24 Brianda Kristel Hernandez Topete indic\u00f3 que este es el resultado del trabajo en equipo del presidente municipal y su cabildo, solo as\u00ed se lograr\u00e1 un buen resultado como el de hoy, y para las dem\u00e1s familias que tambi\u00e9n est\u00e1n buscando la certeza jur\u00eddica de su patrimonio.<\/p>\n<p>Mientras tanto el presidente municipal Fernando Molina Landa expres\u00f3 que se tuvo confianza en la actual administraci\u00f3n y este es el resultado, \u00abahora setenta y seis familias podr\u00e1n estar tranquilos porque su patrimonio estar\u00e1 protegido y de manera legal, este ha sido nuestra preocupaci\u00f3n desde el inicio de nuestro gobierno cuidar y velar por los derechos de los Isle\u00f1os, y as\u00ed lo seguiremos haciendo hasta el \u00faltimo que estemos al frente de Isla, por ello es que se busc\u00f3 los mecanismos para que no se afectara la econom\u00eda de quienes solicitaron las escrituras sobre todo en estos tiempos d\u00f3nde los recursos son limitados, ahora que ya cuenta con los documentos en regla se buscar\u00e1 llevar obras y acciones a esta colonia\u00bb<\/p>\n<p>En el evento estuvo tambi\u00e9n presente Guadalupe Sosa de Molina presidenta del sistema para el Desarrollo Integral de la Familia DIF y Tania Aguirre Rivero titular catastro municipal.<\/p>\n","protected":false},"excerpt":{"rendered":"<p>&nbsp; Eduardo Venegas Naranjo Ciudad Isla Un total de 76 escrituras fueron entregadas por el Presidente Municipal de Ciudad Isla, Veracruz, Fernando Molina Landa, de forma gratuita, a igual n\u00fameros de beneficiados de la Colonia Nueva Isla, ubicado en la cabecera municipal. Por su parte Er\u00e9ndira Salgado Carri\u00f3n, Sindica \u00danica del Ayuntamiento, manifest\u00f3 que estas [&hellip;]<\/p>\n","protected":false},"author":2,"featured_media":0,"comment_status":"open","ping_status":"open","sticky":false,"template":"","format":"standard","meta":{"tdm_status":"","tdm_grid_status":"","footnotes":""},"categories":[73],"tags":[13814,13602,19752,13110,19753,19751,19754,195],"class_list":{"0":"post-58527","1":"post","2":"type-post","3":"status-publish","4":"format-standard","6":"category-de-boleto","7":"tag-brianda-kristel-hernandez-topete","8":"tag-ciudad-isla","9":"tag-erendira-salgado-carrion","10":"tag-fernando-molina-landa","11":"tag-guadalupe-sosa-de-molina","12":"tag-papelito-habla","13":"tag-tania-aguirre-rivero","14":"tag-veracruz"},"yoast_head":"<!-- This site is optimized with the Yoast SEO plugin v27.4 - https:\/\/yoast.com\/product\/yoast-seo-wordpress\/ -->\n<title>Papelito habla en Isla - Los pol\u00edticos Veracruz<\/title>\n<meta name=\"robots\" content=\"index, follow, max-snippet:-1, max-image-preview:large, max-video-preview:-1\" \/>\n<link rel=\"canonical\" href=\"https:\/\/lospoliticosveracruz.com\/?p=58527\" \/>\n<meta property=\"og:locale\" content=\"es_ES\" \/>\n<meta property=\"og:type\" content=\"article\" \/>\n<meta property=\"og:title\" content=\"Papelito habla en Isla - Los pol\u00edticos Veracruz\" \/>\n<meta property=\"og:description\" content=\"&nbsp; Eduardo Venegas Naranjo Ciudad Isla Un total de 76 escrituras fueron entregadas por el Presidente Municipal de Ciudad Isla, Veracruz, Fernando Molina Landa, de forma gratuita, a igual n\u00fameros de beneficiados de la Colonia Nueva Isla, ubicado en la cabecera municipal. Por su parte Er\u00e9ndira Salgado Carri\u00f3n, Sindica \u00danica del Ayuntamiento, manifest\u00f3 que estas [&hellip;]\" \/>\n<meta property=\"og:url\" content=\"https:\/\/lospoliticosveracruz.com\/?p=58527\" \/>\n<meta property=\"og:site_name\" content=\"Los pol\u00edticos Veracruz\" \/>\n<meta property=\"article:publisher\" content=\"https:\/\/www.facebook.com\/people\/Notimemes-de-los-Polticos\/61565672886568\/\" \/>\n<meta property=\"article:published_time\" content=\"2020-08-08T12:18:02+00:00\" \/>\n<meta property=\"og:image\" content=\"https:\/\/lospoliticosveracruz.com\/wp-content\/uploads\/2016\/07\/Logo-Dor.jpg\" \/>\n\t<meta property=\"og:image:width\" content=\"200\" \/>\n\t<meta property=\"og:image:height\" content=\"200\" \/>\n\t<meta property=\"og:image:type\" content=\"image\/jpeg\" \/>\n<meta name=\"author\" content=\"Lo viste en Los Pol\u00edticos\" \/>\n<meta name=\"twitter:card\" content=\"summary_large_image\" \/>\n<meta name=\"twitter:creator\" content=\"@LosPoliticosVer\" \/>\n<meta name=\"twitter:site\" content=\"@LosPoliticosVer\" \/>\n<meta name=\"twitter:label1\" content=\"Escrito por\" \/>\n\t<meta name=\"twitter:data1\" content=\"Lo viste en Los Pol\u00edticos\" \/>\n\t<meta name=\"twitter:label2\" content=\"Tiempo de lectura\" \/>\n\t<meta name=\"twitter:data2\" content=\"2 minutos\" \/>\n<script type=\"application\/ld+json\" class=\"yoast-schema-graph\">{\"@context\":\"https:\\\/\\\/schema.org\",\"@graph\":[{\"@type\":\"Article\",\"@id\":\"https:\\\/\\\/lospoliticosveracruz.com\\\/?p=58527#article\",\"isPartOf\":{\"@id\":\"https:\\\/\\\/lospoliticosveracruz.com\\\/?p=58527\"},\"author\":{\"name\":\"Lo viste en Los Pol\u00edticos\",\"@id\":\"https:\\\/\\\/lospoliticosveracruz.com\\\/#\\\/schema\\\/person\\\/b8702bb0e538456e6efd07080bf2a4a2\"},\"headline\":\"Papelito habla en Isla\",\"datePublished\":\"2020-08-08T12:18:02+00:00\",\"mainEntityOfPage\":{\"@id\":\"https:\\\/\\\/lospoliticosveracruz.com\\\/?p=58527\"},\"wordCount\":338,\"commentCount\":0,\"publisher\":{\"@id\":\"https:\\\/\\\/lospoliticosveracruz.com\\\/#organization\"},\"keywords\":[\"Brianda Kristel Hern\u00e1ndez Topete\",\"Ciudad Isla\",\"Er\u00e9ndira Salgado Carri\u00f3n\",\"Fernando Molina Landa\",\"Guadalupe Sosa de Molina\",\"Papelito habla\",\"Tania Aguirre Rivero\",\"Veracruz\"],\"articleSection\":[\"De Boleto\"],\"inLanguage\":\"es\",\"potentialAction\":[{\"@type\":\"CommentAction\",\"name\":\"Comment\",\"target\":[\"https:\\\/\\\/lospoliticosveracruz.com\\\/?p=58527#respond\"]}]},{\"@type\":\"WebPage\",\"@id\":\"https:\\\/\\\/lospoliticosveracruz.com\\\/?p=58527\",\"url\":\"https:\\\/\\\/lospoliticosveracruz.com\\\/?p=58527\",\"name\":\"Papelito habla en Isla - Los pol\u00edticos Veracruz\",\"isPartOf\":{\"@id\":\"https:\\\/\\\/lospoliticosveracruz.com\\\/#website\"},\"datePublished\":\"2020-08-08T12:18:02+00:00\",\"breadcrumb\":{\"@id\":\"https:\\\/\\\/lospoliticosveracruz.com\\\/?p=58527#breadcrumb\"},\"inLanguage\":\"es\",\"potentialAction\":[{\"@type\":\"ReadAction\",\"target\":[\"https:\\\/\\\/lospoliticosveracruz.com\\\/?p=58527\"]}]},{\"@type\":\"BreadcrumbList\",\"@id\":\"https:\\\/\\\/lospoliticosveracruz.com\\\/?p=58527#breadcrumb\",\"itemListElement\":[{\"@type\":\"ListItem\",\"position\":1,\"name\":\"Portada\",\"item\":\"https:\\\/\\\/lospoliticosveracruz.com\\\/\"},{\"@type\":\"ListItem\",\"position\":2,\"name\":\"Papelito habla en Isla\"}]},{\"@type\":\"WebSite\",\"@id\":\"https:\\\/\\\/lospoliticosveracruz.com\\\/#website\",\"url\":\"https:\\\/\\\/lospoliticosveracruz.com\\\/\",\"name\":\"Los pol\u00edticos Veracruz\",\"description\":\"\",\"publisher\":{\"@id\":\"https:\\\/\\\/lospoliticosveracruz.com\\\/#organization\"},\"potentialAction\":[{\"@type\":\"SearchAction\",\"target\":{\"@type\":\"EntryPoint\",\"urlTemplate\":\"https:\\\/\\\/lospoliticosveracruz.com\\\/?s={search_term_string}\"},\"query-input\":{\"@type\":\"PropertyValueSpecification\",\"valueRequired\":true,\"valueName\":\"search_term_string\"}}],\"inLanguage\":\"es\"},{\"@type\":\"Organization\",\"@id\":\"https:\\\/\\\/lospoliticosveracruz.com\\\/#organization\",\"name\":\"Los pol\u00edticos Veracruz\",\"url\":\"https:\\\/\\\/lospoliticosveracruz.com\\\/\",\"logo\":{\"@type\":\"ImageObject\",\"inLanguage\":\"es\",\"@id\":\"https:\\\/\\\/lospoliticosveracruz.com\\\/#\\\/schema\\\/logo\\\/image\\\/\",\"url\":\"https:\\\/\\\/lospoliticosveracruz.com\\\/wp-content\\\/uploads\\\/2025\\\/12\\\/Logo-Nuevo-LOS-POLITICOS-1.jpg\",\"contentUrl\":\"https:\\\/\\\/lospoliticosveracruz.com\\\/wp-content\\\/uploads\\\/2025\\\/12\\\/Logo-Nuevo-LOS-POLITICOS-1.jpg\",\"width\":260,\"height\":70,\"caption\":\"Los pol\u00edticos Veracruz\"},\"image\":{\"@id\":\"https:\\\/\\\/lospoliticosveracruz.com\\\/#\\\/schema\\\/logo\\\/image\\\/\"},\"sameAs\":[\"https:\\\/\\\/www.facebook.com\\\/people\\\/Notimemes-de-los-Polticos\\\/61565672886568\\\/\",\"https:\\\/\\\/x.com\\\/LosPoliticosVer\"]},{\"@type\":\"Person\",\"@id\":\"https:\\\/\\\/lospoliticosveracruz.com\\\/#\\\/schema\\\/person\\\/b8702bb0e538456e6efd07080bf2a4a2\",\"name\":\"Lo viste en Los Pol\u00edticos\",\"image\":{\"@type\":\"ImageObject\",\"inLanguage\":\"es\",\"@id\":\"https:\\\/\\\/secure.gravatar.com\\\/avatar\\\/3a8de04a2656d44082be478bd6c086daa447c4651605818287b9532d3d0bd435?s=96&d=mm&r=g\",\"url\":\"https:\\\/\\\/secure.gravatar.com\\\/avatar\\\/3a8de04a2656d44082be478bd6c086daa447c4651605818287b9532d3d0bd435?s=96&d=mm&r=g\",\"contentUrl\":\"https:\\\/\\\/secure.gravatar.com\\\/avatar\\\/3a8de04a2656d44082be478bd6c086daa447c4651605818287b9532d3d0bd435?s=96&d=mm&r=g\",\"caption\":\"Lo viste en Los Pol\u00edticos\"},\"url\":\"https:\\\/\\\/lospoliticosveracruz.com\\\/?author=2\"}]}<\/script>\n<!-- \/ Yoast SEO plugin. -->","yoast_head_json":{"title":"Papelito habla en Isla - Los pol\u00edticos Veracruz","robots":{"index":"index","follow":"follow","max-snippet":"max-snippet:-1","max-image-preview":"max-image-preview:large","max-video-preview":"max-video-preview:-1"},"canonical":"https:\/\/lospoliticosveracruz.com\/?p=58527","og_locale":"es_ES","og_type":"article","og_title":"Papelito habla en Isla - Los pol\u00edticos Veracruz","og_description":"&nbsp; Eduardo Venegas Naranjo Ciudad Isla Un total de 76 escrituras fueron entregadas por el Presidente Municipal de Ciudad Isla, Veracruz, Fernando Molina Landa, de forma gratuita, a igual n\u00fameros de beneficiados de la Colonia Nueva Isla, ubicado en la cabecera municipal. Por su parte Er\u00e9ndira Salgado Carri\u00f3n, Sindica \u00danica del Ayuntamiento, manifest\u00f3 que estas [&hellip;]","og_url":"https:\/\/lospoliticosveracruz.com\/?p=58527","og_site_name":"Los pol\u00edticos Veracruz","article_publisher":"https:\/\/www.facebook.com\/people\/Notimemes-de-los-Polticos\/61565672886568\/","article_published_time":"2020-08-08T12:18:02+00:00","og_image":[{"width":200,"height":200,"url":"https:\/\/lospoliticosveracruz.com\/wp-content\/uploads\/2016\/07\/Logo-Dor.jpg","type":"image\/jpeg"}],"author":"Lo viste en Los Pol\u00edticos","twitter_card":"summary_large_image","twitter_creator":"@LosPoliticosVer","twitter_site":"@LosPoliticosVer","twitter_misc":{"Escrito por":"Lo viste en Los Pol\u00edticos","Tiempo de lectura":"2 minutos"},"schema":{"@context":"https:\/\/schema.org","@graph":[{"@type":"Article","@id":"https:\/\/lospoliticosveracruz.com\/?p=58527#article","isPartOf":{"@id":"https:\/\/lospoliticosveracruz.com\/?p=58527"},"author":{"name":"Lo viste en Los Pol\u00edticos","@id":"https:\/\/lospoliticosveracruz.com\/#\/schema\/person\/b8702bb0e538456e6efd07080bf2a4a2"},"headline":"Papelito habla en Isla","datePublished":"2020-08-08T12:18:02+00:00","mainEntityOfPage":{"@id":"https:\/\/lospoliticosveracruz.com\/?p=58527"},"wordCount":338,"commentCount":0,"publisher":{"@id":"https:\/\/lospoliticosveracruz.com\/#organization"},"keywords":["Brianda Kristel Hern\u00e1ndez Topete","Ciudad Isla","Er\u00e9ndira Salgado Carri\u00f3n","Fernando Molina Landa","Guadalupe Sosa de Molina","Papelito habla","Tania Aguirre Rivero","Veracruz"],"articleSection":["De Boleto"],"inLanguage":"es","potentialAction":[{"@type":"CommentAction","name":"Comment","target":["https:\/\/lospoliticosveracruz.com\/?p=58527#respond"]}]},{"@type":"WebPage","@id":"https:\/\/lospoliticosveracruz.com\/?p=58527","url":"https:\/\/lospoliticosveracruz.com\/?p=58527","name":"Papelito habla en Isla - Los pol\u00edticos Veracruz","isPartOf":{"@id":"https:\/\/lospoliticosveracruz.com\/#website"},"datePublished":"2020-08-08T12:18:02+00:00","breadcrumb":{"@id":"https:\/\/lospoliticosveracruz.com\/?p=58527#breadcrumb"},"inLanguage":"es","potentialAction":[{"@type":"ReadAction","target":["https:\/\/lospoliticosveracruz.com\/?p=58527"]}]},{"@type":"BreadcrumbList","@id":"https:\/\/lospoliticosveracruz.com\/?p=58527#breadcrumb","itemListElement":[{"@type":"ListItem","position":1,"name":"Portada","item":"https:\/\/lospoliticosveracruz.com\/"},{"@type":"ListItem","position":2,"name":"Papelito habla en Isla"}]},{"@type":"WebSite","@id":"https:\/\/lospoliticosveracruz.com\/#website","url":"https:\/\/lospoliticosveracruz.com\/","name":"Los pol\u00edticos Veracruz","description":"","publisher":{"@id":"https:\/\/lospoliticosveracruz.com\/#organization"},"potentialAction":[{"@type":"SearchAction","target":{"@type":"EntryPoint","urlTemplate":"https:\/\/lospoliticosveracruz.com\/?s={search_term_string}"},"query-input":{"@type":"PropertyValueSpecification","valueRequired":true,"valueName":"search_term_string"}}],"inLanguage":"es"},{"@type":"Organization","@id":"https:\/\/lospoliticosveracruz.com\/#organization","name":"Los pol\u00edticos Veracruz","url":"https:\/\/lospoliticosveracruz.com\/","logo":{"@type":"ImageObject","inLanguage":"es","@id":"https:\/\/lospoliticosveracruz.com\/#\/schema\/logo\/image\/","url":"https:\/\/lospoliticosveracruz.com\/wp-content\/uploads\/2025\/12\/Logo-Nuevo-LOS-POLITICOS-1.jpg","contentUrl":"https:\/\/lospoliticosveracruz.com\/wp-content\/uploads\/2025\/12\/Logo-Nuevo-LOS-POLITICOS-1.jpg","width":260,"height":70,"caption":"Los pol\u00edticos Veracruz"},"image":{"@id":"https:\/\/lospoliticosveracruz.com\/#\/schema\/logo\/image\/"},"sameAs":["https:\/\/www.facebook.com\/people\/Notimemes-de-los-Polticos\/61565672886568\/","https:\/\/x.com\/LosPoliticosVer"]},{"@type":"Person","@id":"https:\/\/lospoliticosveracruz.com\/#\/schema\/person\/b8702bb0e538456e6efd07080bf2a4a2","name":"Lo viste en Los Pol\u00edticos","image":{"@type":"ImageObject","inLanguage":"es","@id":"https:\/\/secure.gravatar.com\/avatar\/3a8de04a2656d44082be478bd6c086daa447c4651605818287b9532d3d0bd435?s=96&d=mm&r=g","url":"https:\/\/secure.gravatar.com\/avatar\/3a8de04a2656d44082be478bd6c086daa447c4651605818287b9532d3d0bd435?s=96&d=mm&r=g","contentUrl":"https:\/\/secure.gravatar.com\/avatar\/3a8de04a2656d44082be478bd6c086daa447c4651605818287b9532d3d0bd435?s=96&d=mm&r=g","caption":"Lo viste en Los Pol\u00edticos"},"url":"https:\/\/lospoliticosveracruz.com\/?author=2"}]}},"_links":{"self":[{"href":"https:\/\/lospoliticosveracruz.com\/index.php?rest_route=\/wp\/v2\/posts\/58527","targetHints":{"allow":["GET"]}}],"collection":[{"href":"https:\/\/lospoliticosveracruz.com\/index.php?rest_route=\/wp\/v2\/posts"}],"about":[{"href":"https:\/\/lospoliticosveracruz.com\/index.php?rest_route=\/wp\/v2\/types\/post"}],"author":[{"embeddable":true,"href":"https:\/\/lospoliticosveracruz.com\/index.php?rest_route=\/wp\/v2\/users\/2"}],"replies":[{"embeddable":true,"href":"https:\/\/lospoliticosveracruz.com\/index.php?rest_route=%2Fwp%2Fv2%2Fcomments&post=58527"}],"version-history":[{"count":1,"href":"https:\/\/lospoliticosveracruz.com\/index.php?rest_route=\/wp\/v2\/posts\/58527\/revisions"}],"predecessor-version":[{"id":58529,"href":"https:\/\/lospoliticosveracruz.com\/index.php?rest_route=\/wp\/v2\/posts\/58527\/revisions\/58529"}],"wp:attachment":[{"href":"https:\/\/lospoliticosveracruz.com\/index.php?rest_route=%2Fwp%2Fv2%2Fmedia&parent=58527"}],"wp:term":[{"taxonomy":"category","embeddable":true,"href":"https:\/\/lospoliticosveracruz.com\/index.php?rest_route=%2Fwp%2Fv2%2Fcategories&post=58527"},{"taxonomy":"post_tag","embeddable":true,"href":"https:\/\/lospoliticosveracruz.com\/index.php?rest_route=%2Fwp%2Fv2%2Ftags&post=58527"}],"curies":[{"name":"wp","href":"https:\/\/api.w.org\/{rel}","templated":true}]}}