{"id":58531,"date":"2020-08-08T10:25:14","date_gmt":"2020-08-08T15:25:14","guid":{"rendered":"http:\/\/www.lospoliticosveracruz.com.mx\/?p=58531"},"modified":"2020-08-08T10:25:14","modified_gmt":"2020-08-08T15:25:14","slug":"nahle-cuitlahuac-y-el-covid","status":"publish","type":"post","link":"https:\/\/lospoliticosveracruz.com\/?p=58531","title":{"rendered":"Nahle-Cuitl\u00e1huac y el covid"},"content":{"rendered":"<p><strong>Ricardo Chua<\/strong><\/p>\n<p><em>Sale y vale<\/em><\/p>\n<p>NAHLE-CUITLAHUAC Y EL COVID&#8230; Si la titular de SENER del gobierno federal, Rocio Nahle, se pone en \u00abcuarentena\u00bb porque PRESUNTAMENTE estuvo cerca de una persona, que dio positivo a COVID-19&#8230; Lo m\u00e1s congruente ser\u00eda que lo mismo hiciera el gobernador, Cuitl\u00e1huac Garc\u00eda Jim\u00e9nez, que el pasado s\u00e1bado estuvo en una reuni\u00f3n y p\u00e1tica en el Hotel \u00abEmporio\u00bb de este puerto con la senadora con licencia&#8230; Sobre todo, por aquello de las \u00abrecochinas\u00bb dudas&#8230; Pa que buscarle, el Coronavirus, es m\u00e1s letal que un pol\u00edtico sin cargo&#8230;<\/p>\n<p>Pero el personaje que m\u00e1s precauci\u00f3n debe tener, es el diputado federal por Veracruz puerto, Ricardo Exhome&#8230; Quien adem\u00e1s de estar a lado de Nahle, este s\u00e1bado&#8230; Todav\u00eda acudi\u00f3 con ella a \u00abLa Parroquia 500\u00bb del Primo \u00c1ngel&#8230; Ah\u00ed desayunaron juntos, legislador y secretaria, donde ambos se\u00f1alaron que su \u00abcoraz\u00f3n late por Veracruz\u00bb&#8230; Una por el Estado y el otro por el puerto&#8230; Por lo pronto, que se resguarde, el legislador porque el riesgo de haberse contagiado de COVID es eminente&#8230;<\/p>\n<p>A lo mejor, lo m\u00e1s sano para Cuitl\u00e1huac y Exhome ser\u00eda que ambos se hicieran una prueba del COVID para que se descarte el contagio&#8230; Sobre todo ense\u00f1ar el resultado, as\u00ed no dejan a sus \u00abbi\u00f3grafos no autorizados\u00bb especular sobre su presunto contagio&#8230; Una prueba r\u00e1pida qu\u00e9 m\u00e1s da&#8230;\u00a0 M\u00e1s cuando en CDMX y en los c\u00edrculos pol\u00edticos de MORENA, se\u00f1alan que el enfermo de Coronavirus, al que la secretaria de Energ\u00eda, se refiere, es un familiar muy cercano a ella&#8230; Ojal\u00e1 tenga pronta recuperaci\u00f3n&#8230; AMEN&#8230;<\/p>\n<p>CAZAR\u00cdN, EL GRAN DESTRUCTOR&#8230; Si bien es cierto Juan Javier G\u00f3mez Cazar\u00edn, se ha encumbrado pol\u00edticamente dentro de MORENA en el Congreso Local&#8230; Como \u00abpastor\u00bb de los diputados locales&#8230; Su fama, lo ha precedido.. Y si en la Legislatura estatal pasada, acusaron, \u00abgrillaron\u00bb y vapulearon a Amado Cruz Malpica, que ostentaba el mismo cargo, de haber \u00abnegociado\u00bb $ con los Yunes Azules&#8230; Juan Javier est\u00e1 bajo la misma sospecha y en MORENA y el gobierno estatal&#8230; Lo saben&#8230;<\/p>\n<p>Las versiones son que PRESUNTAMENTE desde su posici\u00f3n en el Congreso Local&#8230; Cazar\u00edn presiona a alcaldes para que le asignen a sus \u00abrecomendados\u00bb obra p\u00fablica&#8230; Por eso, los presidentes municipales ahora lo llaman: \u00abBob el Constructor\u00bb&#8230; Cazar\u00edn nunca se ha distinguido por ser un pol\u00edtico fino, con clase pol\u00edtica,\u00a0 menos que construya acuerdos o democracia&#8230; Sino todo lo contrario, es un pol\u00edtico DESTRUCTOR&#8230; Como Yeidckol o Bejarano&#8230;<\/p>\n<p>Todo lo que hace, seg\u00fan, dice es para beneficio de MORENA, pero tambi\u00e9n para \u00e9l&#8230; A pesar, que\u00a0 hay versiones que se\u00f1alan que est\u00e1 ACTUANDO SOLO, que anda descontrolado pol\u00edticamente, que no le hace caso ya a nadie&#8230; Que deshace desde el Congreso Local acuerdos que toman en Palacio de Gobierno&#8230; Esta \u00abmordiendo la mano\u00bb de quienes lo impulsaron&#8230; Y como se siente \u00ablibre y soberano\u00bb y con presupuesto&#8230; Se autonombra \u00abEl Gran L\u00edder\u00bb&#8230; Ni Erick \u00abEl Chilli Willy\u00bb Lagos era capaz de tanto&#8230; Y miren que eso ya est\u00e1 cabr\u00f3n&#8230;<\/p>\n<p>Lo acusan de tener al Recinto Legislativo en Veracruz olvidado&#8230; No hay mantenimiento, los ba\u00f1os y elevadores no sirven&#8230; Que hasta en convenios con medios de comunicaci\u00f3n hay \u00abmoches\u00bb&#8230; Y que \u00e9l relajado&#8230; Sin problemas&#8230; Es decir, Cazarin es todo un \u00abpacha\u00bb&#8230; El \u00abCarlos Ahumada\u00bb de Hueyapan de Ocampo para Coatzacoalcos&#8230; Sus bi\u00f3grafos cuentan, que ya se siente guapo y poderoso&#8230; No hay quien, resista a sus \u00abencantos\u00bb&#8230; Hasta con la \u00aboposici\u00f3n\u00bb puede&#8230;<\/p>\n<p>El Neo constructor&#8230; Impone alcaldes aunque sean regidores, vali\u00e9ndose de que no pasa nada voila leyes electorales &#8230; Algunos tesoreros municipales, son posiciones suyas&#8230; La obra p\u00fablica en ayuntamientos, es \u00abpecata minuta\u00bb pero, seg\u00fan, \u00e9l las asigna&#8230; Y el control, lo tiene, porque en este momento, maneja el recurso&#8230; Pero Cazar\u00edn ya no s\u00f3lo tiene en la mira, el presupuesto que maneja en el Congreso Local&#8230; Si no que desea apoderarse tambi\u00e9n el del Poder Judicial del Estado&#8230;<\/p>\n<p>As\u00ed desde el Congreso Local, como l\u00edder de la JUCOPO. Cazar\u00edn va por el Poder Judicial&#8230; Sin embargo, pese a la pol\u00edtica del \u00abviejo r\u00e9gimen\u00bb que practica, ha tenido el \u00abviento a su favor\u00bb en \u00faltimas fechas&#8230; Ya que, sin bien, es cierto, la \u00abbronca\u00bb de la 4T es que est\u00e1 destruyendo muchas cosas.. Al parecer, el diputado de MORENA ya no tiene \u00abfreno\u00bb con lo que pueda conseguir y no respeta sus alcances&#8230; Se ha aliado con todos sus compa\u00f1eros de bancada y est\u00e1n \u00abmostrando su m\u00fasculo\u00bb aut\u00f3nomo&#8230; Pero a la \u00abmala\u00bb&#8230;<\/p>\n<p>Ahora Cazar\u00edn se \u00abvende\u00bb como un \u00abgran\u00bb pol\u00edtico porque \u00abconsigui\u00f3\u00bb el voto de 9 diputados panistas en el Congreso Local para el tema de los nuevos magistrados del Poder Judicial del Estado&#8230; Con eso \u00absuelta bombas\u00bb que \u00e9l logr\u00f3 \u00abconvencerlos\u00bb para votar por ellos&#8230; Cuando todos saben bien, que esto fue un tema que rebas\u00f3 a todos en la entidad y que la negociaci\u00f3n fue en CDMX, con personajes que rebasan por mucho pol\u00edticamente, el tama\u00f1o \u00abinflado\u00bb del l\u00edder de la JUCOPO en Veracruz&#8230;<\/p>\n<p>Lo que hay que reconocerle a Cazar\u00edn&#8230; Es que con su capacidad pol\u00edtica LIMITADA ha logrado establecer un \u00abcoto\u00bb de poder en el Congreso Local para beneficio de \u00e9l y los suyos&#8230; Y m\u00e1s cuando no entiende razones, en esa nueva \u00abborrachera\u00bb de poder en la que est\u00e1 metido&#8230;Ya si esto, le hace da\u00f1o a MORENA y a \u00e9l, en su carrera pol\u00edtica, es otro rollo&#8230; Pero ya en este momento, Juan Javier G\u00f3mez Cazar\u00edn&#8230; NO ES CONFIABLE para los que lo llevaron ah\u00ed&#8230; Y el PODER NO ES ETERNO&#8230; TORRES M\u00c1S ALTAS HEMOS VISTO CAER&#8230; AMEN&#8230;<\/p>\n","protected":false},"excerpt":{"rendered":"<p>Ricardo Chua Sale y vale NAHLE-CUITLAHUAC Y EL COVID&#8230; Si la titular de SENER del gobierno federal, Rocio Nahle, se pone en \u00abcuarentena\u00bb porque PRESUNTAMENTE estuvo cerca de una persona, que dio positivo a COVID-19&#8230; Lo m\u00e1s congruente ser\u00eda que lo mismo hiciera el gobernador, Cuitl\u00e1huac Garc\u00eda Jim\u00e9nez, que el pasado s\u00e1bado estuvo en una [&hellip;]<\/p>\n","protected":false},"author":2,"featured_media":0,"comment_status":"open","ping_status":"open","sticky":false,"template":"","format":"standard","meta":{"tdm_status":"","tdm_grid_status":"","footnotes":""},"categories":[70],"tags":[17426,12951,17829,1681,17075,9418,1026,14636,13604,14719,3578,195],"class_list":{"0":"post-58531","1":"post","2":"type-post","3":"status-publish","4":"format-standard","6":"category-de-opinion","7":"tag-4t","8":"tag-congreso-local-de-veracruz","9":"tag-covid","10":"tag-cuitlahuac-garcia","11":"tag-javier-gomez-cazarin","12":"tag-jucopo","13":"tag-morena","14":"tag-opinion","15":"tag-ricardo-chua","16":"tag-ricardo-exhome","17":"tag-rocio-nahle","18":"tag-veracruz"},"yoast_head":"<!-- This site is optimized with the Yoast SEO plugin v27.4 - https:\/\/yoast.com\/product\/yoast-seo-wordpress\/ -->\n<title>Nahle-Cuitl\u00e1huac y el covid - Los pol\u00edticos Veracruz<\/title>\n<meta name=\"robots\" content=\"index, follow, max-snippet:-1, max-image-preview:large, max-video-preview:-1\" \/>\n<link rel=\"canonical\" href=\"https:\/\/lospoliticosveracruz.com\/?p=58531\" \/>\n<meta property=\"og:locale\" content=\"es_ES\" \/>\n<meta property=\"og:type\" content=\"article\" \/>\n<meta property=\"og:title\" content=\"Nahle-Cuitl\u00e1huac y el covid - Los pol\u00edticos Veracruz\" \/>\n<meta property=\"og:description\" content=\"Ricardo Chua Sale y vale NAHLE-CUITLAHUAC Y EL COVID&#8230; Si la titular de SENER del gobierno federal, Rocio Nahle, se pone en \u00abcuarentena\u00bb porque PRESUNTAMENTE estuvo cerca de una persona, que dio positivo a COVID-19&#8230; Lo m\u00e1s congruente ser\u00eda que lo mismo hiciera el gobernador, Cuitl\u00e1huac Garc\u00eda Jim\u00e9nez, que el pasado s\u00e1bado estuvo en una [&hellip;]\" \/>\n<meta property=\"og:url\" content=\"https:\/\/lospoliticosveracruz.com\/?p=58531\" \/>\n<meta property=\"og:site_name\" content=\"Los pol\u00edticos Veracruz\" \/>\n<meta property=\"article:publisher\" content=\"https:\/\/www.facebook.com\/people\/Notimemes-de-los-Polticos\/61565672886568\/\" \/>\n<meta property=\"article:published_time\" content=\"2020-08-08T15:25:14+00:00\" \/>\n<meta property=\"og:image\" content=\"https:\/\/lospoliticosveracruz.com\/wp-content\/uploads\/2016\/07\/Logo-Dor.jpg\" \/>\n\t<meta property=\"og:image:width\" content=\"200\" \/>\n\t<meta property=\"og:image:height\" content=\"200\" \/>\n\t<meta property=\"og:image:type\" content=\"image\/jpeg\" \/>\n<meta name=\"author\" content=\"Lo viste en Los Pol\u00edticos\" \/>\n<meta name=\"twitter:card\" content=\"summary_large_image\" \/>\n<meta name=\"twitter:creator\" content=\"@LosPoliticosVer\" \/>\n<meta name=\"twitter:site\" content=\"@LosPoliticosVer\" \/>\n<meta name=\"twitter:label1\" content=\"Escrito por\" \/>\n\t<meta name=\"twitter:data1\" content=\"Lo viste en Los Pol\u00edticos\" \/>\n\t<meta name=\"twitter:label2\" content=\"Tiempo de lectura\" \/>\n\t<meta name=\"twitter:data2\" content=\"5 minutos\" \/>\n<script type=\"application\/ld+json\" class=\"yoast-schema-graph\">{\"@context\":\"https:\\\/\\\/schema.org\",\"@graph\":[{\"@type\":\"Article\",\"@id\":\"https:\\\/\\\/lospoliticosveracruz.com\\\/?p=58531#article\",\"isPartOf\":{\"@id\":\"https:\\\/\\\/lospoliticosveracruz.com\\\/?p=58531\"},\"author\":{\"name\":\"Lo viste en Los Pol\u00edticos\",\"@id\":\"https:\\\/\\\/lospoliticosveracruz.com\\\/#\\\/schema\\\/person\\\/b8702bb0e538456e6efd07080bf2a4a2\"},\"headline\":\"Nahle-Cuitl\u00e1huac y el covid\",\"datePublished\":\"2020-08-08T15:25:14+00:00\",\"mainEntityOfPage\":{\"@id\":\"https:\\\/\\\/lospoliticosveracruz.com\\\/?p=58531\"},\"wordCount\":1000,\"commentCount\":0,\"publisher\":{\"@id\":\"https:\\\/\\\/lospoliticosveracruz.com\\\/#organization\"},\"keywords\":[\"4T\",\"Congreso local de Veracruz\",\"Covid\",\"Cuitl\u00e1huac Garc\u00eda\",\"Javier G\u00f3mez Cazar\u00edn\",\"Jucopo\",\"Morena\",\"Opini\u00f3n\",\"Ricardo Ch\u00faa\",\"Ricardo Exhome\",\"Roc\u00edo Nahle\",\"Veracruz\"],\"articleSection\":[\"De Opini\u00f3n\"],\"inLanguage\":\"es\",\"potentialAction\":[{\"@type\":\"CommentAction\",\"name\":\"Comment\",\"target\":[\"https:\\\/\\\/lospoliticosveracruz.com\\\/?p=58531#respond\"]}]},{\"@type\":\"WebPage\",\"@id\":\"https:\\\/\\\/lospoliticosveracruz.com\\\/?p=58531\",\"url\":\"https:\\\/\\\/lospoliticosveracruz.com\\\/?p=58531\",\"name\":\"Nahle-Cuitl\u00e1huac y el covid - Los pol\u00edticos Veracruz\",\"isPartOf\":{\"@id\":\"https:\\\/\\\/lospoliticosveracruz.com\\\/#website\"},\"datePublished\":\"2020-08-08T15:25:14+00:00\",\"breadcrumb\":{\"@id\":\"https:\\\/\\\/lospoliticosveracruz.com\\\/?p=58531#breadcrumb\"},\"inLanguage\":\"es\",\"potentialAction\":[{\"@type\":\"ReadAction\",\"target\":[\"https:\\\/\\\/lospoliticosveracruz.com\\\/?p=58531\"]}]},{\"@type\":\"BreadcrumbList\",\"@id\":\"https:\\\/\\\/lospoliticosveracruz.com\\\/?p=58531#breadcrumb\",\"itemListElement\":[{\"@type\":\"ListItem\",\"position\":1,\"name\":\"Portada\",\"item\":\"https:\\\/\\\/lospoliticosveracruz.com\\\/\"},{\"@type\":\"ListItem\",\"position\":2,\"name\":\"Nahle-Cuitl\u00e1huac y el covid\"}]},{\"@type\":\"WebSite\",\"@id\":\"https:\\\/\\\/lospoliticosveracruz.com\\\/#website\",\"url\":\"https:\\\/\\\/lospoliticosveracruz.com\\\/\",\"name\":\"Los pol\u00edticos Veracruz\",\"description\":\"\",\"publisher\":{\"@id\":\"https:\\\/\\\/lospoliticosveracruz.com\\\/#organization\"},\"potentialAction\":[{\"@type\":\"SearchAction\",\"target\":{\"@type\":\"EntryPoint\",\"urlTemplate\":\"https:\\\/\\\/lospoliticosveracruz.com\\\/?s={search_term_string}\"},\"query-input\":{\"@type\":\"PropertyValueSpecification\",\"valueRequired\":true,\"valueName\":\"search_term_string\"}}],\"inLanguage\":\"es\"},{\"@type\":\"Organization\",\"@id\":\"https:\\\/\\\/lospoliticosveracruz.com\\\/#organization\",\"name\":\"Los pol\u00edticos Veracruz\",\"url\":\"https:\\\/\\\/lospoliticosveracruz.com\\\/\",\"logo\":{\"@type\":\"ImageObject\",\"inLanguage\":\"es\",\"@id\":\"https:\\\/\\\/lospoliticosveracruz.com\\\/#\\\/schema\\\/logo\\\/image\\\/\",\"url\":\"https:\\\/\\\/lospoliticosveracruz.com\\\/wp-content\\\/uploads\\\/2025\\\/12\\\/Logo-Nuevo-LOS-POLITICOS-1.jpg\",\"contentUrl\":\"https:\\\/\\\/lospoliticosveracruz.com\\\/wp-content\\\/uploads\\\/2025\\\/12\\\/Logo-Nuevo-LOS-POLITICOS-1.jpg\",\"width\":260,\"height\":70,\"caption\":\"Los pol\u00edticos Veracruz\"},\"image\":{\"@id\":\"https:\\\/\\\/lospoliticosveracruz.com\\\/#\\\/schema\\\/logo\\\/image\\\/\"},\"sameAs\":[\"https:\\\/\\\/www.facebook.com\\\/people\\\/Notimemes-de-los-Polticos\\\/61565672886568\\\/\",\"https:\\\/\\\/x.com\\\/LosPoliticosVer\"]},{\"@type\":\"Person\",\"@id\":\"https:\\\/\\\/lospoliticosveracruz.com\\\/#\\\/schema\\\/person\\\/b8702bb0e538456e6efd07080bf2a4a2\",\"name\":\"Lo viste en Los Pol\u00edticos\",\"image\":{\"@type\":\"ImageObject\",\"inLanguage\":\"es\",\"@id\":\"https:\\\/\\\/secure.gravatar.com\\\/avatar\\\/3a8de04a2656d44082be478bd6c086daa447c4651605818287b9532d3d0bd435?s=96&d=mm&r=g\",\"url\":\"https:\\\/\\\/secure.gravatar.com\\\/avatar\\\/3a8de04a2656d44082be478bd6c086daa447c4651605818287b9532d3d0bd435?s=96&d=mm&r=g\",\"contentUrl\":\"https:\\\/\\\/secure.gravatar.com\\\/avatar\\\/3a8de04a2656d44082be478bd6c086daa447c4651605818287b9532d3d0bd435?s=96&d=mm&r=g\",\"caption\":\"Lo viste en Los Pol\u00edticos\"},\"url\":\"https:\\\/\\\/lospoliticosveracruz.com\\\/?author=2\"}]}<\/script>\n<!-- \/ Yoast SEO plugin. -->","yoast_head_json":{"title":"Nahle-Cuitl\u00e1huac y el covid - Los pol\u00edticos Veracruz","robots":{"index":"index","follow":"follow","max-snippet":"max-snippet:-1","max-image-preview":"max-image-preview:large","max-video-preview":"max-video-preview:-1"},"canonical":"https:\/\/lospoliticosveracruz.com\/?p=58531","og_locale":"es_ES","og_type":"article","og_title":"Nahle-Cuitl\u00e1huac y el covid - Los pol\u00edticos Veracruz","og_description":"Ricardo Chua Sale y vale NAHLE-CUITLAHUAC Y EL COVID&#8230; Si la titular de SENER del gobierno federal, Rocio Nahle, se pone en \u00abcuarentena\u00bb porque PRESUNTAMENTE estuvo cerca de una persona, que dio positivo a COVID-19&#8230; Lo m\u00e1s congruente ser\u00eda que lo mismo hiciera el gobernador, Cuitl\u00e1huac Garc\u00eda Jim\u00e9nez, que el pasado s\u00e1bado estuvo en una [&hellip;]","og_url":"https:\/\/lospoliticosveracruz.com\/?p=58531","og_site_name":"Los pol\u00edticos Veracruz","article_publisher":"https:\/\/www.facebook.com\/people\/Notimemes-de-los-Polticos\/61565672886568\/","article_published_time":"2020-08-08T15:25:14+00:00","og_image":[{"width":200,"height":200,"url":"https:\/\/lospoliticosveracruz.com\/wp-content\/uploads\/2016\/07\/Logo-Dor.jpg","type":"image\/jpeg"}],"author":"Lo viste en Los Pol\u00edticos","twitter_card":"summary_large_image","twitter_creator":"@LosPoliticosVer","twitter_site":"@LosPoliticosVer","twitter_misc":{"Escrito por":"Lo viste en Los Pol\u00edticos","Tiempo de lectura":"5 minutos"},"schema":{"@context":"https:\/\/schema.org","@graph":[{"@type":"Article","@id":"https:\/\/lospoliticosveracruz.com\/?p=58531#article","isPartOf":{"@id":"https:\/\/lospoliticosveracruz.com\/?p=58531"},"author":{"name":"Lo viste en Los Pol\u00edticos","@id":"https:\/\/lospoliticosveracruz.com\/#\/schema\/person\/b8702bb0e538456e6efd07080bf2a4a2"},"headline":"Nahle-Cuitl\u00e1huac y el covid","datePublished":"2020-08-08T15:25:14+00:00","mainEntityOfPage":{"@id":"https:\/\/lospoliticosveracruz.com\/?p=58531"},"wordCount":1000,"commentCount":0,"publisher":{"@id":"https:\/\/lospoliticosveracruz.com\/#organization"},"keywords":["4T","Congreso local de Veracruz","Covid","Cuitl\u00e1huac Garc\u00eda","Javier G\u00f3mez Cazar\u00edn","Jucopo","Morena","Opini\u00f3n","Ricardo Ch\u00faa","Ricardo Exhome","Roc\u00edo Nahle","Veracruz"],"articleSection":["De Opini\u00f3n"],"inLanguage":"es","potentialAction":[{"@type":"CommentAction","name":"Comment","target":["https:\/\/lospoliticosveracruz.com\/?p=58531#respond"]}]},{"@type":"WebPage","@id":"https:\/\/lospoliticosveracruz.com\/?p=58531","url":"https:\/\/lospoliticosveracruz.com\/?p=58531","name":"Nahle-Cuitl\u00e1huac y el covid - Los pol\u00edticos Veracruz","isPartOf":{"@id":"https:\/\/lospoliticosveracruz.com\/#website"},"datePublished":"2020-08-08T15:25:14+00:00","breadcrumb":{"@id":"https:\/\/lospoliticosveracruz.com\/?p=58531#breadcrumb"},"inLanguage":"es","potentialAction":[{"@type":"ReadAction","target":["https:\/\/lospoliticosveracruz.com\/?p=58531"]}]},{"@type":"BreadcrumbList","@id":"https:\/\/lospoliticosveracruz.com\/?p=58531#breadcrumb","itemListElement":[{"@type":"ListItem","position":1,"name":"Portada","item":"https:\/\/lospoliticosveracruz.com\/"},{"@type":"ListItem","position":2,"name":"Nahle-Cuitl\u00e1huac y el covid"}]},{"@type":"WebSite","@id":"https:\/\/lospoliticosveracruz.com\/#website","url":"https:\/\/lospoliticosveracruz.com\/","name":"Los pol\u00edticos Veracruz","description":"","publisher":{"@id":"https:\/\/lospoliticosveracruz.com\/#organization"},"potentialAction":[{"@type":"SearchAction","target":{"@type":"EntryPoint","urlTemplate":"https:\/\/lospoliticosveracruz.com\/?s={search_term_string}"},"query-input":{"@type":"PropertyValueSpecification","valueRequired":true,"valueName":"search_term_string"}}],"inLanguage":"es"},{"@type":"Organization","@id":"https:\/\/lospoliticosveracruz.com\/#organization","name":"Los pol\u00edticos Veracruz","url":"https:\/\/lospoliticosveracruz.com\/","logo":{"@type":"ImageObject","inLanguage":"es","@id":"https:\/\/lospoliticosveracruz.com\/#\/schema\/logo\/image\/","url":"https:\/\/lospoliticosveracruz.com\/wp-content\/uploads\/2025\/12\/Logo-Nuevo-LOS-POLITICOS-1.jpg","contentUrl":"https:\/\/lospoliticosveracruz.com\/wp-content\/uploads\/2025\/12\/Logo-Nuevo-LOS-POLITICOS-1.jpg","width":260,"height":70,"caption":"Los pol\u00edticos Veracruz"},"image":{"@id":"https:\/\/lospoliticosveracruz.com\/#\/schema\/logo\/image\/"},"sameAs":["https:\/\/www.facebook.com\/people\/Notimemes-de-los-Polticos\/61565672886568\/","https:\/\/x.com\/LosPoliticosVer"]},{"@type":"Person","@id":"https:\/\/lospoliticosveracruz.com\/#\/schema\/person\/b8702bb0e538456e6efd07080bf2a4a2","name":"Lo viste en Los Pol\u00edticos","image":{"@type":"ImageObject","inLanguage":"es","@id":"https:\/\/secure.gravatar.com\/avatar\/3a8de04a2656d44082be478bd6c086daa447c4651605818287b9532d3d0bd435?s=96&d=mm&r=g","url":"https:\/\/secure.gravatar.com\/avatar\/3a8de04a2656d44082be478bd6c086daa447c4651605818287b9532d3d0bd435?s=96&d=mm&r=g","contentUrl":"https:\/\/secure.gravatar.com\/avatar\/3a8de04a2656d44082be478bd6c086daa447c4651605818287b9532d3d0bd435?s=96&d=mm&r=g","caption":"Lo viste en Los Pol\u00edticos"},"url":"https:\/\/lospoliticosveracruz.com\/?author=2"}]}},"_links":{"self":[{"href":"https:\/\/lospoliticosveracruz.com\/index.php?rest_route=\/wp\/v2\/posts\/58531","targetHints":{"allow":["GET"]}}],"collection":[{"href":"https:\/\/lospoliticosveracruz.com\/index.php?rest_route=\/wp\/v2\/posts"}],"about":[{"href":"https:\/\/lospoliticosveracruz.com\/index.php?rest_route=\/wp\/v2\/types\/post"}],"author":[{"embeddable":true,"href":"https:\/\/lospoliticosveracruz.com\/index.php?rest_route=\/wp\/v2\/users\/2"}],"replies":[{"embeddable":true,"href":"https:\/\/lospoliticosveracruz.com\/index.php?rest_route=%2Fwp%2Fv2%2Fcomments&post=58531"}],"version-history":[{"count":1,"href":"https:\/\/lospoliticosveracruz.com\/index.php?rest_route=\/wp\/v2\/posts\/58531\/revisions"}],"predecessor-version":[{"id":58533,"href":"https:\/\/lospoliticosveracruz.com\/index.php?rest_route=\/wp\/v2\/posts\/58531\/revisions\/58533"}],"wp:attachment":[{"href":"https:\/\/lospoliticosveracruz.com\/index.php?rest_route=%2Fwp%2Fv2%2Fmedia&parent=58531"}],"wp:term":[{"taxonomy":"category","embeddable":true,"href":"https:\/\/lospoliticosveracruz.com\/index.php?rest_route=%2Fwp%2Fv2%2Fcategories&post=58531"},{"taxonomy":"post_tag","embeddable":true,"href":"https:\/\/lospoliticosveracruz.com\/index.php?rest_route=%2Fwp%2Fv2%2Ftags&post=58531"}],"curies":[{"name":"wp","href":"https:\/\/api.w.org\/{rel}","templated":true}]}}