{"id":58543,"date":"2020-08-09T07:40:39","date_gmt":"2020-08-09T12:40:39","guid":{"rendered":"http:\/\/www.lospoliticosveracruz.com.mx\/?p=58543"},"modified":"2020-08-09T07:40:39","modified_gmt":"2020-08-09T12:40:39","slug":"no-mas-dedazos-un-pri-de-hombres-y-mujeres","status":"publish","type":"post","link":"https:\/\/lospoliticosveracruz.com\/?p=58543","title":{"rendered":"No m\u00e1s \u201cdedazos\u201d; un PRI de hombres y mujeres"},"content":{"rendered":"<p>&nbsp;<\/p>\n<p>Hoy el Partido Revolucionario Institucional en Veracruz, es de hombres y mujeres, no s\u00f3lo de nombres y apellidos, afirm\u00f3 en C\u00f3rdoba el presidente del Comit\u00e9 Directivo Estatal en la entidad, Marlon Ram\u00edrez Mar\u00edn.<\/p>\n<p>Enfatiz\u00f3 que, con trabajo cercano a la militancia, en las calles, colonias y municipios de la entidad, y con la renovaci\u00f3n de sus estructuras, el PRI lucha para recobrar la confianza de la gente. \u201cCon ustedes el PRI de Veracruz ir\u00e1 fortalecido\u201d.<\/p>\n<p>Despu\u00e9s de tomar la protesta estatutaria a las y los titulares de las presidencias y secretar\u00edas generales de comit\u00e9s municipales de la zona centro, en un edificio reci\u00e9n remodelado, manifest\u00f3 que el PRI es un partido que est\u00e1 abierto a encontrar la mejor ruta para M\u00e9xico y para Veracruz. \u201cLuego de un complicado proceso de terapia intensiva est\u00e1 estabilizado, bajo un proceso de recuperaci\u00f3n y no tendr\u00e1 reca\u00edda en las pr\u00f3ximas elecciones.<\/p>\n<p>Reiter\u00f3 que las candidatas y candidatos no ser\u00e1n elegidos por dedazo, sino por consulta a la base, pero adem\u00e1s ser\u00e1n valiosos elementos a tomar en cuenta las encuestas, los sondeos, y acuerdos pol\u00edticos, dejando de lado intereses personales, porque lo que se busca es el bien de la sociedad en los municipios, estado, y en el pa\u00eds.<\/p>\n<p>Rindieron protesta, del Comit\u00e9 Municipal de Alpatl\u00e1huac: como presidente, Ren\u00e9 Sol\u00eds Dorantes, y como secretar\u00eda general, Martha Rivera Alfonso; del Comit\u00e9 Municipal de Comapa: como presidenta, Janet Sol\u00eds Salinas y como secretario general, Eric Sandoval Garc\u00eda; en el Comit\u00e9 Municipal de Ixhuatl\u00e1n del Caf\u00e9:\u00a0 como presidente, Joel Sammed Illescas Serna, y como secretaria general, Lilia Licona P\u00e9rez; en el Comit\u00e9 Municipal de Tlacotepec de Mej\u00eda: como presidente, Crescencio Hern\u00e1ndez Almanza, y como secretaria general, Maricela Espejo Monraga.<\/p>\n<p>En el Comit\u00e9 Municipal de Tepatlaxco: como presidente, Armando Reyes Hern\u00e1ndez, como secretaria general, Nora Elizabeth Castillo Hern\u00e1ndez; en el Comit\u00e9 de Tomatl\u00e1n: como presidente, Juan Epifanio L\u00f3pez Balderas, y como secretaria general Roc\u00edo Morales C\u00e1rdenas; del Comit\u00e9 de Totutla: como presidente, Roberto Carlos Villafuerte Espejo, y como secretaria general, Anabel Reyes Mungu\u00eda; del Comit\u00e9 de Zentla: como presidente, Andr\u00e9s J\u00e1come Gonz\u00e1lez y como secretaria general, Amada Palacios Garc\u00eda.<\/p>\n<p>En el Comit\u00e9 de Yanga, como presidente, Rafael Aguilar Mart\u00ednez, como secretaria general Lili Miriam C\u00e1rdenas Contreras; en el Comit\u00e9 de C\u00f3rdoba: como presidente, Germ\u00e1n Jorge Garc\u00eda P\u00e9rez, como secretaria general, Reyna Fern\u00e1ndez S\u00e1nchez; en el Comit\u00e9 de Fort\u00edn: como presidente, Heriberto Mart\u00ednez Garc\u00eda, como secretaria general, Ana Luisa Ram\u00edrez Reyes;\u00a0 en el Comit\u00e9 de Ixtaczoquitl\u00e1n: como presidente, Juan Manuel Hern\u00e1ndez Lobato, y como secretaria general, Mariana Pellico Conguillo; en el Comit\u00e9 de Huiloapan: como presidente Jos\u00e9 Ju\u00e1rez Mora, como secretaria general, Mar\u00eda Minerva Crispina Huerta Alvarado.<\/p>\n<p>Tambi\u00e9n, del Comit\u00e9 de Ixhuatlancillo, como presidente, Juan Flores Flores, como secretaria general, Gabriela Narcizo Berta\u00f1o; en el Comit\u00e9 de La Perla, como presidente, Juan Bautista de Jes\u00fas, como secretaria general, Carmen Bautista de Jes\u00fas; en el Comit\u00e9 de Maltrata: como presidente Jos\u00e9 Alberto Merino Veranza, y como secretaria general, Daisy Karen Santos Zavala; en el Comit\u00e9 de Mariano Escobedo: como presidente, Jos\u00e9 Luis Rodr\u00edguez Galarza, y como secretaria general, Ruth D\u00edaz L\u00f3pez; en el Comit\u00e9 de Astacinga: como presidente, Andr\u00e9s Tzompaxtle Montalvo, como secretaria general Mar\u00eda Isabel Itehua Contreras.<\/p>\n<p>Asimismo, del Comit\u00e9 de Atlahuilco: como presidente, Gines Cocotle Tlaxcala, y como secretaria general, Asunciona Zocua Tzanahua; en el Comit\u00e9 de Los Reyes; como presidenta, Fabiola Romero Quechulpa, y como secretario general, Eduardo Cuahua Matlatecatl; en el Comit\u00e9 de Mixtla de Altamirano: como presidente, Jos\u00e9 Luis Lagunes Tehuintle, y como secretaria general, Nieves Amador Tlehuactle; del Comit\u00e9 de Naranjal: como presidente Segismundo Orlando Reyes Reyes, y como secretaria general Karla Tepepa Ju\u00e1rez; y del Comit\u00e9 de Coscomatepec: como presidente, Ernesto Mart\u00ednez Hern\u00e1ndez, y como secretaria general Herlinda Marieta de Jes\u00fas Garc\u00eda.<\/p>\n<p>Del Comit\u00e9 de Soledad Atzompa: como presidente, Faustino Francisco Rafael, y como secretaria general, Benjam\u00edn Romero Camilo; en el Comit\u00e9 de Rafael Delgado: como presidente, Sim\u00f3n Guillermo Hern\u00e1ndez Dom\u00ednguez, como secretaria general, Dulce Clarita M\u00e9ndez L\u00f3pez; en el Comit\u00e9 de Tehuipango: como\u00a0 presidente, Arnulfo Quiahua Chipahua, y como secretaria general, Alma Edith Calihua Barbosa; del Comit\u00e9 de Tlilapan: como presidente, Ervin Cruz Lastre, y como secretaria general, Mar\u00eda Mercedes Salazar Morales; en el Comit\u00e9 de Xoxocotla: como presidente, Andr\u00e9s Trujillo Romero y como secretaria general, Marcial G\u00e1lvez Tzitzihua;\u00a0 y en el Comit\u00e9 de Texhuac\u00e1n: como presidenta, Beatriz Hern\u00e1ndez Tequiliquihua, como secretario general, Virgilio G\u00e1lvez Lara.<\/p>\n","protected":false},"excerpt":{"rendered":"<p>&nbsp; Hoy el Partido Revolucionario Institucional en Veracruz, es de hombres y mujeres, no s\u00f3lo de nombres y apellidos, afirm\u00f3 en C\u00f3rdoba el presidente del Comit\u00e9 Directivo Estatal en la entidad, Marlon Ram\u00edrez Mar\u00edn. Enfatiz\u00f3 que, con trabajo cercano a la militancia, en las calles, colonias y municipios de la entidad, y con la renovaci\u00f3n [&hellip;]<\/p>\n","protected":false},"author":2,"featured_media":0,"comment_status":"open","ping_status":"open","sticky":false,"template":"","format":"standard","meta":{"tdm_status":"","tdm_grid_status":"","footnotes":""},"categories":[73],"tags":[19760,19335,19762,2908,19759,251,19761,195],"class_list":{"0":"post-58543","1":"post","2":"type-post","3":"status-publish","4":"format-standard","6":"category-de-boleto","7":"tag-dedazos","8":"tag-elecciones-2021","9":"tag-fortalecido","10":"tag-marlon-ramirez-marin","11":"tag-presidencias-y-secretarias-municipales","12":"tag-pri","13":"tag-remodelado","14":"tag-veracruz"},"yoast_head":"<!-- This site is optimized with the Yoast SEO plugin v27.4 - https:\/\/yoast.com\/product\/yoast-seo-wordpress\/ -->\n<title>No m\u00e1s \u201cdedazos\u201d; un PRI de hombres y mujeres - Los pol\u00edticos Veracruz<\/title>\n<meta name=\"robots\" content=\"index, follow, max-snippet:-1, max-image-preview:large, max-video-preview:-1\" \/>\n<link rel=\"canonical\" href=\"https:\/\/lospoliticosveracruz.com\/?p=58543\" \/>\n<meta property=\"og:locale\" content=\"es_ES\" \/>\n<meta property=\"og:type\" content=\"article\" \/>\n<meta property=\"og:title\" content=\"No m\u00e1s \u201cdedazos\u201d; un PRI de hombres y mujeres - Los pol\u00edticos Veracruz\" \/>\n<meta property=\"og:description\" content=\"&nbsp; Hoy el Partido Revolucionario Institucional en Veracruz, es de hombres y mujeres, no s\u00f3lo de nombres y apellidos, afirm\u00f3 en C\u00f3rdoba el presidente del Comit\u00e9 Directivo Estatal en la entidad, Marlon Ram\u00edrez Mar\u00edn. Enfatiz\u00f3 que, con trabajo cercano a la militancia, en las calles, colonias y municipios de la entidad, y con la renovaci\u00f3n [&hellip;]\" \/>\n<meta property=\"og:url\" content=\"https:\/\/lospoliticosveracruz.com\/?p=58543\" \/>\n<meta property=\"og:site_name\" content=\"Los pol\u00edticos Veracruz\" \/>\n<meta property=\"article:publisher\" content=\"https:\/\/www.facebook.com\/people\/Notimemes-de-los-Polticos\/61565672886568\/\" \/>\n<meta property=\"article:published_time\" content=\"2020-08-09T12:40:39+00:00\" \/>\n<meta property=\"og:image\" content=\"https:\/\/lospoliticosveracruz.com\/wp-content\/uploads\/2016\/07\/Logo-Dor.jpg\" \/>\n\t<meta property=\"og:image:width\" content=\"200\" \/>\n\t<meta property=\"og:image:height\" content=\"200\" \/>\n\t<meta property=\"og:image:type\" content=\"image\/jpeg\" \/>\n<meta name=\"author\" content=\"Lo viste en Los Pol\u00edticos\" \/>\n<meta name=\"twitter:card\" content=\"summary_large_image\" \/>\n<meta name=\"twitter:creator\" content=\"@LosPoliticosVer\" \/>\n<meta name=\"twitter:site\" content=\"@LosPoliticosVer\" \/>\n<meta name=\"twitter:label1\" content=\"Escrito por\" \/>\n\t<meta name=\"twitter:data1\" content=\"Lo viste en Los Pol\u00edticos\" \/>\n\t<meta name=\"twitter:label2\" content=\"Tiempo de lectura\" \/>\n\t<meta name=\"twitter:data2\" content=\"4 minutos\" \/>\n<script type=\"application\/ld+json\" class=\"yoast-schema-graph\">{\"@context\":\"https:\\\/\\\/schema.org\",\"@graph\":[{\"@type\":\"Article\",\"@id\":\"https:\\\/\\\/lospoliticosveracruz.com\\\/?p=58543#article\",\"isPartOf\":{\"@id\":\"https:\\\/\\\/lospoliticosveracruz.com\\\/?p=58543\"},\"author\":{\"name\":\"Lo viste en Los Pol\u00edticos\",\"@id\":\"https:\\\/\\\/lospoliticosveracruz.com\\\/#\\\/schema\\\/person\\\/b8702bb0e538456e6efd07080bf2a4a2\"},\"headline\":\"No m\u00e1s \u201cdedazos\u201d; un PRI de hombres y mujeres\",\"datePublished\":\"2020-08-09T12:40:39+00:00\",\"mainEntityOfPage\":{\"@id\":\"https:\\\/\\\/lospoliticosveracruz.com\\\/?p=58543\"},\"wordCount\":814,\"commentCount\":0,\"publisher\":{\"@id\":\"https:\\\/\\\/lospoliticosveracruz.com\\\/#organization\"},\"keywords\":[\"Dedazos\",\"Elecciones 2021\",\"Fortalecido\",\"Marlon Ram\u00edrez Mar\u00edn\",\"Presidencias y Secretarias municipales\",\"PRI\",\"Remodelado\",\"Veracruz\"],\"articleSection\":[\"De Boleto\"],\"inLanguage\":\"es\",\"potentialAction\":[{\"@type\":\"CommentAction\",\"name\":\"Comment\",\"target\":[\"https:\\\/\\\/lospoliticosveracruz.com\\\/?p=58543#respond\"]}]},{\"@type\":\"WebPage\",\"@id\":\"https:\\\/\\\/lospoliticosveracruz.com\\\/?p=58543\",\"url\":\"https:\\\/\\\/lospoliticosveracruz.com\\\/?p=58543\",\"name\":\"No m\u00e1s \u201cdedazos\u201d; un PRI de hombres y mujeres - Los pol\u00edticos Veracruz\",\"isPartOf\":{\"@id\":\"https:\\\/\\\/lospoliticosveracruz.com\\\/#website\"},\"datePublished\":\"2020-08-09T12:40:39+00:00\",\"breadcrumb\":{\"@id\":\"https:\\\/\\\/lospoliticosveracruz.com\\\/?p=58543#breadcrumb\"},\"inLanguage\":\"es\",\"potentialAction\":[{\"@type\":\"ReadAction\",\"target\":[\"https:\\\/\\\/lospoliticosveracruz.com\\\/?p=58543\"]}]},{\"@type\":\"BreadcrumbList\",\"@id\":\"https:\\\/\\\/lospoliticosveracruz.com\\\/?p=58543#breadcrumb\",\"itemListElement\":[{\"@type\":\"ListItem\",\"position\":1,\"name\":\"Portada\",\"item\":\"https:\\\/\\\/lospoliticosveracruz.com\\\/\"},{\"@type\":\"ListItem\",\"position\":2,\"name\":\"No m\u00e1s \u201cdedazos\u201d; un PRI de hombres y mujeres\"}]},{\"@type\":\"WebSite\",\"@id\":\"https:\\\/\\\/lospoliticosveracruz.com\\\/#website\",\"url\":\"https:\\\/\\\/lospoliticosveracruz.com\\\/\",\"name\":\"Los pol\u00edticos Veracruz\",\"description\":\"\",\"publisher\":{\"@id\":\"https:\\\/\\\/lospoliticosveracruz.com\\\/#organization\"},\"potentialAction\":[{\"@type\":\"SearchAction\",\"target\":{\"@type\":\"EntryPoint\",\"urlTemplate\":\"https:\\\/\\\/lospoliticosveracruz.com\\\/?s={search_term_string}\"},\"query-input\":{\"@type\":\"PropertyValueSpecification\",\"valueRequired\":true,\"valueName\":\"search_term_string\"}}],\"inLanguage\":\"es\"},{\"@type\":\"Organization\",\"@id\":\"https:\\\/\\\/lospoliticosveracruz.com\\\/#organization\",\"name\":\"Los pol\u00edticos Veracruz\",\"url\":\"https:\\\/\\\/lospoliticosveracruz.com\\\/\",\"logo\":{\"@type\":\"ImageObject\",\"inLanguage\":\"es\",\"@id\":\"https:\\\/\\\/lospoliticosveracruz.com\\\/#\\\/schema\\\/logo\\\/image\\\/\",\"url\":\"https:\\\/\\\/lospoliticosveracruz.com\\\/wp-content\\\/uploads\\\/2025\\\/12\\\/Logo-Nuevo-LOS-POLITICOS-1.jpg\",\"contentUrl\":\"https:\\\/\\\/lospoliticosveracruz.com\\\/wp-content\\\/uploads\\\/2025\\\/12\\\/Logo-Nuevo-LOS-POLITICOS-1.jpg\",\"width\":260,\"height\":70,\"caption\":\"Los pol\u00edticos Veracruz\"},\"image\":{\"@id\":\"https:\\\/\\\/lospoliticosveracruz.com\\\/#\\\/schema\\\/logo\\\/image\\\/\"},\"sameAs\":[\"https:\\\/\\\/www.facebook.com\\\/people\\\/Notimemes-de-los-Polticos\\\/61565672886568\\\/\",\"https:\\\/\\\/x.com\\\/LosPoliticosVer\"]},{\"@type\":\"Person\",\"@id\":\"https:\\\/\\\/lospoliticosveracruz.com\\\/#\\\/schema\\\/person\\\/b8702bb0e538456e6efd07080bf2a4a2\",\"name\":\"Lo viste en Los Pol\u00edticos\",\"image\":{\"@type\":\"ImageObject\",\"inLanguage\":\"es\",\"@id\":\"https:\\\/\\\/secure.gravatar.com\\\/avatar\\\/3a8de04a2656d44082be478bd6c086daa447c4651605818287b9532d3d0bd435?s=96&d=mm&r=g\",\"url\":\"https:\\\/\\\/secure.gravatar.com\\\/avatar\\\/3a8de04a2656d44082be478bd6c086daa447c4651605818287b9532d3d0bd435?s=96&d=mm&r=g\",\"contentUrl\":\"https:\\\/\\\/secure.gravatar.com\\\/avatar\\\/3a8de04a2656d44082be478bd6c086daa447c4651605818287b9532d3d0bd435?s=96&d=mm&r=g\",\"caption\":\"Lo viste en Los Pol\u00edticos\"},\"url\":\"https:\\\/\\\/lospoliticosveracruz.com\\\/?author=2\"}]}<\/script>\n<!-- \/ Yoast SEO plugin. -->","yoast_head_json":{"title":"No m\u00e1s \u201cdedazos\u201d; un PRI de hombres y mujeres - Los pol\u00edticos Veracruz","robots":{"index":"index","follow":"follow","max-snippet":"max-snippet:-1","max-image-preview":"max-image-preview:large","max-video-preview":"max-video-preview:-1"},"canonical":"https:\/\/lospoliticosveracruz.com\/?p=58543","og_locale":"es_ES","og_type":"article","og_title":"No m\u00e1s \u201cdedazos\u201d; un PRI de hombres y mujeres - Los pol\u00edticos Veracruz","og_description":"&nbsp; Hoy el Partido Revolucionario Institucional en Veracruz, es de hombres y mujeres, no s\u00f3lo de nombres y apellidos, afirm\u00f3 en C\u00f3rdoba el presidente del Comit\u00e9 Directivo Estatal en la entidad, Marlon Ram\u00edrez Mar\u00edn. Enfatiz\u00f3 que, con trabajo cercano a la militancia, en las calles, colonias y municipios de la entidad, y con la renovaci\u00f3n [&hellip;]","og_url":"https:\/\/lospoliticosveracruz.com\/?p=58543","og_site_name":"Los pol\u00edticos Veracruz","article_publisher":"https:\/\/www.facebook.com\/people\/Notimemes-de-los-Polticos\/61565672886568\/","article_published_time":"2020-08-09T12:40:39+00:00","og_image":[{"width":200,"height":200,"url":"https:\/\/lospoliticosveracruz.com\/wp-content\/uploads\/2016\/07\/Logo-Dor.jpg","type":"image\/jpeg"}],"author":"Lo viste en Los Pol\u00edticos","twitter_card":"summary_large_image","twitter_creator":"@LosPoliticosVer","twitter_site":"@LosPoliticosVer","twitter_misc":{"Escrito por":"Lo viste en Los Pol\u00edticos","Tiempo de lectura":"4 minutos"},"schema":{"@context":"https:\/\/schema.org","@graph":[{"@type":"Article","@id":"https:\/\/lospoliticosveracruz.com\/?p=58543#article","isPartOf":{"@id":"https:\/\/lospoliticosveracruz.com\/?p=58543"},"author":{"name":"Lo viste en Los Pol\u00edticos","@id":"https:\/\/lospoliticosveracruz.com\/#\/schema\/person\/b8702bb0e538456e6efd07080bf2a4a2"},"headline":"No m\u00e1s \u201cdedazos\u201d; un PRI de hombres y mujeres","datePublished":"2020-08-09T12:40:39+00:00","mainEntityOfPage":{"@id":"https:\/\/lospoliticosveracruz.com\/?p=58543"},"wordCount":814,"commentCount":0,"publisher":{"@id":"https:\/\/lospoliticosveracruz.com\/#organization"},"keywords":["Dedazos","Elecciones 2021","Fortalecido","Marlon Ram\u00edrez Mar\u00edn","Presidencias y Secretarias municipales","PRI","Remodelado","Veracruz"],"articleSection":["De Boleto"],"inLanguage":"es","potentialAction":[{"@type":"CommentAction","name":"Comment","target":["https:\/\/lospoliticosveracruz.com\/?p=58543#respond"]}]},{"@type":"WebPage","@id":"https:\/\/lospoliticosveracruz.com\/?p=58543","url":"https:\/\/lospoliticosveracruz.com\/?p=58543","name":"No m\u00e1s \u201cdedazos\u201d; un PRI de hombres y mujeres - Los pol\u00edticos Veracruz","isPartOf":{"@id":"https:\/\/lospoliticosveracruz.com\/#website"},"datePublished":"2020-08-09T12:40:39+00:00","breadcrumb":{"@id":"https:\/\/lospoliticosveracruz.com\/?p=58543#breadcrumb"},"inLanguage":"es","potentialAction":[{"@type":"ReadAction","target":["https:\/\/lospoliticosveracruz.com\/?p=58543"]}]},{"@type":"BreadcrumbList","@id":"https:\/\/lospoliticosveracruz.com\/?p=58543#breadcrumb","itemListElement":[{"@type":"ListItem","position":1,"name":"Portada","item":"https:\/\/lospoliticosveracruz.com\/"},{"@type":"ListItem","position":2,"name":"No m\u00e1s \u201cdedazos\u201d; un PRI de hombres y mujeres"}]},{"@type":"WebSite","@id":"https:\/\/lospoliticosveracruz.com\/#website","url":"https:\/\/lospoliticosveracruz.com\/","name":"Los pol\u00edticos Veracruz","description":"","publisher":{"@id":"https:\/\/lospoliticosveracruz.com\/#organization"},"potentialAction":[{"@type":"SearchAction","target":{"@type":"EntryPoint","urlTemplate":"https:\/\/lospoliticosveracruz.com\/?s={search_term_string}"},"query-input":{"@type":"PropertyValueSpecification","valueRequired":true,"valueName":"search_term_string"}}],"inLanguage":"es"},{"@type":"Organization","@id":"https:\/\/lospoliticosveracruz.com\/#organization","name":"Los pol\u00edticos Veracruz","url":"https:\/\/lospoliticosveracruz.com\/","logo":{"@type":"ImageObject","inLanguage":"es","@id":"https:\/\/lospoliticosveracruz.com\/#\/schema\/logo\/image\/","url":"https:\/\/lospoliticosveracruz.com\/wp-content\/uploads\/2025\/12\/Logo-Nuevo-LOS-POLITICOS-1.jpg","contentUrl":"https:\/\/lospoliticosveracruz.com\/wp-content\/uploads\/2025\/12\/Logo-Nuevo-LOS-POLITICOS-1.jpg","width":260,"height":70,"caption":"Los pol\u00edticos Veracruz"},"image":{"@id":"https:\/\/lospoliticosveracruz.com\/#\/schema\/logo\/image\/"},"sameAs":["https:\/\/www.facebook.com\/people\/Notimemes-de-los-Polticos\/61565672886568\/","https:\/\/x.com\/LosPoliticosVer"]},{"@type":"Person","@id":"https:\/\/lospoliticosveracruz.com\/#\/schema\/person\/b8702bb0e538456e6efd07080bf2a4a2","name":"Lo viste en Los Pol\u00edticos","image":{"@type":"ImageObject","inLanguage":"es","@id":"https:\/\/secure.gravatar.com\/avatar\/3a8de04a2656d44082be478bd6c086daa447c4651605818287b9532d3d0bd435?s=96&d=mm&r=g","url":"https:\/\/secure.gravatar.com\/avatar\/3a8de04a2656d44082be478bd6c086daa447c4651605818287b9532d3d0bd435?s=96&d=mm&r=g","contentUrl":"https:\/\/secure.gravatar.com\/avatar\/3a8de04a2656d44082be478bd6c086daa447c4651605818287b9532d3d0bd435?s=96&d=mm&r=g","caption":"Lo viste en Los Pol\u00edticos"},"url":"https:\/\/lospoliticosveracruz.com\/?author=2"}]}},"_links":{"self":[{"href":"https:\/\/lospoliticosveracruz.com\/index.php?rest_route=\/wp\/v2\/posts\/58543","targetHints":{"allow":["GET"]}}],"collection":[{"href":"https:\/\/lospoliticosveracruz.com\/index.php?rest_route=\/wp\/v2\/posts"}],"about":[{"href":"https:\/\/lospoliticosveracruz.com\/index.php?rest_route=\/wp\/v2\/types\/post"}],"author":[{"embeddable":true,"href":"https:\/\/lospoliticosveracruz.com\/index.php?rest_route=\/wp\/v2\/users\/2"}],"replies":[{"embeddable":true,"href":"https:\/\/lospoliticosveracruz.com\/index.php?rest_route=%2Fwp%2Fv2%2Fcomments&post=58543"}],"version-history":[{"count":1,"href":"https:\/\/lospoliticosveracruz.com\/index.php?rest_route=\/wp\/v2\/posts\/58543\/revisions"}],"predecessor-version":[{"id":58545,"href":"https:\/\/lospoliticosveracruz.com\/index.php?rest_route=\/wp\/v2\/posts\/58543\/revisions\/58545"}],"wp:attachment":[{"href":"https:\/\/lospoliticosveracruz.com\/index.php?rest_route=%2Fwp%2Fv2%2Fmedia&parent=58543"}],"wp:term":[{"taxonomy":"category","embeddable":true,"href":"https:\/\/lospoliticosveracruz.com\/index.php?rest_route=%2Fwp%2Fv2%2Fcategories&post=58543"},{"taxonomy":"post_tag","embeddable":true,"href":"https:\/\/lospoliticosveracruz.com\/index.php?rest_route=%2Fwp%2Fv2%2Ftags&post=58543"}],"curies":[{"name":"wp","href":"https:\/\/api.w.org\/{rel}","templated":true}]}}