{"id":58570,"date":"2020-08-09T14:52:27","date_gmt":"2020-08-09T19:52:27","guid":{"rendered":"http:\/\/www.lospoliticosveracruz.com.mx\/?p=58570"},"modified":"2020-08-09T14:52:27","modified_gmt":"2020-08-09T19:52:27","slug":"morena-hunde-a-tabasco-y-al-pais","status":"publish","type":"post","link":"https:\/\/lospoliticosveracruz.com\/?p=58570","title":{"rendered":"Morena hunde a Tabasco y al pa\u00eds"},"content":{"rendered":"<p>&nbsp;<\/p>\n<p>Morena es un partido mezquino, con exacerbada soberbia, que privilegia intereses pol\u00edticos y personales de sus l\u00edderes, m\u00e1s que los de M\u00e9xico, sostuvo Lorena Pi\u00f1\u00f3n Rivera, Secretaria de Gesti\u00f3n Social del Partido Revolucionario Institucional (PRI).<\/p>\n<p>Dijo que las acciones que ha implementado el gobierno federal de Morena han agudizado los efectos de la crisis sanitaria y sumido al pa\u00eds en un retroceso econ\u00f3mico, pol\u00edtico y social.<\/p>\n<p>Agreg\u00f3 que su discurso y acciones est\u00e1n disfrazados de \u00abbienestar\u00bb, pero s\u00f3lo se trata de programas sociales con sesgo clientelar y prop\u00f3sitos claramente electorales.<\/p>\n<p>En su serie de entrevistas a trav\u00e9s de redes sociales, con el t\u00edtulo: \u00abEspecialistas en tiempos de Covid\u00bb, en esta ocasi\u00f3n con Dagoberto Lara Sedas, Presidente del Comit\u00e9 Directivo Estatal del PRI en Tabasco, Pi\u00f1\u00f3n Rivera lament\u00f3 que para desgracia de los tabasque\u00f1os, \u00abla alta incidencia de casos positivos de coronavirus se ha conjugado con el desmantelamiento del sistema hospitalario en la entidad\u00bb.<\/p>\n<p>A su vez, Lara Sedas expres\u00f3 su respaldo a la dirigencia nacional del PRI, encabezada por Alejandro Moreno y Carolina Viggiano, por las recientes reformas estatutarias aprobadas por el Consejo Pol\u00edtico Nacional, ya que garantizan la participaci\u00f3n de j\u00f3venes y mujeres comprometidos con el tricolor, adem\u00e1s de cortar de manera categ\u00f3rica la posibilidad de que alguien que haya cometido violencia pol\u00edtica de g\u00e9nero asuma alg\u00fan cargo de dirigencia o sea postulado a cargo de elecci\u00f3n popular.<\/p>\n<p>Por otra parte, consider\u00f3 que \u00abde nada servir\u00e1n ni la refiner\u00eda de Dos Bocas ni el Tren Maya. Ambas obras, en el escenario de crisis post-COVID, no conceden certeza alguna de que se convertir\u00e1n en proyectos exitosos, ya que el mercado petrolero y la actividad tur\u00edstica tendr\u00e1n un acentuado declive por a\u00f1os\u00bb.<\/p>\n<p>Destac\u00f3 que la crisis que vive Tabasco es la peor en su historia, ya que la entidad se encuentra en completo rezago, con cuatro a\u00f1os consecutivos de decrecimiento econ\u00f3mico. Adem\u00e1s, indic\u00f3 que lo que se vislumbra no es nada alentador, sobre todo si se contin\u00faa con una econom\u00eda petrolizada, programas sociales paternalistas, y se deja de atender a los sectores productivos, como ha sido hasta ahora.<\/p>\n","protected":false},"excerpt":{"rendered":"<p>&nbsp; Morena es un partido mezquino, con exacerbada soberbia, que privilegia intereses pol\u00edticos y personales de sus l\u00edderes, m\u00e1s que los de M\u00e9xico, sostuvo Lorena Pi\u00f1\u00f3n Rivera, Secretaria de Gesti\u00f3n Social del Partido Revolucionario Institucional (PRI). Dijo que las acciones que ha implementado el gobierno federal de Morena han agudizado los efectos de la crisis [&hellip;]<\/p>\n","protected":false},"author":2,"featured_media":0,"comment_status":"open","ping_status":"open","sticky":false,"template":"","format":"standard","meta":{"tdm_status":"","tdm_grid_status":"","footnotes":""},"categories":[73],"tags":[17829,19769,14643,19335,4770,395,1026,251,2231,13466,195],"class_list":{"0":"post-58570","1":"post","2":"type-post","3":"status-publish","4":"format-standard","6":"category-de-boleto","7":"tag-covid","8":"tag-dagoberto-lara-sedas","9":"tag-dos-bocas","10":"tag-elecciones-2021","11":"tag-lorena-pinon-rivera","12":"tag-mexico","13":"tag-morena","14":"tag-pri","15":"tag-tabasco","16":"tag-tren-maya","17":"tag-veracruz"},"yoast_head":"<!-- This site is optimized with the Yoast SEO plugin v27.4 - https:\/\/yoast.com\/product\/yoast-seo-wordpress\/ -->\n<title>Morena hunde a Tabasco y al pa\u00eds - Los pol\u00edticos Veracruz<\/title>\n<meta name=\"robots\" content=\"index, follow, max-snippet:-1, max-image-preview:large, max-video-preview:-1\" \/>\n<link rel=\"canonical\" href=\"https:\/\/lospoliticosveracruz.com\/?p=58570\" \/>\n<meta property=\"og:locale\" content=\"es_ES\" \/>\n<meta property=\"og:type\" content=\"article\" \/>\n<meta property=\"og:title\" content=\"Morena hunde a Tabasco y al pa\u00eds - Los pol\u00edticos Veracruz\" \/>\n<meta property=\"og:description\" content=\"&nbsp; Morena es un partido mezquino, con exacerbada soberbia, que privilegia intereses pol\u00edticos y personales de sus l\u00edderes, m\u00e1s que los de M\u00e9xico, sostuvo Lorena Pi\u00f1\u00f3n Rivera, Secretaria de Gesti\u00f3n Social del Partido Revolucionario Institucional (PRI). Dijo que las acciones que ha implementado el gobierno federal de Morena han agudizado los efectos de la crisis [&hellip;]\" \/>\n<meta property=\"og:url\" content=\"https:\/\/lospoliticosveracruz.com\/?p=58570\" \/>\n<meta property=\"og:site_name\" content=\"Los pol\u00edticos Veracruz\" \/>\n<meta property=\"article:publisher\" content=\"https:\/\/www.facebook.com\/people\/Notimemes-de-los-Polticos\/61565672886568\/\" \/>\n<meta property=\"article:published_time\" content=\"2020-08-09T19:52:27+00:00\" \/>\n<meta property=\"og:image\" content=\"https:\/\/lospoliticosveracruz.com\/wp-content\/uploads\/2016\/07\/Logo-Dor.jpg\" \/>\n\t<meta property=\"og:image:width\" content=\"200\" \/>\n\t<meta property=\"og:image:height\" content=\"200\" \/>\n\t<meta property=\"og:image:type\" content=\"image\/jpeg\" \/>\n<meta name=\"author\" content=\"Lo viste en Los Pol\u00edticos\" \/>\n<meta name=\"twitter:card\" content=\"summary_large_image\" \/>\n<meta name=\"twitter:creator\" content=\"@LosPoliticosVer\" \/>\n<meta name=\"twitter:site\" content=\"@LosPoliticosVer\" \/>\n<meta name=\"twitter:label1\" content=\"Escrito por\" \/>\n\t<meta name=\"twitter:data1\" content=\"Lo viste en Los Pol\u00edticos\" \/>\n\t<meta name=\"twitter:label2\" content=\"Tiempo de lectura\" \/>\n\t<meta name=\"twitter:data2\" content=\"2 minutos\" \/>\n<script type=\"application\/ld+json\" class=\"yoast-schema-graph\">{\"@context\":\"https:\\\/\\\/schema.org\",\"@graph\":[{\"@type\":\"Article\",\"@id\":\"https:\\\/\\\/lospoliticosveracruz.com\\\/?p=58570#article\",\"isPartOf\":{\"@id\":\"https:\\\/\\\/lospoliticosveracruz.com\\\/?p=58570\"},\"author\":{\"name\":\"Lo viste en Los Pol\u00edticos\",\"@id\":\"https:\\\/\\\/lospoliticosveracruz.com\\\/#\\\/schema\\\/person\\\/b8702bb0e538456e6efd07080bf2a4a2\"},\"headline\":\"Morena hunde a Tabasco y al pa\u00eds\",\"datePublished\":\"2020-08-09T19:52:27+00:00\",\"mainEntityOfPage\":{\"@id\":\"https:\\\/\\\/lospoliticosveracruz.com\\\/?p=58570\"},\"wordCount\":393,\"commentCount\":0,\"publisher\":{\"@id\":\"https:\\\/\\\/lospoliticosveracruz.com\\\/#organization\"},\"keywords\":[\"Covid\",\"Dagoberto Lara Sedas\",\"Dos Bocas\",\"Elecciones 2021\",\"Lorena Pi\u00f1\u00f3n Rivera\",\"M\u00e9xico\",\"Morena\",\"PRI\",\"Tabasco\",\"Tren Maya\",\"Veracruz\"],\"articleSection\":[\"De Boleto\"],\"inLanguage\":\"es\",\"potentialAction\":[{\"@type\":\"CommentAction\",\"name\":\"Comment\",\"target\":[\"https:\\\/\\\/lospoliticosveracruz.com\\\/?p=58570#respond\"]}]},{\"@type\":\"WebPage\",\"@id\":\"https:\\\/\\\/lospoliticosveracruz.com\\\/?p=58570\",\"url\":\"https:\\\/\\\/lospoliticosveracruz.com\\\/?p=58570\",\"name\":\"Morena hunde a Tabasco y al pa\u00eds - Los pol\u00edticos Veracruz\",\"isPartOf\":{\"@id\":\"https:\\\/\\\/lospoliticosveracruz.com\\\/#website\"},\"datePublished\":\"2020-08-09T19:52:27+00:00\",\"breadcrumb\":{\"@id\":\"https:\\\/\\\/lospoliticosveracruz.com\\\/?p=58570#breadcrumb\"},\"inLanguage\":\"es\",\"potentialAction\":[{\"@type\":\"ReadAction\",\"target\":[\"https:\\\/\\\/lospoliticosveracruz.com\\\/?p=58570\"]}]},{\"@type\":\"BreadcrumbList\",\"@id\":\"https:\\\/\\\/lospoliticosveracruz.com\\\/?p=58570#breadcrumb\",\"itemListElement\":[{\"@type\":\"ListItem\",\"position\":1,\"name\":\"Portada\",\"item\":\"https:\\\/\\\/lospoliticosveracruz.com\\\/\"},{\"@type\":\"ListItem\",\"position\":2,\"name\":\"Morena hunde a Tabasco y al pa\u00eds\"}]},{\"@type\":\"WebSite\",\"@id\":\"https:\\\/\\\/lospoliticosveracruz.com\\\/#website\",\"url\":\"https:\\\/\\\/lospoliticosveracruz.com\\\/\",\"name\":\"Los pol\u00edticos Veracruz\",\"description\":\"\",\"publisher\":{\"@id\":\"https:\\\/\\\/lospoliticosveracruz.com\\\/#organization\"},\"potentialAction\":[{\"@type\":\"SearchAction\",\"target\":{\"@type\":\"EntryPoint\",\"urlTemplate\":\"https:\\\/\\\/lospoliticosveracruz.com\\\/?s={search_term_string}\"},\"query-input\":{\"@type\":\"PropertyValueSpecification\",\"valueRequired\":true,\"valueName\":\"search_term_string\"}}],\"inLanguage\":\"es\"},{\"@type\":\"Organization\",\"@id\":\"https:\\\/\\\/lospoliticosveracruz.com\\\/#organization\",\"name\":\"Los pol\u00edticos Veracruz\",\"url\":\"https:\\\/\\\/lospoliticosveracruz.com\\\/\",\"logo\":{\"@type\":\"ImageObject\",\"inLanguage\":\"es\",\"@id\":\"https:\\\/\\\/lospoliticosveracruz.com\\\/#\\\/schema\\\/logo\\\/image\\\/\",\"url\":\"https:\\\/\\\/lospoliticosveracruz.com\\\/wp-content\\\/uploads\\\/2025\\\/12\\\/Logo-Nuevo-LOS-POLITICOS-1.jpg\",\"contentUrl\":\"https:\\\/\\\/lospoliticosveracruz.com\\\/wp-content\\\/uploads\\\/2025\\\/12\\\/Logo-Nuevo-LOS-POLITICOS-1.jpg\",\"width\":260,\"height\":70,\"caption\":\"Los pol\u00edticos Veracruz\"},\"image\":{\"@id\":\"https:\\\/\\\/lospoliticosveracruz.com\\\/#\\\/schema\\\/logo\\\/image\\\/\"},\"sameAs\":[\"https:\\\/\\\/www.facebook.com\\\/people\\\/Notimemes-de-los-Polticos\\\/61565672886568\\\/\",\"https:\\\/\\\/x.com\\\/LosPoliticosVer\"]},{\"@type\":\"Person\",\"@id\":\"https:\\\/\\\/lospoliticosveracruz.com\\\/#\\\/schema\\\/person\\\/b8702bb0e538456e6efd07080bf2a4a2\",\"name\":\"Lo viste en Los Pol\u00edticos\",\"image\":{\"@type\":\"ImageObject\",\"inLanguage\":\"es\",\"@id\":\"https:\\\/\\\/secure.gravatar.com\\\/avatar\\\/3a8de04a2656d44082be478bd6c086daa447c4651605818287b9532d3d0bd435?s=96&d=mm&r=g\",\"url\":\"https:\\\/\\\/secure.gravatar.com\\\/avatar\\\/3a8de04a2656d44082be478bd6c086daa447c4651605818287b9532d3d0bd435?s=96&d=mm&r=g\",\"contentUrl\":\"https:\\\/\\\/secure.gravatar.com\\\/avatar\\\/3a8de04a2656d44082be478bd6c086daa447c4651605818287b9532d3d0bd435?s=96&d=mm&r=g\",\"caption\":\"Lo viste en Los Pol\u00edticos\"},\"url\":\"https:\\\/\\\/lospoliticosveracruz.com\\\/?author=2\"}]}<\/script>\n<!-- \/ Yoast SEO plugin. -->","yoast_head_json":{"title":"Morena hunde a Tabasco y al pa\u00eds - Los pol\u00edticos Veracruz","robots":{"index":"index","follow":"follow","max-snippet":"max-snippet:-1","max-image-preview":"max-image-preview:large","max-video-preview":"max-video-preview:-1"},"canonical":"https:\/\/lospoliticosveracruz.com\/?p=58570","og_locale":"es_ES","og_type":"article","og_title":"Morena hunde a Tabasco y al pa\u00eds - Los pol\u00edticos Veracruz","og_description":"&nbsp; Morena es un partido mezquino, con exacerbada soberbia, que privilegia intereses pol\u00edticos y personales de sus l\u00edderes, m\u00e1s que los de M\u00e9xico, sostuvo Lorena Pi\u00f1\u00f3n Rivera, Secretaria de Gesti\u00f3n Social del Partido Revolucionario Institucional (PRI). Dijo que las acciones que ha implementado el gobierno federal de Morena han agudizado los efectos de la crisis [&hellip;]","og_url":"https:\/\/lospoliticosveracruz.com\/?p=58570","og_site_name":"Los pol\u00edticos Veracruz","article_publisher":"https:\/\/www.facebook.com\/people\/Notimemes-de-los-Polticos\/61565672886568\/","article_published_time":"2020-08-09T19:52:27+00:00","og_image":[{"width":200,"height":200,"url":"https:\/\/lospoliticosveracruz.com\/wp-content\/uploads\/2016\/07\/Logo-Dor.jpg","type":"image\/jpeg"}],"author":"Lo viste en Los Pol\u00edticos","twitter_card":"summary_large_image","twitter_creator":"@LosPoliticosVer","twitter_site":"@LosPoliticosVer","twitter_misc":{"Escrito por":"Lo viste en Los Pol\u00edticos","Tiempo de lectura":"2 minutos"},"schema":{"@context":"https:\/\/schema.org","@graph":[{"@type":"Article","@id":"https:\/\/lospoliticosveracruz.com\/?p=58570#article","isPartOf":{"@id":"https:\/\/lospoliticosveracruz.com\/?p=58570"},"author":{"name":"Lo viste en Los Pol\u00edticos","@id":"https:\/\/lospoliticosveracruz.com\/#\/schema\/person\/b8702bb0e538456e6efd07080bf2a4a2"},"headline":"Morena hunde a Tabasco y al pa\u00eds","datePublished":"2020-08-09T19:52:27+00:00","mainEntityOfPage":{"@id":"https:\/\/lospoliticosveracruz.com\/?p=58570"},"wordCount":393,"commentCount":0,"publisher":{"@id":"https:\/\/lospoliticosveracruz.com\/#organization"},"keywords":["Covid","Dagoberto Lara Sedas","Dos Bocas","Elecciones 2021","Lorena Pi\u00f1\u00f3n Rivera","M\u00e9xico","Morena","PRI","Tabasco","Tren Maya","Veracruz"],"articleSection":["De Boleto"],"inLanguage":"es","potentialAction":[{"@type":"CommentAction","name":"Comment","target":["https:\/\/lospoliticosveracruz.com\/?p=58570#respond"]}]},{"@type":"WebPage","@id":"https:\/\/lospoliticosveracruz.com\/?p=58570","url":"https:\/\/lospoliticosveracruz.com\/?p=58570","name":"Morena hunde a Tabasco y al pa\u00eds - Los pol\u00edticos Veracruz","isPartOf":{"@id":"https:\/\/lospoliticosveracruz.com\/#website"},"datePublished":"2020-08-09T19:52:27+00:00","breadcrumb":{"@id":"https:\/\/lospoliticosveracruz.com\/?p=58570#breadcrumb"},"inLanguage":"es","potentialAction":[{"@type":"ReadAction","target":["https:\/\/lospoliticosveracruz.com\/?p=58570"]}]},{"@type":"BreadcrumbList","@id":"https:\/\/lospoliticosveracruz.com\/?p=58570#breadcrumb","itemListElement":[{"@type":"ListItem","position":1,"name":"Portada","item":"https:\/\/lospoliticosveracruz.com\/"},{"@type":"ListItem","position":2,"name":"Morena hunde a Tabasco y al pa\u00eds"}]},{"@type":"WebSite","@id":"https:\/\/lospoliticosveracruz.com\/#website","url":"https:\/\/lospoliticosveracruz.com\/","name":"Los pol\u00edticos Veracruz","description":"","publisher":{"@id":"https:\/\/lospoliticosveracruz.com\/#organization"},"potentialAction":[{"@type":"SearchAction","target":{"@type":"EntryPoint","urlTemplate":"https:\/\/lospoliticosveracruz.com\/?s={search_term_string}"},"query-input":{"@type":"PropertyValueSpecification","valueRequired":true,"valueName":"search_term_string"}}],"inLanguage":"es"},{"@type":"Organization","@id":"https:\/\/lospoliticosveracruz.com\/#organization","name":"Los pol\u00edticos Veracruz","url":"https:\/\/lospoliticosveracruz.com\/","logo":{"@type":"ImageObject","inLanguage":"es","@id":"https:\/\/lospoliticosveracruz.com\/#\/schema\/logo\/image\/","url":"https:\/\/lospoliticosveracruz.com\/wp-content\/uploads\/2025\/12\/Logo-Nuevo-LOS-POLITICOS-1.jpg","contentUrl":"https:\/\/lospoliticosveracruz.com\/wp-content\/uploads\/2025\/12\/Logo-Nuevo-LOS-POLITICOS-1.jpg","width":260,"height":70,"caption":"Los pol\u00edticos Veracruz"},"image":{"@id":"https:\/\/lospoliticosveracruz.com\/#\/schema\/logo\/image\/"},"sameAs":["https:\/\/www.facebook.com\/people\/Notimemes-de-los-Polticos\/61565672886568\/","https:\/\/x.com\/LosPoliticosVer"]},{"@type":"Person","@id":"https:\/\/lospoliticosveracruz.com\/#\/schema\/person\/b8702bb0e538456e6efd07080bf2a4a2","name":"Lo viste en Los Pol\u00edticos","image":{"@type":"ImageObject","inLanguage":"es","@id":"https:\/\/secure.gravatar.com\/avatar\/3a8de04a2656d44082be478bd6c086daa447c4651605818287b9532d3d0bd435?s=96&d=mm&r=g","url":"https:\/\/secure.gravatar.com\/avatar\/3a8de04a2656d44082be478bd6c086daa447c4651605818287b9532d3d0bd435?s=96&d=mm&r=g","contentUrl":"https:\/\/secure.gravatar.com\/avatar\/3a8de04a2656d44082be478bd6c086daa447c4651605818287b9532d3d0bd435?s=96&d=mm&r=g","caption":"Lo viste en Los Pol\u00edticos"},"url":"https:\/\/lospoliticosveracruz.com\/?author=2"}]}},"_links":{"self":[{"href":"https:\/\/lospoliticosveracruz.com\/index.php?rest_route=\/wp\/v2\/posts\/58570","targetHints":{"allow":["GET"]}}],"collection":[{"href":"https:\/\/lospoliticosveracruz.com\/index.php?rest_route=\/wp\/v2\/posts"}],"about":[{"href":"https:\/\/lospoliticosveracruz.com\/index.php?rest_route=\/wp\/v2\/types\/post"}],"author":[{"embeddable":true,"href":"https:\/\/lospoliticosveracruz.com\/index.php?rest_route=\/wp\/v2\/users\/2"}],"replies":[{"embeddable":true,"href":"https:\/\/lospoliticosveracruz.com\/index.php?rest_route=%2Fwp%2Fv2%2Fcomments&post=58570"}],"version-history":[{"count":1,"href":"https:\/\/lospoliticosveracruz.com\/index.php?rest_route=\/wp\/v2\/posts\/58570\/revisions"}],"predecessor-version":[{"id":58572,"href":"https:\/\/lospoliticosveracruz.com\/index.php?rest_route=\/wp\/v2\/posts\/58570\/revisions\/58572"}],"wp:attachment":[{"href":"https:\/\/lospoliticosveracruz.com\/index.php?rest_route=%2Fwp%2Fv2%2Fmedia&parent=58570"}],"wp:term":[{"taxonomy":"category","embeddable":true,"href":"https:\/\/lospoliticosveracruz.com\/index.php?rest_route=%2Fwp%2Fv2%2Fcategories&post=58570"},{"taxonomy":"post_tag","embeddable":true,"href":"https:\/\/lospoliticosveracruz.com\/index.php?rest_route=%2Fwp%2Fv2%2Ftags&post=58570"}],"curies":[{"name":"wp","href":"https:\/\/api.w.org\/{rel}","templated":true}]}}