{"id":58596,"date":"2020-08-10T09:02:44","date_gmt":"2020-08-10T14:02:44","guid":{"rendered":"http:\/\/www.lospoliticosveracruz.com.mx\/?p=58596"},"modified":"2020-08-10T09:10:48","modified_gmt":"2020-08-10T14:10:48","slug":"las-fallas-de-arbesu","status":"publish","type":"post","link":"https:\/\/lospoliticosveracruz.com\/?p=58596","title":{"rendered":"Las fallas de Arbes\u00fa"},"content":{"rendered":"<p>&nbsp;<\/p>\n<p><strong>Ricardo Chua<\/strong><\/p>\n<p><em>Sale y vale<\/em><\/p>\n<p>HASTA SIEMPRE VICKY&#8230; Al final no pudo ganar esa \u00faltima batalla&#8230; Vicky Rasgado, como la conoc\u00edamos amigos y ex compa\u00f1eros de trabajo, perdi\u00f3 la lucha contra el COVID-19&#8230; No pudo m\u00e1s y ayer por la ma\u00f1ana dej\u00f3 de existir&#8230; La enfermedad da\u00f1\u00f3 muchos sus pulmones&#8230; Como periodista, se pueden decir muchas cosas de ella, que era solidaria, buena compa\u00f1era, defensora de causas sociales, \u00abluchona\u00bb y no se dejaba de nadie&#8230; Siempre tuvo el apreci\u00f3 la poblaci\u00f3n que ayud\u00f3 en la zona sur del Estado&#8230;<\/p>\n<p>&nbsp;<a href=\"https:\/\/cordoba.gob.mx\/site\/\"><img decoding=\"async\" src=\"http:\/\/www.lospoliticosveracruz.com.mx\/wp-content\/uploads\/2020\/08\/Cintillo-C\u00f3rdoba-Cubrebocas.jpg\" alt=\"\"><\/a><\/p>\n<p>Buena hija e hermana&#8230; Su familia y trabajo ante todo&#8230; Ella como reportera investigaba hasta el final&#8230; Cuando se le ped\u00eda ayuda desde otros puntos del Estado, sobre un suceso en la zona&#8230; Ella estaba presta ayudarte.. Te daba tel\u00e9fonos, informaci\u00f3n y hasta checaba por t\u00ed los datos que le ped\u00edas&#8230; Siempre respetaba tu exclusividad&#8230; Hasta con \u00abtips\u00bb te apoyaba para que tu informaci\u00f3n fuera m\u00e1s ver\u00eddica&#8230; Nunca fue de conflictos con compa\u00f1eros, por eso era muy apreciada en el medio period\u00edstico..<\/p>\n<p>Vicky siempre mantuvo con sus fuentes de informaci\u00f3n, una relaci\u00f3n de respeto profesional grande&#8230; Muchos de ellos, fueron sus adversarios pol\u00edticos m\u00e1s adelante&#8230; Pero la respetaban porque sab\u00edan que era de una sola pieza y fiel a sus convicciones&#8230; Nunca los exhibi\u00f3, por eso le ten\u00edan afecto&#8230; Vicky sab\u00eda tratar a \u00abSirios y Troyanos\u00bb&#8230; Su carrera como periodista fue reconocida en la zona sur de la entidad y por ello pudo dar un \u00absalto\u00bb a la pol\u00edtica sin problema alguno&#8230;<\/p>\n<p>Desde antes de incursionar en la pol\u00edtica&#8230; Era de formaci\u00f3n de izquierda y desde principios de su carrera, fue fiel seguidora de Andr\u00e9s Manuel L\u00f3pez Obrador&#8230;. A quien cubr\u00eda desde hace m\u00e1s de una d\u00e9cada, sus giras por el sur del Estado&#8230; Siempre mantuvo contacto con \u00e9l y el Presidente de M\u00e9xico sab\u00eda de su valor como periodista y despu\u00e9s como luchadora social&#8230; Por eso, no tuvo objeci\u00f3n que fuera candidata a la alcald\u00eda de Moloacan en 2017&#8230; Contienda que gan\u00f3&#8230;<\/p>\n<p>Rasgado fue una pol\u00edtica que sigui\u00f3 a L\u00f3pez Obrador desde el PRD&#8230; Despu\u00e9s en MORENA&#8230; Siempre de la mano, de la secretar\u00eda de Energ\u00eda, Rocio Nahle&#8230; De qui\u00e9n fue una de sus personas de mayor confianza&#8230; Con ella particip\u00f3 para que Nahle ganar\u00e1 la diputaci\u00f3n federal por Coatzacoalcos en 2015&#8230;. Por desgracia, la historia de Vicky como periodista y alcaldesa lleg\u00f3 a su fin&#8230;. A su corta edad, el Coronavirus le gan\u00f3 la batalla y dej\u00f3 a muchos sin su l\u00edder, amiga y compa\u00f1era&#8230; Hasta siempre Vicky&#8230; Se te va extra\u00f1ar&#8230; BUEN VIAJE&#8230;<\/p>\n<p>LAS FALLAS DE ARBES\u00da&#8230; Despu\u00e9s de los conflictos que se viven en la Secretar\u00eda de Turismo federal por sus fallas en promoci\u00f3n tur\u00edstica, ahora que est\u00e1n reaperturando muchos sitios tur\u00edsticos para acabar con la crisis econ\u00f3mica provocada por el Coronavirus&#8230; En Palacio Nacional, hay informaci\u00f3n del \u00abstaff\u00bb cercano al Presidente, Andr\u00e9s Manuel L\u00f3pez Obrador, que una de las dependencias estatales que m\u00e1s fallas presenta en este ramo, es la de SECTUR en Veracruz&#8230;<\/p>\n<p>Al parecer, los datos que tienen en Presidencia de la Rep\u00fablica, es que la titular del \u00e1rea en la entidad, Xochitl Arbes\u00fa&#8230; No est\u00e1 realizando, las labores pertinentes en su ramo&#8230; En pocas palabras, la secretar\u00eda de Turismo en Veracruz, no hace bien su trabajo&#8230; A pesar de que se le han dado instrucciones claras desde el gobierno federal y tambi\u00e9n de la administraci\u00f3n estatal para que aplique pol\u00edticas p\u00fablicas, que promocionen el Estado, pero pareciera que no las quiere o no las puede hacer&#8230;<\/p>\n<p>Eso definitivamente a Xochitl Arbes\u00fa la hace quedar mal&#8230; No s\u00f3lo ante la sociedad civil, que en Veracruz, muchas familias viven de los servicios que prestan al sector tur\u00edstico&#8230; Sino tambi\u00e9n ante el equipo de L\u00f3pez Obrador, con el Presidente y del propio Cuitl\u00e1huac Garc\u00eda&#8230; Y m\u00e1s que el gobierno federal anda muy \u00absensible\u00bb por los errores en promoci\u00f3n de la semana pasada, de sitios tur\u00edsticos de M\u00e9xico en el extranjero&#8230; Es decir, en SECTUR el \u00abhorno no est\u00e1 para bollos\u00bb y Arbes\u00fa parece no saberlo&#8230;<\/p>\n<p>Sobre todo al gobierno de MORENA le molesta m\u00e1s cuando el PAN les se\u00f1ala esos errores&#8230; Como lo hizo la diputada federal por Boca del R\u00edo, Mariana Duyanska, quien mencion\u00f3 que el sector turismo se derrumban, y que en Veracruz, no es la excepci\u00f3n. Ya que esta dependencia federal y estatal, ha sido mal manejada y esto se acrecenta m\u00e1s frente a la pandemia del\u00a0 COVID-19&#8230; Ya que en la entidad esta \u00e1rea ha ca\u00eddo en un porcentaje similar al del pa\u00eds, que es de alrededor del 78.5 por ciento de sus ingresos&#8230;<\/p>\n<p>Un dato que no lo puede soportar ninguna dependencia, ni federal, ni estatal&#8230; Ya que da la percepci\u00f3n de que ni Miguel Torruco, menos Xochitl Arbes\u00fa, se encuentran realizando una labor por lo menos \u00abdecorosa\u00bb en estas secretar\u00edas&#8230; Por ello, la legisladora federal hasta comenta que parecieran que contin\u00faan con una pol\u00edtica de \u00abbrazos cruzados\u00bb para la reactivaci\u00f3n econ\u00f3mica, sino que constantemente surgen casos de ineptitud en cuanto al impulso de una industria que aporta tanto a la econom\u00eda de este pa\u00eds y del Estado&#8230;<\/p>\n<p>As\u00ed que algo tendr\u00e1 que hacer la secretar\u00eda de Turismo, X\u00f3chitl Arbes\u00fa, para poder levantar su figura y su trabajo frente a la dependencia porque los informes que tienen en Palacio Nacional, no son nada halagadores, en cuanto a su labor como titular de SECTUR estatal&#8230; Y si le suman, las quejas que tiene por parte de hoteleros, taxistas, restauranteros, artesanos, comerciantes y de otras ocupaciones dedicadas de esta \u00e1rea&#8230; No se ve como pueda sacar adelante a su dependencia &#8230; Se le vienen \u00abtardes negras\u00bb a Arbes\u00fa&#8230; AMEN&#8230;<\/p>\n","protected":false},"excerpt":{"rendered":"<p>&nbsp; Ricardo Chua Sale y vale HASTA SIEMPRE VICKY&#8230; Al final no pudo ganar esa \u00faltima batalla&#8230; Vicky Rasgado, como la conoc\u00edamos amigos y ex compa\u00f1eros de trabajo, perdi\u00f3 la lucha contra el COVID-19&#8230; No pudo m\u00e1s y ayer por la ma\u00f1ana dej\u00f3 de existir&#8230; La enfermedad da\u00f1\u00f3 muchos sus pulmones&#8230; Como periodista, se pueden [&hellip;]<\/p>\n","protected":false},"author":2,"featured_media":0,"comment_status":"open","ping_status":"open","sticky":false,"template":"","format":"standard","meta":{"tdm_status":"","tdm_grid_status":"","footnotes":""},"categories":[70],"tags":[17426,618,16673,1026,2156,195],"class_list":{"0":"post-58596","1":"post","2":"type-post","3":"status-publish","4":"format-standard","6":"category-de-opinion","7":"tag-4t","8":"tag-andres-manuel-lopez-obrador","9":"tag-covid-19","10":"tag-morena","11":"tag-sectur","12":"tag-veracruz"},"yoast_head":"<!-- This site is optimized with the Yoast SEO plugin v27.4 - https:\/\/yoast.com\/product\/yoast-seo-wordpress\/ -->\n<title>Las fallas de Arbes\u00fa - Los pol\u00edticos Veracruz<\/title>\n<meta name=\"robots\" content=\"index, follow, max-snippet:-1, max-image-preview:large, max-video-preview:-1\" \/>\n<link rel=\"canonical\" href=\"https:\/\/lospoliticosveracruz.com\/?p=58596\" \/>\n<meta property=\"og:locale\" content=\"es_ES\" \/>\n<meta property=\"og:type\" content=\"article\" \/>\n<meta property=\"og:title\" content=\"Las fallas de Arbes\u00fa - Los pol\u00edticos Veracruz\" \/>\n<meta property=\"og:description\" content=\"&nbsp; Ricardo Chua Sale y vale HASTA SIEMPRE VICKY&#8230; Al final no pudo ganar esa \u00faltima batalla&#8230; Vicky Rasgado, como la conoc\u00edamos amigos y ex compa\u00f1eros de trabajo, perdi\u00f3 la lucha contra el COVID-19&#8230; No pudo m\u00e1s y ayer por la ma\u00f1ana dej\u00f3 de existir&#8230; La enfermedad da\u00f1\u00f3 muchos sus pulmones&#8230; Como periodista, se pueden [&hellip;]\" \/>\n<meta property=\"og:url\" content=\"https:\/\/lospoliticosveracruz.com\/?p=58596\" \/>\n<meta property=\"og:site_name\" content=\"Los pol\u00edticos Veracruz\" \/>\n<meta property=\"article:publisher\" content=\"https:\/\/www.facebook.com\/people\/Notimemes-de-los-Polticos\/61565672886568\/\" \/>\n<meta property=\"article:published_time\" content=\"2020-08-10T14:02:44+00:00\" \/>\n<meta property=\"article:modified_time\" content=\"2020-08-10T14:10:48+00:00\" \/>\n<meta property=\"og:image\" content=\"https:\/\/lospoliticosveracruz.com\/wp-content\/uploads\/2016\/07\/Logo-Dor.jpg\" \/>\n\t<meta property=\"og:image:width\" content=\"200\" \/>\n\t<meta property=\"og:image:height\" content=\"200\" \/>\n\t<meta property=\"og:image:type\" content=\"image\/jpeg\" \/>\n<meta name=\"author\" content=\"Lo viste en Los Pol\u00edticos\" \/>\n<meta name=\"twitter:card\" content=\"summary_large_image\" \/>\n<meta name=\"twitter:creator\" content=\"@LosPoliticosVer\" \/>\n<meta name=\"twitter:site\" content=\"@LosPoliticosVer\" \/>\n<meta name=\"twitter:label1\" content=\"Escrito por\" \/>\n\t<meta name=\"twitter:data1\" content=\"Lo viste en Los Pol\u00edticos\" \/>\n\t<meta name=\"twitter:label2\" content=\"Tiempo de lectura\" \/>\n\t<meta name=\"twitter:data2\" content=\"5 minutos\" \/>\n<script type=\"application\/ld+json\" class=\"yoast-schema-graph\">{\"@context\":\"https:\\\/\\\/schema.org\",\"@graph\":[{\"@type\":\"Article\",\"@id\":\"https:\\\/\\\/lospoliticosveracruz.com\\\/?p=58596#article\",\"isPartOf\":{\"@id\":\"https:\\\/\\\/lospoliticosveracruz.com\\\/?p=58596\"},\"author\":{\"name\":\"Lo viste en Los Pol\u00edticos\",\"@id\":\"https:\\\/\\\/lospoliticosveracruz.com\\\/#\\\/schema\\\/person\\\/b8702bb0e538456e6efd07080bf2a4a2\"},\"headline\":\"Las fallas de Arbes\u00fa\",\"datePublished\":\"2020-08-10T14:02:44+00:00\",\"dateModified\":\"2020-08-10T14:10:48+00:00\",\"mainEntityOfPage\":{\"@id\":\"https:\\\/\\\/lospoliticosveracruz.com\\\/?p=58596\"},\"wordCount\":1027,\"commentCount\":0,\"publisher\":{\"@id\":\"https:\\\/\\\/lospoliticosveracruz.com\\\/#organization\"},\"keywords\":[\"4T\",\"Andr\u00e9s Manuel L\u00f3pez Obrador\",\"Covid 19\",\"Morena\",\"Sectur\",\"Veracruz\"],\"articleSection\":[\"De Opini\u00f3n\"],\"inLanguage\":\"es\",\"potentialAction\":[{\"@type\":\"CommentAction\",\"name\":\"Comment\",\"target\":[\"https:\\\/\\\/lospoliticosveracruz.com\\\/?p=58596#respond\"]}]},{\"@type\":\"WebPage\",\"@id\":\"https:\\\/\\\/lospoliticosveracruz.com\\\/?p=58596\",\"url\":\"https:\\\/\\\/lospoliticosveracruz.com\\\/?p=58596\",\"name\":\"Las fallas de Arbes\u00fa - Los pol\u00edticos Veracruz\",\"isPartOf\":{\"@id\":\"https:\\\/\\\/lospoliticosveracruz.com\\\/#website\"},\"datePublished\":\"2020-08-10T14:02:44+00:00\",\"dateModified\":\"2020-08-10T14:10:48+00:00\",\"breadcrumb\":{\"@id\":\"https:\\\/\\\/lospoliticosveracruz.com\\\/?p=58596#breadcrumb\"},\"inLanguage\":\"es\",\"potentialAction\":[{\"@type\":\"ReadAction\",\"target\":[\"https:\\\/\\\/lospoliticosveracruz.com\\\/?p=58596\"]}]},{\"@type\":\"BreadcrumbList\",\"@id\":\"https:\\\/\\\/lospoliticosveracruz.com\\\/?p=58596#breadcrumb\",\"itemListElement\":[{\"@type\":\"ListItem\",\"position\":1,\"name\":\"Portada\",\"item\":\"https:\\\/\\\/lospoliticosveracruz.com\\\/\"},{\"@type\":\"ListItem\",\"position\":2,\"name\":\"Las fallas de Arbes\u00fa\"}]},{\"@type\":\"WebSite\",\"@id\":\"https:\\\/\\\/lospoliticosveracruz.com\\\/#website\",\"url\":\"https:\\\/\\\/lospoliticosveracruz.com\\\/\",\"name\":\"Los pol\u00edticos Veracruz\",\"description\":\"\",\"publisher\":{\"@id\":\"https:\\\/\\\/lospoliticosveracruz.com\\\/#organization\"},\"potentialAction\":[{\"@type\":\"SearchAction\",\"target\":{\"@type\":\"EntryPoint\",\"urlTemplate\":\"https:\\\/\\\/lospoliticosveracruz.com\\\/?s={search_term_string}\"},\"query-input\":{\"@type\":\"PropertyValueSpecification\",\"valueRequired\":true,\"valueName\":\"search_term_string\"}}],\"inLanguage\":\"es\"},{\"@type\":\"Organization\",\"@id\":\"https:\\\/\\\/lospoliticosveracruz.com\\\/#organization\",\"name\":\"Los pol\u00edticos Veracruz\",\"url\":\"https:\\\/\\\/lospoliticosveracruz.com\\\/\",\"logo\":{\"@type\":\"ImageObject\",\"inLanguage\":\"es\",\"@id\":\"https:\\\/\\\/lospoliticosveracruz.com\\\/#\\\/schema\\\/logo\\\/image\\\/\",\"url\":\"https:\\\/\\\/lospoliticosveracruz.com\\\/wp-content\\\/uploads\\\/2025\\\/12\\\/Logo-Nuevo-LOS-POLITICOS-1.jpg\",\"contentUrl\":\"https:\\\/\\\/lospoliticosveracruz.com\\\/wp-content\\\/uploads\\\/2025\\\/12\\\/Logo-Nuevo-LOS-POLITICOS-1.jpg\",\"width\":260,\"height\":70,\"caption\":\"Los pol\u00edticos Veracruz\"},\"image\":{\"@id\":\"https:\\\/\\\/lospoliticosveracruz.com\\\/#\\\/schema\\\/logo\\\/image\\\/\"},\"sameAs\":[\"https:\\\/\\\/www.facebook.com\\\/people\\\/Notimemes-de-los-Polticos\\\/61565672886568\\\/\",\"https:\\\/\\\/x.com\\\/LosPoliticosVer\"]},{\"@type\":\"Person\",\"@id\":\"https:\\\/\\\/lospoliticosveracruz.com\\\/#\\\/schema\\\/person\\\/b8702bb0e538456e6efd07080bf2a4a2\",\"name\":\"Lo viste en Los Pol\u00edticos\",\"image\":{\"@type\":\"ImageObject\",\"inLanguage\":\"es\",\"@id\":\"https:\\\/\\\/secure.gravatar.com\\\/avatar\\\/3a8de04a2656d44082be478bd6c086daa447c4651605818287b9532d3d0bd435?s=96&d=mm&r=g\",\"url\":\"https:\\\/\\\/secure.gravatar.com\\\/avatar\\\/3a8de04a2656d44082be478bd6c086daa447c4651605818287b9532d3d0bd435?s=96&d=mm&r=g\",\"contentUrl\":\"https:\\\/\\\/secure.gravatar.com\\\/avatar\\\/3a8de04a2656d44082be478bd6c086daa447c4651605818287b9532d3d0bd435?s=96&d=mm&r=g\",\"caption\":\"Lo viste en Los Pol\u00edticos\"},\"url\":\"https:\\\/\\\/lospoliticosveracruz.com\\\/?author=2\"}]}<\/script>\n<!-- \/ Yoast SEO plugin. -->","yoast_head_json":{"title":"Las fallas de Arbes\u00fa - Los pol\u00edticos Veracruz","robots":{"index":"index","follow":"follow","max-snippet":"max-snippet:-1","max-image-preview":"max-image-preview:large","max-video-preview":"max-video-preview:-1"},"canonical":"https:\/\/lospoliticosveracruz.com\/?p=58596","og_locale":"es_ES","og_type":"article","og_title":"Las fallas de Arbes\u00fa - Los pol\u00edticos Veracruz","og_description":"&nbsp; Ricardo Chua Sale y vale HASTA SIEMPRE VICKY&#8230; Al final no pudo ganar esa \u00faltima batalla&#8230; Vicky Rasgado, como la conoc\u00edamos amigos y ex compa\u00f1eros de trabajo, perdi\u00f3 la lucha contra el COVID-19&#8230; No pudo m\u00e1s y ayer por la ma\u00f1ana dej\u00f3 de existir&#8230; La enfermedad da\u00f1\u00f3 muchos sus pulmones&#8230; Como periodista, se pueden [&hellip;]","og_url":"https:\/\/lospoliticosveracruz.com\/?p=58596","og_site_name":"Los pol\u00edticos Veracruz","article_publisher":"https:\/\/www.facebook.com\/people\/Notimemes-de-los-Polticos\/61565672886568\/","article_published_time":"2020-08-10T14:02:44+00:00","article_modified_time":"2020-08-10T14:10:48+00:00","og_image":[{"width":200,"height":200,"url":"https:\/\/lospoliticosveracruz.com\/wp-content\/uploads\/2016\/07\/Logo-Dor.jpg","type":"image\/jpeg"}],"author":"Lo viste en Los Pol\u00edticos","twitter_card":"summary_large_image","twitter_creator":"@LosPoliticosVer","twitter_site":"@LosPoliticosVer","twitter_misc":{"Escrito por":"Lo viste en Los Pol\u00edticos","Tiempo de lectura":"5 minutos"},"schema":{"@context":"https:\/\/schema.org","@graph":[{"@type":"Article","@id":"https:\/\/lospoliticosveracruz.com\/?p=58596#article","isPartOf":{"@id":"https:\/\/lospoliticosveracruz.com\/?p=58596"},"author":{"name":"Lo viste en Los Pol\u00edticos","@id":"https:\/\/lospoliticosveracruz.com\/#\/schema\/person\/b8702bb0e538456e6efd07080bf2a4a2"},"headline":"Las fallas de Arbes\u00fa","datePublished":"2020-08-10T14:02:44+00:00","dateModified":"2020-08-10T14:10:48+00:00","mainEntityOfPage":{"@id":"https:\/\/lospoliticosveracruz.com\/?p=58596"},"wordCount":1027,"commentCount":0,"publisher":{"@id":"https:\/\/lospoliticosveracruz.com\/#organization"},"keywords":["4T","Andr\u00e9s Manuel L\u00f3pez Obrador","Covid 19","Morena","Sectur","Veracruz"],"articleSection":["De Opini\u00f3n"],"inLanguage":"es","potentialAction":[{"@type":"CommentAction","name":"Comment","target":["https:\/\/lospoliticosveracruz.com\/?p=58596#respond"]}]},{"@type":"WebPage","@id":"https:\/\/lospoliticosveracruz.com\/?p=58596","url":"https:\/\/lospoliticosveracruz.com\/?p=58596","name":"Las fallas de Arbes\u00fa - Los pol\u00edticos Veracruz","isPartOf":{"@id":"https:\/\/lospoliticosveracruz.com\/#website"},"datePublished":"2020-08-10T14:02:44+00:00","dateModified":"2020-08-10T14:10:48+00:00","breadcrumb":{"@id":"https:\/\/lospoliticosveracruz.com\/?p=58596#breadcrumb"},"inLanguage":"es","potentialAction":[{"@type":"ReadAction","target":["https:\/\/lospoliticosveracruz.com\/?p=58596"]}]},{"@type":"BreadcrumbList","@id":"https:\/\/lospoliticosveracruz.com\/?p=58596#breadcrumb","itemListElement":[{"@type":"ListItem","position":1,"name":"Portada","item":"https:\/\/lospoliticosveracruz.com\/"},{"@type":"ListItem","position":2,"name":"Las fallas de Arbes\u00fa"}]},{"@type":"WebSite","@id":"https:\/\/lospoliticosveracruz.com\/#website","url":"https:\/\/lospoliticosveracruz.com\/","name":"Los pol\u00edticos Veracruz","description":"","publisher":{"@id":"https:\/\/lospoliticosveracruz.com\/#organization"},"potentialAction":[{"@type":"SearchAction","target":{"@type":"EntryPoint","urlTemplate":"https:\/\/lospoliticosveracruz.com\/?s={search_term_string}"},"query-input":{"@type":"PropertyValueSpecification","valueRequired":true,"valueName":"search_term_string"}}],"inLanguage":"es"},{"@type":"Organization","@id":"https:\/\/lospoliticosveracruz.com\/#organization","name":"Los pol\u00edticos Veracruz","url":"https:\/\/lospoliticosveracruz.com\/","logo":{"@type":"ImageObject","inLanguage":"es","@id":"https:\/\/lospoliticosveracruz.com\/#\/schema\/logo\/image\/","url":"https:\/\/lospoliticosveracruz.com\/wp-content\/uploads\/2025\/12\/Logo-Nuevo-LOS-POLITICOS-1.jpg","contentUrl":"https:\/\/lospoliticosveracruz.com\/wp-content\/uploads\/2025\/12\/Logo-Nuevo-LOS-POLITICOS-1.jpg","width":260,"height":70,"caption":"Los pol\u00edticos Veracruz"},"image":{"@id":"https:\/\/lospoliticosveracruz.com\/#\/schema\/logo\/image\/"},"sameAs":["https:\/\/www.facebook.com\/people\/Notimemes-de-los-Polticos\/61565672886568\/","https:\/\/x.com\/LosPoliticosVer"]},{"@type":"Person","@id":"https:\/\/lospoliticosveracruz.com\/#\/schema\/person\/b8702bb0e538456e6efd07080bf2a4a2","name":"Lo viste en Los Pol\u00edticos","image":{"@type":"ImageObject","inLanguage":"es","@id":"https:\/\/secure.gravatar.com\/avatar\/3a8de04a2656d44082be478bd6c086daa447c4651605818287b9532d3d0bd435?s=96&d=mm&r=g","url":"https:\/\/secure.gravatar.com\/avatar\/3a8de04a2656d44082be478bd6c086daa447c4651605818287b9532d3d0bd435?s=96&d=mm&r=g","contentUrl":"https:\/\/secure.gravatar.com\/avatar\/3a8de04a2656d44082be478bd6c086daa447c4651605818287b9532d3d0bd435?s=96&d=mm&r=g","caption":"Lo viste en Los Pol\u00edticos"},"url":"https:\/\/lospoliticosveracruz.com\/?author=2"}]}},"_links":{"self":[{"href":"https:\/\/lospoliticosveracruz.com\/index.php?rest_route=\/wp\/v2\/posts\/58596","targetHints":{"allow":["GET"]}}],"collection":[{"href":"https:\/\/lospoliticosveracruz.com\/index.php?rest_route=\/wp\/v2\/posts"}],"about":[{"href":"https:\/\/lospoliticosveracruz.com\/index.php?rest_route=\/wp\/v2\/types\/post"}],"author":[{"embeddable":true,"href":"https:\/\/lospoliticosveracruz.com\/index.php?rest_route=\/wp\/v2\/users\/2"}],"replies":[{"embeddable":true,"href":"https:\/\/lospoliticosveracruz.com\/index.php?rest_route=%2Fwp%2Fv2%2Fcomments&post=58596"}],"version-history":[{"count":3,"href":"https:\/\/lospoliticosveracruz.com\/index.php?rest_route=\/wp\/v2\/posts\/58596\/revisions"}],"predecessor-version":[{"id":58606,"href":"https:\/\/lospoliticosveracruz.com\/index.php?rest_route=\/wp\/v2\/posts\/58596\/revisions\/58606"}],"wp:attachment":[{"href":"https:\/\/lospoliticosveracruz.com\/index.php?rest_route=%2Fwp%2Fv2%2Fmedia&parent=58596"}],"wp:term":[{"taxonomy":"category","embeddable":true,"href":"https:\/\/lospoliticosveracruz.com\/index.php?rest_route=%2Fwp%2Fv2%2Fcategories&post=58596"},{"taxonomy":"post_tag","embeddable":true,"href":"https:\/\/lospoliticosveracruz.com\/index.php?rest_route=%2Fwp%2Fv2%2Ftags&post=58596"}],"curies":[{"name":"wp","href":"https:\/\/api.w.org\/{rel}","templated":true}]}}