{"id":58646,"date":"2020-08-11T08:56:20","date_gmt":"2020-08-11T13:56:20","guid":{"rendered":"http:\/\/www.lospoliticosveracruz.com.mx\/?p=58646"},"modified":"2020-08-11T08:56:20","modified_gmt":"2020-08-11T13:56:20","slug":"el-dedo-moreno","status":"publish","type":"post","link":"https:\/\/lospoliticosveracruz.com\/?p=58646","title":{"rendered":"El \u00abdedo\u00bb moreno"},"content":{"rendered":"<p>&nbsp;<\/p>\n<p><strong>Ricardo Chua<\/strong><\/p>\n<p><em>Sale y vale<\/em><\/p>\n<p>TARZAN BOY, \u00abEL ENFERMITO\u00bb&#8230; Nadie en MORENA y los personajes m\u00e1s importantes de su partido en Veracruz&#8230; Le hace caso al Presidente, Andr\u00e9s Manuel L\u00f3ipez Obrador, cuando afirma: \u00abEstar bien con nuestra conciencia, no mentir, no robar, no traicionar, ayuda mucho para que no d\u00e9 COVID\u00bb&#8230;\u00a0 Pareciera, entonces, que el secretario de Educaci\u00f3n del Estado, Zenyazen Escobar, pues, tom\u00f3 el \u00abrumbo incorrecto\u00bb, ya que anunci\u00f3 que enferm\u00f3 de Coronavirus&#8230; En qu\u00e9 fall\u00f3, s\u00f3lo \u00e9l lo sabe,-<\/p>\n<p>Qu\u00e9 hizo el titular de la SEV para \u00abmerecer\u00bb \u00abta-mal\u00f3n\u00bb de COVID&#8230; Qui\u00e9n sabe, su conciencia&#8230; Ya que si seguimos los preceptos de L\u00f3pez Obrador, tal como lo menciona, Zenyazen debe tener la \u00abconciencia oscura\u00bb porque se enferm\u00f3&#8230; Ya que dif\u00edcilmente alguien podr\u00eda \u00abacusarlo\u00bb de robar, traicionar o mentir&#8230; A pesar que tener denuncias en contra de las dependencias que administra su \u00e1rea como: Espacios Educativos&#8230; Y que est\u00e9n a cargo de personas de su confianza&#8230; ZUCUTUM&#8230;<\/p>\n<p>Ojal\u00e1 toda esa \u00abjaur\u00eda\u00bb de \u00abmal pensados\u00bb y \u00abenvidiosos\u00bb&#8230; Ya le paren sus \u00abchismes\u00bb en se\u00f1alar que el popular \u00abTarz\u00e1n Boy\u00bb cordob\u00e9s&#8230; Ocup\u00f3 la t\u00e1ctica. \u00abZoe Robledo\u00bb de \u00abenfermarse\u00bb y asilarse\u00bb cuando tiene conflictos&#8230; Ya que pr\u00f3ximos a empezar el ciclo escolar de manera virtual, con los problemas que eso conlleva, para un Estado tan poblado como Veracruz&#8230; Lo mejor es ponerse en \u00abcuarentena\u00bb porque tiene fiebre y tos&#8230; Irse de vacaciones \u00abvirtuales\u00bb y olvidarse de todo por 15 d\u00edas&#8230; Despu\u00e9s veremos&#8230; Ya que enfermo no vale&#8230; TAN&#8230; TAN&#8230;<\/p>\n<p>EL \u00abDEDO\u00bb MORENO&#8230; Para nadie es un secreto que a unos meses de iniciar el proceso electoral local en Veracruz&#8230; Los \u00fanicos aspirantes por MORENA que tienen posibilidades de obtener la candidatura a la alcald\u00eda de Veracruz, son dos: Ricardo Exsome, actual diputado federal y Rosa Mar\u00eda Hern\u00e1ndez Espejo, ex subdelegada del gobierno federal en Veracruz y catedr\u00e1tica de la UV&#8230; Los otros, no tienen capital pol\u00edtico suficiente para aspirar&#8230; Pero como MORENA, no es partido pol\u00edtico sino un movimiento, pues, los tienen que incluir&#8230;<\/p>\n<p>Vamos ni siquiera el diputado federal plurinominal, Julio Carranza, que entr\u00f3 por el sorteo de \u00abt\u00f3mbola\u00bb para ser legislador federal&#8230; Tiene posibilidad de aspirar a la candidatura&#8230; Con qu\u00e9\u00a0 estructura pol\u00edtica, si ni tiene&#8230; Ese voto ciudadano que le dio el triunfo a Exsome y L\u00f3pez Obrador en Veracruz puerto&#8230; Dif\u00edcilmente el propio legislador federal, lo puede mantener&#8230; Ya el 2018 pas\u00f3 y como MORENA no logr\u00f3 conformarse como partido con estructura, no podr\u00e1 competir de manera real en la contienda local&#8230;<\/p>\n<p>Sus aspirantes siguen apostando al \u00abefecto\u00bb L\u00f3pez Obrador y no se acuerdan que en el puerto de Veracruz, la 4T no lo tiene como su mejor aliado&#8230; Ni siquiera, ya en Xalapa o Coatzacoalcos tiene esos altos \u00edndices de aprobaci\u00f3n que contaban en 2018&#8230; As\u00ed que un personaje como Carranza, sin estructura, sin grupo pol\u00edtico fuerte en ese municipio, es s\u00f3lo es una falacia su participaci\u00f3n&#8230; Si \u00e9l fue diputado es por \u00abt\u00f3mbola\u00bb, no por un proceso de selecci\u00f3n con un m\u00e9todo de elecci\u00f3n interna dentro de ese organismo&#8230; No lo hay&#8230;<\/p>\n<p>Exsome puede decir, que trae, dos campa\u00f1as, la alcald\u00eda en 2017 que perdi\u00f3 y la diputaci\u00f3n en 2018 que gan\u00f3 (Pero con el Efecto AMLO, eso no lo puede olvidar y ese \u00abtsunami\u00bb ahora s\u00f3lo es una \u00abpeque\u00f1a\u00bb ola en Playa Mart\u00ed)&#8230; Rosa Mar\u00eda ha caminado y tambi\u00e9n trae una campa\u00f1a pol\u00edtica en 2018&#8230; Despu\u00e9s al integrarse con Manuel Huerta, era una de las encargadas de los Programas Sociales&#8230; Pero finalmente, ahora no cuentan con el respaldo de un partido fuerte y vigoroso&#8230; No tienen, ni dirigencia estatal conformada&#8230;<\/p>\n<p>As\u00ed que para resumir el tema&#8230; \u00bfC\u00f3mo MORENA y sus candidatos (cualquiera que sean) piensan enfrentar al PAN?&#8230; Que pese al posible \u00abquiebre\u00bb con Joaqu\u00edn Guzm\u00e1n y la dirigencia estatal panista&#8230; Los Yunes Azules junto con los \u00abJulens\u00bb tienen controlado el municipio&#8230; Y como est\u00e1n las cosas, por el tema de la crisis econ\u00f3mica y la contingencia sanitaria&#8230;Ahora no habr\u00e1 un \u00abefecto\u00bb AMLO como en 2018 o como sucedi\u00f3 en 1997, que gan\u00f3 la finada, Socorro Aubry, por el PRD&#8230; Veracruz puerto poco vota por la izquierda&#8230;A diferencia de Xalapa&#8230;<\/p>\n<p>Rosa Mar\u00eda Hern\u00e1ndez como periodista sabe muy bien esos datos&#8230; Ella fue parte hist\u00f3rica del movimiento en 1997 del PRD&#8230; Y fue lo que le permiti\u00f3 ser regidora por ese partido en el trienio de Francisco \u00c1vila Camberos&#8230; Y fue observadora como el puerto tuvo una tendencia a la \u00abderecha\u00bb hasta el 2008, que el PRI recuper\u00f3 la alcald\u00eda y la mantuvo hasta el 2017, cuando el PAN regres\u00f3 al poder&#8230; El puerto ya no vota por pol\u00edticos, lo hace por gente relacionada con la IP&#8230; Salvo Carolina Gudi\u00f1o, pero ah\u00ed fue Fidel Herrera, el gran elector&#8230;<\/p>\n<p>Ricardo Exsome tambi\u00e9n vivi\u00f3 en \u00abcarne propia\u00bb esa situaci\u00f3n, cuando en 2017 alcanz\u00f3 40 mil votos en la elecci\u00f3n municipal por Veracruz&#8230; Donde Fidel Kuri, con PRI-PVEM obtuvo 32 mil votos y el PAN, con Fernando Yunes alcanz\u00f3 casi los 100 mil votos&#8230; En 2018, la situaci\u00f3n fue diferente por el \u00abEfecto\u00bb L\u00f3pez Obrador, Exsome con 80 mil votos gan\u00f3&#8230; Pero \u00e9l m\u00e1s que nadie sabe, que en ese momento, los Yunes Azules estaban concentrados en Miguel Angel Yunes junior y la gubernatura&#8230;<\/p>\n<p>Ahora en 2021, la situaci\u00f3n es distinta&#8230;Ah\u00ed Exsome puede sellar su futuro en el puerto junto con MORENA&#8230; Tanto que la \u00abventaneada\u00bb del domingo en el Caf\u00e9 del Primo Marce&#8230; Fue criticado porque no present\u00f3 la prueba COVID que patentaba que no estaba contagiado, despu\u00e9s que la secretar\u00eda de Energ\u00eda, Rocio Nahle, se confin\u00f3 la semana pasada por estar cerca de un familiar enfermo de Coronavirus&#8230; Y el diputado desayun\u00f3 con ella dos d\u00edas antes&#8230; Que tal, si es asintom\u00e1tico y contagi\u00f3 a Rosa Mar\u00eda y Carranza&#8230; En tiempos de pandemia, esas cosas hay que cuidarlas&#8230; No sea que deje un MORENA porte\u00f1o \u00abenfermo\u00bb de COVID&#8230; QUE DIOS LOS BENDIGA&#8230;<\/p>\n<p>PD&#8230; Ayer estuvieron movidos los comentarios en redes sociales de posibles cambios en el \u00e1rea de Comunicaci\u00f3n Social del gobierno del Estado&#8230; De que si se iba Iv\u00e1n Luna, que si lo mandaban de diputado local \u00abpluri\u00bb.. Que si MORENA lo postular\u00eda, que si hac\u00eda \u00abmaletas\u00bb&#8230; Que si lo sustitu\u00edan con comunicadores locales o defe\u00f1os&#8230; Al final, no paso nada y todo qued\u00f3 igual&#8230; Lo \u00fanico que deja claro, es que este personaje, s\u00f3lo se mover\u00e1 cuando diga Cuitl\u00e1huac Garc\u00eda&#8230; Antes no&#8230; Esto siempre ha sido as\u00ed&#8230; As\u00ed son los de confianza&#8230; AMEN&#8230;<\/p>\n","protected":false},"excerpt":{"rendered":"<p>&nbsp; Ricardo Chua Sale y vale TARZAN BOY, \u00abEL ENFERMITO\u00bb&#8230; Nadie en MORENA y los personajes m\u00e1s importantes de su partido en Veracruz&#8230; Le hace caso al Presidente, Andr\u00e9s Manuel L\u00f3ipez Obrador, cuando afirma: \u00abEstar bien con nuestra conciencia, no mentir, no robar, no traicionar, ayuda mucho para que no d\u00e9 COVID\u00bb&#8230;\u00a0 Pareciera, entonces, que [&hellip;]<\/p>\n","protected":false},"author":2,"featured_media":0,"comment_status":"open","ping_status":"open","sticky":false,"template":"","format":"standard","meta":{"tdm_status":"","tdm_grid_status":"","footnotes":""},"categories":[70],"tags":[17426,17829,3072,19824,1026,14636,107,13604,14721,11900],"class_list":{"0":"post-58646","1":"post","2":"type-post","3":"status-publish","4":"format-standard","6":"category-de-opinion","7":"tag-4t","8":"tag-covid","9":"tag-joaquin-guzman","10":"tag-julio-carranza","11":"tag-morena","12":"tag-opinion","13":"tag-prd","14":"tag-ricardo-chua","15":"tag-ricardo-exsome","16":"tag-rosa-maria-hernandez-espejo"},"yoast_head":"<!-- This site is optimized with the Yoast SEO plugin v27.4 - https:\/\/yoast.com\/product\/yoast-seo-wordpress\/ -->\n<title>El &quot;dedo&quot; moreno - Los pol\u00edticos Veracruz<\/title>\n<meta name=\"robots\" content=\"index, follow, max-snippet:-1, max-image-preview:large, max-video-preview:-1\" \/>\n<link rel=\"canonical\" href=\"https:\/\/lospoliticosveracruz.com\/?p=58646\" \/>\n<meta property=\"og:locale\" content=\"es_ES\" \/>\n<meta property=\"og:type\" content=\"article\" \/>\n<meta property=\"og:title\" content=\"El &quot;dedo&quot; moreno - Los pol\u00edticos Veracruz\" \/>\n<meta property=\"og:description\" content=\"&nbsp; Ricardo Chua Sale y vale TARZAN BOY, \u00abEL ENFERMITO\u00bb&#8230; Nadie en MORENA y los personajes m\u00e1s importantes de su partido en Veracruz&#8230; Le hace caso al Presidente, Andr\u00e9s Manuel L\u00f3ipez Obrador, cuando afirma: \u00abEstar bien con nuestra conciencia, no mentir, no robar, no traicionar, ayuda mucho para que no d\u00e9 COVID\u00bb&#8230;\u00a0 Pareciera, entonces, que [&hellip;]\" \/>\n<meta property=\"og:url\" content=\"https:\/\/lospoliticosveracruz.com\/?p=58646\" \/>\n<meta property=\"og:site_name\" content=\"Los pol\u00edticos Veracruz\" \/>\n<meta property=\"article:publisher\" content=\"https:\/\/www.facebook.com\/people\/Notimemes-de-los-Polticos\/61565672886568\/\" \/>\n<meta property=\"article:published_time\" content=\"2020-08-11T13:56:20+00:00\" \/>\n<meta property=\"og:image\" content=\"https:\/\/lospoliticosveracruz.com\/wp-content\/uploads\/2016\/07\/Logo-Dor.jpg\" \/>\n\t<meta property=\"og:image:width\" content=\"200\" \/>\n\t<meta property=\"og:image:height\" content=\"200\" \/>\n\t<meta property=\"og:image:type\" content=\"image\/jpeg\" \/>\n<meta name=\"author\" content=\"Lo viste en Los Pol\u00edticos\" \/>\n<meta name=\"twitter:card\" content=\"summary_large_image\" \/>\n<meta name=\"twitter:creator\" content=\"@LosPoliticosVer\" \/>\n<meta name=\"twitter:site\" content=\"@LosPoliticosVer\" \/>\n<meta name=\"twitter:label1\" content=\"Escrito por\" \/>\n\t<meta name=\"twitter:data1\" content=\"Lo viste en Los Pol\u00edticos\" \/>\n\t<meta name=\"twitter:label2\" content=\"Tiempo de lectura\" \/>\n\t<meta name=\"twitter:data2\" content=\"6 minutos\" \/>\n<script type=\"application\/ld+json\" class=\"yoast-schema-graph\">{\"@context\":\"https:\\\/\\\/schema.org\",\"@graph\":[{\"@type\":\"Article\",\"@id\":\"https:\\\/\\\/lospoliticosveracruz.com\\\/?p=58646#article\",\"isPartOf\":{\"@id\":\"https:\\\/\\\/lospoliticosveracruz.com\\\/?p=58646\"},\"author\":{\"name\":\"Lo viste en Los Pol\u00edticos\",\"@id\":\"https:\\\/\\\/lospoliticosveracruz.com\\\/#\\\/schema\\\/person\\\/b8702bb0e538456e6efd07080bf2a4a2\"},\"headline\":\"El \u00abdedo\u00bb moreno\",\"datePublished\":\"2020-08-11T13:56:20+00:00\",\"mainEntityOfPage\":{\"@id\":\"https:\\\/\\\/lospoliticosveracruz.com\\\/?p=58646\"},\"wordCount\":1140,\"commentCount\":0,\"publisher\":{\"@id\":\"https:\\\/\\\/lospoliticosveracruz.com\\\/#organization\"},\"keywords\":[\"4T\",\"Covid\",\"Joaqu\u00edn Guzm\u00e1n\",\"Julio Carranza\",\"Morena\",\"Opini\u00f3n\",\"PRD\",\"Ricardo Ch\u00faa\",\"Ricardo Exsome\",\"Rosa Mar\u00eda Hern\u00e1ndez Espejo\"],\"articleSection\":[\"De Opini\u00f3n\"],\"inLanguage\":\"es\",\"potentialAction\":[{\"@type\":\"CommentAction\",\"name\":\"Comment\",\"target\":[\"https:\\\/\\\/lospoliticosveracruz.com\\\/?p=58646#respond\"]}]},{\"@type\":\"WebPage\",\"@id\":\"https:\\\/\\\/lospoliticosveracruz.com\\\/?p=58646\",\"url\":\"https:\\\/\\\/lospoliticosveracruz.com\\\/?p=58646\",\"name\":\"El \\\"dedo\\\" moreno - Los pol\u00edticos Veracruz\",\"isPartOf\":{\"@id\":\"https:\\\/\\\/lospoliticosveracruz.com\\\/#website\"},\"datePublished\":\"2020-08-11T13:56:20+00:00\",\"breadcrumb\":{\"@id\":\"https:\\\/\\\/lospoliticosveracruz.com\\\/?p=58646#breadcrumb\"},\"inLanguage\":\"es\",\"potentialAction\":[{\"@type\":\"ReadAction\",\"target\":[\"https:\\\/\\\/lospoliticosveracruz.com\\\/?p=58646\"]}]},{\"@type\":\"BreadcrumbList\",\"@id\":\"https:\\\/\\\/lospoliticosveracruz.com\\\/?p=58646#breadcrumb\",\"itemListElement\":[{\"@type\":\"ListItem\",\"position\":1,\"name\":\"Portada\",\"item\":\"https:\\\/\\\/lospoliticosveracruz.com\\\/\"},{\"@type\":\"ListItem\",\"position\":2,\"name\":\"El \u00abdedo\u00bb moreno\"}]},{\"@type\":\"WebSite\",\"@id\":\"https:\\\/\\\/lospoliticosveracruz.com\\\/#website\",\"url\":\"https:\\\/\\\/lospoliticosveracruz.com\\\/\",\"name\":\"Los pol\u00edticos Veracruz\",\"description\":\"\",\"publisher\":{\"@id\":\"https:\\\/\\\/lospoliticosveracruz.com\\\/#organization\"},\"potentialAction\":[{\"@type\":\"SearchAction\",\"target\":{\"@type\":\"EntryPoint\",\"urlTemplate\":\"https:\\\/\\\/lospoliticosveracruz.com\\\/?s={search_term_string}\"},\"query-input\":{\"@type\":\"PropertyValueSpecification\",\"valueRequired\":true,\"valueName\":\"search_term_string\"}}],\"inLanguage\":\"es\"},{\"@type\":\"Organization\",\"@id\":\"https:\\\/\\\/lospoliticosveracruz.com\\\/#organization\",\"name\":\"Los pol\u00edticos Veracruz\",\"url\":\"https:\\\/\\\/lospoliticosveracruz.com\\\/\",\"logo\":{\"@type\":\"ImageObject\",\"inLanguage\":\"es\",\"@id\":\"https:\\\/\\\/lospoliticosveracruz.com\\\/#\\\/schema\\\/logo\\\/image\\\/\",\"url\":\"https:\\\/\\\/lospoliticosveracruz.com\\\/wp-content\\\/uploads\\\/2025\\\/12\\\/Logo-Nuevo-LOS-POLITICOS-1.jpg\",\"contentUrl\":\"https:\\\/\\\/lospoliticosveracruz.com\\\/wp-content\\\/uploads\\\/2025\\\/12\\\/Logo-Nuevo-LOS-POLITICOS-1.jpg\",\"width\":260,\"height\":70,\"caption\":\"Los pol\u00edticos Veracruz\"},\"image\":{\"@id\":\"https:\\\/\\\/lospoliticosveracruz.com\\\/#\\\/schema\\\/logo\\\/image\\\/\"},\"sameAs\":[\"https:\\\/\\\/www.facebook.com\\\/people\\\/Notimemes-de-los-Polticos\\\/61565672886568\\\/\",\"https:\\\/\\\/x.com\\\/LosPoliticosVer\"]},{\"@type\":\"Person\",\"@id\":\"https:\\\/\\\/lospoliticosveracruz.com\\\/#\\\/schema\\\/person\\\/b8702bb0e538456e6efd07080bf2a4a2\",\"name\":\"Lo viste en Los Pol\u00edticos\",\"image\":{\"@type\":\"ImageObject\",\"inLanguage\":\"es\",\"@id\":\"https:\\\/\\\/secure.gravatar.com\\\/avatar\\\/3a8de04a2656d44082be478bd6c086daa447c4651605818287b9532d3d0bd435?s=96&d=mm&r=g\",\"url\":\"https:\\\/\\\/secure.gravatar.com\\\/avatar\\\/3a8de04a2656d44082be478bd6c086daa447c4651605818287b9532d3d0bd435?s=96&d=mm&r=g\",\"contentUrl\":\"https:\\\/\\\/secure.gravatar.com\\\/avatar\\\/3a8de04a2656d44082be478bd6c086daa447c4651605818287b9532d3d0bd435?s=96&d=mm&r=g\",\"caption\":\"Lo viste en Los Pol\u00edticos\"},\"url\":\"https:\\\/\\\/lospoliticosveracruz.com\\\/?author=2\"}]}<\/script>\n<!-- \/ Yoast SEO plugin. -->","yoast_head_json":{"title":"El \"dedo\" moreno - Los pol\u00edticos Veracruz","robots":{"index":"index","follow":"follow","max-snippet":"max-snippet:-1","max-image-preview":"max-image-preview:large","max-video-preview":"max-video-preview:-1"},"canonical":"https:\/\/lospoliticosveracruz.com\/?p=58646","og_locale":"es_ES","og_type":"article","og_title":"El \"dedo\" moreno - Los pol\u00edticos Veracruz","og_description":"&nbsp; Ricardo Chua Sale y vale TARZAN BOY, \u00abEL ENFERMITO\u00bb&#8230; Nadie en MORENA y los personajes m\u00e1s importantes de su partido en Veracruz&#8230; Le hace caso al Presidente, Andr\u00e9s Manuel L\u00f3ipez Obrador, cuando afirma: \u00abEstar bien con nuestra conciencia, no mentir, no robar, no traicionar, ayuda mucho para que no d\u00e9 COVID\u00bb&#8230;\u00a0 Pareciera, entonces, que [&hellip;]","og_url":"https:\/\/lospoliticosveracruz.com\/?p=58646","og_site_name":"Los pol\u00edticos Veracruz","article_publisher":"https:\/\/www.facebook.com\/people\/Notimemes-de-los-Polticos\/61565672886568\/","article_published_time":"2020-08-11T13:56:20+00:00","og_image":[{"width":200,"height":200,"url":"https:\/\/lospoliticosveracruz.com\/wp-content\/uploads\/2016\/07\/Logo-Dor.jpg","type":"image\/jpeg"}],"author":"Lo viste en Los Pol\u00edticos","twitter_card":"summary_large_image","twitter_creator":"@LosPoliticosVer","twitter_site":"@LosPoliticosVer","twitter_misc":{"Escrito por":"Lo viste en Los Pol\u00edticos","Tiempo de lectura":"6 minutos"},"schema":{"@context":"https:\/\/schema.org","@graph":[{"@type":"Article","@id":"https:\/\/lospoliticosveracruz.com\/?p=58646#article","isPartOf":{"@id":"https:\/\/lospoliticosveracruz.com\/?p=58646"},"author":{"name":"Lo viste en Los Pol\u00edticos","@id":"https:\/\/lospoliticosveracruz.com\/#\/schema\/person\/b8702bb0e538456e6efd07080bf2a4a2"},"headline":"El \u00abdedo\u00bb moreno","datePublished":"2020-08-11T13:56:20+00:00","mainEntityOfPage":{"@id":"https:\/\/lospoliticosveracruz.com\/?p=58646"},"wordCount":1140,"commentCount":0,"publisher":{"@id":"https:\/\/lospoliticosveracruz.com\/#organization"},"keywords":["4T","Covid","Joaqu\u00edn Guzm\u00e1n","Julio Carranza","Morena","Opini\u00f3n","PRD","Ricardo Ch\u00faa","Ricardo Exsome","Rosa Mar\u00eda Hern\u00e1ndez Espejo"],"articleSection":["De Opini\u00f3n"],"inLanguage":"es","potentialAction":[{"@type":"CommentAction","name":"Comment","target":["https:\/\/lospoliticosveracruz.com\/?p=58646#respond"]}]},{"@type":"WebPage","@id":"https:\/\/lospoliticosveracruz.com\/?p=58646","url":"https:\/\/lospoliticosveracruz.com\/?p=58646","name":"El \"dedo\" moreno - Los pol\u00edticos Veracruz","isPartOf":{"@id":"https:\/\/lospoliticosveracruz.com\/#website"},"datePublished":"2020-08-11T13:56:20+00:00","breadcrumb":{"@id":"https:\/\/lospoliticosveracruz.com\/?p=58646#breadcrumb"},"inLanguage":"es","potentialAction":[{"@type":"ReadAction","target":["https:\/\/lospoliticosveracruz.com\/?p=58646"]}]},{"@type":"BreadcrumbList","@id":"https:\/\/lospoliticosveracruz.com\/?p=58646#breadcrumb","itemListElement":[{"@type":"ListItem","position":1,"name":"Portada","item":"https:\/\/lospoliticosveracruz.com\/"},{"@type":"ListItem","position":2,"name":"El \u00abdedo\u00bb moreno"}]},{"@type":"WebSite","@id":"https:\/\/lospoliticosveracruz.com\/#website","url":"https:\/\/lospoliticosveracruz.com\/","name":"Los pol\u00edticos Veracruz","description":"","publisher":{"@id":"https:\/\/lospoliticosveracruz.com\/#organization"},"potentialAction":[{"@type":"SearchAction","target":{"@type":"EntryPoint","urlTemplate":"https:\/\/lospoliticosveracruz.com\/?s={search_term_string}"},"query-input":{"@type":"PropertyValueSpecification","valueRequired":true,"valueName":"search_term_string"}}],"inLanguage":"es"},{"@type":"Organization","@id":"https:\/\/lospoliticosveracruz.com\/#organization","name":"Los pol\u00edticos Veracruz","url":"https:\/\/lospoliticosveracruz.com\/","logo":{"@type":"ImageObject","inLanguage":"es","@id":"https:\/\/lospoliticosveracruz.com\/#\/schema\/logo\/image\/","url":"https:\/\/lospoliticosveracruz.com\/wp-content\/uploads\/2025\/12\/Logo-Nuevo-LOS-POLITICOS-1.jpg","contentUrl":"https:\/\/lospoliticosveracruz.com\/wp-content\/uploads\/2025\/12\/Logo-Nuevo-LOS-POLITICOS-1.jpg","width":260,"height":70,"caption":"Los pol\u00edticos Veracruz"},"image":{"@id":"https:\/\/lospoliticosveracruz.com\/#\/schema\/logo\/image\/"},"sameAs":["https:\/\/www.facebook.com\/people\/Notimemes-de-los-Polticos\/61565672886568\/","https:\/\/x.com\/LosPoliticosVer"]},{"@type":"Person","@id":"https:\/\/lospoliticosveracruz.com\/#\/schema\/person\/b8702bb0e538456e6efd07080bf2a4a2","name":"Lo viste en Los Pol\u00edticos","image":{"@type":"ImageObject","inLanguage":"es","@id":"https:\/\/secure.gravatar.com\/avatar\/3a8de04a2656d44082be478bd6c086daa447c4651605818287b9532d3d0bd435?s=96&d=mm&r=g","url":"https:\/\/secure.gravatar.com\/avatar\/3a8de04a2656d44082be478bd6c086daa447c4651605818287b9532d3d0bd435?s=96&d=mm&r=g","contentUrl":"https:\/\/secure.gravatar.com\/avatar\/3a8de04a2656d44082be478bd6c086daa447c4651605818287b9532d3d0bd435?s=96&d=mm&r=g","caption":"Lo viste en Los Pol\u00edticos"},"url":"https:\/\/lospoliticosveracruz.com\/?author=2"}]}},"_links":{"self":[{"href":"https:\/\/lospoliticosveracruz.com\/index.php?rest_route=\/wp\/v2\/posts\/58646","targetHints":{"allow":["GET"]}}],"collection":[{"href":"https:\/\/lospoliticosveracruz.com\/index.php?rest_route=\/wp\/v2\/posts"}],"about":[{"href":"https:\/\/lospoliticosveracruz.com\/index.php?rest_route=\/wp\/v2\/types\/post"}],"author":[{"embeddable":true,"href":"https:\/\/lospoliticosveracruz.com\/index.php?rest_route=\/wp\/v2\/users\/2"}],"replies":[{"embeddable":true,"href":"https:\/\/lospoliticosveracruz.com\/index.php?rest_route=%2Fwp%2Fv2%2Fcomments&post=58646"}],"version-history":[{"count":1,"href":"https:\/\/lospoliticosveracruz.com\/index.php?rest_route=\/wp\/v2\/posts\/58646\/revisions"}],"predecessor-version":[{"id":58650,"href":"https:\/\/lospoliticosveracruz.com\/index.php?rest_route=\/wp\/v2\/posts\/58646\/revisions\/58650"}],"wp:attachment":[{"href":"https:\/\/lospoliticosveracruz.com\/index.php?rest_route=%2Fwp%2Fv2%2Fmedia&parent=58646"}],"wp:term":[{"taxonomy":"category","embeddable":true,"href":"https:\/\/lospoliticosveracruz.com\/index.php?rest_route=%2Fwp%2Fv2%2Fcategories&post=58646"},{"taxonomy":"post_tag","embeddable":true,"href":"https:\/\/lospoliticosveracruz.com\/index.php?rest_route=%2Fwp%2Fv2%2Ftags&post=58646"}],"curies":[{"name":"wp","href":"https:\/\/api.w.org\/{rel}","templated":true}]}}