{"id":58684,"date":"2020-08-11T17:06:03","date_gmt":"2020-08-11T22:06:03","guid":{"rendered":"http:\/\/www.lospoliticosveracruz.com.mx\/?p=58684"},"modified":"2020-08-11T17:06:03","modified_gmt":"2020-08-11T22:06:03","slug":"aspirantes-suspirantes-y-supuestos","status":"publish","type":"post","link":"https:\/\/lospoliticosveracruz.com\/?p=58684","title":{"rendered":"Aspirantes, suspirantes y supuestos"},"content":{"rendered":"<p>&nbsp;<\/p>\n<p><strong>Oscar Coria Reyes<\/strong><\/p>\n<p><em>En contraste<\/em><\/p>\n<p>&nbsp;<\/p>\n<p>Este 2021 en la entidad veracruzana se elegir\u00e1n diputados federales y locales, de igual forma se renovar\u00e1n los 212 ayuntamientos, por lo cual las especulaciones sobre quienes quieren puede ser los candidatos ya est\u00e1n a la orden del d\u00eda, se habla de alcaldes que buscar\u00edan un esca\u00f1o en las legislaturas o legisladores que podr\u00edan buscar una alcald\u00eda.<\/p>\n<p>De igual forma se pueden ya observar en movimiento a los \u201coperadores pol\u00edticos\u201d quienes buscan posicionar a uno u otro aspirante para que sea tomado en cuenta por cada uno de sus partidos y competir, ya sea promocionando la imagen de alg\u00fan pol\u00edtico o en algunos casos de ellos mismos, aspirantes a los que le han vendido \u201cespejitos\u201d para obtener un beneficio econ\u00f3mico o pol\u00edtico a cambio de la anhelada promesa de llevarlos a la candidatura.<\/p>\n<p>En el caso de la zona centro del Estado, en espec\u00edfico el\u00a0 municipio de C\u00f3rdoba, los rumores, suposiciones y \u201csupuestos\u201d no se dejan esperar, ya que para el caso de la alcald\u00eda ya se barajan diversos nombres, por Morena se menciona de manera recurrente al diputado local y presidente del Congreso, Rub\u00e9n R\u00edos Uribe, y, al Secretario de Educaci\u00f3n, Zenyazen Escobar Garc\u00eda, quienes aprovechando los reflectores que les da su cargo y el presupuesto que manejan, no han dejado de promocionar su imagen, sabi\u00e9ndose\u00a0 que est\u00e1n conformando grupos pol\u00edticos en esa ciudad para poder competir por la alcald\u00eda dejando de lado al anterior candidato y actual diputado federal, Juan Mart\u00ednez Flores, que ha sido relegado por su falta de capacidad pol\u00edtica, seg\u00fan manifiestan las diversas corrientes de Morena consultadas, quienes se\u00f1alan que en esas reuniones \u201cultra secretas\u201d que tienen, no es convocado.<\/p>\n<p>Sin embargo, lo que los Morenos no han tomado en cuenta, es que en caso de darse una alianza entre Morena y el Partido Verde, podr\u00eda surgir un nuevo nombre, como el de Tomas L\u00f3pez Landeros, el empresario chatarrero que podr\u00eda llevar mano, en caso de manejar como moneda de cambio entre las dirigencias, la cesi\u00f3n de la candidatura a este partido en este municipio, como ya ocurri\u00f3 en la elecci\u00f3n pasada, donde el PT designo algunas candidaturas, dejando de lado a los candidatos de Morena, y, los rumores se refuerzan tomando en cuenta las apariciones peri\u00f3dicas que ha realizado Tomas L\u00f3pez, como la de este lunes, donde se reuni\u00f3 con medios de la zona centro en c\u00e9ntrico caf\u00e9.<\/p>\n<p>Por el Partido Acci\u00f3n Nacional se mencionan nombres como el del actual Presidente del DIF, Isaac Luz L\u00f3pez, aunque algunas voces lo ubican como el virtual candidato a la Diputaci\u00f3n Local, otro que en las \u00faltimas semanas resurgi\u00f3 como un posible aspirante a la alcald\u00eda por este partido, es V\u00edctor Serralde Mart\u00ednez, a quien se le ha visto muy cercano a gente de la actual alcalde y a qui\u00e9n \u201chabr\u00edan\u201d ingresado a la n\u00f3mina municipal para convertirlo en el vocero del Ayuntamiento y con eso darle los reflectores que hasta el momento no tiene por su nula relaci\u00f3n con medios de comunicaci\u00f3n y por su confrontaci\u00f3n con ciertos grupos de panistas al interior, mismo personaje que se ha mencionado como el promotor de Juan Bueno Torio, para ir como candidato a la Diputaci\u00f3n Federal, esto si se concretan las alianzas con otro u otros partidos. Mientras que de la corriente pol\u00edtica de los ex alcaldes Tomas R\u00edos y Hugo Fern\u00e1ndez, a\u00fan se desconoce si buscar\u00edan posicionar a alguien de su grupo para intentar competir por alguna de las candidaturas.<\/p>\n<p>En tanto dentro del Partido Revolucionario Institucional, se habla de un solo aspirante a la alcald\u00eda, el empresario Guillermo Rivas, de qui\u00e9n se dice ya habr\u00eda negociado esta posici\u00f3n a trav\u00e9s del empresario orizabe\u00f1o y ex alcalde, Juan Manuel Diez, con el presidente de este instituto en el Estado, Marlon Ram\u00edrez Mar\u00edn, por lo cual habr\u00edan impuesto una dirigencia local para allanarle el camino, desconociendo al momento, si las aspiraciones del ex diputado federal, Marco Antonio Aguilar Yunes, siguen en pie para buscar ser alcalde de C\u00f3rdoba.<\/p>\n<p>En tanto para las diputaciones se menciona por Morena a los regidores \u00c1ngel Ethiem Jim\u00e9nez Casta\u00f1eda para la federal y a Gustavo Guzm\u00e1n Milian para la Local, por el PAN a Isaac Luz a la local, y, en caso de darse las negociaciones, de Juan Bueno para la federal, por el PRI no ha habido nadie que levante la mano, aunque algunos mencionan al tambi\u00e9n regidor Alfredo River\u00f3n Mora como una opci\u00f3n para competir por este partido.<\/p>\n<p>En tanto las candidaturas independientes, no hay a\u00fan \u201cciudadanos\u201d visibles que pudieran siquiera competir, a menos, que solo busquen colocar regidores en la pr\u00f3xima administraci\u00f3n.<\/p>\n<p>&nbsp;<\/p>\n<p>Comentarios, cr\u00edticas y\/o sugerencias: oscar_coria4@hotmail.com<\/p>\n<p>&nbsp;<\/p>\n<p>S\u00edguenos en Redes Sociales:<\/p>\n<p>Facebook: oscar.coriareyes<\/p>\n<p>Twitter: oscar_coria<\/p>\n","protected":false},"excerpt":{"rendered":"<p>&nbsp; Oscar Coria Reyes En contraste &nbsp; Este 2021 en la entidad veracruzana se elegir\u00e1n diputados federales y locales, de igual forma se renovar\u00e1n los 212 ayuntamientos, por lo cual las especulaciones sobre quienes quieren puede ser los candidatos ya est\u00e1n a la orden del d\u00eda, se habla de alcaldes que buscar\u00edan un esca\u00f1o en [&hellip;]<\/p>\n","protected":false},"author":2,"featured_media":0,"comment_status":"open","ping_status":"open","sticky":false,"template":"","format":"standard","meta":{"tdm_status":"","tdm_grid_status":"","footnotes":""},"categories":[70],"tags":[751,19834,19335,19836,19170,19835,1026,14636,15883,266,965,2289,13125,15207,2204,12372],"class_list":{"0":"post-58684","1":"post","2":"type-post","3":"status-publish","4":"format-standard","6":"category-de-opinion","7":"tag-cordoba","8":"tag-diputados-federales-y-locales","9":"tag-elecciones-2021","10":"tag-hugo-fernande","11":"tag-isaac-luz-lopez","12":"tag-juan-martinez-flores","13":"tag-morena","14":"tag-opinion","15":"tag-oscar-coria-reyes","16":"tag-pan","17":"tag-partido-verde","18":"tag-pt","19":"tag-ruben-rios-uribe","20":"tag-tomas-lopez-landeros","21":"tag-tomas-rios","22":"tag-zenyazen-escobar-garcia"},"yoast_head":"<!-- This site is optimized with the Yoast SEO plugin v27.4 - https:\/\/yoast.com\/product\/yoast-seo-wordpress\/ -->\n<title>Aspirantes, suspirantes y supuestos - Los pol\u00edticos Veracruz<\/title>\n<meta name=\"robots\" content=\"index, follow, max-snippet:-1, max-image-preview:large, max-video-preview:-1\" \/>\n<link rel=\"canonical\" href=\"https:\/\/lospoliticosveracruz.com\/?p=58684\" \/>\n<meta property=\"og:locale\" content=\"es_ES\" \/>\n<meta property=\"og:type\" content=\"article\" \/>\n<meta property=\"og:title\" content=\"Aspirantes, suspirantes y supuestos - Los pol\u00edticos Veracruz\" \/>\n<meta property=\"og:description\" content=\"&nbsp; Oscar Coria Reyes En contraste &nbsp; Este 2021 en la entidad veracruzana se elegir\u00e1n diputados federales y locales, de igual forma se renovar\u00e1n los 212 ayuntamientos, por lo cual las especulaciones sobre quienes quieren puede ser los candidatos ya est\u00e1n a la orden del d\u00eda, se habla de alcaldes que buscar\u00edan un esca\u00f1o en [&hellip;]\" \/>\n<meta property=\"og:url\" content=\"https:\/\/lospoliticosveracruz.com\/?p=58684\" \/>\n<meta property=\"og:site_name\" content=\"Los pol\u00edticos Veracruz\" \/>\n<meta property=\"article:publisher\" content=\"https:\/\/www.facebook.com\/people\/Notimemes-de-los-Polticos\/61565672886568\/\" \/>\n<meta property=\"article:published_time\" content=\"2020-08-11T22:06:03+00:00\" \/>\n<meta property=\"og:image\" content=\"https:\/\/lospoliticosveracruz.com\/wp-content\/uploads\/2016\/07\/Logo-Dor.jpg\" \/>\n\t<meta property=\"og:image:width\" content=\"200\" \/>\n\t<meta property=\"og:image:height\" content=\"200\" \/>\n\t<meta property=\"og:image:type\" content=\"image\/jpeg\" \/>\n<meta name=\"author\" content=\"Lo viste en Los Pol\u00edticos\" \/>\n<meta name=\"twitter:card\" content=\"summary_large_image\" \/>\n<meta name=\"twitter:creator\" content=\"@LosPoliticosVer\" \/>\n<meta name=\"twitter:site\" content=\"@LosPoliticosVer\" \/>\n<meta name=\"twitter:label1\" content=\"Escrito por\" \/>\n\t<meta name=\"twitter:data1\" content=\"Lo viste en Los Pol\u00edticos\" \/>\n\t<meta name=\"twitter:label2\" content=\"Tiempo de lectura\" \/>\n\t<meta name=\"twitter:data2\" content=\"4 minutos\" \/>\n<script type=\"application\/ld+json\" class=\"yoast-schema-graph\">{\"@context\":\"https:\\\/\\\/schema.org\",\"@graph\":[{\"@type\":\"Article\",\"@id\":\"https:\\\/\\\/lospoliticosveracruz.com\\\/?p=58684#article\",\"isPartOf\":{\"@id\":\"https:\\\/\\\/lospoliticosveracruz.com\\\/?p=58684\"},\"author\":{\"name\":\"Lo viste en Los Pol\u00edticos\",\"@id\":\"https:\\\/\\\/lospoliticosveracruz.com\\\/#\\\/schema\\\/person\\\/b8702bb0e538456e6efd07080bf2a4a2\"},\"headline\":\"Aspirantes, suspirantes y supuestos\",\"datePublished\":\"2020-08-11T22:06:03+00:00\",\"mainEntityOfPage\":{\"@id\":\"https:\\\/\\\/lospoliticosveracruz.com\\\/?p=58684\"},\"wordCount\":867,\"commentCount\":0,\"publisher\":{\"@id\":\"https:\\\/\\\/lospoliticosveracruz.com\\\/#organization\"},\"keywords\":[\"C\u00f3rdoba\",\"Diputados federales y locales\",\"Elecciones 2021\",\"Hugo Fern\u00e1nde\",\"Isaac Luz L\u00f3pez\",\"Juan Mart\u00ednez Flores\",\"Morena\",\"Opini\u00f3n\",\"Oscar Coria Reyes\",\"PAN\",\"Partido Verde\",\"PT\",\"Rub\u00e9n R\u00edos Uribe\",\"Tom\u00e1s L\u00f3pez Landeros\",\"Tom\u00e1s R\u00edos\",\"Zenyazen Escobar Garc\u00eda\"],\"articleSection\":[\"De Opini\u00f3n\"],\"inLanguage\":\"es\",\"potentialAction\":[{\"@type\":\"CommentAction\",\"name\":\"Comment\",\"target\":[\"https:\\\/\\\/lospoliticosveracruz.com\\\/?p=58684#respond\"]}]},{\"@type\":\"WebPage\",\"@id\":\"https:\\\/\\\/lospoliticosveracruz.com\\\/?p=58684\",\"url\":\"https:\\\/\\\/lospoliticosveracruz.com\\\/?p=58684\",\"name\":\"Aspirantes, suspirantes y supuestos - Los pol\u00edticos Veracruz\",\"isPartOf\":{\"@id\":\"https:\\\/\\\/lospoliticosveracruz.com\\\/#website\"},\"datePublished\":\"2020-08-11T22:06:03+00:00\",\"breadcrumb\":{\"@id\":\"https:\\\/\\\/lospoliticosveracruz.com\\\/?p=58684#breadcrumb\"},\"inLanguage\":\"es\",\"potentialAction\":[{\"@type\":\"ReadAction\",\"target\":[\"https:\\\/\\\/lospoliticosveracruz.com\\\/?p=58684\"]}]},{\"@type\":\"BreadcrumbList\",\"@id\":\"https:\\\/\\\/lospoliticosveracruz.com\\\/?p=58684#breadcrumb\",\"itemListElement\":[{\"@type\":\"ListItem\",\"position\":1,\"name\":\"Portada\",\"item\":\"https:\\\/\\\/lospoliticosveracruz.com\\\/\"},{\"@type\":\"ListItem\",\"position\":2,\"name\":\"Aspirantes, suspirantes y supuestos\"}]},{\"@type\":\"WebSite\",\"@id\":\"https:\\\/\\\/lospoliticosveracruz.com\\\/#website\",\"url\":\"https:\\\/\\\/lospoliticosveracruz.com\\\/\",\"name\":\"Los pol\u00edticos Veracruz\",\"description\":\"\",\"publisher\":{\"@id\":\"https:\\\/\\\/lospoliticosveracruz.com\\\/#organization\"},\"potentialAction\":[{\"@type\":\"SearchAction\",\"target\":{\"@type\":\"EntryPoint\",\"urlTemplate\":\"https:\\\/\\\/lospoliticosveracruz.com\\\/?s={search_term_string}\"},\"query-input\":{\"@type\":\"PropertyValueSpecification\",\"valueRequired\":true,\"valueName\":\"search_term_string\"}}],\"inLanguage\":\"es\"},{\"@type\":\"Organization\",\"@id\":\"https:\\\/\\\/lospoliticosveracruz.com\\\/#organization\",\"name\":\"Los pol\u00edticos Veracruz\",\"url\":\"https:\\\/\\\/lospoliticosveracruz.com\\\/\",\"logo\":{\"@type\":\"ImageObject\",\"inLanguage\":\"es\",\"@id\":\"https:\\\/\\\/lospoliticosveracruz.com\\\/#\\\/schema\\\/logo\\\/image\\\/\",\"url\":\"https:\\\/\\\/lospoliticosveracruz.com\\\/wp-content\\\/uploads\\\/2025\\\/12\\\/Logo-Nuevo-LOS-POLITICOS-1.jpg\",\"contentUrl\":\"https:\\\/\\\/lospoliticosveracruz.com\\\/wp-content\\\/uploads\\\/2025\\\/12\\\/Logo-Nuevo-LOS-POLITICOS-1.jpg\",\"width\":260,\"height\":70,\"caption\":\"Los pol\u00edticos Veracruz\"},\"image\":{\"@id\":\"https:\\\/\\\/lospoliticosveracruz.com\\\/#\\\/schema\\\/logo\\\/image\\\/\"},\"sameAs\":[\"https:\\\/\\\/www.facebook.com\\\/people\\\/Notimemes-de-los-Polticos\\\/61565672886568\\\/\",\"https:\\\/\\\/x.com\\\/LosPoliticosVer\"]},{\"@type\":\"Person\",\"@id\":\"https:\\\/\\\/lospoliticosveracruz.com\\\/#\\\/schema\\\/person\\\/b8702bb0e538456e6efd07080bf2a4a2\",\"name\":\"Lo viste en Los Pol\u00edticos\",\"image\":{\"@type\":\"ImageObject\",\"inLanguage\":\"es\",\"@id\":\"https:\\\/\\\/secure.gravatar.com\\\/avatar\\\/3a8de04a2656d44082be478bd6c086daa447c4651605818287b9532d3d0bd435?s=96&d=mm&r=g\",\"url\":\"https:\\\/\\\/secure.gravatar.com\\\/avatar\\\/3a8de04a2656d44082be478bd6c086daa447c4651605818287b9532d3d0bd435?s=96&d=mm&r=g\",\"contentUrl\":\"https:\\\/\\\/secure.gravatar.com\\\/avatar\\\/3a8de04a2656d44082be478bd6c086daa447c4651605818287b9532d3d0bd435?s=96&d=mm&r=g\",\"caption\":\"Lo viste en Los Pol\u00edticos\"},\"url\":\"https:\\\/\\\/lospoliticosveracruz.com\\\/?author=2\"}]}<\/script>\n<!-- \/ Yoast SEO plugin. -->","yoast_head_json":{"title":"Aspirantes, suspirantes y supuestos - Los pol\u00edticos Veracruz","robots":{"index":"index","follow":"follow","max-snippet":"max-snippet:-1","max-image-preview":"max-image-preview:large","max-video-preview":"max-video-preview:-1"},"canonical":"https:\/\/lospoliticosveracruz.com\/?p=58684","og_locale":"es_ES","og_type":"article","og_title":"Aspirantes, suspirantes y supuestos - Los pol\u00edticos Veracruz","og_description":"&nbsp; Oscar Coria Reyes En contraste &nbsp; Este 2021 en la entidad veracruzana se elegir\u00e1n diputados federales y locales, de igual forma se renovar\u00e1n los 212 ayuntamientos, por lo cual las especulaciones sobre quienes quieren puede ser los candidatos ya est\u00e1n a la orden del d\u00eda, se habla de alcaldes que buscar\u00edan un esca\u00f1o en [&hellip;]","og_url":"https:\/\/lospoliticosveracruz.com\/?p=58684","og_site_name":"Los pol\u00edticos Veracruz","article_publisher":"https:\/\/www.facebook.com\/people\/Notimemes-de-los-Polticos\/61565672886568\/","article_published_time":"2020-08-11T22:06:03+00:00","og_image":[{"width":200,"height":200,"url":"https:\/\/lospoliticosveracruz.com\/wp-content\/uploads\/2016\/07\/Logo-Dor.jpg","type":"image\/jpeg"}],"author":"Lo viste en Los Pol\u00edticos","twitter_card":"summary_large_image","twitter_creator":"@LosPoliticosVer","twitter_site":"@LosPoliticosVer","twitter_misc":{"Escrito por":"Lo viste en Los Pol\u00edticos","Tiempo de lectura":"4 minutos"},"schema":{"@context":"https:\/\/schema.org","@graph":[{"@type":"Article","@id":"https:\/\/lospoliticosveracruz.com\/?p=58684#article","isPartOf":{"@id":"https:\/\/lospoliticosveracruz.com\/?p=58684"},"author":{"name":"Lo viste en Los Pol\u00edticos","@id":"https:\/\/lospoliticosveracruz.com\/#\/schema\/person\/b8702bb0e538456e6efd07080bf2a4a2"},"headline":"Aspirantes, suspirantes y supuestos","datePublished":"2020-08-11T22:06:03+00:00","mainEntityOfPage":{"@id":"https:\/\/lospoliticosveracruz.com\/?p=58684"},"wordCount":867,"commentCount":0,"publisher":{"@id":"https:\/\/lospoliticosveracruz.com\/#organization"},"keywords":["C\u00f3rdoba","Diputados federales y locales","Elecciones 2021","Hugo Fern\u00e1nde","Isaac Luz L\u00f3pez","Juan Mart\u00ednez Flores","Morena","Opini\u00f3n","Oscar Coria Reyes","PAN","Partido Verde","PT","Rub\u00e9n R\u00edos Uribe","Tom\u00e1s L\u00f3pez Landeros","Tom\u00e1s R\u00edos","Zenyazen Escobar Garc\u00eda"],"articleSection":["De Opini\u00f3n"],"inLanguage":"es","potentialAction":[{"@type":"CommentAction","name":"Comment","target":["https:\/\/lospoliticosveracruz.com\/?p=58684#respond"]}]},{"@type":"WebPage","@id":"https:\/\/lospoliticosveracruz.com\/?p=58684","url":"https:\/\/lospoliticosveracruz.com\/?p=58684","name":"Aspirantes, suspirantes y supuestos - Los pol\u00edticos Veracruz","isPartOf":{"@id":"https:\/\/lospoliticosveracruz.com\/#website"},"datePublished":"2020-08-11T22:06:03+00:00","breadcrumb":{"@id":"https:\/\/lospoliticosveracruz.com\/?p=58684#breadcrumb"},"inLanguage":"es","potentialAction":[{"@type":"ReadAction","target":["https:\/\/lospoliticosveracruz.com\/?p=58684"]}]},{"@type":"BreadcrumbList","@id":"https:\/\/lospoliticosveracruz.com\/?p=58684#breadcrumb","itemListElement":[{"@type":"ListItem","position":1,"name":"Portada","item":"https:\/\/lospoliticosveracruz.com\/"},{"@type":"ListItem","position":2,"name":"Aspirantes, suspirantes y supuestos"}]},{"@type":"WebSite","@id":"https:\/\/lospoliticosveracruz.com\/#website","url":"https:\/\/lospoliticosveracruz.com\/","name":"Los pol\u00edticos Veracruz","description":"","publisher":{"@id":"https:\/\/lospoliticosveracruz.com\/#organization"},"potentialAction":[{"@type":"SearchAction","target":{"@type":"EntryPoint","urlTemplate":"https:\/\/lospoliticosveracruz.com\/?s={search_term_string}"},"query-input":{"@type":"PropertyValueSpecification","valueRequired":true,"valueName":"search_term_string"}}],"inLanguage":"es"},{"@type":"Organization","@id":"https:\/\/lospoliticosveracruz.com\/#organization","name":"Los pol\u00edticos Veracruz","url":"https:\/\/lospoliticosveracruz.com\/","logo":{"@type":"ImageObject","inLanguage":"es","@id":"https:\/\/lospoliticosveracruz.com\/#\/schema\/logo\/image\/","url":"https:\/\/lospoliticosveracruz.com\/wp-content\/uploads\/2025\/12\/Logo-Nuevo-LOS-POLITICOS-1.jpg","contentUrl":"https:\/\/lospoliticosveracruz.com\/wp-content\/uploads\/2025\/12\/Logo-Nuevo-LOS-POLITICOS-1.jpg","width":260,"height":70,"caption":"Los pol\u00edticos Veracruz"},"image":{"@id":"https:\/\/lospoliticosveracruz.com\/#\/schema\/logo\/image\/"},"sameAs":["https:\/\/www.facebook.com\/people\/Notimemes-de-los-Polticos\/61565672886568\/","https:\/\/x.com\/LosPoliticosVer"]},{"@type":"Person","@id":"https:\/\/lospoliticosveracruz.com\/#\/schema\/person\/b8702bb0e538456e6efd07080bf2a4a2","name":"Lo viste en Los Pol\u00edticos","image":{"@type":"ImageObject","inLanguage":"es","@id":"https:\/\/secure.gravatar.com\/avatar\/3a8de04a2656d44082be478bd6c086daa447c4651605818287b9532d3d0bd435?s=96&d=mm&r=g","url":"https:\/\/secure.gravatar.com\/avatar\/3a8de04a2656d44082be478bd6c086daa447c4651605818287b9532d3d0bd435?s=96&d=mm&r=g","contentUrl":"https:\/\/secure.gravatar.com\/avatar\/3a8de04a2656d44082be478bd6c086daa447c4651605818287b9532d3d0bd435?s=96&d=mm&r=g","caption":"Lo viste en Los Pol\u00edticos"},"url":"https:\/\/lospoliticosveracruz.com\/?author=2"}]}},"_links":{"self":[{"href":"https:\/\/lospoliticosveracruz.com\/index.php?rest_route=\/wp\/v2\/posts\/58684","targetHints":{"allow":["GET"]}}],"collection":[{"href":"https:\/\/lospoliticosveracruz.com\/index.php?rest_route=\/wp\/v2\/posts"}],"about":[{"href":"https:\/\/lospoliticosveracruz.com\/index.php?rest_route=\/wp\/v2\/types\/post"}],"author":[{"embeddable":true,"href":"https:\/\/lospoliticosveracruz.com\/index.php?rest_route=\/wp\/v2\/users\/2"}],"replies":[{"embeddable":true,"href":"https:\/\/lospoliticosveracruz.com\/index.php?rest_route=%2Fwp%2Fv2%2Fcomments&post=58684"}],"version-history":[{"count":1,"href":"https:\/\/lospoliticosveracruz.com\/index.php?rest_route=\/wp\/v2\/posts\/58684\/revisions"}],"predecessor-version":[{"id":58686,"href":"https:\/\/lospoliticosveracruz.com\/index.php?rest_route=\/wp\/v2\/posts\/58684\/revisions\/58686"}],"wp:attachment":[{"href":"https:\/\/lospoliticosveracruz.com\/index.php?rest_route=%2Fwp%2Fv2%2Fmedia&parent=58684"}],"wp:term":[{"taxonomy":"category","embeddable":true,"href":"https:\/\/lospoliticosveracruz.com\/index.php?rest_route=%2Fwp%2Fv2%2Fcategories&post=58684"},{"taxonomy":"post_tag","embeddable":true,"href":"https:\/\/lospoliticosveracruz.com\/index.php?rest_route=%2Fwp%2Fv2%2Ftags&post=58684"}],"curies":[{"name":"wp","href":"https:\/\/api.w.org\/{rel}","templated":true}]}}