{"id":58687,"date":"2020-08-11T18:32:01","date_gmt":"2020-08-11T23:32:01","guid":{"rendered":"http:\/\/www.lospoliticosveracruz.com.mx\/?p=58687"},"modified":"2020-08-11T18:32:01","modified_gmt":"2020-08-11T23:32:01","slug":"nuevos-partidos-alianzas-y-mc","status":"publish","type":"post","link":"https:\/\/lospoliticosveracruz.com\/?p=58687","title":{"rendered":"Nuevos partidos, alianzas y MC"},"content":{"rendered":"<p><strong>Salvador Mu\u00f1oz<\/strong><\/p>\n<p><em>Los Pol\u00edticos<\/em><\/p>\n<p><span style=\"font-weight: 400;\">Salvo lo que diga este fin de mes el INE, usted elector podr\u00eda tener en sus manos en un a\u00f1o, aproximadamente, 11 nuevas propuestas para diputados locales y presidentes municipales en la boleta, sin contar con las ya conocidas como PAN, Morena, PRI, PRD, Verde, PT y Movimiento Ciudadano\u2026 es decir, 18 opciones a escoger (para legisladores federales ser\u00e1n menos). S\u00ed, hay competencia, opciones, caras nuevas, conocidas, o lo que usted quiera. \u00a1Ah! Aunque tambi\u00e9n hay la posibilidad de que nos reduzcan las ofertas si algunos de los partidos ya conocidos conforman alianzas, como por ejemplo, se habla del PAN-PRD o PAN-PRD-PRI. Del mismo modo se piensa del Morena-PT o Morena-PT-Verde. Y\u2026 \u00a1nada m\u00e1s! porque todo indica que el \u00fanico partido que se ir\u00e1 solo, apostando a sus militantes, a los ciudadanos, a sus propias u\u00f1as, ser\u00e1 Movimiento Ciudadano.<\/span><\/p>\n<p><span style=\"font-weight: 400;\">Hablar de las 11 opciones para diputados locales y presidentes municipales (si el INE no dice otra cosa, insisto), obliga a echarle un ojo a las ofertas electorales que el 2021 nos traer\u00e1.<\/span><\/p>\n<p><span style=\"font-weight: 400;\">A nivel local, los partidos nuevos son los Texanos de Veracruz\u2026 \u00a1no es cierto! es que cuando vi su presentaci\u00f3n en eso pens\u00e9: TxVer (Todos por Veracruz); est\u00e1 tambi\u00e9n Podemos, Unidad Ciudadana y Bienestar y Justicia Social.<\/span><\/p>\n<p><span style=\"font-weight: 400;\">Hay quienes aseguran que m\u00e1s de uno de estos partidos tiene un tinte pol\u00edtico y m\u00e1s alejado al inter\u00e9s democr\u00e1tico. Por ejemplo, a TxVer lo vinculan con H\u00e9ctor Yunes con el prop\u00f3sito de minar a su propio partido, el PRI. Es decir, si sus candidatos no tienen cabida con Marlon, ah\u00ed est\u00e1 TxVer\u2026 ya se ver\u00e1.<\/span><\/p>\n<p><span style=\"font-weight: 400;\">En Unidad Ciudadana (donde es evidente que le gana a Cinthya Lobato la nostalgia por Movimiento Ciudadano), hay quienes ven en este partido la oportunidad de quitarle votos al panismo y si se descuida MC, hasta a ellos.<\/span><\/p>\n<p><span style=\"font-weight: 400;\">En el caso de Podemos, creen que apuesta a ser la opci\u00f3n del desencanto, tanto, que antes de la decepci\u00f3n ciudadana, se llev\u00f3 a muchos pol\u00edticos de distintos colores, como Gonzalo Morgado Huesca\u2026<\/span><\/p>\n<p><span style=\"font-weight: 400;\">Y el partido de Antonio Luna, Bienestar y Justicia Social, lo que caiga es bueno mientras le d\u00e9 para mantener su registro, cosa que tambi\u00e9n interesa a los anteriores citados.<\/span><\/p>\n<p><span style=\"font-weight: 400;\">En cuanto a los partidos nacionales que podr\u00edan presentarnos candidatos est\u00e1 Encuentro Solidario que no es otra cosa que el \u201cPES recargado\u201d, el que trae jale con los cristianos, hoy tan de moda con el Presidente AMLO; tambi\u00e9n est\u00e1 Grupo Social Promotor de M\u00e9xico (que no es otra cosa que Nueva Alianza en su nueva versi\u00f3n tratando de jalar a maestros); ah\u00ed est\u00e1 tambi\u00e9n Redes Sociales Progresistas, vinculado estrechamente a Elba Esther Gordillo; Libertad y Responsabilidad Democr\u00e1tica (el de los panistas rebeldes encabezados por Calder\u00f3n y Margarita); el partido que quiere jalar con los sindicatos que ya no les convence el PRI y que Morena les dio puro camote: Fuerza Social por M\u00e9xico, liderado por Pedro Haces Barba, el de la Catem; Alternativa, encabezado por el (ex)pri\u00edsta C\u00e9sar Augusto Santiago (ya saben de d\u00f3nde va a jalar militantes) y S\u00famate a Nosotros, de Manuel Espino, otro ex panista resentido que adivinen a qui\u00e9n pretende bajarle militantes.<\/span><\/p>\n<p><span style=\"font-weight: 400;\">S\u00ed\u2026 tendremos boleta electoral como plantilla de Loter\u00eda, \u00a1claro! falta ver si el PAN, PRI y PRD hacen su alianza como todo indica que se har\u00e1 en aras de unir fuerzas as\u00ed como Morena, PT y Verde, en aras de contrarrestar a los otros\u2026 aunque interesante ser\u00e1 conocer la estrategia de Movimiento Ciudadano y su apuesta de ir solo en esta contienda confiando s\u00f3lo en sus militantes y en los ciudadanos que le entren a su oferta electoral.<\/span><\/p>\n<p>&nbsp;<\/p>\n<p><span style=\"font-weight: 400;\">smcainito@gmail.com<\/span><\/p>\n<p>&nbsp;<\/p>\n","protected":false},"excerpt":{"rendered":"<p>Salvador Mu\u00f1oz Los Pol\u00edticos Salvo lo que diga este fin de mes el INE, usted elector podr\u00eda tener en sus manos en un a\u00f1o, aproximadamente, 11 nuevas propuestas para diputados locales y presidentes municipales en la boleta, sin contar con las ya conocidas como PAN, Morena, PRI, PRD, Verde, PT y Movimiento Ciudadano\u2026 es decir, [&hellip;]<\/p>\n","protected":false},"author":2,"featured_media":0,"comment_status":"open","ping_status":"open","sticky":false,"template":"","format":"standard","meta":{"tdm_status":"","tdm_grid_status":"","footnotes":""},"categories":[70],"tags":[18681,19838,19843,19839,554,19840,1026,2327,266,13365,107,251,2289,14281,2646,19842,16226,19837,18710],"class_list":{"0":"post-58687","1":"post","2":"type-post","3":"status-publish","4":"format-standard","6":"category-de-opinion","7":"tag-catem","8":"tag-encuentro-solidario","9":"tag-fuerza-social-por-mexico","10":"tag-grupo-social-promotor-de-mexico","11":"tag-ine","12":"tag-libertad-y-responsabilidad-democratica","13":"tag-morena","14":"tag-movimiento-ciudadano","15":"tag-pan","16":"tag-podemos","17":"tag-prd","18":"tag-pri","19":"tag-pt","20":"tag-redes-sociales-progresistas","21":"tag-salvador-munoz","22":"tag-sumate-a-nosotros","23":"tag-todos-por-veracruz","24":"tag-txver","25":"tag-unidad-ciudadana"},"yoast_head":"<!-- This site is optimized with the Yoast SEO plugin v27.4 - https:\/\/yoast.com\/product\/yoast-seo-wordpress\/ -->\n<title>Nuevos partidos, alianzas y MC - Los pol\u00edticos Veracruz<\/title>\n<meta name=\"robots\" content=\"index, follow, max-snippet:-1, max-image-preview:large, max-video-preview:-1\" \/>\n<link rel=\"canonical\" href=\"https:\/\/lospoliticosveracruz.com\/?p=58687\" \/>\n<meta property=\"og:locale\" content=\"es_ES\" \/>\n<meta property=\"og:type\" content=\"article\" \/>\n<meta property=\"og:title\" content=\"Nuevos partidos, alianzas y MC - Los pol\u00edticos Veracruz\" \/>\n<meta property=\"og:description\" content=\"Salvador Mu\u00f1oz Los Pol\u00edticos Salvo lo que diga este fin de mes el INE, usted elector podr\u00eda tener en sus manos en un a\u00f1o, aproximadamente, 11 nuevas propuestas para diputados locales y presidentes municipales en la boleta, sin contar con las ya conocidas como PAN, Morena, PRI, PRD, Verde, PT y Movimiento Ciudadano\u2026 es decir, [&hellip;]\" \/>\n<meta property=\"og:url\" content=\"https:\/\/lospoliticosveracruz.com\/?p=58687\" \/>\n<meta property=\"og:site_name\" content=\"Los pol\u00edticos Veracruz\" \/>\n<meta property=\"article:publisher\" content=\"https:\/\/www.facebook.com\/people\/Notimemes-de-los-Polticos\/61565672886568\/\" \/>\n<meta property=\"article:published_time\" content=\"2020-08-11T23:32:01+00:00\" \/>\n<meta property=\"og:image\" content=\"https:\/\/lospoliticosveracruz.com\/wp-content\/uploads\/2016\/07\/Logo-Dor.jpg\" \/>\n\t<meta property=\"og:image:width\" content=\"200\" \/>\n\t<meta property=\"og:image:height\" content=\"200\" \/>\n\t<meta property=\"og:image:type\" content=\"image\/jpeg\" \/>\n<meta name=\"author\" content=\"Lo viste en Los Pol\u00edticos\" \/>\n<meta name=\"twitter:card\" content=\"summary_large_image\" \/>\n<meta name=\"twitter:creator\" content=\"@LosPoliticosVer\" \/>\n<meta name=\"twitter:site\" content=\"@LosPoliticosVer\" \/>\n<meta name=\"twitter:label1\" content=\"Escrito por\" \/>\n\t<meta name=\"twitter:data1\" content=\"Lo viste en Los Pol\u00edticos\" \/>\n\t<meta name=\"twitter:label2\" content=\"Tiempo de lectura\" \/>\n\t<meta name=\"twitter:data2\" content=\"3 minutos\" \/>\n<script type=\"application\/ld+json\" class=\"yoast-schema-graph\">{\"@context\":\"https:\\\/\\\/schema.org\",\"@graph\":[{\"@type\":\"Article\",\"@id\":\"https:\\\/\\\/lospoliticosveracruz.com\\\/?p=58687#article\",\"isPartOf\":{\"@id\":\"https:\\\/\\\/lospoliticosveracruz.com\\\/?p=58687\"},\"author\":{\"name\":\"Lo viste en Los Pol\u00edticos\",\"@id\":\"https:\\\/\\\/lospoliticosveracruz.com\\\/#\\\/schema\\\/person\\\/b8702bb0e538456e6efd07080bf2a4a2\"},\"headline\":\"Nuevos partidos, alianzas y MC\",\"datePublished\":\"2020-08-11T23:32:01+00:00\",\"mainEntityOfPage\":{\"@id\":\"https:\\\/\\\/lospoliticosveracruz.com\\\/?p=58687\"},\"wordCount\":647,\"commentCount\":0,\"publisher\":{\"@id\":\"https:\\\/\\\/lospoliticosveracruz.com\\\/#organization\"},\"keywords\":[\"Catem\",\"Encuentro Solidario\",\"Fuerza Social por M\u00e9xico\",\"Grupo Social Promotor de M\u00e9xico\",\"INE\",\"Libertad y Responsabilidad Democr\u00e1tica\",\"Morena\",\"Movimiento Ciudadano\",\"PAN\",\"Podemos\",\"PRD\",\"PRI\",\"PT\",\"Redes Sociales Progresistas\",\"Salvador Mu\u00f1oz\",\"S\u00famate a Nosotros\",\"Todos por Veracruz\",\"TxVer\",\"Unidad Ciudadana\"],\"articleSection\":[\"De Opini\u00f3n\"],\"inLanguage\":\"es\",\"potentialAction\":[{\"@type\":\"CommentAction\",\"name\":\"Comment\",\"target\":[\"https:\\\/\\\/lospoliticosveracruz.com\\\/?p=58687#respond\"]}]},{\"@type\":\"WebPage\",\"@id\":\"https:\\\/\\\/lospoliticosveracruz.com\\\/?p=58687\",\"url\":\"https:\\\/\\\/lospoliticosveracruz.com\\\/?p=58687\",\"name\":\"Nuevos partidos, alianzas y MC - Los pol\u00edticos Veracruz\",\"isPartOf\":{\"@id\":\"https:\\\/\\\/lospoliticosveracruz.com\\\/#website\"},\"datePublished\":\"2020-08-11T23:32:01+00:00\",\"breadcrumb\":{\"@id\":\"https:\\\/\\\/lospoliticosveracruz.com\\\/?p=58687#breadcrumb\"},\"inLanguage\":\"es\",\"potentialAction\":[{\"@type\":\"ReadAction\",\"target\":[\"https:\\\/\\\/lospoliticosveracruz.com\\\/?p=58687\"]}]},{\"@type\":\"BreadcrumbList\",\"@id\":\"https:\\\/\\\/lospoliticosveracruz.com\\\/?p=58687#breadcrumb\",\"itemListElement\":[{\"@type\":\"ListItem\",\"position\":1,\"name\":\"Portada\",\"item\":\"https:\\\/\\\/lospoliticosveracruz.com\\\/\"},{\"@type\":\"ListItem\",\"position\":2,\"name\":\"Nuevos partidos, alianzas y MC\"}]},{\"@type\":\"WebSite\",\"@id\":\"https:\\\/\\\/lospoliticosveracruz.com\\\/#website\",\"url\":\"https:\\\/\\\/lospoliticosveracruz.com\\\/\",\"name\":\"Los pol\u00edticos Veracruz\",\"description\":\"\",\"publisher\":{\"@id\":\"https:\\\/\\\/lospoliticosveracruz.com\\\/#organization\"},\"potentialAction\":[{\"@type\":\"SearchAction\",\"target\":{\"@type\":\"EntryPoint\",\"urlTemplate\":\"https:\\\/\\\/lospoliticosveracruz.com\\\/?s={search_term_string}\"},\"query-input\":{\"@type\":\"PropertyValueSpecification\",\"valueRequired\":true,\"valueName\":\"search_term_string\"}}],\"inLanguage\":\"es\"},{\"@type\":\"Organization\",\"@id\":\"https:\\\/\\\/lospoliticosveracruz.com\\\/#organization\",\"name\":\"Los pol\u00edticos Veracruz\",\"url\":\"https:\\\/\\\/lospoliticosveracruz.com\\\/\",\"logo\":{\"@type\":\"ImageObject\",\"inLanguage\":\"es\",\"@id\":\"https:\\\/\\\/lospoliticosveracruz.com\\\/#\\\/schema\\\/logo\\\/image\\\/\",\"url\":\"https:\\\/\\\/lospoliticosveracruz.com\\\/wp-content\\\/uploads\\\/2025\\\/12\\\/Logo-Nuevo-LOS-POLITICOS-1.jpg\",\"contentUrl\":\"https:\\\/\\\/lospoliticosveracruz.com\\\/wp-content\\\/uploads\\\/2025\\\/12\\\/Logo-Nuevo-LOS-POLITICOS-1.jpg\",\"width\":260,\"height\":70,\"caption\":\"Los pol\u00edticos Veracruz\"},\"image\":{\"@id\":\"https:\\\/\\\/lospoliticosveracruz.com\\\/#\\\/schema\\\/logo\\\/image\\\/\"},\"sameAs\":[\"https:\\\/\\\/www.facebook.com\\\/people\\\/Notimemes-de-los-Polticos\\\/61565672886568\\\/\",\"https:\\\/\\\/x.com\\\/LosPoliticosVer\"]},{\"@type\":\"Person\",\"@id\":\"https:\\\/\\\/lospoliticosveracruz.com\\\/#\\\/schema\\\/person\\\/b8702bb0e538456e6efd07080bf2a4a2\",\"name\":\"Lo viste en Los Pol\u00edticos\",\"image\":{\"@type\":\"ImageObject\",\"inLanguage\":\"es\",\"@id\":\"https:\\\/\\\/secure.gravatar.com\\\/avatar\\\/3a8de04a2656d44082be478bd6c086daa447c4651605818287b9532d3d0bd435?s=96&d=mm&r=g\",\"url\":\"https:\\\/\\\/secure.gravatar.com\\\/avatar\\\/3a8de04a2656d44082be478bd6c086daa447c4651605818287b9532d3d0bd435?s=96&d=mm&r=g\",\"contentUrl\":\"https:\\\/\\\/secure.gravatar.com\\\/avatar\\\/3a8de04a2656d44082be478bd6c086daa447c4651605818287b9532d3d0bd435?s=96&d=mm&r=g\",\"caption\":\"Lo viste en Los Pol\u00edticos\"},\"url\":\"https:\\\/\\\/lospoliticosveracruz.com\\\/?author=2\"}]}<\/script>\n<!-- \/ Yoast SEO plugin. -->","yoast_head_json":{"title":"Nuevos partidos, alianzas y MC - Los pol\u00edticos Veracruz","robots":{"index":"index","follow":"follow","max-snippet":"max-snippet:-1","max-image-preview":"max-image-preview:large","max-video-preview":"max-video-preview:-1"},"canonical":"https:\/\/lospoliticosveracruz.com\/?p=58687","og_locale":"es_ES","og_type":"article","og_title":"Nuevos partidos, alianzas y MC - Los pol\u00edticos Veracruz","og_description":"Salvador Mu\u00f1oz Los Pol\u00edticos Salvo lo que diga este fin de mes el INE, usted elector podr\u00eda tener en sus manos en un a\u00f1o, aproximadamente, 11 nuevas propuestas para diputados locales y presidentes municipales en la boleta, sin contar con las ya conocidas como PAN, Morena, PRI, PRD, Verde, PT y Movimiento Ciudadano\u2026 es decir, [&hellip;]","og_url":"https:\/\/lospoliticosveracruz.com\/?p=58687","og_site_name":"Los pol\u00edticos Veracruz","article_publisher":"https:\/\/www.facebook.com\/people\/Notimemes-de-los-Polticos\/61565672886568\/","article_published_time":"2020-08-11T23:32:01+00:00","og_image":[{"width":200,"height":200,"url":"https:\/\/lospoliticosveracruz.com\/wp-content\/uploads\/2016\/07\/Logo-Dor.jpg","type":"image\/jpeg"}],"author":"Lo viste en Los Pol\u00edticos","twitter_card":"summary_large_image","twitter_creator":"@LosPoliticosVer","twitter_site":"@LosPoliticosVer","twitter_misc":{"Escrito por":"Lo viste en Los Pol\u00edticos","Tiempo de lectura":"3 minutos"},"schema":{"@context":"https:\/\/schema.org","@graph":[{"@type":"Article","@id":"https:\/\/lospoliticosveracruz.com\/?p=58687#article","isPartOf":{"@id":"https:\/\/lospoliticosveracruz.com\/?p=58687"},"author":{"name":"Lo viste en Los Pol\u00edticos","@id":"https:\/\/lospoliticosveracruz.com\/#\/schema\/person\/b8702bb0e538456e6efd07080bf2a4a2"},"headline":"Nuevos partidos, alianzas y MC","datePublished":"2020-08-11T23:32:01+00:00","mainEntityOfPage":{"@id":"https:\/\/lospoliticosveracruz.com\/?p=58687"},"wordCount":647,"commentCount":0,"publisher":{"@id":"https:\/\/lospoliticosveracruz.com\/#organization"},"keywords":["Catem","Encuentro Solidario","Fuerza Social por M\u00e9xico","Grupo Social Promotor de M\u00e9xico","INE","Libertad y Responsabilidad Democr\u00e1tica","Morena","Movimiento Ciudadano","PAN","Podemos","PRD","PRI","PT","Redes Sociales Progresistas","Salvador Mu\u00f1oz","S\u00famate a Nosotros","Todos por Veracruz","TxVer","Unidad Ciudadana"],"articleSection":["De Opini\u00f3n"],"inLanguage":"es","potentialAction":[{"@type":"CommentAction","name":"Comment","target":["https:\/\/lospoliticosveracruz.com\/?p=58687#respond"]}]},{"@type":"WebPage","@id":"https:\/\/lospoliticosveracruz.com\/?p=58687","url":"https:\/\/lospoliticosveracruz.com\/?p=58687","name":"Nuevos partidos, alianzas y MC - Los pol\u00edticos Veracruz","isPartOf":{"@id":"https:\/\/lospoliticosveracruz.com\/#website"},"datePublished":"2020-08-11T23:32:01+00:00","breadcrumb":{"@id":"https:\/\/lospoliticosveracruz.com\/?p=58687#breadcrumb"},"inLanguage":"es","potentialAction":[{"@type":"ReadAction","target":["https:\/\/lospoliticosveracruz.com\/?p=58687"]}]},{"@type":"BreadcrumbList","@id":"https:\/\/lospoliticosveracruz.com\/?p=58687#breadcrumb","itemListElement":[{"@type":"ListItem","position":1,"name":"Portada","item":"https:\/\/lospoliticosveracruz.com\/"},{"@type":"ListItem","position":2,"name":"Nuevos partidos, alianzas y MC"}]},{"@type":"WebSite","@id":"https:\/\/lospoliticosveracruz.com\/#website","url":"https:\/\/lospoliticosveracruz.com\/","name":"Los pol\u00edticos Veracruz","description":"","publisher":{"@id":"https:\/\/lospoliticosveracruz.com\/#organization"},"potentialAction":[{"@type":"SearchAction","target":{"@type":"EntryPoint","urlTemplate":"https:\/\/lospoliticosveracruz.com\/?s={search_term_string}"},"query-input":{"@type":"PropertyValueSpecification","valueRequired":true,"valueName":"search_term_string"}}],"inLanguage":"es"},{"@type":"Organization","@id":"https:\/\/lospoliticosveracruz.com\/#organization","name":"Los pol\u00edticos Veracruz","url":"https:\/\/lospoliticosveracruz.com\/","logo":{"@type":"ImageObject","inLanguage":"es","@id":"https:\/\/lospoliticosveracruz.com\/#\/schema\/logo\/image\/","url":"https:\/\/lospoliticosveracruz.com\/wp-content\/uploads\/2025\/12\/Logo-Nuevo-LOS-POLITICOS-1.jpg","contentUrl":"https:\/\/lospoliticosveracruz.com\/wp-content\/uploads\/2025\/12\/Logo-Nuevo-LOS-POLITICOS-1.jpg","width":260,"height":70,"caption":"Los pol\u00edticos Veracruz"},"image":{"@id":"https:\/\/lospoliticosveracruz.com\/#\/schema\/logo\/image\/"},"sameAs":["https:\/\/www.facebook.com\/people\/Notimemes-de-los-Polticos\/61565672886568\/","https:\/\/x.com\/LosPoliticosVer"]},{"@type":"Person","@id":"https:\/\/lospoliticosveracruz.com\/#\/schema\/person\/b8702bb0e538456e6efd07080bf2a4a2","name":"Lo viste en Los Pol\u00edticos","image":{"@type":"ImageObject","inLanguage":"es","@id":"https:\/\/secure.gravatar.com\/avatar\/3a8de04a2656d44082be478bd6c086daa447c4651605818287b9532d3d0bd435?s=96&d=mm&r=g","url":"https:\/\/secure.gravatar.com\/avatar\/3a8de04a2656d44082be478bd6c086daa447c4651605818287b9532d3d0bd435?s=96&d=mm&r=g","contentUrl":"https:\/\/secure.gravatar.com\/avatar\/3a8de04a2656d44082be478bd6c086daa447c4651605818287b9532d3d0bd435?s=96&d=mm&r=g","caption":"Lo viste en Los Pol\u00edticos"},"url":"https:\/\/lospoliticosveracruz.com\/?author=2"}]}},"_links":{"self":[{"href":"https:\/\/lospoliticosveracruz.com\/index.php?rest_route=\/wp\/v2\/posts\/58687","targetHints":{"allow":["GET"]}}],"collection":[{"href":"https:\/\/lospoliticosveracruz.com\/index.php?rest_route=\/wp\/v2\/posts"}],"about":[{"href":"https:\/\/lospoliticosveracruz.com\/index.php?rest_route=\/wp\/v2\/types\/post"}],"author":[{"embeddable":true,"href":"https:\/\/lospoliticosveracruz.com\/index.php?rest_route=\/wp\/v2\/users\/2"}],"replies":[{"embeddable":true,"href":"https:\/\/lospoliticosveracruz.com\/index.php?rest_route=%2Fwp%2Fv2%2Fcomments&post=58687"}],"version-history":[{"count":1,"href":"https:\/\/lospoliticosveracruz.com\/index.php?rest_route=\/wp\/v2\/posts\/58687\/revisions"}],"predecessor-version":[{"id":58689,"href":"https:\/\/lospoliticosveracruz.com\/index.php?rest_route=\/wp\/v2\/posts\/58687\/revisions\/58689"}],"wp:attachment":[{"href":"https:\/\/lospoliticosveracruz.com\/index.php?rest_route=%2Fwp%2Fv2%2Fmedia&parent=58687"}],"wp:term":[{"taxonomy":"category","embeddable":true,"href":"https:\/\/lospoliticosveracruz.com\/index.php?rest_route=%2Fwp%2Fv2%2Fcategories&post=58687"},{"taxonomy":"post_tag","embeddable":true,"href":"https:\/\/lospoliticosveracruz.com\/index.php?rest_route=%2Fwp%2Fv2%2Ftags&post=58687"}],"curies":[{"name":"wp","href":"https:\/\/api.w.org\/{rel}","templated":true}]}}