{"id":58729,"date":"2020-08-12T16:36:10","date_gmt":"2020-08-12T21:36:10","guid":{"rendered":"http:\/\/www.lospoliticosveracruz.com.mx\/?p=58729"},"modified":"2020-08-12T16:37:44","modified_gmt":"2020-08-12T21:37:44","slug":"diputados-que-se-portan-mal","status":"publish","type":"post","link":"https:\/\/lospoliticosveracruz.com\/?p=58729","title":{"rendered":"Diputados que se portan mal&#8230;"},"content":{"rendered":"<p><strong>Salvador Mu\u00f1oz<\/strong><\/p>\n<p><em>Los Pol\u00edticos<\/em><\/p>\n<p><span style=\"font-weight: 400;\">La Suprema Corte de Justicia de la Naci\u00f3n destituy\u00f3 de su cargo al Presidente de la Mesa Directiva del Congreso local por considerarlo responsable del delito de Abuso de Autoridad por un desacato al M\u00e1ximo Tribunal del pa\u00eds.<\/span><\/p>\n<p><span style=\"font-weight: 400;\">El caso al que se refiere este asunto, es por el nombramiento de cuatro Magistrados estatales y a pesar de que hab\u00eda sido notificado de una suspensi\u00f3n, el Congreso local continu\u00f3 la sesi\u00f3n.<\/span><\/p>\n<p><span style=\"font-weight: 400;\">En pocas palabras, el presidente de la Mesa Directiva del Congreso perdi\u00f3 su fuero\u2026<\/span><\/p>\n<p><span style=\"font-weight: 400;\">Por supuesto, no hablamos de Rub\u00e9n R\u00edos Uribe, sino de Gustavo Mac\u00edas Zambrano, quien fuera diputado en Jalisco, y por los hechos antes mencionados, tuvo que enfrentar a los jueces para demostrar que no actu\u00f3 con dolo, all\u00e1 por el 2012\u2026<\/span><\/p>\n<p>&nbsp;<\/p>\n<p><a href=\"https:\/\/www.facebook.com\/notaria61veracruz\/\"><img decoding=\"async\" src=\"http:\/\/www.lospoliticosveracruz.com.mx\/wp-content\/uploads\/2020\/07\/CINTILLO-Armando.jpg\" alt=\"\" \/><\/a><\/p>\n<p>&nbsp;<\/p>\n<p><span style=\"font-weight: 400;\">Parecen similares los casos, pero tienen sus \u201casegunes\u201d, como por ejemplo, el recurso de queja por la designaci\u00f3n de cuatro nuevos magistrados en el estado de Jalisco, fue promovido por el Poder Ejecutivo; mientras que en este caso, en Veracruz, quienes se movieron contra lo que consideran un abuso por parte del Congreso local y del mismo poder Judicial, fueron los magistrados afectados, Gladys P\u00e9rez Maldonado, Marco Antonio Lezama Moo y Roberto Dorantes Romero, adem\u00e1s de una denuncia interpuesta en el Ministerio P\u00fablico federal por el diputado panista Enrique Cambranis.<\/span><\/p>\n<p><span style=\"font-weight: 400;\">Otro dato es que en el caso del Baj\u00edo, se dice que la notificaci\u00f3n al Congreso lleg\u00f3 \u201cbarri\u00e9ndose\u201d a las 14 horas del d\u00eda en que se celebra la sesi\u00f3n para nombrar a los Magistrados\u2026 aunque dos horas despu\u00e9s, no hubo intenci\u00f3n para suspender los trabajos legislativos&#8230; en tanto, ac\u00e1 en Veracruz, muchos d\u00edas antes de que hubiera tal sesi\u00f3n, era de todos conocido que los Magistrados citados contaban con sendos amparos y existe el supuesto de que aun as\u00ed, se meti\u00f3 en el orden del d\u00eda&#8230;<\/span><\/p>\n<p><span style=\"font-weight: 400;\">En su momento, Gustavo Mac\u00edas Zambrano argument\u00f3 no tener conocimiento de la notificaci\u00f3n; a ciencia cierta, sepa cu\u00e1les sean las excusas o pretextos de R\u00edos Uribe para que, aun a sabiendas de los amparos, haya permitido el actuar del pleno con sus conocidas consecuencias. Entendemos que debi\u00f3 ser notificado el Congreso y all\u00ed, Domingo Bahena debe tener la respuesta.<\/span><\/p>\n<p><span style=\"font-weight: 400;\">Como sea, en el 2012, la SCJN se fue con todo contra el diputado presidente de la Mesa Directiva del Congreso por desacato y abuso de autoridad\u2026 hoy, un Juez resuelve al menos en el asunto de Marco Antonio Lezama Moo, que el Congreso restituya al Magistrado en el Poder Judicial y que si acaso no se pueda convocar a sesi\u00f3n de inmediato, informe cada tres d\u00edas hasta que se restituya al Magistrado\u2026 \u00a1vamos! dos modos de aplicar la Justicia.<\/span><\/p>\n<p><span style=\"font-weight: 400;\">\u00bfY Mar\u00eda Lilia Viveros Ram\u00edrez? Ella es a quien el Poder Legislativo nombr\u00f3 Magistrada en lugar de Lezama Moo\u2026 \u00bfqueda sin efecto su designaci\u00f3n?<\/span><\/p>\n<p><span style=\"font-weight: 400;\">Afortunadamente para ella, \u00a1siempre existe el recurso del Amparo! \u00a1Y ojo! porque falta lo que se resuelva en el caso de Gladys P\u00e9rez Maldonado y Roberto Dorantes Romero\u2026 aunque dicen en el Poder Judicial que all\u00e1, hay lugar para todos y que si bien, en su Art\u00edculo 11 habla de que se integrar\u00e1 con 33 magistrados y ha de funcionar en Pleno y en Salas, si Pit\u00e1goras no nos falla, tenemos a 37 magistrados contando a do\u00f1a Sof\u00eda\u2026 claro, demos gracias quiz\u00e1s a ese ap\u00e9ndice que cuelga del art\u00edculo citado que dice: \u201cEl Pleno del Tribunal Superior de Justicia, excepcionalmente, podr\u00e1 disponer de un n\u00famero mayor o menor de magistrados o Salas para la integraci\u00f3n del Tribunal Superior de Justicia, siempre que exista una causa justificada y de acuerdo a las necesidades del servicio\u201d. Tenga entonces por seguro que m\u00ednimo, quiz\u00e1s tengamos dos Magistrados Visitadores m\u00e1s a los cinco que integran este departamento.<\/span><\/p>\n<p><span style=\"font-weight: 400;\">As\u00ed, a como van las cosas, con la actitud del Juez siendo condescendiente con el Presidente de la Mesa Directiva del Congreso local, se cumplir\u00e1 la sentencia a favor de Lezama Moo (y las que se acumulen), no habr\u00e1 ni desafueros ni ex magistrados, no habr\u00e1 tantos afectados y s\u00ed m\u00e1s beneficiados, y la vida en el Poder Judicial de Veracruz como en el Congreso local seguir\u00e1 como siempre, mientras que el caso de Gustavo Mac\u00edas Zambrano, el presidente de la Mesa Directiva del Congreso de Jalisco, desaforado por desacato y abuso de autoridad, no dejar\u00e1 de ser una buena an\u00e9cdota para contar a los diputados que se portan mal.<\/span><\/p>\n<p>&nbsp;<\/p>\n<p><span style=\"font-weight: 400;\">smcainito@gmail.com<\/span><\/p>\n","protected":false},"excerpt":{"rendered":"<p>Salvador Mu\u00f1oz Los Pol\u00edticos La Suprema Corte de Justicia de la Naci\u00f3n destituy\u00f3 de su cargo al Presidente de la Mesa Directiva del Congreso local por considerarlo responsable del delito de Abuso de Autoridad por un desacato al M\u00e1ximo Tribunal del pa\u00eds. El caso al que se refiere este asunto, es por el nombramiento de [&hellip;]<\/p>\n","protected":false},"author":2,"featured_media":0,"comment_status":"open","ping_status":"open","sticky":false,"template":"","format":"standard","meta":{"tdm_status":"","tdm_grid_status":"","footnotes":""},"categories":[70],"tags":[819,19857,19856,3815,10796,15313,82,15426,19817,13125,10798,195],"class_list":{"0":"post-58729","1":"post","2":"type-post","3":"status-publish","4":"format-standard","6":"category-de-opinion","7":"tag-congreso-local","8":"tag-gladys-perez-maldonado","9":"tag-gustavo-macias-zambrano","10":"tag-jalisco","11":"tag-magistrados","12":"tag-marco-antonio-lezama-moo","13":"tag-poder-judicial","14":"tag-presidente-de-la-mesa-directiva","15":"tag-roberto-dorantes-romero","16":"tag-ruben-rios-uribe","17":"tag-tribunal-superior-de-justicia","18":"tag-veracruz"},"yoast_head":"<!-- This site is optimized with the Yoast SEO plugin v27.4 - https:\/\/yoast.com\/product\/yoast-seo-wordpress\/ -->\n<title>Diputados que se portan mal... - Los pol\u00edticos Veracruz<\/title>\n<meta name=\"robots\" content=\"index, follow, max-snippet:-1, max-image-preview:large, max-video-preview:-1\" \/>\n<link rel=\"canonical\" href=\"https:\/\/lospoliticosveracruz.com\/?p=58729\" \/>\n<meta property=\"og:locale\" content=\"es_ES\" \/>\n<meta property=\"og:type\" content=\"article\" \/>\n<meta property=\"og:title\" content=\"Diputados que se portan mal... - Los pol\u00edticos Veracruz\" \/>\n<meta property=\"og:description\" content=\"Salvador Mu\u00f1oz Los Pol\u00edticos La Suprema Corte de Justicia de la Naci\u00f3n destituy\u00f3 de su cargo al Presidente de la Mesa Directiva del Congreso local por considerarlo responsable del delito de Abuso de Autoridad por un desacato al M\u00e1ximo Tribunal del pa\u00eds. El caso al que se refiere este asunto, es por el nombramiento de [&hellip;]\" \/>\n<meta property=\"og:url\" content=\"https:\/\/lospoliticosveracruz.com\/?p=58729\" \/>\n<meta property=\"og:site_name\" content=\"Los pol\u00edticos Veracruz\" \/>\n<meta property=\"article:publisher\" content=\"https:\/\/www.facebook.com\/people\/Notimemes-de-los-Polticos\/61565672886568\/\" \/>\n<meta property=\"article:published_time\" content=\"2020-08-12T21:36:10+00:00\" \/>\n<meta property=\"article:modified_time\" content=\"2020-08-12T21:37:44+00:00\" \/>\n<meta property=\"og:image\" content=\"http:\/\/www.lospoliticosveracruz.com.mx\/wp-content\/uploads\/2020\/07\/CINTILLO-Armando.jpg\" \/>\n<meta name=\"author\" content=\"Lo viste en Los Pol\u00edticos\" \/>\n<meta name=\"twitter:card\" content=\"summary_large_image\" \/>\n<meta name=\"twitter:creator\" content=\"@LosPoliticosVer\" \/>\n<meta name=\"twitter:site\" content=\"@LosPoliticosVer\" \/>\n<meta name=\"twitter:label1\" content=\"Escrito por\" \/>\n\t<meta name=\"twitter:data1\" content=\"Lo viste en Los Pol\u00edticos\" \/>\n\t<meta name=\"twitter:label2\" content=\"Tiempo de lectura\" \/>\n\t<meta name=\"twitter:data2\" content=\"4 minutos\" \/>\n<script type=\"application\/ld+json\" class=\"yoast-schema-graph\">{\"@context\":\"https:\\\/\\\/schema.org\",\"@graph\":[{\"@type\":\"Article\",\"@id\":\"https:\\\/\\\/lospoliticosveracruz.com\\\/?p=58729#article\",\"isPartOf\":{\"@id\":\"https:\\\/\\\/lospoliticosveracruz.com\\\/?p=58729\"},\"author\":{\"name\":\"Lo viste en Los Pol\u00edticos\",\"@id\":\"https:\\\/\\\/lospoliticosveracruz.com\\\/#\\\/schema\\\/person\\\/b8702bb0e538456e6efd07080bf2a4a2\"},\"headline\":\"Diputados que se portan mal&#8230;\",\"datePublished\":\"2020-08-12T21:36:10+00:00\",\"dateModified\":\"2020-08-12T21:37:44+00:00\",\"mainEntityOfPage\":{\"@id\":\"https:\\\/\\\/lospoliticosveracruz.com\\\/?p=58729\"},\"wordCount\":788,\"commentCount\":0,\"publisher\":{\"@id\":\"https:\\\/\\\/lospoliticosveracruz.com\\\/#organization\"},\"image\":{\"@id\":\"https:\\\/\\\/lospoliticosveracruz.com\\\/?p=58729#primaryimage\"},\"thumbnailUrl\":\"http:\\\/\\\/www.lospoliticosveracruz.com.mx\\\/wp-content\\\/uploads\\\/2020\\\/07\\\/CINTILLO-Armando.jpg\",\"keywords\":[\"Congreso local\",\"Gladys P\u00e9rez Maldonado\",\"Gustavo Mac\u00edas Zambrano\",\"Jalisco\",\"Magistrados\",\"Marco Antonio Lezama Moo\",\"Poder Judicial\",\"Presidente de la Mesa Directiva\",\"Roberto Dorantes Romero\",\"Rub\u00e9n R\u00edos Uribe\",\"Tribunal Superior de Justicia\",\"Veracruz\"],\"articleSection\":[\"De Opini\u00f3n\"],\"inLanguage\":\"es\",\"potentialAction\":[{\"@type\":\"CommentAction\",\"name\":\"Comment\",\"target\":[\"https:\\\/\\\/lospoliticosveracruz.com\\\/?p=58729#respond\"]}]},{\"@type\":\"WebPage\",\"@id\":\"https:\\\/\\\/lospoliticosveracruz.com\\\/?p=58729\",\"url\":\"https:\\\/\\\/lospoliticosveracruz.com\\\/?p=58729\",\"name\":\"Diputados que se portan mal... - Los pol\u00edticos Veracruz\",\"isPartOf\":{\"@id\":\"https:\\\/\\\/lospoliticosveracruz.com\\\/#website\"},\"primaryImageOfPage\":{\"@id\":\"https:\\\/\\\/lospoliticosveracruz.com\\\/?p=58729#primaryimage\"},\"image\":{\"@id\":\"https:\\\/\\\/lospoliticosveracruz.com\\\/?p=58729#primaryimage\"},\"thumbnailUrl\":\"http:\\\/\\\/www.lospoliticosveracruz.com.mx\\\/wp-content\\\/uploads\\\/2020\\\/07\\\/CINTILLO-Armando.jpg\",\"datePublished\":\"2020-08-12T21:36:10+00:00\",\"dateModified\":\"2020-08-12T21:37:44+00:00\",\"breadcrumb\":{\"@id\":\"https:\\\/\\\/lospoliticosveracruz.com\\\/?p=58729#breadcrumb\"},\"inLanguage\":\"es\",\"potentialAction\":[{\"@type\":\"ReadAction\",\"target\":[\"https:\\\/\\\/lospoliticosveracruz.com\\\/?p=58729\"]}]},{\"@type\":\"ImageObject\",\"inLanguage\":\"es\",\"@id\":\"https:\\\/\\\/lospoliticosveracruz.com\\\/?p=58729#primaryimage\",\"url\":\"http:\\\/\\\/www.lospoliticosveracruz.com.mx\\\/wp-content\\\/uploads\\\/2020\\\/07\\\/CINTILLO-Armando.jpg\",\"contentUrl\":\"http:\\\/\\\/www.lospoliticosveracruz.com.mx\\\/wp-content\\\/uploads\\\/2020\\\/07\\\/CINTILLO-Armando.jpg\"},{\"@type\":\"BreadcrumbList\",\"@id\":\"https:\\\/\\\/lospoliticosveracruz.com\\\/?p=58729#breadcrumb\",\"itemListElement\":[{\"@type\":\"ListItem\",\"position\":1,\"name\":\"Portada\",\"item\":\"https:\\\/\\\/lospoliticosveracruz.com\\\/\"},{\"@type\":\"ListItem\",\"position\":2,\"name\":\"Diputados que se portan mal&#8230;\"}]},{\"@type\":\"WebSite\",\"@id\":\"https:\\\/\\\/lospoliticosveracruz.com\\\/#website\",\"url\":\"https:\\\/\\\/lospoliticosveracruz.com\\\/\",\"name\":\"Los pol\u00edticos Veracruz\",\"description\":\"\",\"publisher\":{\"@id\":\"https:\\\/\\\/lospoliticosveracruz.com\\\/#organization\"},\"potentialAction\":[{\"@type\":\"SearchAction\",\"target\":{\"@type\":\"EntryPoint\",\"urlTemplate\":\"https:\\\/\\\/lospoliticosveracruz.com\\\/?s={search_term_string}\"},\"query-input\":{\"@type\":\"PropertyValueSpecification\",\"valueRequired\":true,\"valueName\":\"search_term_string\"}}],\"inLanguage\":\"es\"},{\"@type\":\"Organization\",\"@id\":\"https:\\\/\\\/lospoliticosveracruz.com\\\/#organization\",\"name\":\"Los pol\u00edticos Veracruz\",\"url\":\"https:\\\/\\\/lospoliticosveracruz.com\\\/\",\"logo\":{\"@type\":\"ImageObject\",\"inLanguage\":\"es\",\"@id\":\"https:\\\/\\\/lospoliticosveracruz.com\\\/#\\\/schema\\\/logo\\\/image\\\/\",\"url\":\"https:\\\/\\\/lospoliticosveracruz.com\\\/wp-content\\\/uploads\\\/2025\\\/12\\\/Logo-Nuevo-LOS-POLITICOS-1.jpg\",\"contentUrl\":\"https:\\\/\\\/lospoliticosveracruz.com\\\/wp-content\\\/uploads\\\/2025\\\/12\\\/Logo-Nuevo-LOS-POLITICOS-1.jpg\",\"width\":260,\"height\":70,\"caption\":\"Los pol\u00edticos Veracruz\"},\"image\":{\"@id\":\"https:\\\/\\\/lospoliticosveracruz.com\\\/#\\\/schema\\\/logo\\\/image\\\/\"},\"sameAs\":[\"https:\\\/\\\/www.facebook.com\\\/people\\\/Notimemes-de-los-Polticos\\\/61565672886568\\\/\",\"https:\\\/\\\/x.com\\\/LosPoliticosVer\"]},{\"@type\":\"Person\",\"@id\":\"https:\\\/\\\/lospoliticosveracruz.com\\\/#\\\/schema\\\/person\\\/b8702bb0e538456e6efd07080bf2a4a2\",\"name\":\"Lo viste en Los Pol\u00edticos\",\"image\":{\"@type\":\"ImageObject\",\"inLanguage\":\"es\",\"@id\":\"https:\\\/\\\/secure.gravatar.com\\\/avatar\\\/3a8de04a2656d44082be478bd6c086daa447c4651605818287b9532d3d0bd435?s=96&d=mm&r=g\",\"url\":\"https:\\\/\\\/secure.gravatar.com\\\/avatar\\\/3a8de04a2656d44082be478bd6c086daa447c4651605818287b9532d3d0bd435?s=96&d=mm&r=g\",\"contentUrl\":\"https:\\\/\\\/secure.gravatar.com\\\/avatar\\\/3a8de04a2656d44082be478bd6c086daa447c4651605818287b9532d3d0bd435?s=96&d=mm&r=g\",\"caption\":\"Lo viste en Los Pol\u00edticos\"},\"url\":\"https:\\\/\\\/lospoliticosveracruz.com\\\/?author=2\"}]}<\/script>\n<!-- \/ Yoast SEO plugin. -->","yoast_head_json":{"title":"Diputados que se portan mal... - Los pol\u00edticos Veracruz","robots":{"index":"index","follow":"follow","max-snippet":"max-snippet:-1","max-image-preview":"max-image-preview:large","max-video-preview":"max-video-preview:-1"},"canonical":"https:\/\/lospoliticosveracruz.com\/?p=58729","og_locale":"es_ES","og_type":"article","og_title":"Diputados que se portan mal... - Los pol\u00edticos Veracruz","og_description":"Salvador Mu\u00f1oz Los Pol\u00edticos La Suprema Corte de Justicia de la Naci\u00f3n destituy\u00f3 de su cargo al Presidente de la Mesa Directiva del Congreso local por considerarlo responsable del delito de Abuso de Autoridad por un desacato al M\u00e1ximo Tribunal del pa\u00eds. El caso al que se refiere este asunto, es por el nombramiento de [&hellip;]","og_url":"https:\/\/lospoliticosveracruz.com\/?p=58729","og_site_name":"Los pol\u00edticos Veracruz","article_publisher":"https:\/\/www.facebook.com\/people\/Notimemes-de-los-Polticos\/61565672886568\/","article_published_time":"2020-08-12T21:36:10+00:00","article_modified_time":"2020-08-12T21:37:44+00:00","og_image":[{"url":"http:\/\/www.lospoliticosveracruz.com.mx\/wp-content\/uploads\/2020\/07\/CINTILLO-Armando.jpg","type":"","width":"","height":""}],"author":"Lo viste en Los Pol\u00edticos","twitter_card":"summary_large_image","twitter_creator":"@LosPoliticosVer","twitter_site":"@LosPoliticosVer","twitter_misc":{"Escrito por":"Lo viste en Los Pol\u00edticos","Tiempo de lectura":"4 minutos"},"schema":{"@context":"https:\/\/schema.org","@graph":[{"@type":"Article","@id":"https:\/\/lospoliticosveracruz.com\/?p=58729#article","isPartOf":{"@id":"https:\/\/lospoliticosveracruz.com\/?p=58729"},"author":{"name":"Lo viste en Los Pol\u00edticos","@id":"https:\/\/lospoliticosveracruz.com\/#\/schema\/person\/b8702bb0e538456e6efd07080bf2a4a2"},"headline":"Diputados que se portan mal&#8230;","datePublished":"2020-08-12T21:36:10+00:00","dateModified":"2020-08-12T21:37:44+00:00","mainEntityOfPage":{"@id":"https:\/\/lospoliticosveracruz.com\/?p=58729"},"wordCount":788,"commentCount":0,"publisher":{"@id":"https:\/\/lospoliticosveracruz.com\/#organization"},"image":{"@id":"https:\/\/lospoliticosveracruz.com\/?p=58729#primaryimage"},"thumbnailUrl":"http:\/\/www.lospoliticosveracruz.com.mx\/wp-content\/uploads\/2020\/07\/CINTILLO-Armando.jpg","keywords":["Congreso local","Gladys P\u00e9rez Maldonado","Gustavo Mac\u00edas Zambrano","Jalisco","Magistrados","Marco Antonio Lezama Moo","Poder Judicial","Presidente de la Mesa Directiva","Roberto Dorantes Romero","Rub\u00e9n R\u00edos Uribe","Tribunal Superior de Justicia","Veracruz"],"articleSection":["De Opini\u00f3n"],"inLanguage":"es","potentialAction":[{"@type":"CommentAction","name":"Comment","target":["https:\/\/lospoliticosveracruz.com\/?p=58729#respond"]}]},{"@type":"WebPage","@id":"https:\/\/lospoliticosveracruz.com\/?p=58729","url":"https:\/\/lospoliticosveracruz.com\/?p=58729","name":"Diputados que se portan mal... - Los pol\u00edticos Veracruz","isPartOf":{"@id":"https:\/\/lospoliticosveracruz.com\/#website"},"primaryImageOfPage":{"@id":"https:\/\/lospoliticosveracruz.com\/?p=58729#primaryimage"},"image":{"@id":"https:\/\/lospoliticosveracruz.com\/?p=58729#primaryimage"},"thumbnailUrl":"http:\/\/www.lospoliticosveracruz.com.mx\/wp-content\/uploads\/2020\/07\/CINTILLO-Armando.jpg","datePublished":"2020-08-12T21:36:10+00:00","dateModified":"2020-08-12T21:37:44+00:00","breadcrumb":{"@id":"https:\/\/lospoliticosveracruz.com\/?p=58729#breadcrumb"},"inLanguage":"es","potentialAction":[{"@type":"ReadAction","target":["https:\/\/lospoliticosveracruz.com\/?p=58729"]}]},{"@type":"ImageObject","inLanguage":"es","@id":"https:\/\/lospoliticosveracruz.com\/?p=58729#primaryimage","url":"http:\/\/www.lospoliticosveracruz.com.mx\/wp-content\/uploads\/2020\/07\/CINTILLO-Armando.jpg","contentUrl":"http:\/\/www.lospoliticosveracruz.com.mx\/wp-content\/uploads\/2020\/07\/CINTILLO-Armando.jpg"},{"@type":"BreadcrumbList","@id":"https:\/\/lospoliticosveracruz.com\/?p=58729#breadcrumb","itemListElement":[{"@type":"ListItem","position":1,"name":"Portada","item":"https:\/\/lospoliticosveracruz.com\/"},{"@type":"ListItem","position":2,"name":"Diputados que se portan mal&#8230;"}]},{"@type":"WebSite","@id":"https:\/\/lospoliticosveracruz.com\/#website","url":"https:\/\/lospoliticosveracruz.com\/","name":"Los pol\u00edticos Veracruz","description":"","publisher":{"@id":"https:\/\/lospoliticosveracruz.com\/#organization"},"potentialAction":[{"@type":"SearchAction","target":{"@type":"EntryPoint","urlTemplate":"https:\/\/lospoliticosveracruz.com\/?s={search_term_string}"},"query-input":{"@type":"PropertyValueSpecification","valueRequired":true,"valueName":"search_term_string"}}],"inLanguage":"es"},{"@type":"Organization","@id":"https:\/\/lospoliticosveracruz.com\/#organization","name":"Los pol\u00edticos Veracruz","url":"https:\/\/lospoliticosveracruz.com\/","logo":{"@type":"ImageObject","inLanguage":"es","@id":"https:\/\/lospoliticosveracruz.com\/#\/schema\/logo\/image\/","url":"https:\/\/lospoliticosveracruz.com\/wp-content\/uploads\/2025\/12\/Logo-Nuevo-LOS-POLITICOS-1.jpg","contentUrl":"https:\/\/lospoliticosveracruz.com\/wp-content\/uploads\/2025\/12\/Logo-Nuevo-LOS-POLITICOS-1.jpg","width":260,"height":70,"caption":"Los pol\u00edticos Veracruz"},"image":{"@id":"https:\/\/lospoliticosveracruz.com\/#\/schema\/logo\/image\/"},"sameAs":["https:\/\/www.facebook.com\/people\/Notimemes-de-los-Polticos\/61565672886568\/","https:\/\/x.com\/LosPoliticosVer"]},{"@type":"Person","@id":"https:\/\/lospoliticosveracruz.com\/#\/schema\/person\/b8702bb0e538456e6efd07080bf2a4a2","name":"Lo viste en Los Pol\u00edticos","image":{"@type":"ImageObject","inLanguage":"es","@id":"https:\/\/secure.gravatar.com\/avatar\/3a8de04a2656d44082be478bd6c086daa447c4651605818287b9532d3d0bd435?s=96&d=mm&r=g","url":"https:\/\/secure.gravatar.com\/avatar\/3a8de04a2656d44082be478bd6c086daa447c4651605818287b9532d3d0bd435?s=96&d=mm&r=g","contentUrl":"https:\/\/secure.gravatar.com\/avatar\/3a8de04a2656d44082be478bd6c086daa447c4651605818287b9532d3d0bd435?s=96&d=mm&r=g","caption":"Lo viste en Los Pol\u00edticos"},"url":"https:\/\/lospoliticosveracruz.com\/?author=2"}]}},"_links":{"self":[{"href":"https:\/\/lospoliticosveracruz.com\/index.php?rest_route=\/wp\/v2\/posts\/58729","targetHints":{"allow":["GET"]}}],"collection":[{"href":"https:\/\/lospoliticosveracruz.com\/index.php?rest_route=\/wp\/v2\/posts"}],"about":[{"href":"https:\/\/lospoliticosveracruz.com\/index.php?rest_route=\/wp\/v2\/types\/post"}],"author":[{"embeddable":true,"href":"https:\/\/lospoliticosveracruz.com\/index.php?rest_route=\/wp\/v2\/users\/2"}],"replies":[{"embeddable":true,"href":"https:\/\/lospoliticosveracruz.com\/index.php?rest_route=%2Fwp%2Fv2%2Fcomments&post=58729"}],"version-history":[{"count":3,"href":"https:\/\/lospoliticosveracruz.com\/index.php?rest_route=\/wp\/v2\/posts\/58729\/revisions"}],"predecessor-version":[{"id":58733,"href":"https:\/\/lospoliticosveracruz.com\/index.php?rest_route=\/wp\/v2\/posts\/58729\/revisions\/58733"}],"wp:attachment":[{"href":"https:\/\/lospoliticosveracruz.com\/index.php?rest_route=%2Fwp%2Fv2%2Fmedia&parent=58729"}],"wp:term":[{"taxonomy":"category","embeddable":true,"href":"https:\/\/lospoliticosveracruz.com\/index.php?rest_route=%2Fwp%2Fv2%2Fcategories&post=58729"},{"taxonomy":"post_tag","embeddable":true,"href":"https:\/\/lospoliticosveracruz.com\/index.php?rest_route=%2Fwp%2Fv2%2Ftags&post=58729"}],"curies":[{"name":"wp","href":"https:\/\/api.w.org\/{rel}","templated":true}]}}