{"id":58859,"date":"2020-08-15T14:31:16","date_gmt":"2020-08-15T19:31:16","guid":{"rendered":"http:\/\/www.lospoliticosveracruz.com.mx\/?p=58859"},"modified":"2020-08-15T14:31:16","modified_gmt":"2020-08-15T19:31:16","slug":"fuiste-beneficiario-del-pet-cordoba-aqui-podras-saberlo","status":"publish","type":"post","link":"https:\/\/lospoliticosveracruz.com\/?p=58859","title":{"rendered":"\u00bfFuiste beneficiario del PET C\u00f3rdoba? Aqu\u00ed podr\u00e1s saberlo"},"content":{"rendered":"<p>El Ayuntamiento de C\u00f3rdoba emiti\u00f3 la lista de las y los beneficiarios de la primera etapa del Programa de Empleo Temporal (PET) C\u00f3rdoba Contigo impulsado por la presidenta Leticia L\u00f3pez Landero, y aprobado por el Cabildo, como parte de las acciones implementadas para reactivar la econom\u00eda durante la emergencia sanitaria por COVID19.<\/p>\n<p>&nbsp;<a href=\"https:\/\/cordoba.gob.mx\/site\/\"><img decoding=\"async\" src=\"http:\/\/www.lospoliticosveracruz.com.mx\/wp-content\/uploads\/2020\/08\/Cintillo-C\u00f3rdoba-Cubrebocas.jpg\" alt=\"\"><\/a><\/p>\n<p>Gerardo Garc\u00eda Montero, director de Desarrollo Econ\u00f3mico, inform\u00f3 que las y los beneficiarios con estas plazas laborales eventuales percibir\u00e1n un sueldo mensual de cuatro mil pesos, as\u00ed como el derecho a seguridad social durante el tiempo que dure el contrato, tal y como lo marca la ley.<\/p>\n<p><a href=\"http:\/\/www.lospoliticosveracruz.com.mx\/wp-content\/uploads\/2020\/08\/WhatsApp-Image-2020-08-15-at-14.09.47-2.jpeg\"><img loading=\"lazy\" decoding=\"async\" src=\"http:\/\/www.lospoliticosveracruz.com.mx\/wp-content\/uploads\/2020\/08\/WhatsApp-Image-2020-08-15-at-14.09.47-2.jpeg\" alt=\"WhatsApp Image 2020-08-15 at 14.09.47 (2)\" width=\"1280\" height=\"1280\" class=\"aligncenter size-full wp-image-58865\" \/><\/a><\/p>\n<p><a href=\"http:\/\/www.lospoliticosveracruz.com.mx\/wp-content\/uploads\/2020\/08\/WhatsApp-Image-2020-08-15-at-14.09.48.jpeg\"><img loading=\"lazy\" decoding=\"async\" src=\"http:\/\/www.lospoliticosveracruz.com.mx\/wp-content\/uploads\/2020\/08\/WhatsApp-Image-2020-08-15-at-14.09.48.jpeg\" alt=\"WhatsApp Image 2020-08-15 at 14.09.48\" width=\"1280\" height=\"1280\" class=\"aligncenter size-full wp-image-58864\" \/><\/a><\/p>\n<p>Explic\u00f3 que los trabajos a realizar por este grupo de ciudadanos consistir\u00e1n en chape de \u00e1reas verdes, poda de \u00e1rboles, pintado de guarniciones y barrido para ayudar a mantener limpia y en buenas condiciones la ciudad durante la emergencia sanitaria.<\/p>\n<p><a href=\"http:\/\/www.lospoliticosveracruz.com.mx\/wp-content\/uploads\/2020\/08\/WhatsApp-Image-2020-08-15-at-14.09.48-1.jpeg\"><img loading=\"lazy\" decoding=\"async\" src=\"http:\/\/www.lospoliticosveracruz.com.mx\/wp-content\/uploads\/2020\/08\/WhatsApp-Image-2020-08-15-at-14.09.48-1.jpeg\" alt=\"WhatsApp Image 2020-08-15 at 14.09.48 (1)\" width=\"1280\" height=\"1279\" class=\"aligncenter size-full wp-image-58863\" \/><\/a><\/p>\n<p><a href=\"http:\/\/www.lospoliticosveracruz.com.mx\/wp-content\/uploads\/2020\/08\/WhatsApp-Image-2020-08-15-at-14.09.48-2.jpeg\"><img loading=\"lazy\" decoding=\"async\" src=\"http:\/\/www.lospoliticosveracruz.com.mx\/wp-content\/uploads\/2020\/08\/WhatsApp-Image-2020-08-15-at-14.09.48-2.jpeg\" alt=\"WhatsApp Image 2020-08-15 at 14.09.48 (2)\" width=\"1280\" height=\"1280\" class=\"aligncenter size-full wp-image-58862\" \/><\/a><\/p>\n<p>El titular de la Direcci\u00f3n de Desarrollo Econ\u00f3mico precis\u00f3 que si alg\u00fan ciudadano de los que present\u00f3 documentaci\u00f3n no aparece en la lista, puede llamar a las oficinas de la dependencia municipal, al tel\u00e9fono 271 71 2 11 06 pues probablemente se deba a que falt\u00f3 alg\u00fan documento personal por entregar.<\/p>\n<p><a href=\"http:\/\/www.lospoliticosveracruz.com.mx\/wp-content\/uploads\/2020\/08\/WhatsApp-Image-2020-08-15-at-14.09.47-1.jpeg\"><img loading=\"lazy\" decoding=\"async\" src=\"http:\/\/www.lospoliticosveracruz.com.mx\/wp-content\/uploads\/2020\/08\/WhatsApp-Image-2020-08-15-at-14.09.47-1.jpeg\" alt=\"WhatsApp Image 2020-08-15 at 14.09.47 (1)\" width=\"1280\" height=\"1280\" class=\"aligncenter size-full wp-image-58861\" \/><\/a><\/p>\n<p>Reiter\u00f3 que el objetivo del PET C\u00f3rdoba Contigo es precisamente apoyar a personas que por la emergencia sanitaria perdieron sus ingresos econ\u00f3micos. Apunt\u00f3 que la segunda etapa se realizar\u00e1 en la primera semana de septiembre, por lo que invit\u00f3 a la poblaci\u00f3n a estar pendiente de las fechas para la recepci\u00f3n de documentos de nuevos aspirantes.<\/p>\n","protected":false},"excerpt":{"rendered":"<p>El Ayuntamiento de C\u00f3rdoba emiti\u00f3 la lista de las y los beneficiarios de la primera etapa del Programa de Empleo Temporal (PET) C\u00f3rdoba Contigo impulsado por la presidenta Leticia L\u00f3pez Landero, y aprobado por el Cabildo, como parte de las acciones implementadas para reactivar la econom\u00eda durante la emergencia sanitaria por COVID19. &nbsp; Gerardo Garc\u00eda [&hellip;]<\/p>\n","protected":false},"author":2,"featured_media":0,"comment_status":"open","ping_status":"open","sticky":false,"template":"","format":"standard","meta":{"tdm_status":"","tdm_grid_status":"","footnotes":""},"categories":[73],"tags":[10727,18916,7641,19903],"class_list":{"0":"post-58859","1":"post","2":"type-post","3":"status-publish","4":"format-standard","6":"category-de-boleto","7":"tag-direccion-de-desarrollo-economico","8":"tag-gerardo-garcia-montero","9":"tag-leticia-lopez-landero","10":"tag-programa-de-empleo-temporal-cordoba-contigo"},"yoast_head":"<!-- This site is optimized with the Yoast SEO plugin v27.4 - https:\/\/yoast.com\/product\/yoast-seo-wordpress\/ -->\n<title>\u00bfFuiste beneficiario del PET C\u00f3rdoba? Aqu\u00ed podr\u00e1s saberlo - Los pol\u00edticos Veracruz<\/title>\n<meta name=\"robots\" content=\"index, follow, max-snippet:-1, max-image-preview:large, max-video-preview:-1\" \/>\n<link rel=\"canonical\" href=\"https:\/\/lospoliticosveracruz.com\/?p=58859\" \/>\n<meta property=\"og:locale\" content=\"es_ES\" \/>\n<meta property=\"og:type\" content=\"article\" \/>\n<meta property=\"og:title\" content=\"\u00bfFuiste beneficiario del PET C\u00f3rdoba? Aqu\u00ed podr\u00e1s saberlo - Los pol\u00edticos Veracruz\" \/>\n<meta property=\"og:description\" content=\"El Ayuntamiento de C\u00f3rdoba emiti\u00f3 la lista de las y los beneficiarios de la primera etapa del Programa de Empleo Temporal (PET) C\u00f3rdoba Contigo impulsado por la presidenta Leticia L\u00f3pez Landero, y aprobado por el Cabildo, como parte de las acciones implementadas para reactivar la econom\u00eda durante la emergencia sanitaria por COVID19. &nbsp; Gerardo Garc\u00eda [&hellip;]\" \/>\n<meta property=\"og:url\" content=\"https:\/\/lospoliticosveracruz.com\/?p=58859\" \/>\n<meta property=\"og:site_name\" content=\"Los pol\u00edticos Veracruz\" \/>\n<meta property=\"article:publisher\" content=\"https:\/\/www.facebook.com\/people\/Notimemes-de-los-Polticos\/61565672886568\/\" \/>\n<meta property=\"article:published_time\" content=\"2020-08-15T19:31:16+00:00\" \/>\n<meta property=\"og:image\" content=\"http:\/\/www.lospoliticosveracruz.com.mx\/wp-content\/uploads\/2020\/08\/WhatsApp-Image-2020-08-15-at-14.09.47-2.jpeg\" \/>\n<meta name=\"author\" content=\"Lo viste en Los Pol\u00edticos\" \/>\n<meta name=\"twitter:card\" content=\"summary_large_image\" \/>\n<meta name=\"twitter:creator\" content=\"@LosPoliticosVer\" \/>\n<meta name=\"twitter:site\" content=\"@LosPoliticosVer\" \/>\n<meta name=\"twitter:label1\" content=\"Escrito por\" \/>\n\t<meta name=\"twitter:data1\" content=\"Lo viste en Los Pol\u00edticos\" \/>\n\t<meta name=\"twitter:label2\" content=\"Tiempo de lectura\" \/>\n\t<meta name=\"twitter:data2\" content=\"1 minuto\" \/>\n<script type=\"application\/ld+json\" class=\"yoast-schema-graph\">{\"@context\":\"https:\\\/\\\/schema.org\",\"@graph\":[{\"@type\":\"Article\",\"@id\":\"https:\\\/\\\/lospoliticosveracruz.com\\\/?p=58859#article\",\"isPartOf\":{\"@id\":\"https:\\\/\\\/lospoliticosveracruz.com\\\/?p=58859\"},\"author\":{\"name\":\"Lo viste en Los Pol\u00edticos\",\"@id\":\"https:\\\/\\\/lospoliticosveracruz.com\\\/#\\\/schema\\\/person\\\/b8702bb0e538456e6efd07080bf2a4a2\"},\"headline\":\"\u00bfFuiste beneficiario del PET C\u00f3rdoba? Aqu\u00ed podr\u00e1s saberlo\",\"datePublished\":\"2020-08-15T19:31:16+00:00\",\"mainEntityOfPage\":{\"@id\":\"https:\\\/\\\/lospoliticosveracruz.com\\\/?p=58859\"},\"wordCount\":270,\"commentCount\":0,\"publisher\":{\"@id\":\"https:\\\/\\\/lospoliticosveracruz.com\\\/#organization\"},\"image\":{\"@id\":\"https:\\\/\\\/lospoliticosveracruz.com\\\/?p=58859#primaryimage\"},\"thumbnailUrl\":\"http:\\\/\\\/www.lospoliticosveracruz.com.mx\\\/wp-content\\\/uploads\\\/2020\\\/08\\\/WhatsApp-Image-2020-08-15-at-14.09.47-2.jpeg\",\"keywords\":[\"Direcci\u00f3n de Desarrollo Econ\u00f3mico\",\"Gerardo Garc\u00eda Montero\",\"Leticia L\u00f3pez Landero\",\"Programa de Empleo Temporal C\u00f3rdoba Contigo\"],\"articleSection\":[\"De Boleto\"],\"inLanguage\":\"es\",\"potentialAction\":[{\"@type\":\"CommentAction\",\"name\":\"Comment\",\"target\":[\"https:\\\/\\\/lospoliticosveracruz.com\\\/?p=58859#respond\"]}]},{\"@type\":\"WebPage\",\"@id\":\"https:\\\/\\\/lospoliticosveracruz.com\\\/?p=58859\",\"url\":\"https:\\\/\\\/lospoliticosveracruz.com\\\/?p=58859\",\"name\":\"\u00bfFuiste beneficiario del PET C\u00f3rdoba? Aqu\u00ed podr\u00e1s saberlo - Los pol\u00edticos Veracruz\",\"isPartOf\":{\"@id\":\"https:\\\/\\\/lospoliticosveracruz.com\\\/#website\"},\"primaryImageOfPage\":{\"@id\":\"https:\\\/\\\/lospoliticosveracruz.com\\\/?p=58859#primaryimage\"},\"image\":{\"@id\":\"https:\\\/\\\/lospoliticosveracruz.com\\\/?p=58859#primaryimage\"},\"thumbnailUrl\":\"http:\\\/\\\/www.lospoliticosveracruz.com.mx\\\/wp-content\\\/uploads\\\/2020\\\/08\\\/WhatsApp-Image-2020-08-15-at-14.09.47-2.jpeg\",\"datePublished\":\"2020-08-15T19:31:16+00:00\",\"breadcrumb\":{\"@id\":\"https:\\\/\\\/lospoliticosveracruz.com\\\/?p=58859#breadcrumb\"},\"inLanguage\":\"es\",\"potentialAction\":[{\"@type\":\"ReadAction\",\"target\":[\"https:\\\/\\\/lospoliticosveracruz.com\\\/?p=58859\"]}]},{\"@type\":\"ImageObject\",\"inLanguage\":\"es\",\"@id\":\"https:\\\/\\\/lospoliticosveracruz.com\\\/?p=58859#primaryimage\",\"url\":\"http:\\\/\\\/www.lospoliticosveracruz.com.mx\\\/wp-content\\\/uploads\\\/2020\\\/08\\\/WhatsApp-Image-2020-08-15-at-14.09.47-2.jpeg\",\"contentUrl\":\"http:\\\/\\\/www.lospoliticosveracruz.com.mx\\\/wp-content\\\/uploads\\\/2020\\\/08\\\/WhatsApp-Image-2020-08-15-at-14.09.47-2.jpeg\"},{\"@type\":\"BreadcrumbList\",\"@id\":\"https:\\\/\\\/lospoliticosveracruz.com\\\/?p=58859#breadcrumb\",\"itemListElement\":[{\"@type\":\"ListItem\",\"position\":1,\"name\":\"Portada\",\"item\":\"https:\\\/\\\/lospoliticosveracruz.com\\\/\"},{\"@type\":\"ListItem\",\"position\":2,\"name\":\"\u00bfFuiste beneficiario del PET C\u00f3rdoba? Aqu\u00ed podr\u00e1s saberlo\"}]},{\"@type\":\"WebSite\",\"@id\":\"https:\\\/\\\/lospoliticosveracruz.com\\\/#website\",\"url\":\"https:\\\/\\\/lospoliticosveracruz.com\\\/\",\"name\":\"Los pol\u00edticos Veracruz\",\"description\":\"\",\"publisher\":{\"@id\":\"https:\\\/\\\/lospoliticosveracruz.com\\\/#organization\"},\"potentialAction\":[{\"@type\":\"SearchAction\",\"target\":{\"@type\":\"EntryPoint\",\"urlTemplate\":\"https:\\\/\\\/lospoliticosveracruz.com\\\/?s={search_term_string}\"},\"query-input\":{\"@type\":\"PropertyValueSpecification\",\"valueRequired\":true,\"valueName\":\"search_term_string\"}}],\"inLanguage\":\"es\"},{\"@type\":\"Organization\",\"@id\":\"https:\\\/\\\/lospoliticosveracruz.com\\\/#organization\",\"name\":\"Los pol\u00edticos Veracruz\",\"url\":\"https:\\\/\\\/lospoliticosveracruz.com\\\/\",\"logo\":{\"@type\":\"ImageObject\",\"inLanguage\":\"es\",\"@id\":\"https:\\\/\\\/lospoliticosveracruz.com\\\/#\\\/schema\\\/logo\\\/image\\\/\",\"url\":\"https:\\\/\\\/lospoliticosveracruz.com\\\/wp-content\\\/uploads\\\/2025\\\/12\\\/Logo-Nuevo-LOS-POLITICOS-1.jpg\",\"contentUrl\":\"https:\\\/\\\/lospoliticosveracruz.com\\\/wp-content\\\/uploads\\\/2025\\\/12\\\/Logo-Nuevo-LOS-POLITICOS-1.jpg\",\"width\":260,\"height\":70,\"caption\":\"Los pol\u00edticos Veracruz\"},\"image\":{\"@id\":\"https:\\\/\\\/lospoliticosveracruz.com\\\/#\\\/schema\\\/logo\\\/image\\\/\"},\"sameAs\":[\"https:\\\/\\\/www.facebook.com\\\/people\\\/Notimemes-de-los-Polticos\\\/61565672886568\\\/\",\"https:\\\/\\\/x.com\\\/LosPoliticosVer\"]},{\"@type\":\"Person\",\"@id\":\"https:\\\/\\\/lospoliticosveracruz.com\\\/#\\\/schema\\\/person\\\/b8702bb0e538456e6efd07080bf2a4a2\",\"name\":\"Lo viste en Los Pol\u00edticos\",\"image\":{\"@type\":\"ImageObject\",\"inLanguage\":\"es\",\"@id\":\"https:\\\/\\\/secure.gravatar.com\\\/avatar\\\/3a8de04a2656d44082be478bd6c086daa447c4651605818287b9532d3d0bd435?s=96&d=mm&r=g\",\"url\":\"https:\\\/\\\/secure.gravatar.com\\\/avatar\\\/3a8de04a2656d44082be478bd6c086daa447c4651605818287b9532d3d0bd435?s=96&d=mm&r=g\",\"contentUrl\":\"https:\\\/\\\/secure.gravatar.com\\\/avatar\\\/3a8de04a2656d44082be478bd6c086daa447c4651605818287b9532d3d0bd435?s=96&d=mm&r=g\",\"caption\":\"Lo viste en Los Pol\u00edticos\"},\"url\":\"https:\\\/\\\/lospoliticosveracruz.com\\\/?author=2\"}]}<\/script>\n<!-- \/ Yoast SEO plugin. -->","yoast_head_json":{"title":"\u00bfFuiste beneficiario del PET C\u00f3rdoba? Aqu\u00ed podr\u00e1s saberlo - Los pol\u00edticos Veracruz","robots":{"index":"index","follow":"follow","max-snippet":"max-snippet:-1","max-image-preview":"max-image-preview:large","max-video-preview":"max-video-preview:-1"},"canonical":"https:\/\/lospoliticosveracruz.com\/?p=58859","og_locale":"es_ES","og_type":"article","og_title":"\u00bfFuiste beneficiario del PET C\u00f3rdoba? Aqu\u00ed podr\u00e1s saberlo - Los pol\u00edticos Veracruz","og_description":"El Ayuntamiento de C\u00f3rdoba emiti\u00f3 la lista de las y los beneficiarios de la primera etapa del Programa de Empleo Temporal (PET) C\u00f3rdoba Contigo impulsado por la presidenta Leticia L\u00f3pez Landero, y aprobado por el Cabildo, como parte de las acciones implementadas para reactivar la econom\u00eda durante la emergencia sanitaria por COVID19. &nbsp; Gerardo Garc\u00eda [&hellip;]","og_url":"https:\/\/lospoliticosveracruz.com\/?p=58859","og_site_name":"Los pol\u00edticos Veracruz","article_publisher":"https:\/\/www.facebook.com\/people\/Notimemes-de-los-Polticos\/61565672886568\/","article_published_time":"2020-08-15T19:31:16+00:00","og_image":[{"url":"http:\/\/www.lospoliticosveracruz.com.mx\/wp-content\/uploads\/2020\/08\/WhatsApp-Image-2020-08-15-at-14.09.47-2.jpeg","type":"","width":"","height":""}],"author":"Lo viste en Los Pol\u00edticos","twitter_card":"summary_large_image","twitter_creator":"@LosPoliticosVer","twitter_site":"@LosPoliticosVer","twitter_misc":{"Escrito por":"Lo viste en Los Pol\u00edticos","Tiempo de lectura":"1 minuto"},"schema":{"@context":"https:\/\/schema.org","@graph":[{"@type":"Article","@id":"https:\/\/lospoliticosveracruz.com\/?p=58859#article","isPartOf":{"@id":"https:\/\/lospoliticosveracruz.com\/?p=58859"},"author":{"name":"Lo viste en Los Pol\u00edticos","@id":"https:\/\/lospoliticosveracruz.com\/#\/schema\/person\/b8702bb0e538456e6efd07080bf2a4a2"},"headline":"\u00bfFuiste beneficiario del PET C\u00f3rdoba? Aqu\u00ed podr\u00e1s saberlo","datePublished":"2020-08-15T19:31:16+00:00","mainEntityOfPage":{"@id":"https:\/\/lospoliticosveracruz.com\/?p=58859"},"wordCount":270,"commentCount":0,"publisher":{"@id":"https:\/\/lospoliticosveracruz.com\/#organization"},"image":{"@id":"https:\/\/lospoliticosveracruz.com\/?p=58859#primaryimage"},"thumbnailUrl":"http:\/\/www.lospoliticosveracruz.com.mx\/wp-content\/uploads\/2020\/08\/WhatsApp-Image-2020-08-15-at-14.09.47-2.jpeg","keywords":["Direcci\u00f3n de Desarrollo Econ\u00f3mico","Gerardo Garc\u00eda Montero","Leticia L\u00f3pez Landero","Programa de Empleo Temporal C\u00f3rdoba Contigo"],"articleSection":["De Boleto"],"inLanguage":"es","potentialAction":[{"@type":"CommentAction","name":"Comment","target":["https:\/\/lospoliticosveracruz.com\/?p=58859#respond"]}]},{"@type":"WebPage","@id":"https:\/\/lospoliticosveracruz.com\/?p=58859","url":"https:\/\/lospoliticosveracruz.com\/?p=58859","name":"\u00bfFuiste beneficiario del PET C\u00f3rdoba? Aqu\u00ed podr\u00e1s saberlo - Los pol\u00edticos Veracruz","isPartOf":{"@id":"https:\/\/lospoliticosveracruz.com\/#website"},"primaryImageOfPage":{"@id":"https:\/\/lospoliticosveracruz.com\/?p=58859#primaryimage"},"image":{"@id":"https:\/\/lospoliticosveracruz.com\/?p=58859#primaryimage"},"thumbnailUrl":"http:\/\/www.lospoliticosveracruz.com.mx\/wp-content\/uploads\/2020\/08\/WhatsApp-Image-2020-08-15-at-14.09.47-2.jpeg","datePublished":"2020-08-15T19:31:16+00:00","breadcrumb":{"@id":"https:\/\/lospoliticosveracruz.com\/?p=58859#breadcrumb"},"inLanguage":"es","potentialAction":[{"@type":"ReadAction","target":["https:\/\/lospoliticosveracruz.com\/?p=58859"]}]},{"@type":"ImageObject","inLanguage":"es","@id":"https:\/\/lospoliticosveracruz.com\/?p=58859#primaryimage","url":"http:\/\/www.lospoliticosveracruz.com.mx\/wp-content\/uploads\/2020\/08\/WhatsApp-Image-2020-08-15-at-14.09.47-2.jpeg","contentUrl":"http:\/\/www.lospoliticosveracruz.com.mx\/wp-content\/uploads\/2020\/08\/WhatsApp-Image-2020-08-15-at-14.09.47-2.jpeg"},{"@type":"BreadcrumbList","@id":"https:\/\/lospoliticosveracruz.com\/?p=58859#breadcrumb","itemListElement":[{"@type":"ListItem","position":1,"name":"Portada","item":"https:\/\/lospoliticosveracruz.com\/"},{"@type":"ListItem","position":2,"name":"\u00bfFuiste beneficiario del PET C\u00f3rdoba? Aqu\u00ed podr\u00e1s saberlo"}]},{"@type":"WebSite","@id":"https:\/\/lospoliticosveracruz.com\/#website","url":"https:\/\/lospoliticosveracruz.com\/","name":"Los pol\u00edticos Veracruz","description":"","publisher":{"@id":"https:\/\/lospoliticosveracruz.com\/#organization"},"potentialAction":[{"@type":"SearchAction","target":{"@type":"EntryPoint","urlTemplate":"https:\/\/lospoliticosveracruz.com\/?s={search_term_string}"},"query-input":{"@type":"PropertyValueSpecification","valueRequired":true,"valueName":"search_term_string"}}],"inLanguage":"es"},{"@type":"Organization","@id":"https:\/\/lospoliticosveracruz.com\/#organization","name":"Los pol\u00edticos Veracruz","url":"https:\/\/lospoliticosveracruz.com\/","logo":{"@type":"ImageObject","inLanguage":"es","@id":"https:\/\/lospoliticosveracruz.com\/#\/schema\/logo\/image\/","url":"https:\/\/lospoliticosveracruz.com\/wp-content\/uploads\/2025\/12\/Logo-Nuevo-LOS-POLITICOS-1.jpg","contentUrl":"https:\/\/lospoliticosveracruz.com\/wp-content\/uploads\/2025\/12\/Logo-Nuevo-LOS-POLITICOS-1.jpg","width":260,"height":70,"caption":"Los pol\u00edticos Veracruz"},"image":{"@id":"https:\/\/lospoliticosveracruz.com\/#\/schema\/logo\/image\/"},"sameAs":["https:\/\/www.facebook.com\/people\/Notimemes-de-los-Polticos\/61565672886568\/","https:\/\/x.com\/LosPoliticosVer"]},{"@type":"Person","@id":"https:\/\/lospoliticosveracruz.com\/#\/schema\/person\/b8702bb0e538456e6efd07080bf2a4a2","name":"Lo viste en Los Pol\u00edticos","image":{"@type":"ImageObject","inLanguage":"es","@id":"https:\/\/secure.gravatar.com\/avatar\/3a8de04a2656d44082be478bd6c086daa447c4651605818287b9532d3d0bd435?s=96&d=mm&r=g","url":"https:\/\/secure.gravatar.com\/avatar\/3a8de04a2656d44082be478bd6c086daa447c4651605818287b9532d3d0bd435?s=96&d=mm&r=g","contentUrl":"https:\/\/secure.gravatar.com\/avatar\/3a8de04a2656d44082be478bd6c086daa447c4651605818287b9532d3d0bd435?s=96&d=mm&r=g","caption":"Lo viste en Los Pol\u00edticos"},"url":"https:\/\/lospoliticosveracruz.com\/?author=2"}]}},"_links":{"self":[{"href":"https:\/\/lospoliticosveracruz.com\/index.php?rest_route=\/wp\/v2\/posts\/58859","targetHints":{"allow":["GET"]}}],"collection":[{"href":"https:\/\/lospoliticosveracruz.com\/index.php?rest_route=\/wp\/v2\/posts"}],"about":[{"href":"https:\/\/lospoliticosveracruz.com\/index.php?rest_route=\/wp\/v2\/types\/post"}],"author":[{"embeddable":true,"href":"https:\/\/lospoliticosveracruz.com\/index.php?rest_route=\/wp\/v2\/users\/2"}],"replies":[{"embeddable":true,"href":"https:\/\/lospoliticosveracruz.com\/index.php?rest_route=%2Fwp%2Fv2%2Fcomments&post=58859"}],"version-history":[{"count":1,"href":"https:\/\/lospoliticosveracruz.com\/index.php?rest_route=\/wp\/v2\/posts\/58859\/revisions"}],"predecessor-version":[{"id":58866,"href":"https:\/\/lospoliticosveracruz.com\/index.php?rest_route=\/wp\/v2\/posts\/58859\/revisions\/58866"}],"wp:attachment":[{"href":"https:\/\/lospoliticosveracruz.com\/index.php?rest_route=%2Fwp%2Fv2%2Fmedia&parent=58859"}],"wp:term":[{"taxonomy":"category","embeddable":true,"href":"https:\/\/lospoliticosveracruz.com\/index.php?rest_route=%2Fwp%2Fv2%2Fcategories&post=58859"},{"taxonomy":"post_tag","embeddable":true,"href":"https:\/\/lospoliticosveracruz.com\/index.php?rest_route=%2Fwp%2Fv2%2Ftags&post=58859"}],"curies":[{"name":"wp","href":"https:\/\/api.w.org\/{rel}","templated":true}]}}