{"id":58867,"date":"2020-08-15T15:30:42","date_gmt":"2020-08-15T20:30:42","guid":{"rendered":"http:\/\/www.lospoliticosveracruz.com.mx\/?p=58867"},"modified":"2020-08-15T22:28:07","modified_gmt":"2020-08-16T03:28:07","slug":"ssa-tardes-negras","status":"publish","type":"post","link":"https:\/\/lospoliticosveracruz.com\/?p=58867","title":{"rendered":"SSA \u00abtardes negras\u00bb&#8230;"},"content":{"rendered":"<p><strong>Ricardo Chua<\/strong><\/p>\n<p><em>Sale y vale<\/em><\/p>\n<p>OJO&#8230; Ya nos tienen \u00abjodidos\u00bb el COVID con una gran cantidad de contagios y fallecimientos para que ahora el \u00abGeneral Tlaloc\u00bb quiera hacer de las suyas en Veracruz&#8230; Todo este fin de semana, ser\u00e1 muy importante para saber, si la crecida de los r\u00edos, que pasan el territorio estatal ser\u00e1n lo suficientemente enormes para causar graves estragos en la entidad.. Que pueda provocar desgracias personales y en el patrimonio de los \u00abjarochos\u00bb&#8230; Qu\u00e9 pecado estamos pagando para que ahora sean las lluvias e inundaciones, las que afecten&#8230;<\/p>\n<p><a href=\"https:\/\/www.facebook.com\/notaria61veracruz\/\"><img decoding=\"async\" src=\"http:\/\/www.lospoliticosveracruz.com.mx\/wp-content\/uploads\/2020\/07\/CINTILLO-Armando.jpg\" alt=\"\" \/><\/a><\/p>\n<p>SSA \u00abTARDES NEGRAS\u00bb&#8230; Vaya conflicto que se viene encima al titular de la Secretar\u00eda de Salud en Veracruz, Roberto Ramos Alor, adem\u00e1s de la pandemia del Coronavirus&#8230; Con el tema de las lluvias que se presentan en Veracruz, puede volver haber un brote de dengue en la entidad&#8230; Ya de por s\u00ed, en P\u00e1nuco, se han presentado casos de COVID-DENGUE, imaginen nada m\u00e1s esa enfermedad, ahora con la cantidad de agua encharcada en municipios&#8230; Este virus se puede presentar de manera m\u00e1s agresiva&#8230; Parece que tiene a DIOS DE ESPALDAS&#8230;<\/p>\n<p>Pero eso no es todo, al parecer, las cosas para el doctor Ramos Alor, no andan del todo bien&#8230; Ya que su \u00abmadrina\u00bb, Rocio Nahle est\u00e1 enferma de COVID de manera asintom\u00e1tica, pero, no lo puede defender de toda la \u00abmetralla\u00bb contra en el gobierno estatal&#8230; Pero independiente de ese tema, tambi\u00e9n es la situaci\u00f3n, que en el pr\u00f3ximo mes, es cuando se empiezan a presentar los primeros casos de Influenza&#8230; Y no se sabe, si hay vacunas en el sector salud de la entidad&#8230;<\/p>\n<p>Que meses m\u00e1s \u00abnegros\u00bb se esperan para Veracruz&#8230; COVID, dengue e influenza juntas en un territorio donde viven 8 millones de veracruzanos, con sintomatolog\u00eda similar, igual de graves, porque ha quedado comprobado que las 3 enfermedades pueden ser letales&#8230; Que va a pasar&#8230; Con esos casos, no habr\u00e1 reuniones familiares en navidad y a\u00f1o nuevo&#8230; No estaremos de gane, ya que pareciera que es un PANDEMONIUM y esto apenas inicia&#8230; DIOS BENDIGA A VERACRUZ&#8230;<\/p>\n<p>MOLOACAN, LA \u00abSECUELA\u00bb DE ACTOPAN&#8230; Nos cuenta el poderoso \u00abAnimal Peligroso\u00bb&#8230; Que derivado de todo lo que sucedi\u00f3 en el municipio de Actopan, cuando desde el Congreso del Estado, Juan Javier G\u00f3mez Cazar\u00edn y Domingo Bahena, cometieron la \u00abBURRADA LEGAL\u00bb de dejar como alcalde al regidor tercero de esa comuna, por as\u00ed convenir a sus intereses, y no al alcalde suplente, cuando el propietario fue desaforado&#8230; Ahora en Moloacan, gobernado por MORENA, se quiere hacer lo mismo&#8230;<\/p>\n<p>Hay que recordar que apenas el pasado domingo, falleci\u00f3 v\u00edctima del Coronavirus, la presidenta municipal de Moloacan, V\u00edctoria Rasgado&#8230; Dejando ac\u00e9fala la alcald\u00eda al sur de Veracruz&#8230; Pero al parecer, ni bien enterraban sus restos mortales, cuando empez\u00f3 el \u00abzopiloteo\u00bb de funcionarios municipales para quedarse con el lugar de la alcalde y no dejar llegar a la suplente&#8230; As\u00ed de wevos&#8230; NO MMN&#8230; PINCHES CAN\u00cdBALES MORENOS&#8230;<\/p>\n<p>Nos cuentan que no hab\u00edan pasado, ni siquiera 12 horas, de que enterraron a la alcaldesa.. Cuando el s\u00edndico \u00danico, Apolinar Lara de Jes\u00fas, agarr\u00f3 su carro, junto con ayudantes y se enfil\u00f3 a Xalapa&#8230; Donde hab\u00eda concretado citas para entrevistarse con \u00abpersonajes importantes\u00bb dentro del Congreso del Estado, para plantear la posibilidad, para que \u00e9l suba a la alcald\u00eda&#8230; Y que a la suplente de Vicxky Rasgado, Carmen Prieto Mortera.. Le apliquen la misma que aplicaron al suplente de Actopan, Jos\u00e9 Alfredo L\u00f3pez Carreto&#8230; FUERA&#8230;.<\/p>\n<p>Al final, qu\u00e9 puede pasar, una \u00abraya m\u00e1s al tigre\u00bb&#8230; Si en el Congreso Local de Veracruz, manejado por una \u00abhorda\u00bb de pol\u00edticos \u00abcavern\u00edcolas\u00bb, ha enga\u00f1ado a Ministros de la Suprema Corte de Justicia de la Naci\u00f3n, con el tema de la renovaci\u00f3n de Magistrados, de manera ilegal, del Poder Judicial del Estado&#8230; Qu\u00e9 les puede \u00abcostar\u00bb volver a realizar un \u00abEfecto Actopan\u00bb en municipios m\u00e1s chicos, como lo es Moloacan, en el sur de la entidad&#8230; Si no va a pasar nada y no les van hacer nada&#8230;<\/p>\n<p>Se dice que la cita que tuvo Apolinar Lara fue PRESUNTAMENTE con los asesores y colaboradores de la Presidencia de la Junta de Coordinaci\u00f3n Pol\u00edtica del Congreso Local, manejada por Juan Javier G\u00f3mez Cazar\u00edn&#8230; Que con esto se ve, que ni a los suyos respeta.. Le vale sean Morenos, panistas o priistas&#8230; Quiere todas las \u00abcanicas\u00bb para \u00e9l&#8230; Y qui\u00e9n estuvo en la misma reuni\u00f3n, dicen, fue Domingo Bahena&#8230; El secretario General de la Legislatura del Estado, el \u00abgestor\u00bb del conflicto de Actopan&#8230; QUE BARBAROS&#8230;<\/p>\n<p>Obvio que Apolinar Lara en las reuniones con estos personajes, PRESUNTAMENTE, est\u00e1 presentando una serie de hechos y argumentos \u00ablegaloides\u00bb para que Prieto Mortera, no tome protesta como alcaldesa, el pr\u00f3ximo martes, hasta la ha \u00abgrillado\u00bb pol\u00edticamente, se\u00f1alando que si se queda en el lugar de la reci\u00e9n desaparecida, Vicky Rasgado, el municipio y distrito se pueden perder para MORENA en la elecci\u00f3n del 2021, tanto el local y federal, que OGT..<\/p>\n<p>Si bien cierto el s\u00edndico es un fuerte factor pol\u00edtico de los Morenos&#8230; Finalmente, lo que pretende hacer es una ilegalidad para impedir la llegada del suplente&#8230; Aplicando la misma que Actopan&#8230; Buscando \u00abamafiados\u00bb a personajes que hicieron ese \u00abtamal\u00bb actope\u00f1o hace unos meses en el Congreso Local&#8230; Que dar\u00e1 a cambio&#8230; Ja Ja Ja&#8230; Eso ni dudarlo.. En esta vida nada es gratis&#8230; Menos en pol\u00edtica&#8230; Y con MORENA peor&#8230; Ojal\u00e1 el legado de Vicky Rasgado, no se pierda en manos de truhanes.. AMEN&#8230;<\/p>\n","protected":false},"excerpt":{"rendered":"<p>Ricardo Chua Sale y vale OJO&#8230; Ya nos tienen \u00abjodidos\u00bb el COVID con una gran cantidad de contagios y fallecimientos para que ahora el \u00abGeneral Tlaloc\u00bb quiera hacer de las suyas en Veracruz&#8230; Todo este fin de semana, ser\u00e1 muy importante para saber, si la crecida de los r\u00edos, que pasan el territorio estatal ser\u00e1n [&hellip;]<\/p>\n","protected":false},"author":2,"featured_media":0,"comment_status":"open","ping_status":"open","sticky":false,"template":"","format":"standard","meta":{"tdm_status":"","tdm_grid_status":"","footnotes":""},"categories":[70],"tags":[19907,19904,16898,19905,17376,14636,16929,13604,12606,995,195],"class_list":{"0":"post-58867","1":"post","2":"type-post","3":"status-publish","4":"format-standard","6":"category-de-opinion","7":"tag-carmen-prieto-mortera","8":"tag-covid-dengue","9":"tag-jose-alfredo-lopez-carreto","10":"tag-juan-javier-gomez-cazarin-y-domingo-bahena","11":"tag-moloacan","12":"tag-opinion","13":"tag-pandemia","14":"tag-ricardo-chua","15":"tag-roberto-ramos-alor","16":"tag-secretaria-de-salud","17":"tag-veracruz"},"yoast_head":"<!-- This site is optimized with the Yoast SEO plugin v27.4 - https:\/\/yoast.com\/product\/yoast-seo-wordpress\/ -->\n<title>SSA &quot;tardes negras&quot;... - Los pol\u00edticos Veracruz<\/title>\n<meta name=\"robots\" content=\"index, follow, max-snippet:-1, max-image-preview:large, max-video-preview:-1\" \/>\n<link rel=\"canonical\" href=\"https:\/\/lospoliticosveracruz.com\/?p=58867\" \/>\n<meta property=\"og:locale\" content=\"es_ES\" \/>\n<meta property=\"og:type\" content=\"article\" \/>\n<meta property=\"og:title\" content=\"SSA &quot;tardes negras&quot;... - Los pol\u00edticos Veracruz\" \/>\n<meta property=\"og:description\" content=\"Ricardo Chua Sale y vale OJO&#8230; Ya nos tienen \u00abjodidos\u00bb el COVID con una gran cantidad de contagios y fallecimientos para que ahora el \u00abGeneral Tlaloc\u00bb quiera hacer de las suyas en Veracruz&#8230; Todo este fin de semana, ser\u00e1 muy importante para saber, si la crecida de los r\u00edos, que pasan el territorio estatal ser\u00e1n [&hellip;]\" \/>\n<meta property=\"og:url\" content=\"https:\/\/lospoliticosveracruz.com\/?p=58867\" \/>\n<meta property=\"og:site_name\" content=\"Los pol\u00edticos Veracruz\" \/>\n<meta property=\"article:publisher\" content=\"https:\/\/www.facebook.com\/people\/Notimemes-de-los-Polticos\/61565672886568\/\" \/>\n<meta property=\"article:published_time\" content=\"2020-08-15T20:30:42+00:00\" \/>\n<meta property=\"article:modified_time\" content=\"2020-08-16T03:28:07+00:00\" \/>\n<meta property=\"og:image\" content=\"http:\/\/www.lospoliticosveracruz.com.mx\/wp-content\/uploads\/2020\/07\/CINTILLO-Armando.jpg\" \/>\n<meta name=\"author\" content=\"Lo viste en Los Pol\u00edticos\" \/>\n<meta name=\"twitter:card\" content=\"summary_large_image\" \/>\n<meta name=\"twitter:creator\" content=\"@LosPoliticosVer\" \/>\n<meta name=\"twitter:site\" content=\"@LosPoliticosVer\" \/>\n<meta name=\"twitter:label1\" content=\"Escrito por\" \/>\n\t<meta name=\"twitter:data1\" content=\"Lo viste en Los Pol\u00edticos\" \/>\n\t<meta name=\"twitter:label2\" content=\"Tiempo de lectura\" \/>\n\t<meta name=\"twitter:data2\" content=\"5 minutos\" \/>\n<script type=\"application\/ld+json\" class=\"yoast-schema-graph\">{\"@context\":\"https:\\\/\\\/schema.org\",\"@graph\":[{\"@type\":\"Article\",\"@id\":\"https:\\\/\\\/lospoliticosveracruz.com\\\/?p=58867#article\",\"isPartOf\":{\"@id\":\"https:\\\/\\\/lospoliticosveracruz.com\\\/?p=58867\"},\"author\":{\"name\":\"Lo viste en Los Pol\u00edticos\",\"@id\":\"https:\\\/\\\/lospoliticosveracruz.com\\\/#\\\/schema\\\/person\\\/b8702bb0e538456e6efd07080bf2a4a2\"},\"headline\":\"SSA \u00abtardes negras\u00bb&#8230;\",\"datePublished\":\"2020-08-15T20:30:42+00:00\",\"dateModified\":\"2020-08-16T03:28:07+00:00\",\"mainEntityOfPage\":{\"@id\":\"https:\\\/\\\/lospoliticosveracruz.com\\\/?p=58867\"},\"wordCount\":949,\"commentCount\":0,\"publisher\":{\"@id\":\"https:\\\/\\\/lospoliticosveracruz.com\\\/#organization\"},\"image\":{\"@id\":\"https:\\\/\\\/lospoliticosveracruz.com\\\/?p=58867#primaryimage\"},\"thumbnailUrl\":\"http:\\\/\\\/www.lospoliticosveracruz.com.mx\\\/wp-content\\\/uploads\\\/2020\\\/07\\\/CINTILLO-Armando.jpg\",\"keywords\":[\"Carmen Prieto Mortera\",\"COVID-DENGUE\",\"Jos\u00e9 Alfredo L\u00f3pez Carreto\",\"Juan Javier G\u00f3mez Cazar\u00edn y Domingo Bahena\",\"Moloac\u00e1n\",\"Opini\u00f3n\",\"pandemia\",\"Ricardo Ch\u00faa\",\"Roberto Ramos Alor\",\"Secretar\u00eda de Salud\",\"Veracruz\"],\"articleSection\":[\"De Opini\u00f3n\"],\"inLanguage\":\"es\",\"potentialAction\":[{\"@type\":\"CommentAction\",\"name\":\"Comment\",\"target\":[\"https:\\\/\\\/lospoliticosveracruz.com\\\/?p=58867#respond\"]}]},{\"@type\":\"WebPage\",\"@id\":\"https:\\\/\\\/lospoliticosveracruz.com\\\/?p=58867\",\"url\":\"https:\\\/\\\/lospoliticosveracruz.com\\\/?p=58867\",\"name\":\"SSA \\\"tardes negras\\\"... - Los pol\u00edticos Veracruz\",\"isPartOf\":{\"@id\":\"https:\\\/\\\/lospoliticosveracruz.com\\\/#website\"},\"primaryImageOfPage\":{\"@id\":\"https:\\\/\\\/lospoliticosveracruz.com\\\/?p=58867#primaryimage\"},\"image\":{\"@id\":\"https:\\\/\\\/lospoliticosveracruz.com\\\/?p=58867#primaryimage\"},\"thumbnailUrl\":\"http:\\\/\\\/www.lospoliticosveracruz.com.mx\\\/wp-content\\\/uploads\\\/2020\\\/07\\\/CINTILLO-Armando.jpg\",\"datePublished\":\"2020-08-15T20:30:42+00:00\",\"dateModified\":\"2020-08-16T03:28:07+00:00\",\"breadcrumb\":{\"@id\":\"https:\\\/\\\/lospoliticosveracruz.com\\\/?p=58867#breadcrumb\"},\"inLanguage\":\"es\",\"potentialAction\":[{\"@type\":\"ReadAction\",\"target\":[\"https:\\\/\\\/lospoliticosveracruz.com\\\/?p=58867\"]}]},{\"@type\":\"ImageObject\",\"inLanguage\":\"es\",\"@id\":\"https:\\\/\\\/lospoliticosveracruz.com\\\/?p=58867#primaryimage\",\"url\":\"http:\\\/\\\/www.lospoliticosveracruz.com.mx\\\/wp-content\\\/uploads\\\/2020\\\/07\\\/CINTILLO-Armando.jpg\",\"contentUrl\":\"http:\\\/\\\/www.lospoliticosveracruz.com.mx\\\/wp-content\\\/uploads\\\/2020\\\/07\\\/CINTILLO-Armando.jpg\"},{\"@type\":\"BreadcrumbList\",\"@id\":\"https:\\\/\\\/lospoliticosveracruz.com\\\/?p=58867#breadcrumb\",\"itemListElement\":[{\"@type\":\"ListItem\",\"position\":1,\"name\":\"Portada\",\"item\":\"https:\\\/\\\/lospoliticosveracruz.com\\\/\"},{\"@type\":\"ListItem\",\"position\":2,\"name\":\"SSA \u00abtardes negras\u00bb&#8230;\"}]},{\"@type\":\"WebSite\",\"@id\":\"https:\\\/\\\/lospoliticosveracruz.com\\\/#website\",\"url\":\"https:\\\/\\\/lospoliticosveracruz.com\\\/\",\"name\":\"Los pol\u00edticos Veracruz\",\"description\":\"\",\"publisher\":{\"@id\":\"https:\\\/\\\/lospoliticosveracruz.com\\\/#organization\"},\"potentialAction\":[{\"@type\":\"SearchAction\",\"target\":{\"@type\":\"EntryPoint\",\"urlTemplate\":\"https:\\\/\\\/lospoliticosveracruz.com\\\/?s={search_term_string}\"},\"query-input\":{\"@type\":\"PropertyValueSpecification\",\"valueRequired\":true,\"valueName\":\"search_term_string\"}}],\"inLanguage\":\"es\"},{\"@type\":\"Organization\",\"@id\":\"https:\\\/\\\/lospoliticosveracruz.com\\\/#organization\",\"name\":\"Los pol\u00edticos Veracruz\",\"url\":\"https:\\\/\\\/lospoliticosveracruz.com\\\/\",\"logo\":{\"@type\":\"ImageObject\",\"inLanguage\":\"es\",\"@id\":\"https:\\\/\\\/lospoliticosveracruz.com\\\/#\\\/schema\\\/logo\\\/image\\\/\",\"url\":\"https:\\\/\\\/lospoliticosveracruz.com\\\/wp-content\\\/uploads\\\/2025\\\/12\\\/Logo-Nuevo-LOS-POLITICOS-1.jpg\",\"contentUrl\":\"https:\\\/\\\/lospoliticosveracruz.com\\\/wp-content\\\/uploads\\\/2025\\\/12\\\/Logo-Nuevo-LOS-POLITICOS-1.jpg\",\"width\":260,\"height\":70,\"caption\":\"Los pol\u00edticos Veracruz\"},\"image\":{\"@id\":\"https:\\\/\\\/lospoliticosveracruz.com\\\/#\\\/schema\\\/logo\\\/image\\\/\"},\"sameAs\":[\"https:\\\/\\\/www.facebook.com\\\/people\\\/Notimemes-de-los-Polticos\\\/61565672886568\\\/\",\"https:\\\/\\\/x.com\\\/LosPoliticosVer\"]},{\"@type\":\"Person\",\"@id\":\"https:\\\/\\\/lospoliticosveracruz.com\\\/#\\\/schema\\\/person\\\/b8702bb0e538456e6efd07080bf2a4a2\",\"name\":\"Lo viste en Los Pol\u00edticos\",\"image\":{\"@type\":\"ImageObject\",\"inLanguage\":\"es\",\"@id\":\"https:\\\/\\\/secure.gravatar.com\\\/avatar\\\/3a8de04a2656d44082be478bd6c086daa447c4651605818287b9532d3d0bd435?s=96&d=mm&r=g\",\"url\":\"https:\\\/\\\/secure.gravatar.com\\\/avatar\\\/3a8de04a2656d44082be478bd6c086daa447c4651605818287b9532d3d0bd435?s=96&d=mm&r=g\",\"contentUrl\":\"https:\\\/\\\/secure.gravatar.com\\\/avatar\\\/3a8de04a2656d44082be478bd6c086daa447c4651605818287b9532d3d0bd435?s=96&d=mm&r=g\",\"caption\":\"Lo viste en Los Pol\u00edticos\"},\"url\":\"https:\\\/\\\/lospoliticosveracruz.com\\\/?author=2\"}]}<\/script>\n<!-- \/ Yoast SEO plugin. -->","yoast_head_json":{"title":"SSA \"tardes negras\"... - Los pol\u00edticos Veracruz","robots":{"index":"index","follow":"follow","max-snippet":"max-snippet:-1","max-image-preview":"max-image-preview:large","max-video-preview":"max-video-preview:-1"},"canonical":"https:\/\/lospoliticosveracruz.com\/?p=58867","og_locale":"es_ES","og_type":"article","og_title":"SSA \"tardes negras\"... - Los pol\u00edticos Veracruz","og_description":"Ricardo Chua Sale y vale OJO&#8230; Ya nos tienen \u00abjodidos\u00bb el COVID con una gran cantidad de contagios y fallecimientos para que ahora el \u00abGeneral Tlaloc\u00bb quiera hacer de las suyas en Veracruz&#8230; Todo este fin de semana, ser\u00e1 muy importante para saber, si la crecida de los r\u00edos, que pasan el territorio estatal ser\u00e1n [&hellip;]","og_url":"https:\/\/lospoliticosveracruz.com\/?p=58867","og_site_name":"Los pol\u00edticos Veracruz","article_publisher":"https:\/\/www.facebook.com\/people\/Notimemes-de-los-Polticos\/61565672886568\/","article_published_time":"2020-08-15T20:30:42+00:00","article_modified_time":"2020-08-16T03:28:07+00:00","og_image":[{"url":"http:\/\/www.lospoliticosveracruz.com.mx\/wp-content\/uploads\/2020\/07\/CINTILLO-Armando.jpg","type":"","width":"","height":""}],"author":"Lo viste en Los Pol\u00edticos","twitter_card":"summary_large_image","twitter_creator":"@LosPoliticosVer","twitter_site":"@LosPoliticosVer","twitter_misc":{"Escrito por":"Lo viste en Los Pol\u00edticos","Tiempo de lectura":"5 minutos"},"schema":{"@context":"https:\/\/schema.org","@graph":[{"@type":"Article","@id":"https:\/\/lospoliticosveracruz.com\/?p=58867#article","isPartOf":{"@id":"https:\/\/lospoliticosveracruz.com\/?p=58867"},"author":{"name":"Lo viste en Los Pol\u00edticos","@id":"https:\/\/lospoliticosveracruz.com\/#\/schema\/person\/b8702bb0e538456e6efd07080bf2a4a2"},"headline":"SSA \u00abtardes negras\u00bb&#8230;","datePublished":"2020-08-15T20:30:42+00:00","dateModified":"2020-08-16T03:28:07+00:00","mainEntityOfPage":{"@id":"https:\/\/lospoliticosveracruz.com\/?p=58867"},"wordCount":949,"commentCount":0,"publisher":{"@id":"https:\/\/lospoliticosveracruz.com\/#organization"},"image":{"@id":"https:\/\/lospoliticosveracruz.com\/?p=58867#primaryimage"},"thumbnailUrl":"http:\/\/www.lospoliticosveracruz.com.mx\/wp-content\/uploads\/2020\/07\/CINTILLO-Armando.jpg","keywords":["Carmen Prieto Mortera","COVID-DENGUE","Jos\u00e9 Alfredo L\u00f3pez Carreto","Juan Javier G\u00f3mez Cazar\u00edn y Domingo Bahena","Moloac\u00e1n","Opini\u00f3n","pandemia","Ricardo Ch\u00faa","Roberto Ramos Alor","Secretar\u00eda de Salud","Veracruz"],"articleSection":["De Opini\u00f3n"],"inLanguage":"es","potentialAction":[{"@type":"CommentAction","name":"Comment","target":["https:\/\/lospoliticosveracruz.com\/?p=58867#respond"]}]},{"@type":"WebPage","@id":"https:\/\/lospoliticosveracruz.com\/?p=58867","url":"https:\/\/lospoliticosveracruz.com\/?p=58867","name":"SSA \"tardes negras\"... - Los pol\u00edticos Veracruz","isPartOf":{"@id":"https:\/\/lospoliticosveracruz.com\/#website"},"primaryImageOfPage":{"@id":"https:\/\/lospoliticosveracruz.com\/?p=58867#primaryimage"},"image":{"@id":"https:\/\/lospoliticosveracruz.com\/?p=58867#primaryimage"},"thumbnailUrl":"http:\/\/www.lospoliticosveracruz.com.mx\/wp-content\/uploads\/2020\/07\/CINTILLO-Armando.jpg","datePublished":"2020-08-15T20:30:42+00:00","dateModified":"2020-08-16T03:28:07+00:00","breadcrumb":{"@id":"https:\/\/lospoliticosveracruz.com\/?p=58867#breadcrumb"},"inLanguage":"es","potentialAction":[{"@type":"ReadAction","target":["https:\/\/lospoliticosveracruz.com\/?p=58867"]}]},{"@type":"ImageObject","inLanguage":"es","@id":"https:\/\/lospoliticosveracruz.com\/?p=58867#primaryimage","url":"http:\/\/www.lospoliticosveracruz.com.mx\/wp-content\/uploads\/2020\/07\/CINTILLO-Armando.jpg","contentUrl":"http:\/\/www.lospoliticosveracruz.com.mx\/wp-content\/uploads\/2020\/07\/CINTILLO-Armando.jpg"},{"@type":"BreadcrumbList","@id":"https:\/\/lospoliticosveracruz.com\/?p=58867#breadcrumb","itemListElement":[{"@type":"ListItem","position":1,"name":"Portada","item":"https:\/\/lospoliticosveracruz.com\/"},{"@type":"ListItem","position":2,"name":"SSA \u00abtardes negras\u00bb&#8230;"}]},{"@type":"WebSite","@id":"https:\/\/lospoliticosveracruz.com\/#website","url":"https:\/\/lospoliticosveracruz.com\/","name":"Los pol\u00edticos Veracruz","description":"","publisher":{"@id":"https:\/\/lospoliticosveracruz.com\/#organization"},"potentialAction":[{"@type":"SearchAction","target":{"@type":"EntryPoint","urlTemplate":"https:\/\/lospoliticosveracruz.com\/?s={search_term_string}"},"query-input":{"@type":"PropertyValueSpecification","valueRequired":true,"valueName":"search_term_string"}}],"inLanguage":"es"},{"@type":"Organization","@id":"https:\/\/lospoliticosveracruz.com\/#organization","name":"Los pol\u00edticos Veracruz","url":"https:\/\/lospoliticosveracruz.com\/","logo":{"@type":"ImageObject","inLanguage":"es","@id":"https:\/\/lospoliticosveracruz.com\/#\/schema\/logo\/image\/","url":"https:\/\/lospoliticosveracruz.com\/wp-content\/uploads\/2025\/12\/Logo-Nuevo-LOS-POLITICOS-1.jpg","contentUrl":"https:\/\/lospoliticosveracruz.com\/wp-content\/uploads\/2025\/12\/Logo-Nuevo-LOS-POLITICOS-1.jpg","width":260,"height":70,"caption":"Los pol\u00edticos Veracruz"},"image":{"@id":"https:\/\/lospoliticosveracruz.com\/#\/schema\/logo\/image\/"},"sameAs":["https:\/\/www.facebook.com\/people\/Notimemes-de-los-Polticos\/61565672886568\/","https:\/\/x.com\/LosPoliticosVer"]},{"@type":"Person","@id":"https:\/\/lospoliticosveracruz.com\/#\/schema\/person\/b8702bb0e538456e6efd07080bf2a4a2","name":"Lo viste en Los Pol\u00edticos","image":{"@type":"ImageObject","inLanguage":"es","@id":"https:\/\/secure.gravatar.com\/avatar\/3a8de04a2656d44082be478bd6c086daa447c4651605818287b9532d3d0bd435?s=96&d=mm&r=g","url":"https:\/\/secure.gravatar.com\/avatar\/3a8de04a2656d44082be478bd6c086daa447c4651605818287b9532d3d0bd435?s=96&d=mm&r=g","contentUrl":"https:\/\/secure.gravatar.com\/avatar\/3a8de04a2656d44082be478bd6c086daa447c4651605818287b9532d3d0bd435?s=96&d=mm&r=g","caption":"Lo viste en Los Pol\u00edticos"},"url":"https:\/\/lospoliticosveracruz.com\/?author=2"}]}},"_links":{"self":[{"href":"https:\/\/lospoliticosveracruz.com\/index.php?rest_route=\/wp\/v2\/posts\/58867","targetHints":{"allow":["GET"]}}],"collection":[{"href":"https:\/\/lospoliticosveracruz.com\/index.php?rest_route=\/wp\/v2\/posts"}],"about":[{"href":"https:\/\/lospoliticosveracruz.com\/index.php?rest_route=\/wp\/v2\/types\/post"}],"author":[{"embeddable":true,"href":"https:\/\/lospoliticosveracruz.com\/index.php?rest_route=\/wp\/v2\/users\/2"}],"replies":[{"embeddable":true,"href":"https:\/\/lospoliticosveracruz.com\/index.php?rest_route=%2Fwp%2Fv2%2Fcomments&post=58867"}],"version-history":[{"count":3,"href":"https:\/\/lospoliticosveracruz.com\/index.php?rest_route=\/wp\/v2\/posts\/58867\/revisions"}],"predecessor-version":[{"id":58881,"href":"https:\/\/lospoliticosveracruz.com\/index.php?rest_route=\/wp\/v2\/posts\/58867\/revisions\/58881"}],"wp:attachment":[{"href":"https:\/\/lospoliticosveracruz.com\/index.php?rest_route=%2Fwp%2Fv2%2Fmedia&parent=58867"}],"wp:term":[{"taxonomy":"category","embeddable":true,"href":"https:\/\/lospoliticosveracruz.com\/index.php?rest_route=%2Fwp%2Fv2%2Fcategories&post=58867"},{"taxonomy":"post_tag","embeddable":true,"href":"https:\/\/lospoliticosveracruz.com\/index.php?rest_route=%2Fwp%2Fv2%2Ftags&post=58867"}],"curies":[{"name":"wp","href":"https:\/\/api.w.org\/{rel}","templated":true}]}}