{"id":58910,"date":"2020-08-16T12:36:34","date_gmt":"2020-08-16T17:36:34","guid":{"rendered":"http:\/\/www.lospoliticosveracruz.com.mx\/?p=58910"},"modified":"2020-08-16T12:36:34","modified_gmt":"2020-08-16T17:36:34","slug":"manos-obscenas","status":"publish","type":"post","link":"https:\/\/lospoliticosveracruz.com\/?p=58910","title":{"rendered":"Manos obscenas"},"content":{"rendered":"<p><strong>Lorena Pi\u00f1\u00f3n Rivera*<br \/>\n<\/strong><em>Consummatum est<\/em><strong>\u00a0<\/strong><\/p>\n<p>Bien dicen que las \u00e9pocas de crisis pueden inspirar desde las m\u00e1s genuinas muestras de solidaridad y empat\u00eda, hasta las m\u00e1s abominables expresiones de miseria humana. Es cierto, el confinamiento de tantos d\u00edas y la zozobra causada porque no hay un pron\u00f3stico razonable de la finalizaci\u00f3n de la pandemia, pueden llevar a los extremos el humor de las personas.<\/p>\n<p>Cada reacci\u00f3n y motivaciones son completamente distintas, aunque esos arranques violentos o de una consistente abulia indolente, deben ser exclusivos de entes individuales no de instituciones que fueron creadas para atender asuntos p\u00fablicos, como por ejemplo la oficina de comunicaci\u00f3n social del gobierno de MORENA.<\/p>\n<p>Esta semana ha quedado exhibido que el vocero presidencial Jes\u00fas Ram\u00edrez Cuevas, ha permitido que se presenten int\u00e9rpretes del lenguaje de se\u00f1as mexicanas no preparados, que se atrevieron a mandar mensajes absurdos, incoherentes y hasta groseros, que de ninguna manera coinciden con lo planteado en las conferencias de prensa que son encabezadas por el Ejecutivo Federal.<\/p>\n<p>Por mandato de la ley que norma la administraci\u00f3n p\u00fablica federal, Jes\u00fas Ram\u00edrez Cuevas\u00a0 tiene la responsabilidad de instrumentar las estrategias para conducir la pol\u00edtica de comunicaci\u00f3n social del Gobierno Federal \u201ccon la intervenci\u00f3n que corresponda a la Secretar\u00eda de Gobernaci\u00f3n conforme a la presente ley. Para tal efecto establecer\u00e1, mediante disposiciones de car\u00e1cter general, el modelo organizacional y de operaci\u00f3n de las unidades administrativas que realicen actividades en esta materia\u201d.<\/p>\n<p>Lo estipulado en la normatividad mencionada es grave, porque el desempe\u00f1o de Ram\u00edrez Cuevas de rebote compromete a la secretaria Olga S\u00e1nchez Cordero. El yerro del vocero que se autonombra con soberbia como heredero de la escuela de Carlos Monsiv\u00e1is, es de sumo grave y deber\u00eda merecer al menos un extra\u00f1amiento de la Comisi\u00f3n Nacional de Derechos Humanos, porque es responsable de emplear a personas no capacitadas y eso demuestra un completo desprecio por la comunidad mexicana con problemas de audici\u00f3n.<\/p>\n<p>El art\u00edculo 21 de la Ley\u00a0General de Comunicaci\u00f3n Social asegura que la vocer\u00eda presidencial debe promover \u201cla difusi\u00f3n y conocimiento de los valores, principios y\u00a0derechos constitucionales; adem\u00e1s de las campa\u00f1as de turismo, educaci\u00f3n, salud y protecci\u00f3n civil, as\u00ed como\u00a0informar a los ciudadanos de sus derechos y obligaciones legales, entre otros\u201d.<\/p>\n<p>En esa misma l\u00f3gica se establece m\u00e1s adelante que cualquier ejercicio de comunicaci\u00f3n social gubernamental no debe contener expresiones que redunden en discriminaci\u00f3n, as\u00ed como tampoco estar destinada a discriminar, criminalizar o estigmatizar\u00a0a cualquier persona o sector de la sociedad en el \u00e1mbito pol\u00edtico, social, econ\u00f3mico o cultural.<\/p>\n<p>La vocer\u00eda es responsable de agraviar a este segmento vulnerable de la poblaci\u00f3n con una burla inadmisible e indolente, a la que se le niega su derecho a informarse de lo que expone el Presidente de la Rep\u00fablica y hasta ahora Jes\u00fas Ram\u00edrez no ha tenido siquiera la delicadeza de al menos disculparse.<\/p>\n<p><strong>Consummatum: <\/strong>Se ha cumplido un a\u00f1o de la elecci\u00f3n de Alejandro Moreno y Carolina Viggiano como dirigentes nacionales del PRI. Manifiesto mi gratitud por incorporarme a su proyecto de renovaci\u00f3n partidista,\u00a0 en el que ha quedado ratificado que los j\u00f3venes y las mujeres son la opci\u00f3n preferente del partido para cimentar el triunfo en los pr\u00f3ximos comicios. Tw: @lorenapignon<\/p>\n<p>&nbsp;<\/p>\n<p><strong>* Secretaria Nacional de Gesti\u00f3n Social del PRI<\/strong><\/p>\n","protected":false},"excerpt":{"rendered":"<p>Lorena Pi\u00f1\u00f3n Rivera* Consummatum est\u00a0 Bien dicen que las \u00e9pocas de crisis pueden inspirar desde las m\u00e1s genuinas muestras de solidaridad y empat\u00eda, hasta las m\u00e1s abominables expresiones de miseria humana. Es cierto, el confinamiento de tantos d\u00edas y la zozobra causada porque no hay un pron\u00f3stico razonable de la finalizaci\u00f3n de la pandemia, pueden [&hellip;]<\/p>\n","protected":false},"author":2,"featured_media":0,"comment_status":"open","ping_status":"open","sticky":false,"template":"","format":"standard","meta":{"tdm_status":"","tdm_grid_status":"","footnotes":""},"categories":[70],"tags":[14170,2408,15340,18453,19919,19920,4770,1026,687],"class_list":{"0":"post-58910","1":"post","2":"type-post","3":"status-publish","4":"format-standard","6":"category-de-opinion","7":"tag-alejandro-moreno","8":"tag-carlos-monsivais","9":"tag-carolina-viggiano","10":"tag-jesus-ramirez-cuevas","11":"tag-lenguaje-de-senas-mexicanas","12":"tag-ley-general-de-comunicacion-social","13":"tag-lorena-pinon-rivera","14":"tag-morena","15":"tag-olga-sanchez-cordero"},"yoast_head":"<!-- This site is optimized with the Yoast SEO plugin v27.4 - https:\/\/yoast.com\/product\/yoast-seo-wordpress\/ -->\n<title>Manos obscenas - Los pol\u00edticos Veracruz<\/title>\n<meta name=\"robots\" content=\"index, follow, max-snippet:-1, max-image-preview:large, max-video-preview:-1\" \/>\n<link rel=\"canonical\" href=\"https:\/\/lospoliticosveracruz.com\/?p=58910\" \/>\n<meta property=\"og:locale\" content=\"es_ES\" \/>\n<meta property=\"og:type\" content=\"article\" \/>\n<meta property=\"og:title\" content=\"Manos obscenas - Los pol\u00edticos Veracruz\" \/>\n<meta property=\"og:description\" content=\"Lorena Pi\u00f1\u00f3n Rivera* Consummatum est\u00a0 Bien dicen que las \u00e9pocas de crisis pueden inspirar desde las m\u00e1s genuinas muestras de solidaridad y empat\u00eda, hasta las m\u00e1s abominables expresiones de miseria humana. Es cierto, el confinamiento de tantos d\u00edas y la zozobra causada porque no hay un pron\u00f3stico razonable de la finalizaci\u00f3n de la pandemia, pueden [&hellip;]\" \/>\n<meta property=\"og:url\" content=\"https:\/\/lospoliticosveracruz.com\/?p=58910\" \/>\n<meta property=\"og:site_name\" content=\"Los pol\u00edticos Veracruz\" \/>\n<meta property=\"article:publisher\" content=\"https:\/\/www.facebook.com\/people\/Notimemes-de-los-Polticos\/61565672886568\/\" \/>\n<meta property=\"article:published_time\" content=\"2020-08-16T17:36:34+00:00\" \/>\n<meta property=\"og:image\" content=\"https:\/\/lospoliticosveracruz.com\/wp-content\/uploads\/2016\/07\/Logo-Dor.jpg\" \/>\n\t<meta property=\"og:image:width\" content=\"200\" \/>\n\t<meta property=\"og:image:height\" content=\"200\" \/>\n\t<meta property=\"og:image:type\" content=\"image\/jpeg\" \/>\n<meta name=\"author\" content=\"Lo viste en Los Pol\u00edticos\" \/>\n<meta name=\"twitter:card\" content=\"summary_large_image\" \/>\n<meta name=\"twitter:creator\" content=\"@LosPoliticosVer\" \/>\n<meta name=\"twitter:site\" content=\"@LosPoliticosVer\" \/>\n<meta name=\"twitter:label1\" content=\"Escrito por\" \/>\n\t<meta name=\"twitter:data1\" content=\"Lo viste en Los Pol\u00edticos\" \/>\n\t<meta name=\"twitter:label2\" content=\"Tiempo de lectura\" \/>\n\t<meta name=\"twitter:data2\" content=\"3 minutos\" \/>\n<script type=\"application\/ld+json\" class=\"yoast-schema-graph\">{\"@context\":\"https:\\\/\\\/schema.org\",\"@graph\":[{\"@type\":\"Article\",\"@id\":\"https:\\\/\\\/lospoliticosveracruz.com\\\/?p=58910#article\",\"isPartOf\":{\"@id\":\"https:\\\/\\\/lospoliticosveracruz.com\\\/?p=58910\"},\"author\":{\"name\":\"Lo viste en Los Pol\u00edticos\",\"@id\":\"https:\\\/\\\/lospoliticosveracruz.com\\\/#\\\/schema\\\/person\\\/b8702bb0e538456e6efd07080bf2a4a2\"},\"headline\":\"Manos obscenas\",\"datePublished\":\"2020-08-16T17:36:34+00:00\",\"mainEntityOfPage\":{\"@id\":\"https:\\\/\\\/lospoliticosveracruz.com\\\/?p=58910\"},\"wordCount\":599,\"commentCount\":0,\"publisher\":{\"@id\":\"https:\\\/\\\/lospoliticosveracruz.com\\\/#organization\"},\"keywords\":[\"Alejandro Moreno\",\"Carlos Monsiv\u00e1is\",\"Carolina Viggiano\",\"Jes\u00fas Ram\u00edrez Cuevas\",\"lenguaje de se\u00f1as mexicanas\",\"Ley General de Comunicaci\u00f3n Social\",\"Lorena Pi\u00f1\u00f3n Rivera\",\"Morena\",\"Olga S\u00e1nchez Cordero\"],\"articleSection\":[\"De Opini\u00f3n\"],\"inLanguage\":\"es\",\"potentialAction\":[{\"@type\":\"CommentAction\",\"name\":\"Comment\",\"target\":[\"https:\\\/\\\/lospoliticosveracruz.com\\\/?p=58910#respond\"]}]},{\"@type\":\"WebPage\",\"@id\":\"https:\\\/\\\/lospoliticosveracruz.com\\\/?p=58910\",\"url\":\"https:\\\/\\\/lospoliticosveracruz.com\\\/?p=58910\",\"name\":\"Manos obscenas - Los pol\u00edticos Veracruz\",\"isPartOf\":{\"@id\":\"https:\\\/\\\/lospoliticosveracruz.com\\\/#website\"},\"datePublished\":\"2020-08-16T17:36:34+00:00\",\"breadcrumb\":{\"@id\":\"https:\\\/\\\/lospoliticosveracruz.com\\\/?p=58910#breadcrumb\"},\"inLanguage\":\"es\",\"potentialAction\":[{\"@type\":\"ReadAction\",\"target\":[\"https:\\\/\\\/lospoliticosveracruz.com\\\/?p=58910\"]}]},{\"@type\":\"BreadcrumbList\",\"@id\":\"https:\\\/\\\/lospoliticosveracruz.com\\\/?p=58910#breadcrumb\",\"itemListElement\":[{\"@type\":\"ListItem\",\"position\":1,\"name\":\"Portada\",\"item\":\"https:\\\/\\\/lospoliticosveracruz.com\\\/\"},{\"@type\":\"ListItem\",\"position\":2,\"name\":\"Manos obscenas\"}]},{\"@type\":\"WebSite\",\"@id\":\"https:\\\/\\\/lospoliticosveracruz.com\\\/#website\",\"url\":\"https:\\\/\\\/lospoliticosveracruz.com\\\/\",\"name\":\"Los pol\u00edticos Veracruz\",\"description\":\"\",\"publisher\":{\"@id\":\"https:\\\/\\\/lospoliticosveracruz.com\\\/#organization\"},\"potentialAction\":[{\"@type\":\"SearchAction\",\"target\":{\"@type\":\"EntryPoint\",\"urlTemplate\":\"https:\\\/\\\/lospoliticosveracruz.com\\\/?s={search_term_string}\"},\"query-input\":{\"@type\":\"PropertyValueSpecification\",\"valueRequired\":true,\"valueName\":\"search_term_string\"}}],\"inLanguage\":\"es\"},{\"@type\":\"Organization\",\"@id\":\"https:\\\/\\\/lospoliticosveracruz.com\\\/#organization\",\"name\":\"Los pol\u00edticos Veracruz\",\"url\":\"https:\\\/\\\/lospoliticosveracruz.com\\\/\",\"logo\":{\"@type\":\"ImageObject\",\"inLanguage\":\"es\",\"@id\":\"https:\\\/\\\/lospoliticosveracruz.com\\\/#\\\/schema\\\/logo\\\/image\\\/\",\"url\":\"https:\\\/\\\/lospoliticosveracruz.com\\\/wp-content\\\/uploads\\\/2025\\\/12\\\/Logo-Nuevo-LOS-POLITICOS-1.jpg\",\"contentUrl\":\"https:\\\/\\\/lospoliticosveracruz.com\\\/wp-content\\\/uploads\\\/2025\\\/12\\\/Logo-Nuevo-LOS-POLITICOS-1.jpg\",\"width\":260,\"height\":70,\"caption\":\"Los pol\u00edticos Veracruz\"},\"image\":{\"@id\":\"https:\\\/\\\/lospoliticosveracruz.com\\\/#\\\/schema\\\/logo\\\/image\\\/\"},\"sameAs\":[\"https:\\\/\\\/www.facebook.com\\\/people\\\/Notimemes-de-los-Polticos\\\/61565672886568\\\/\",\"https:\\\/\\\/x.com\\\/LosPoliticosVer\"]},{\"@type\":\"Person\",\"@id\":\"https:\\\/\\\/lospoliticosveracruz.com\\\/#\\\/schema\\\/person\\\/b8702bb0e538456e6efd07080bf2a4a2\",\"name\":\"Lo viste en Los Pol\u00edticos\",\"image\":{\"@type\":\"ImageObject\",\"inLanguage\":\"es\",\"@id\":\"https:\\\/\\\/secure.gravatar.com\\\/avatar\\\/3a8de04a2656d44082be478bd6c086daa447c4651605818287b9532d3d0bd435?s=96&d=mm&r=g\",\"url\":\"https:\\\/\\\/secure.gravatar.com\\\/avatar\\\/3a8de04a2656d44082be478bd6c086daa447c4651605818287b9532d3d0bd435?s=96&d=mm&r=g\",\"contentUrl\":\"https:\\\/\\\/secure.gravatar.com\\\/avatar\\\/3a8de04a2656d44082be478bd6c086daa447c4651605818287b9532d3d0bd435?s=96&d=mm&r=g\",\"caption\":\"Lo viste en Los Pol\u00edticos\"},\"url\":\"https:\\\/\\\/lospoliticosveracruz.com\\\/?author=2\"}]}<\/script>\n<!-- \/ Yoast SEO plugin. -->","yoast_head_json":{"title":"Manos obscenas - Los pol\u00edticos Veracruz","robots":{"index":"index","follow":"follow","max-snippet":"max-snippet:-1","max-image-preview":"max-image-preview:large","max-video-preview":"max-video-preview:-1"},"canonical":"https:\/\/lospoliticosveracruz.com\/?p=58910","og_locale":"es_ES","og_type":"article","og_title":"Manos obscenas - Los pol\u00edticos Veracruz","og_description":"Lorena Pi\u00f1\u00f3n Rivera* Consummatum est\u00a0 Bien dicen que las \u00e9pocas de crisis pueden inspirar desde las m\u00e1s genuinas muestras de solidaridad y empat\u00eda, hasta las m\u00e1s abominables expresiones de miseria humana. Es cierto, el confinamiento de tantos d\u00edas y la zozobra causada porque no hay un pron\u00f3stico razonable de la finalizaci\u00f3n de la pandemia, pueden [&hellip;]","og_url":"https:\/\/lospoliticosveracruz.com\/?p=58910","og_site_name":"Los pol\u00edticos Veracruz","article_publisher":"https:\/\/www.facebook.com\/people\/Notimemes-de-los-Polticos\/61565672886568\/","article_published_time":"2020-08-16T17:36:34+00:00","og_image":[{"width":200,"height":200,"url":"https:\/\/lospoliticosveracruz.com\/wp-content\/uploads\/2016\/07\/Logo-Dor.jpg","type":"image\/jpeg"}],"author":"Lo viste en Los Pol\u00edticos","twitter_card":"summary_large_image","twitter_creator":"@LosPoliticosVer","twitter_site":"@LosPoliticosVer","twitter_misc":{"Escrito por":"Lo viste en Los Pol\u00edticos","Tiempo de lectura":"3 minutos"},"schema":{"@context":"https:\/\/schema.org","@graph":[{"@type":"Article","@id":"https:\/\/lospoliticosveracruz.com\/?p=58910#article","isPartOf":{"@id":"https:\/\/lospoliticosveracruz.com\/?p=58910"},"author":{"name":"Lo viste en Los Pol\u00edticos","@id":"https:\/\/lospoliticosveracruz.com\/#\/schema\/person\/b8702bb0e538456e6efd07080bf2a4a2"},"headline":"Manos obscenas","datePublished":"2020-08-16T17:36:34+00:00","mainEntityOfPage":{"@id":"https:\/\/lospoliticosveracruz.com\/?p=58910"},"wordCount":599,"commentCount":0,"publisher":{"@id":"https:\/\/lospoliticosveracruz.com\/#organization"},"keywords":["Alejandro Moreno","Carlos Monsiv\u00e1is","Carolina Viggiano","Jes\u00fas Ram\u00edrez Cuevas","lenguaje de se\u00f1as mexicanas","Ley General de Comunicaci\u00f3n Social","Lorena Pi\u00f1\u00f3n Rivera","Morena","Olga S\u00e1nchez Cordero"],"articleSection":["De Opini\u00f3n"],"inLanguage":"es","potentialAction":[{"@type":"CommentAction","name":"Comment","target":["https:\/\/lospoliticosveracruz.com\/?p=58910#respond"]}]},{"@type":"WebPage","@id":"https:\/\/lospoliticosveracruz.com\/?p=58910","url":"https:\/\/lospoliticosveracruz.com\/?p=58910","name":"Manos obscenas - Los pol\u00edticos Veracruz","isPartOf":{"@id":"https:\/\/lospoliticosveracruz.com\/#website"},"datePublished":"2020-08-16T17:36:34+00:00","breadcrumb":{"@id":"https:\/\/lospoliticosveracruz.com\/?p=58910#breadcrumb"},"inLanguage":"es","potentialAction":[{"@type":"ReadAction","target":["https:\/\/lospoliticosveracruz.com\/?p=58910"]}]},{"@type":"BreadcrumbList","@id":"https:\/\/lospoliticosveracruz.com\/?p=58910#breadcrumb","itemListElement":[{"@type":"ListItem","position":1,"name":"Portada","item":"https:\/\/lospoliticosveracruz.com\/"},{"@type":"ListItem","position":2,"name":"Manos obscenas"}]},{"@type":"WebSite","@id":"https:\/\/lospoliticosveracruz.com\/#website","url":"https:\/\/lospoliticosveracruz.com\/","name":"Los pol\u00edticos Veracruz","description":"","publisher":{"@id":"https:\/\/lospoliticosveracruz.com\/#organization"},"potentialAction":[{"@type":"SearchAction","target":{"@type":"EntryPoint","urlTemplate":"https:\/\/lospoliticosveracruz.com\/?s={search_term_string}"},"query-input":{"@type":"PropertyValueSpecification","valueRequired":true,"valueName":"search_term_string"}}],"inLanguage":"es"},{"@type":"Organization","@id":"https:\/\/lospoliticosveracruz.com\/#organization","name":"Los pol\u00edticos Veracruz","url":"https:\/\/lospoliticosveracruz.com\/","logo":{"@type":"ImageObject","inLanguage":"es","@id":"https:\/\/lospoliticosveracruz.com\/#\/schema\/logo\/image\/","url":"https:\/\/lospoliticosveracruz.com\/wp-content\/uploads\/2025\/12\/Logo-Nuevo-LOS-POLITICOS-1.jpg","contentUrl":"https:\/\/lospoliticosveracruz.com\/wp-content\/uploads\/2025\/12\/Logo-Nuevo-LOS-POLITICOS-1.jpg","width":260,"height":70,"caption":"Los pol\u00edticos Veracruz"},"image":{"@id":"https:\/\/lospoliticosveracruz.com\/#\/schema\/logo\/image\/"},"sameAs":["https:\/\/www.facebook.com\/people\/Notimemes-de-los-Polticos\/61565672886568\/","https:\/\/x.com\/LosPoliticosVer"]},{"@type":"Person","@id":"https:\/\/lospoliticosveracruz.com\/#\/schema\/person\/b8702bb0e538456e6efd07080bf2a4a2","name":"Lo viste en Los Pol\u00edticos","image":{"@type":"ImageObject","inLanguage":"es","@id":"https:\/\/secure.gravatar.com\/avatar\/3a8de04a2656d44082be478bd6c086daa447c4651605818287b9532d3d0bd435?s=96&d=mm&r=g","url":"https:\/\/secure.gravatar.com\/avatar\/3a8de04a2656d44082be478bd6c086daa447c4651605818287b9532d3d0bd435?s=96&d=mm&r=g","contentUrl":"https:\/\/secure.gravatar.com\/avatar\/3a8de04a2656d44082be478bd6c086daa447c4651605818287b9532d3d0bd435?s=96&d=mm&r=g","caption":"Lo viste en Los Pol\u00edticos"},"url":"https:\/\/lospoliticosveracruz.com\/?author=2"}]}},"_links":{"self":[{"href":"https:\/\/lospoliticosveracruz.com\/index.php?rest_route=\/wp\/v2\/posts\/58910","targetHints":{"allow":["GET"]}}],"collection":[{"href":"https:\/\/lospoliticosveracruz.com\/index.php?rest_route=\/wp\/v2\/posts"}],"about":[{"href":"https:\/\/lospoliticosveracruz.com\/index.php?rest_route=\/wp\/v2\/types\/post"}],"author":[{"embeddable":true,"href":"https:\/\/lospoliticosveracruz.com\/index.php?rest_route=\/wp\/v2\/users\/2"}],"replies":[{"embeddable":true,"href":"https:\/\/lospoliticosveracruz.com\/index.php?rest_route=%2Fwp%2Fv2%2Fcomments&post=58910"}],"version-history":[{"count":1,"href":"https:\/\/lospoliticosveracruz.com\/index.php?rest_route=\/wp\/v2\/posts\/58910\/revisions"}],"predecessor-version":[{"id":58912,"href":"https:\/\/lospoliticosveracruz.com\/index.php?rest_route=\/wp\/v2\/posts\/58910\/revisions\/58912"}],"wp:attachment":[{"href":"https:\/\/lospoliticosveracruz.com\/index.php?rest_route=%2Fwp%2Fv2%2Fmedia&parent=58910"}],"wp:term":[{"taxonomy":"category","embeddable":true,"href":"https:\/\/lospoliticosveracruz.com\/index.php?rest_route=%2Fwp%2Fv2%2Fcategories&post=58910"},{"taxonomy":"post_tag","embeddable":true,"href":"https:\/\/lospoliticosveracruz.com\/index.php?rest_route=%2Fwp%2Fv2%2Ftags&post=58910"}],"curies":[{"name":"wp","href":"https:\/\/api.w.org\/{rel}","templated":true}]}}