{"id":59078,"date":"2020-08-19T08:43:56","date_gmt":"2020-08-19T13:43:56","guid":{"rendered":"http:\/\/www.lospoliticosveracruz.com.mx\/?p=59078"},"modified":"2020-08-19T08:44:48","modified_gmt":"2020-08-19T13:44:48","slug":"nahle-sus-primeros-infectados","status":"publish","type":"post","link":"https:\/\/lospoliticosveracruz.com\/?p=59078","title":{"rendered":"Nahle, sus primeros infectados"},"content":{"rendered":"<p><strong>Ricardo Chua<br \/>\n<\/strong><br \/>\n<em>Sale y vale<br \/>\n<\/em><br \/>\nNAHLE, SUS PRIMEROS INFECTADOS&#8230;. Ya ven como se ten\u00edan que hacer la prueba de COVID-19 todos aquellos que estuvieron cerca, hace alrededor de 15 d\u00edas que estuvo de visita en Veracruz, la secretaria de Energ\u00eda del gobierno federal, Rocio Nahle, que est\u00e1 contagiada por el Coronavirus, aunque ella es asintom\u00e1tica, les dej\u00f3 PRESUNTAMENTE la cepa a varios personajes de MORENA, que estuvieron conviviendo con ella, en esos d\u00edas&#8230; Ni modo&#8230; Gajes del oficio, por \u00abgrillos\u00bb&#8230;<\/p>\n<p>&nbsp;<a href=\"https:\/\/www.facebook.com\/notaria61veracruz\/\"><img decoding=\"async\" src=\"http:\/\/www.lospoliticosveracruz.com.mx\/wp-content\/uploads\/2020\/07\/CINTILLO-Armando.jpg\" alt=\"\" \/><\/a><\/p>\n<p>El primero es el ex funcionario duartista y miembro de MORENA, Fernando \u00abEl Huevo\u00bb Arteaga, el cual, dicen sus bi\u00f3grafos no autorizados, que sali\u00f3 positivo al COVID en d\u00edas pasados.. Y que ya se encuentra en resguardo en su domicilio particular, all\u00e1 en Jardines de Mocambo&#8230; Muchos comentaron que \u00abEl Huevo\u00bb Arteaga, fue de los que se acercaron a saludar de beso a la titular de SENER, ese domingo que desayun\u00f3 con Ricardo Exsome en el caf\u00e9 de los 500 mil a\u00f1os del Primo \u00c1ngel&#8230; Uno m\u00e1s&#8230;<\/p>\n<p>El otro personaje que sali\u00f3 infectado tambi\u00e9n en d\u00edas pasados&#8230; Es un militante de MORENA, Francisco Javier Lorenzo Cabrera, que es el diputado federal suplente por Veracruz puerto, es decir, el suplente de Exsome&#8230; Esta persona estuvo tambi\u00e9n ese d\u00eda en el Caf\u00e9 del Primo \u00c1ngel junto al legislador federal y Nahle&#8230; A la cual, tambi\u00e9n saludo&#8230; Ante esa situaci\u00f3n, puede que s\u00ed, puede que no, se hayan contagiado ah\u00ed&#8230;. Pero el COVID no los respet\u00f3&#8230;<\/p>\n<p>Al final, el propio gobernador, Cuitl\u00e1huac Garc\u00eda dio a conocer que \u00e9l no est\u00e1 enfermo y ni tiene s\u00edntomas de COVID&#8230; Pese a que estuvo con Nahle y ella enferm\u00f3 y \u00e9l no&#8230; Estuvo con Patrocinio y \u00e9l enfermo, pero el Gober no&#8230; Tambi\u00e9n se reuni\u00f3 con su hermano, Xicotencatl y el neum\u00f3logo se contagi\u00f3 y Cuitl\u00e1huac no&#8230; M\u00ednimo el mandatario, le hubiera pasado la \u00abreceta\u00bb al \u00abHuevo\u00bb Arteaga y al suplente de Exsome para no contagiarse&#8230; Del diputado, nada se sabe&#8230; \u00bfSe hizo la prueba r\u00e1pida que reparti\u00f3 Mami-L\u00fa?&#8230; PRONTA RECUPERACI\u00d3N..<\/p>\n<p>AMLO VA POR RECINTO PORTUARIO DE VERACRUZ&#8230; Si ya el Presidente de M\u00e9xico. Andr\u00e9s Manuel L\u00f3pez Obrador dijo que buscar\u00e1 revocar la concesi\u00f3n a una empresa privada que labora en el recinto portuario, desde la \u00e9poca de Carlos Salinas (Seg\u00fan AMLO) y que en el sexenio de Pe\u00f1a Nieto, le ampliaron esta concesi\u00f3n 100 a\u00f1os m\u00e1s&#8230; Sin aclarar, L\u00f3pez Obrador, a cu\u00e1l compa\u00f1\u00eda se refer\u00eda&#8230; Dej\u00f3 a todos a los empresarios portuarios en el pa\u00eds, con la \u00abv\u00edbora chillando\u00bb&#8230;.<\/p>\n<p>Pero OJO en primera instancia muchas \u00abvacas sagradas\u00bb del periodismo en M\u00e9xico y Veracruz.. Y uno que otro empresario o \u00abrico y sabroso\u00bb desinformado&#8230; Empezaron a mencionar en redes sociales que AMLO se refer\u00eda a la Administraci\u00f3n Portuaria Integral de Veracruz (APIVER) la que le iba a quitar la \u00abconcesi\u00f3n\u00bb, situaci\u00f3n falsa, ya que APIVER pertenece a la administraci\u00f3n p\u00fablica federal&#8230; Es parte de su estructura, depende de la Coordinaci\u00f3n de Puertos y Marina Mercante de la SCyT&#8230; Es decir, por ah\u00ed no va el tema&#8230;<\/p>\n<p>L\u00f3pez Obrador con su estilo parco y confuso de hablar&#8230; A todo mundo \u00abagarro de bajada\u00bb ayer por la ma\u00f1ana&#8230;. No se refer\u00eda a APIVER, el se\u00f1alamiento era a una empresa privada, que est\u00e1 dentro del recinto del puerto de Veracruz&#8230; \u00bfA cu\u00e1l?&#8230; Eso s\u00ed qui\u00e9n sabe, hay compa\u00f1\u00edas ah\u00ed operando con capital espa\u00f1ol, americano y de otros pa\u00edses del mundo&#8230; Se debe referir, quiz\u00e1s, a cualquiera que est\u00e9 ligada a Odebrecht&#8230;. Puede ser&#8230; Pero no hay que especular sobre el tema porque afecta a las inversiones&#8230; Hay que ver contra qui\u00e9n va el gobierno&#8230;<\/p>\n<p>Ante ese anuncio en \u00abLa Ma\u00f1anera\u00bb muchos empresarios de Veracruz&#8230; Empezaron a especular en grupos de \u00abguasap\u00bb tratando de dar con el paradero de la empresa&#8230; Mencionaron a dos (Una que empieza con I y otra con C) pero nadie lo confirm\u00f3&#8230; Pero los \u00abricos y sabrosos\u00bb conurbados coincidieron que ese anuncio de L\u00f3pez Obrador&#8230; \u00abFlaco\u00bb favor hac\u00eda a la inversi\u00f3n privada en el recinto portuario de Veracruz, que ha bajado su producci\u00f3n por la pandemia&#8230; Con este \u00abcalambre\u00bb la \u00abhecatombe\u00bb ser\u00e1 mayor&#8230;<\/p>\n<p>Ya que al no especificar el Presidente a que empresa se refer\u00eda&#8230; Muchas de ellas cotizan en la Bolsa de Valores y como los analistas financieros, saben como se las gastan los gobiernos de MORENA cuando quieren echar para abajo una inversi\u00f3n&#8230; A todos los pone a \u00abtemblar\u00bb y sus cotizaciones pueden ir a la baja.. Ya que con AMLO diciendo eso&#8230; No hay certeza en la inversi\u00f3n&#8230; Qui\u00e9n va a venir a M\u00e9xico a invertir as\u00ed&#8230; Si a cada rato te meten un \u00abcalambre\u00bb que te cerraran en cualquier momento&#8230;<\/p>\n<p>Con estas acusaciones contra empresas portuarias que operan en Veracruz&#8230; No da certeza jur\u00eddica a nadie y m\u00e1s con ejemplos de como echar abajo inversiones: El aeropuerto de Texcoco, la cervecera en Baja California&#8230; \u00bfAhora qui\u00e9n seguir\u00e1?.. \u00bfLas empresas de generaci\u00f3n de energ\u00eda?&#8230; Es el temor de los empresarios&#8230; Que por cuestiones pol\u00edticas y electorales&#8230; El Presidente pone en juego el futuro econ\u00f3mico del pa\u00eds&#8230; Vienen por alguna empresa del recinto&#8230; SIN PALABRAS&#8230; TODO EST\u00c1 DICHO&#8230;<\/p>\n<p>EL VIUDO&#8230; Al que s\u00ed le cay\u00f3 como \u00abpatada en el h\u00edgado\u00bb, que el PVEM no haga alianza con MORENA en las elecciones municipales del 2021, es al ex alcalde priista y ahora \u00abVerde\u00bb, Marcos Isle\u00f1o&#8230; Ya que con esa decisi\u00f3n tomada por la dirigencia nacional del partido del \u00abTuc\u00e1n\u00bb&#8230; Ya muchos simpatizantes que estaban con \u00e9l porque ir\u00eda con MORENA en coalici\u00f3n, por la alcald\u00eda de Medell\u00edn de Bravo, pues, ahora dicen \u00abque lo van a pensar\u00bb&#8230; Normal&#8230; Ayer Deus&#8230; Hoy un \u00ab\u00e1ngel ca\u00eddo\u00bb&#8230;<\/p>\n<p>Todo se basa porque el ex alcalde&#8230; Ya ten\u00eda puestas todas las esperanzas en las siglas de MORENA y que \u00e9l fuera nominado por el PVEM por la alcald\u00eda&#8230; A pesar que los Morenos medellinenses, militancia y liderazgos no lo ten\u00edan como un personaje de su agrado, precisamente por su pasado priista&#8230; Isle\u00f1o ve\u00eda en esa alianza, como \u00absalvavidas\u00bb, dado que si va solo con el Verde, como se ve desde el pasado lunes, su participaci\u00f3n en la contienda local, es una derrota anunciada&#8230; No hay estructura&#8230; AMEN&#8230;<\/p>\n","protected":false},"excerpt":{"rendered":"<p>Ricardo Chua Sale y vale NAHLE, SUS PRIMEROS INFECTADOS&#8230;. Ya ven como se ten\u00edan que hacer la prueba de COVID-19 todos aquellos que estuvieron cerca, hace alrededor de 15 d\u00edas que estuvo de visita en Veracruz, la secretaria de Energ\u00eda del gobierno federal, Rocio Nahle, que est\u00e1 contagiada por el Coronavirus, aunque ella es asintom\u00e1tica, [&hellip;]<\/p>\n","protected":false},"author":2,"featured_media":0,"comment_status":"open","ping_status":"open","sticky":false,"template":"","format":"standard","meta":{"tdm_status":"","tdm_grid_status":"","footnotes":""},"categories":[70],"tags":[618,16673,19991,19748,395,1026,8055,14636,264,13604,3578,18990,195],"class_list":{"0":"post-59078","1":"post","2":"type-post","3":"status-publish","4":"format-standard","6":"category-de-opinion","7":"tag-andres-manuel-lopez-obrador","8":"tag-covid-19","9":"tag-javier-lorenzo-cabrera","10":"tag-marcos-isleno","11":"tag-mexico","12":"tag-morena","13":"tag-odebrecht","14":"tag-opinion","15":"tag-pvem","16":"tag-ricardo-chua","17":"tag-rocio-nahle","18":"tag-sener","19":"tag-veracruz"},"yoast_head":"<!-- This site is optimized with the Yoast SEO plugin v27.4 - https:\/\/yoast.com\/product\/yoast-seo-wordpress\/ -->\n<title>Nahle, sus primeros infectados - Los pol\u00edticos Veracruz<\/title>\n<meta name=\"robots\" content=\"index, follow, max-snippet:-1, max-image-preview:large, max-video-preview:-1\" \/>\n<link rel=\"canonical\" href=\"https:\/\/lospoliticosveracruz.com\/?p=59078\" \/>\n<meta property=\"og:locale\" content=\"es_ES\" \/>\n<meta property=\"og:type\" content=\"article\" \/>\n<meta property=\"og:title\" content=\"Nahle, sus primeros infectados - Los pol\u00edticos Veracruz\" \/>\n<meta property=\"og:description\" content=\"Ricardo Chua Sale y vale NAHLE, SUS PRIMEROS INFECTADOS&#8230;. Ya ven como se ten\u00edan que hacer la prueba de COVID-19 todos aquellos que estuvieron cerca, hace alrededor de 15 d\u00edas que estuvo de visita en Veracruz, la secretaria de Energ\u00eda del gobierno federal, Rocio Nahle, que est\u00e1 contagiada por el Coronavirus, aunque ella es asintom\u00e1tica, [&hellip;]\" \/>\n<meta property=\"og:url\" content=\"https:\/\/lospoliticosveracruz.com\/?p=59078\" \/>\n<meta property=\"og:site_name\" content=\"Los pol\u00edticos Veracruz\" \/>\n<meta property=\"article:publisher\" content=\"https:\/\/www.facebook.com\/people\/Notimemes-de-los-Polticos\/61565672886568\/\" \/>\n<meta property=\"article:published_time\" content=\"2020-08-19T13:43:56+00:00\" \/>\n<meta property=\"article:modified_time\" content=\"2020-08-19T13:44:48+00:00\" \/>\n<meta property=\"og:image\" content=\"http:\/\/www.lospoliticosveracruz.com.mx\/wp-content\/uploads\/2020\/07\/CINTILLO-Armando.jpg\" \/>\n<meta name=\"author\" content=\"Lo viste en Los Pol\u00edticos\" \/>\n<meta name=\"twitter:card\" content=\"summary_large_image\" \/>\n<meta name=\"twitter:creator\" content=\"@LosPoliticosVer\" \/>\n<meta name=\"twitter:site\" content=\"@LosPoliticosVer\" \/>\n<meta name=\"twitter:label1\" content=\"Escrito por\" \/>\n\t<meta name=\"twitter:data1\" content=\"Lo viste en Los Pol\u00edticos\" \/>\n\t<meta name=\"twitter:label2\" content=\"Tiempo de lectura\" \/>\n\t<meta name=\"twitter:data2\" content=\"6 minutos\" \/>\n<script type=\"application\/ld+json\" class=\"yoast-schema-graph\">{\"@context\":\"https:\\\/\\\/schema.org\",\"@graph\":[{\"@type\":\"Article\",\"@id\":\"https:\\\/\\\/lospoliticosveracruz.com\\\/?p=59078#article\",\"isPartOf\":{\"@id\":\"https:\\\/\\\/lospoliticosveracruz.com\\\/?p=59078\"},\"author\":{\"name\":\"Lo viste en Los Pol\u00edticos\",\"@id\":\"https:\\\/\\\/lospoliticosveracruz.com\\\/#\\\/schema\\\/person\\\/b8702bb0e538456e6efd07080bf2a4a2\"},\"headline\":\"Nahle, sus primeros infectados\",\"datePublished\":\"2020-08-19T13:43:56+00:00\",\"dateModified\":\"2020-08-19T13:44:48+00:00\",\"mainEntityOfPage\":{\"@id\":\"https:\\\/\\\/lospoliticosveracruz.com\\\/?p=59078\"},\"wordCount\":1110,\"commentCount\":0,\"publisher\":{\"@id\":\"https:\\\/\\\/lospoliticosveracruz.com\\\/#organization\"},\"image\":{\"@id\":\"https:\\\/\\\/lospoliticosveracruz.com\\\/?p=59078#primaryimage\"},\"thumbnailUrl\":\"http:\\\/\\\/www.lospoliticosveracruz.com.mx\\\/wp-content\\\/uploads\\\/2020\\\/07\\\/CINTILLO-Armando.jpg\",\"keywords\":[\"Andr\u00e9s Manuel L\u00f3pez Obrador\",\"Covid 19\",\"Javier Lorenzo Cabrera\",\"Marcos Isle\u00f1o\",\"M\u00e9xico\",\"Morena\",\"Odebrecht\",\"Opini\u00f3n\",\"PVEM\",\"Ricardo Ch\u00faa\",\"Roc\u00edo Nahle\",\"Sener\",\"Veracruz\"],\"articleSection\":[\"De Opini\u00f3n\"],\"inLanguage\":\"es\",\"potentialAction\":[{\"@type\":\"CommentAction\",\"name\":\"Comment\",\"target\":[\"https:\\\/\\\/lospoliticosveracruz.com\\\/?p=59078#respond\"]}]},{\"@type\":\"WebPage\",\"@id\":\"https:\\\/\\\/lospoliticosveracruz.com\\\/?p=59078\",\"url\":\"https:\\\/\\\/lospoliticosveracruz.com\\\/?p=59078\",\"name\":\"Nahle, sus primeros infectados - Los pol\u00edticos Veracruz\",\"isPartOf\":{\"@id\":\"https:\\\/\\\/lospoliticosveracruz.com\\\/#website\"},\"primaryImageOfPage\":{\"@id\":\"https:\\\/\\\/lospoliticosveracruz.com\\\/?p=59078#primaryimage\"},\"image\":{\"@id\":\"https:\\\/\\\/lospoliticosveracruz.com\\\/?p=59078#primaryimage\"},\"thumbnailUrl\":\"http:\\\/\\\/www.lospoliticosveracruz.com.mx\\\/wp-content\\\/uploads\\\/2020\\\/07\\\/CINTILLO-Armando.jpg\",\"datePublished\":\"2020-08-19T13:43:56+00:00\",\"dateModified\":\"2020-08-19T13:44:48+00:00\",\"breadcrumb\":{\"@id\":\"https:\\\/\\\/lospoliticosveracruz.com\\\/?p=59078#breadcrumb\"},\"inLanguage\":\"es\",\"potentialAction\":[{\"@type\":\"ReadAction\",\"target\":[\"https:\\\/\\\/lospoliticosveracruz.com\\\/?p=59078\"]}]},{\"@type\":\"ImageObject\",\"inLanguage\":\"es\",\"@id\":\"https:\\\/\\\/lospoliticosveracruz.com\\\/?p=59078#primaryimage\",\"url\":\"http:\\\/\\\/www.lospoliticosveracruz.com.mx\\\/wp-content\\\/uploads\\\/2020\\\/07\\\/CINTILLO-Armando.jpg\",\"contentUrl\":\"http:\\\/\\\/www.lospoliticosveracruz.com.mx\\\/wp-content\\\/uploads\\\/2020\\\/07\\\/CINTILLO-Armando.jpg\"},{\"@type\":\"BreadcrumbList\",\"@id\":\"https:\\\/\\\/lospoliticosveracruz.com\\\/?p=59078#breadcrumb\",\"itemListElement\":[{\"@type\":\"ListItem\",\"position\":1,\"name\":\"Portada\",\"item\":\"https:\\\/\\\/lospoliticosveracruz.com\\\/\"},{\"@type\":\"ListItem\",\"position\":2,\"name\":\"Nahle, sus primeros infectados\"}]},{\"@type\":\"WebSite\",\"@id\":\"https:\\\/\\\/lospoliticosveracruz.com\\\/#website\",\"url\":\"https:\\\/\\\/lospoliticosveracruz.com\\\/\",\"name\":\"Los pol\u00edticos Veracruz\",\"description\":\"\",\"publisher\":{\"@id\":\"https:\\\/\\\/lospoliticosveracruz.com\\\/#organization\"},\"potentialAction\":[{\"@type\":\"SearchAction\",\"target\":{\"@type\":\"EntryPoint\",\"urlTemplate\":\"https:\\\/\\\/lospoliticosveracruz.com\\\/?s={search_term_string}\"},\"query-input\":{\"@type\":\"PropertyValueSpecification\",\"valueRequired\":true,\"valueName\":\"search_term_string\"}}],\"inLanguage\":\"es\"},{\"@type\":\"Organization\",\"@id\":\"https:\\\/\\\/lospoliticosveracruz.com\\\/#organization\",\"name\":\"Los pol\u00edticos Veracruz\",\"url\":\"https:\\\/\\\/lospoliticosveracruz.com\\\/\",\"logo\":{\"@type\":\"ImageObject\",\"inLanguage\":\"es\",\"@id\":\"https:\\\/\\\/lospoliticosveracruz.com\\\/#\\\/schema\\\/logo\\\/image\\\/\",\"url\":\"https:\\\/\\\/lospoliticosveracruz.com\\\/wp-content\\\/uploads\\\/2025\\\/12\\\/Logo-Nuevo-LOS-POLITICOS-1.jpg\",\"contentUrl\":\"https:\\\/\\\/lospoliticosveracruz.com\\\/wp-content\\\/uploads\\\/2025\\\/12\\\/Logo-Nuevo-LOS-POLITICOS-1.jpg\",\"width\":260,\"height\":70,\"caption\":\"Los pol\u00edticos Veracruz\"},\"image\":{\"@id\":\"https:\\\/\\\/lospoliticosveracruz.com\\\/#\\\/schema\\\/logo\\\/image\\\/\"},\"sameAs\":[\"https:\\\/\\\/www.facebook.com\\\/people\\\/Notimemes-de-los-Polticos\\\/61565672886568\\\/\",\"https:\\\/\\\/x.com\\\/LosPoliticosVer\"]},{\"@type\":\"Person\",\"@id\":\"https:\\\/\\\/lospoliticosveracruz.com\\\/#\\\/schema\\\/person\\\/b8702bb0e538456e6efd07080bf2a4a2\",\"name\":\"Lo viste en Los Pol\u00edticos\",\"image\":{\"@type\":\"ImageObject\",\"inLanguage\":\"es\",\"@id\":\"https:\\\/\\\/secure.gravatar.com\\\/avatar\\\/3a8de04a2656d44082be478bd6c086daa447c4651605818287b9532d3d0bd435?s=96&d=mm&r=g\",\"url\":\"https:\\\/\\\/secure.gravatar.com\\\/avatar\\\/3a8de04a2656d44082be478bd6c086daa447c4651605818287b9532d3d0bd435?s=96&d=mm&r=g\",\"contentUrl\":\"https:\\\/\\\/secure.gravatar.com\\\/avatar\\\/3a8de04a2656d44082be478bd6c086daa447c4651605818287b9532d3d0bd435?s=96&d=mm&r=g\",\"caption\":\"Lo viste en Los Pol\u00edticos\"},\"url\":\"https:\\\/\\\/lospoliticosveracruz.com\\\/?author=2\"}]}<\/script>\n<!-- \/ Yoast SEO plugin. -->","yoast_head_json":{"title":"Nahle, sus primeros infectados - Los pol\u00edticos Veracruz","robots":{"index":"index","follow":"follow","max-snippet":"max-snippet:-1","max-image-preview":"max-image-preview:large","max-video-preview":"max-video-preview:-1"},"canonical":"https:\/\/lospoliticosveracruz.com\/?p=59078","og_locale":"es_ES","og_type":"article","og_title":"Nahle, sus primeros infectados - Los pol\u00edticos Veracruz","og_description":"Ricardo Chua Sale y vale NAHLE, SUS PRIMEROS INFECTADOS&#8230;. Ya ven como se ten\u00edan que hacer la prueba de COVID-19 todos aquellos que estuvieron cerca, hace alrededor de 15 d\u00edas que estuvo de visita en Veracruz, la secretaria de Energ\u00eda del gobierno federal, Rocio Nahle, que est\u00e1 contagiada por el Coronavirus, aunque ella es asintom\u00e1tica, [&hellip;]","og_url":"https:\/\/lospoliticosveracruz.com\/?p=59078","og_site_name":"Los pol\u00edticos Veracruz","article_publisher":"https:\/\/www.facebook.com\/people\/Notimemes-de-los-Polticos\/61565672886568\/","article_published_time":"2020-08-19T13:43:56+00:00","article_modified_time":"2020-08-19T13:44:48+00:00","og_image":[{"url":"http:\/\/www.lospoliticosveracruz.com.mx\/wp-content\/uploads\/2020\/07\/CINTILLO-Armando.jpg","type":"","width":"","height":""}],"author":"Lo viste en Los Pol\u00edticos","twitter_card":"summary_large_image","twitter_creator":"@LosPoliticosVer","twitter_site":"@LosPoliticosVer","twitter_misc":{"Escrito por":"Lo viste en Los Pol\u00edticos","Tiempo de lectura":"6 minutos"},"schema":{"@context":"https:\/\/schema.org","@graph":[{"@type":"Article","@id":"https:\/\/lospoliticosveracruz.com\/?p=59078#article","isPartOf":{"@id":"https:\/\/lospoliticosveracruz.com\/?p=59078"},"author":{"name":"Lo viste en Los Pol\u00edticos","@id":"https:\/\/lospoliticosveracruz.com\/#\/schema\/person\/b8702bb0e538456e6efd07080bf2a4a2"},"headline":"Nahle, sus primeros infectados","datePublished":"2020-08-19T13:43:56+00:00","dateModified":"2020-08-19T13:44:48+00:00","mainEntityOfPage":{"@id":"https:\/\/lospoliticosveracruz.com\/?p=59078"},"wordCount":1110,"commentCount":0,"publisher":{"@id":"https:\/\/lospoliticosveracruz.com\/#organization"},"image":{"@id":"https:\/\/lospoliticosveracruz.com\/?p=59078#primaryimage"},"thumbnailUrl":"http:\/\/www.lospoliticosveracruz.com.mx\/wp-content\/uploads\/2020\/07\/CINTILLO-Armando.jpg","keywords":["Andr\u00e9s Manuel L\u00f3pez Obrador","Covid 19","Javier Lorenzo Cabrera","Marcos Isle\u00f1o","M\u00e9xico","Morena","Odebrecht","Opini\u00f3n","PVEM","Ricardo Ch\u00faa","Roc\u00edo Nahle","Sener","Veracruz"],"articleSection":["De Opini\u00f3n"],"inLanguage":"es","potentialAction":[{"@type":"CommentAction","name":"Comment","target":["https:\/\/lospoliticosveracruz.com\/?p=59078#respond"]}]},{"@type":"WebPage","@id":"https:\/\/lospoliticosveracruz.com\/?p=59078","url":"https:\/\/lospoliticosveracruz.com\/?p=59078","name":"Nahle, sus primeros infectados - Los pol\u00edticos Veracruz","isPartOf":{"@id":"https:\/\/lospoliticosveracruz.com\/#website"},"primaryImageOfPage":{"@id":"https:\/\/lospoliticosveracruz.com\/?p=59078#primaryimage"},"image":{"@id":"https:\/\/lospoliticosveracruz.com\/?p=59078#primaryimage"},"thumbnailUrl":"http:\/\/www.lospoliticosveracruz.com.mx\/wp-content\/uploads\/2020\/07\/CINTILLO-Armando.jpg","datePublished":"2020-08-19T13:43:56+00:00","dateModified":"2020-08-19T13:44:48+00:00","breadcrumb":{"@id":"https:\/\/lospoliticosveracruz.com\/?p=59078#breadcrumb"},"inLanguage":"es","potentialAction":[{"@type":"ReadAction","target":["https:\/\/lospoliticosveracruz.com\/?p=59078"]}]},{"@type":"ImageObject","inLanguage":"es","@id":"https:\/\/lospoliticosveracruz.com\/?p=59078#primaryimage","url":"http:\/\/www.lospoliticosveracruz.com.mx\/wp-content\/uploads\/2020\/07\/CINTILLO-Armando.jpg","contentUrl":"http:\/\/www.lospoliticosveracruz.com.mx\/wp-content\/uploads\/2020\/07\/CINTILLO-Armando.jpg"},{"@type":"BreadcrumbList","@id":"https:\/\/lospoliticosveracruz.com\/?p=59078#breadcrumb","itemListElement":[{"@type":"ListItem","position":1,"name":"Portada","item":"https:\/\/lospoliticosveracruz.com\/"},{"@type":"ListItem","position":2,"name":"Nahle, sus primeros infectados"}]},{"@type":"WebSite","@id":"https:\/\/lospoliticosveracruz.com\/#website","url":"https:\/\/lospoliticosveracruz.com\/","name":"Los pol\u00edticos Veracruz","description":"","publisher":{"@id":"https:\/\/lospoliticosveracruz.com\/#organization"},"potentialAction":[{"@type":"SearchAction","target":{"@type":"EntryPoint","urlTemplate":"https:\/\/lospoliticosveracruz.com\/?s={search_term_string}"},"query-input":{"@type":"PropertyValueSpecification","valueRequired":true,"valueName":"search_term_string"}}],"inLanguage":"es"},{"@type":"Organization","@id":"https:\/\/lospoliticosveracruz.com\/#organization","name":"Los pol\u00edticos Veracruz","url":"https:\/\/lospoliticosveracruz.com\/","logo":{"@type":"ImageObject","inLanguage":"es","@id":"https:\/\/lospoliticosveracruz.com\/#\/schema\/logo\/image\/","url":"https:\/\/lospoliticosveracruz.com\/wp-content\/uploads\/2025\/12\/Logo-Nuevo-LOS-POLITICOS-1.jpg","contentUrl":"https:\/\/lospoliticosveracruz.com\/wp-content\/uploads\/2025\/12\/Logo-Nuevo-LOS-POLITICOS-1.jpg","width":260,"height":70,"caption":"Los pol\u00edticos Veracruz"},"image":{"@id":"https:\/\/lospoliticosveracruz.com\/#\/schema\/logo\/image\/"},"sameAs":["https:\/\/www.facebook.com\/people\/Notimemes-de-los-Polticos\/61565672886568\/","https:\/\/x.com\/LosPoliticosVer"]},{"@type":"Person","@id":"https:\/\/lospoliticosveracruz.com\/#\/schema\/person\/b8702bb0e538456e6efd07080bf2a4a2","name":"Lo viste en Los Pol\u00edticos","image":{"@type":"ImageObject","inLanguage":"es","@id":"https:\/\/secure.gravatar.com\/avatar\/3a8de04a2656d44082be478bd6c086daa447c4651605818287b9532d3d0bd435?s=96&d=mm&r=g","url":"https:\/\/secure.gravatar.com\/avatar\/3a8de04a2656d44082be478bd6c086daa447c4651605818287b9532d3d0bd435?s=96&d=mm&r=g","contentUrl":"https:\/\/secure.gravatar.com\/avatar\/3a8de04a2656d44082be478bd6c086daa447c4651605818287b9532d3d0bd435?s=96&d=mm&r=g","caption":"Lo viste en Los Pol\u00edticos"},"url":"https:\/\/lospoliticosveracruz.com\/?author=2"}]}},"_links":{"self":[{"href":"https:\/\/lospoliticosveracruz.com\/index.php?rest_route=\/wp\/v2\/posts\/59078","targetHints":{"allow":["GET"]}}],"collection":[{"href":"https:\/\/lospoliticosveracruz.com\/index.php?rest_route=\/wp\/v2\/posts"}],"about":[{"href":"https:\/\/lospoliticosveracruz.com\/index.php?rest_route=\/wp\/v2\/types\/post"}],"author":[{"embeddable":true,"href":"https:\/\/lospoliticosveracruz.com\/index.php?rest_route=\/wp\/v2\/users\/2"}],"replies":[{"embeddable":true,"href":"https:\/\/lospoliticosveracruz.com\/index.php?rest_route=%2Fwp%2Fv2%2Fcomments&post=59078"}],"version-history":[{"count":2,"href":"https:\/\/lospoliticosveracruz.com\/index.php?rest_route=\/wp\/v2\/posts\/59078\/revisions"}],"predecessor-version":[{"id":59082,"href":"https:\/\/lospoliticosveracruz.com\/index.php?rest_route=\/wp\/v2\/posts\/59078\/revisions\/59082"}],"wp:attachment":[{"href":"https:\/\/lospoliticosveracruz.com\/index.php?rest_route=%2Fwp%2Fv2%2Fmedia&parent=59078"}],"wp:term":[{"taxonomy":"category","embeddable":true,"href":"https:\/\/lospoliticosveracruz.com\/index.php?rest_route=%2Fwp%2Fv2%2Fcategories&post=59078"},{"taxonomy":"post_tag","embeddable":true,"href":"https:\/\/lospoliticosveracruz.com\/index.php?rest_route=%2Fwp%2Fv2%2Ftags&post=59078"}],"curies":[{"name":"wp","href":"https:\/\/api.w.org\/{rel}","templated":true}]}}