{"id":59089,"date":"2020-08-19T10:01:07","date_gmt":"2020-08-19T15:01:07","guid":{"rendered":"http:\/\/www.lospoliticosveracruz.com.mx\/?p=59089"},"modified":"2020-08-19T10:03:17","modified_gmt":"2020-08-19T15:03:17","slug":"vengan-auditorias-lety","status":"publish","type":"post","link":"https:\/\/lospoliticosveracruz.com\/?p=59089","title":{"rendered":"Vengan auditor\u00edas!: Lety"},"content":{"rendered":"<p>La presidenta municipal Leticia L\u00f3pez Landero se\u00f1al\u00f3 que gracias a la aplicaci\u00f3n trasparente y eficiente de los recursos p\u00fablicos se han generado obras y acciones que impulsan el desarrollo social de C\u00f3rdoba, y por ello su gobierno ha recibido apoyados adicionales por parte de la Federaci\u00f3n y el estado para obra p\u00fablica y la atenci\u00f3n a la emergencia sanitaria.<\/p>\n<p>&nbsp;<a href=\"https:\/\/cordoba.gob.mx\/site\/\"><img decoding=\"async\" src=\"http:\/\/www.lospoliticosveracruz.com.mx\/wp-content\/uploads\/2020\/08\/Cintillo-C\u00f3rdoba-Cubrebocas.jpg\" alt=\"\"><\/a><\/p>\n<p>L\u00f3pez Landero indic\u00f3 que la aplicaci\u00f3n de los recursos p\u00fablicos ha cumplido la normatividad estatal y federal en el proceso de comprobaci\u00f3n y solventaci\u00f3n de observaciones. Resalt\u00f3 que su administraci\u00f3n ya concluy\u00f3 la comprobaci\u00f3n de la Cuenta P\u00fablica del a\u00f1o 2018 y se encuentra a la espera del dictamen preliminar de la Cuenta P\u00fablica 2019.<\/p>\n<p>La Mun\u00edcipe resalt\u00f3 que las auditor\u00edas son ejercicios de rendici\u00f3n de cuentas muy \u00fatiles para la administraci\u00f3n p\u00fablica en todos sus \u00f3rdenes de gobierno, y para C\u00f3rdoba han arrojado resultados muy positivos por la transparencia y solidez de su aplicaci\u00f3n de los recursos a favor de la sociedad.<\/p>\n<p>Cuestionada sobre el anuncio de la auditor\u00eda a las arcas municipales que promovi\u00f3 el Congreso del Estado, L\u00f3pez Landero se\u00f1al\u00f3 que se trata de ejercicios rutinarios, de gabinete, que permitir\u00e1n fortalecer la rendici\u00f3n de cuentas.<\/p>\n<p>\u201cMuy de acuerdo en que vengan las auditor\u00edas, no solamente a C\u00f3rdoba sino a todo el pa\u00eds, es necesario darle la certeza a los ciudadanos de que sus recursos son manejados de manera transparente y honesta, porque en muchos a\u00f1os no se ve\u00eda donde iba a parar el dinero, hoy las les leyes nos apuntan a que seamos transparentes\u201d, puntualiz\u00f3.<\/p>\n<p>Indic\u00f3 que a partir de la aplicaci\u00f3n eficiente del presupuesto, la administraci\u00f3n municipal ha podido implementar programas y acciones con recursos propios como las Becas C\u00f3rdoba Brilla Contigo, obras de infraestructura social, y la atenci\u00f3n a la emergencia sanitaria en su primera etapa.<\/p>\n<p>L\u00f3pez Landero destac\u00f3 que por la solidez y transparencia de las finanzas municipales la federaci\u00f3n destin\u00f3 230 millones de pesos adicionales para impulsar cinco proyectos de infraestructura a trav\u00e9s de SEDATU. Asimismo, indic\u00f3 que el gobierno estatal asign\u00f3 8.2 millones de pesos del Fondo de Estabilizaci\u00f3n para dar continuidad a las acciones implementadas contra el COVID19, y otros 5 millones de pesos con el mismo objetivo.<\/p>\n","protected":false},"excerpt":{"rendered":"<p>La presidenta municipal Leticia L\u00f3pez Landero se\u00f1al\u00f3 que gracias a la aplicaci\u00f3n trasparente y eficiente de los recursos p\u00fablicos se han generado obras y acciones que impulsan el desarrollo social de C\u00f3rdoba, y por ello su gobierno ha recibido apoyados adicionales por parte de la Federaci\u00f3n y el estado para obra p\u00fablica y la atenci\u00f3n [&hellip;]<\/p>\n","protected":false},"author":2,"featured_media":0,"comment_status":"open","ping_status":"open","sticky":false,"template":"","format":"standard","meta":{"tdm_status":"","tdm_grid_status":"","footnotes":""},"categories":[73],"tags":[20000,19999,7641,1948],"class_list":{"0":"post-59089","1":"post","2":"type-post","3":"status-publish","4":"format-standard","6":"category-de-boleto","7":"tag-cuenta-publica-2019","8":"tag-desarrollo-social-de-cordoba","9":"tag-leticia-lopez-landero","10":"tag-sedatu"},"yoast_head":"<!-- This site is optimized with the Yoast SEO plugin v27.4 - https:\/\/yoast.com\/product\/yoast-seo-wordpress\/ -->\n<title>Vengan auditor\u00edas!: Lety - Los pol\u00edticos Veracruz<\/title>\n<meta name=\"robots\" content=\"index, follow, max-snippet:-1, max-image-preview:large, max-video-preview:-1\" \/>\n<link rel=\"canonical\" href=\"https:\/\/lospoliticosveracruz.com\/?p=59089\" \/>\n<meta property=\"og:locale\" content=\"es_ES\" \/>\n<meta property=\"og:type\" content=\"article\" \/>\n<meta property=\"og:title\" content=\"Vengan auditor\u00edas!: Lety - Los pol\u00edticos Veracruz\" \/>\n<meta property=\"og:description\" content=\"La presidenta municipal Leticia L\u00f3pez Landero se\u00f1al\u00f3 que gracias a la aplicaci\u00f3n trasparente y eficiente de los recursos p\u00fablicos se han generado obras y acciones que impulsan el desarrollo social de C\u00f3rdoba, y por ello su gobierno ha recibido apoyados adicionales por parte de la Federaci\u00f3n y el estado para obra p\u00fablica y la atenci\u00f3n [&hellip;]\" \/>\n<meta property=\"og:url\" content=\"https:\/\/lospoliticosveracruz.com\/?p=59089\" \/>\n<meta property=\"og:site_name\" content=\"Los pol\u00edticos Veracruz\" \/>\n<meta property=\"article:publisher\" content=\"https:\/\/www.facebook.com\/people\/Notimemes-de-los-Polticos\/61565672886568\/\" \/>\n<meta property=\"article:published_time\" content=\"2020-08-19T15:01:07+00:00\" \/>\n<meta property=\"article:modified_time\" content=\"2020-08-19T15:03:17+00:00\" \/>\n<meta property=\"og:image\" content=\"https:\/\/lospoliticosveracruz.com\/wp-content\/uploads\/2016\/07\/Logo-Dor.jpg\" \/>\n\t<meta property=\"og:image:width\" content=\"200\" \/>\n\t<meta property=\"og:image:height\" content=\"200\" \/>\n\t<meta property=\"og:image:type\" content=\"image\/jpeg\" \/>\n<meta name=\"author\" content=\"Lo viste en Los Pol\u00edticos\" \/>\n<meta name=\"twitter:card\" content=\"summary_large_image\" \/>\n<meta name=\"twitter:creator\" content=\"@LosPoliticosVer\" \/>\n<meta name=\"twitter:site\" content=\"@LosPoliticosVer\" \/>\n<meta name=\"twitter:label1\" content=\"Escrito por\" \/>\n\t<meta name=\"twitter:data1\" content=\"Lo viste en Los Pol\u00edticos\" \/>\n\t<meta name=\"twitter:label2\" content=\"Tiempo de lectura\" \/>\n\t<meta name=\"twitter:data2\" content=\"2 minutos\" \/>\n<script type=\"application\/ld+json\" class=\"yoast-schema-graph\">{\"@context\":\"https:\\\/\\\/schema.org\",\"@graph\":[{\"@type\":\"Article\",\"@id\":\"https:\\\/\\\/lospoliticosveracruz.com\\\/?p=59089#article\",\"isPartOf\":{\"@id\":\"https:\\\/\\\/lospoliticosveracruz.com\\\/?p=59089\"},\"author\":{\"name\":\"Lo viste en Los Pol\u00edticos\",\"@id\":\"https:\\\/\\\/lospoliticosveracruz.com\\\/#\\\/schema\\\/person\\\/b8702bb0e538456e6efd07080bf2a4a2\"},\"headline\":\"Vengan auditor\u00edas!: Lety\",\"datePublished\":\"2020-08-19T15:01:07+00:00\",\"dateModified\":\"2020-08-19T15:03:17+00:00\",\"mainEntityOfPage\":{\"@id\":\"https:\\\/\\\/lospoliticosveracruz.com\\\/?p=59089\"},\"wordCount\":409,\"commentCount\":0,\"publisher\":{\"@id\":\"https:\\\/\\\/lospoliticosveracruz.com\\\/#organization\"},\"keywords\":[\"Cuenta P\u00fablica 2019\",\"Desarrollo social de C\u00f3rdoba\",\"Leticia L\u00f3pez Landero\",\"Sedatu\"],\"articleSection\":[\"De Boleto\"],\"inLanguage\":\"es\",\"potentialAction\":[{\"@type\":\"CommentAction\",\"name\":\"Comment\",\"target\":[\"https:\\\/\\\/lospoliticosveracruz.com\\\/?p=59089#respond\"]}]},{\"@type\":\"WebPage\",\"@id\":\"https:\\\/\\\/lospoliticosveracruz.com\\\/?p=59089\",\"url\":\"https:\\\/\\\/lospoliticosveracruz.com\\\/?p=59089\",\"name\":\"Vengan auditor\u00edas!: Lety - Los pol\u00edticos Veracruz\",\"isPartOf\":{\"@id\":\"https:\\\/\\\/lospoliticosveracruz.com\\\/#website\"},\"datePublished\":\"2020-08-19T15:01:07+00:00\",\"dateModified\":\"2020-08-19T15:03:17+00:00\",\"breadcrumb\":{\"@id\":\"https:\\\/\\\/lospoliticosveracruz.com\\\/?p=59089#breadcrumb\"},\"inLanguage\":\"es\",\"potentialAction\":[{\"@type\":\"ReadAction\",\"target\":[\"https:\\\/\\\/lospoliticosveracruz.com\\\/?p=59089\"]}]},{\"@type\":\"BreadcrumbList\",\"@id\":\"https:\\\/\\\/lospoliticosveracruz.com\\\/?p=59089#breadcrumb\",\"itemListElement\":[{\"@type\":\"ListItem\",\"position\":1,\"name\":\"Portada\",\"item\":\"https:\\\/\\\/lospoliticosveracruz.com\\\/\"},{\"@type\":\"ListItem\",\"position\":2,\"name\":\"Vengan auditor\u00edas!: Lety\"}]},{\"@type\":\"WebSite\",\"@id\":\"https:\\\/\\\/lospoliticosveracruz.com\\\/#website\",\"url\":\"https:\\\/\\\/lospoliticosveracruz.com\\\/\",\"name\":\"Los pol\u00edticos Veracruz\",\"description\":\"\",\"publisher\":{\"@id\":\"https:\\\/\\\/lospoliticosveracruz.com\\\/#organization\"},\"potentialAction\":[{\"@type\":\"SearchAction\",\"target\":{\"@type\":\"EntryPoint\",\"urlTemplate\":\"https:\\\/\\\/lospoliticosveracruz.com\\\/?s={search_term_string}\"},\"query-input\":{\"@type\":\"PropertyValueSpecification\",\"valueRequired\":true,\"valueName\":\"search_term_string\"}}],\"inLanguage\":\"es\"},{\"@type\":\"Organization\",\"@id\":\"https:\\\/\\\/lospoliticosveracruz.com\\\/#organization\",\"name\":\"Los pol\u00edticos Veracruz\",\"url\":\"https:\\\/\\\/lospoliticosveracruz.com\\\/\",\"logo\":{\"@type\":\"ImageObject\",\"inLanguage\":\"es\",\"@id\":\"https:\\\/\\\/lospoliticosveracruz.com\\\/#\\\/schema\\\/logo\\\/image\\\/\",\"url\":\"https:\\\/\\\/lospoliticosveracruz.com\\\/wp-content\\\/uploads\\\/2025\\\/12\\\/Logo-Nuevo-LOS-POLITICOS-1.jpg\",\"contentUrl\":\"https:\\\/\\\/lospoliticosveracruz.com\\\/wp-content\\\/uploads\\\/2025\\\/12\\\/Logo-Nuevo-LOS-POLITICOS-1.jpg\",\"width\":260,\"height\":70,\"caption\":\"Los pol\u00edticos Veracruz\"},\"image\":{\"@id\":\"https:\\\/\\\/lospoliticosveracruz.com\\\/#\\\/schema\\\/logo\\\/image\\\/\"},\"sameAs\":[\"https:\\\/\\\/www.facebook.com\\\/people\\\/Notimemes-de-los-Polticos\\\/61565672886568\\\/\",\"https:\\\/\\\/x.com\\\/LosPoliticosVer\"]},{\"@type\":\"Person\",\"@id\":\"https:\\\/\\\/lospoliticosveracruz.com\\\/#\\\/schema\\\/person\\\/b8702bb0e538456e6efd07080bf2a4a2\",\"name\":\"Lo viste en Los Pol\u00edticos\",\"image\":{\"@type\":\"ImageObject\",\"inLanguage\":\"es\",\"@id\":\"https:\\\/\\\/secure.gravatar.com\\\/avatar\\\/3a8de04a2656d44082be478bd6c086daa447c4651605818287b9532d3d0bd435?s=96&d=mm&r=g\",\"url\":\"https:\\\/\\\/secure.gravatar.com\\\/avatar\\\/3a8de04a2656d44082be478bd6c086daa447c4651605818287b9532d3d0bd435?s=96&d=mm&r=g\",\"contentUrl\":\"https:\\\/\\\/secure.gravatar.com\\\/avatar\\\/3a8de04a2656d44082be478bd6c086daa447c4651605818287b9532d3d0bd435?s=96&d=mm&r=g\",\"caption\":\"Lo viste en Los Pol\u00edticos\"},\"url\":\"https:\\\/\\\/lospoliticosveracruz.com\\\/?author=2\"}]}<\/script>\n<!-- \/ Yoast SEO plugin. -->","yoast_head_json":{"title":"Vengan auditor\u00edas!: Lety - Los pol\u00edticos Veracruz","robots":{"index":"index","follow":"follow","max-snippet":"max-snippet:-1","max-image-preview":"max-image-preview:large","max-video-preview":"max-video-preview:-1"},"canonical":"https:\/\/lospoliticosveracruz.com\/?p=59089","og_locale":"es_ES","og_type":"article","og_title":"Vengan auditor\u00edas!: Lety - Los pol\u00edticos Veracruz","og_description":"La presidenta municipal Leticia L\u00f3pez Landero se\u00f1al\u00f3 que gracias a la aplicaci\u00f3n trasparente y eficiente de los recursos p\u00fablicos se han generado obras y acciones que impulsan el desarrollo social de C\u00f3rdoba, y por ello su gobierno ha recibido apoyados adicionales por parte de la Federaci\u00f3n y el estado para obra p\u00fablica y la atenci\u00f3n [&hellip;]","og_url":"https:\/\/lospoliticosveracruz.com\/?p=59089","og_site_name":"Los pol\u00edticos Veracruz","article_publisher":"https:\/\/www.facebook.com\/people\/Notimemes-de-los-Polticos\/61565672886568\/","article_published_time":"2020-08-19T15:01:07+00:00","article_modified_time":"2020-08-19T15:03:17+00:00","og_image":[{"width":200,"height":200,"url":"https:\/\/lospoliticosveracruz.com\/wp-content\/uploads\/2016\/07\/Logo-Dor.jpg","type":"image\/jpeg"}],"author":"Lo viste en Los Pol\u00edticos","twitter_card":"summary_large_image","twitter_creator":"@LosPoliticosVer","twitter_site":"@LosPoliticosVer","twitter_misc":{"Escrito por":"Lo viste en Los Pol\u00edticos","Tiempo de lectura":"2 minutos"},"schema":{"@context":"https:\/\/schema.org","@graph":[{"@type":"Article","@id":"https:\/\/lospoliticosveracruz.com\/?p=59089#article","isPartOf":{"@id":"https:\/\/lospoliticosveracruz.com\/?p=59089"},"author":{"name":"Lo viste en Los Pol\u00edticos","@id":"https:\/\/lospoliticosveracruz.com\/#\/schema\/person\/b8702bb0e538456e6efd07080bf2a4a2"},"headline":"Vengan auditor\u00edas!: Lety","datePublished":"2020-08-19T15:01:07+00:00","dateModified":"2020-08-19T15:03:17+00:00","mainEntityOfPage":{"@id":"https:\/\/lospoliticosveracruz.com\/?p=59089"},"wordCount":409,"commentCount":0,"publisher":{"@id":"https:\/\/lospoliticosveracruz.com\/#organization"},"keywords":["Cuenta P\u00fablica 2019","Desarrollo social de C\u00f3rdoba","Leticia L\u00f3pez Landero","Sedatu"],"articleSection":["De Boleto"],"inLanguage":"es","potentialAction":[{"@type":"CommentAction","name":"Comment","target":["https:\/\/lospoliticosveracruz.com\/?p=59089#respond"]}]},{"@type":"WebPage","@id":"https:\/\/lospoliticosveracruz.com\/?p=59089","url":"https:\/\/lospoliticosveracruz.com\/?p=59089","name":"Vengan auditor\u00edas!: Lety - Los pol\u00edticos Veracruz","isPartOf":{"@id":"https:\/\/lospoliticosveracruz.com\/#website"},"datePublished":"2020-08-19T15:01:07+00:00","dateModified":"2020-08-19T15:03:17+00:00","breadcrumb":{"@id":"https:\/\/lospoliticosveracruz.com\/?p=59089#breadcrumb"},"inLanguage":"es","potentialAction":[{"@type":"ReadAction","target":["https:\/\/lospoliticosveracruz.com\/?p=59089"]}]},{"@type":"BreadcrumbList","@id":"https:\/\/lospoliticosveracruz.com\/?p=59089#breadcrumb","itemListElement":[{"@type":"ListItem","position":1,"name":"Portada","item":"https:\/\/lospoliticosveracruz.com\/"},{"@type":"ListItem","position":2,"name":"Vengan auditor\u00edas!: Lety"}]},{"@type":"WebSite","@id":"https:\/\/lospoliticosveracruz.com\/#website","url":"https:\/\/lospoliticosveracruz.com\/","name":"Los pol\u00edticos Veracruz","description":"","publisher":{"@id":"https:\/\/lospoliticosveracruz.com\/#organization"},"potentialAction":[{"@type":"SearchAction","target":{"@type":"EntryPoint","urlTemplate":"https:\/\/lospoliticosveracruz.com\/?s={search_term_string}"},"query-input":{"@type":"PropertyValueSpecification","valueRequired":true,"valueName":"search_term_string"}}],"inLanguage":"es"},{"@type":"Organization","@id":"https:\/\/lospoliticosveracruz.com\/#organization","name":"Los pol\u00edticos Veracruz","url":"https:\/\/lospoliticosveracruz.com\/","logo":{"@type":"ImageObject","inLanguage":"es","@id":"https:\/\/lospoliticosveracruz.com\/#\/schema\/logo\/image\/","url":"https:\/\/lospoliticosveracruz.com\/wp-content\/uploads\/2025\/12\/Logo-Nuevo-LOS-POLITICOS-1.jpg","contentUrl":"https:\/\/lospoliticosveracruz.com\/wp-content\/uploads\/2025\/12\/Logo-Nuevo-LOS-POLITICOS-1.jpg","width":260,"height":70,"caption":"Los pol\u00edticos Veracruz"},"image":{"@id":"https:\/\/lospoliticosveracruz.com\/#\/schema\/logo\/image\/"},"sameAs":["https:\/\/www.facebook.com\/people\/Notimemes-de-los-Polticos\/61565672886568\/","https:\/\/x.com\/LosPoliticosVer"]},{"@type":"Person","@id":"https:\/\/lospoliticosveracruz.com\/#\/schema\/person\/b8702bb0e538456e6efd07080bf2a4a2","name":"Lo viste en Los Pol\u00edticos","image":{"@type":"ImageObject","inLanguage":"es","@id":"https:\/\/secure.gravatar.com\/avatar\/3a8de04a2656d44082be478bd6c086daa447c4651605818287b9532d3d0bd435?s=96&d=mm&r=g","url":"https:\/\/secure.gravatar.com\/avatar\/3a8de04a2656d44082be478bd6c086daa447c4651605818287b9532d3d0bd435?s=96&d=mm&r=g","contentUrl":"https:\/\/secure.gravatar.com\/avatar\/3a8de04a2656d44082be478bd6c086daa447c4651605818287b9532d3d0bd435?s=96&d=mm&r=g","caption":"Lo viste en Los Pol\u00edticos"},"url":"https:\/\/lospoliticosveracruz.com\/?author=2"}]}},"_links":{"self":[{"href":"https:\/\/lospoliticosveracruz.com\/index.php?rest_route=\/wp\/v2\/posts\/59089","targetHints":{"allow":["GET"]}}],"collection":[{"href":"https:\/\/lospoliticosveracruz.com\/index.php?rest_route=\/wp\/v2\/posts"}],"about":[{"href":"https:\/\/lospoliticosveracruz.com\/index.php?rest_route=\/wp\/v2\/types\/post"}],"author":[{"embeddable":true,"href":"https:\/\/lospoliticosveracruz.com\/index.php?rest_route=\/wp\/v2\/users\/2"}],"replies":[{"embeddable":true,"href":"https:\/\/lospoliticosveracruz.com\/index.php?rest_route=%2Fwp%2Fv2%2Fcomments&post=59089"}],"version-history":[{"count":2,"href":"https:\/\/lospoliticosveracruz.com\/index.php?rest_route=\/wp\/v2\/posts\/59089\/revisions"}],"predecessor-version":[{"id":59092,"href":"https:\/\/lospoliticosveracruz.com\/index.php?rest_route=\/wp\/v2\/posts\/59089\/revisions\/59092"}],"wp:attachment":[{"href":"https:\/\/lospoliticosveracruz.com\/index.php?rest_route=%2Fwp%2Fv2%2Fmedia&parent=59089"}],"wp:term":[{"taxonomy":"category","embeddable":true,"href":"https:\/\/lospoliticosveracruz.com\/index.php?rest_route=%2Fwp%2Fv2%2Fcategories&post=59089"},{"taxonomy":"post_tag","embeddable":true,"href":"https:\/\/lospoliticosveracruz.com\/index.php?rest_route=%2Fwp%2Fv2%2Ftags&post=59089"}],"curies":[{"name":"wp","href":"https:\/\/api.w.org\/{rel}","templated":true}]}}