{"id":59141,"date":"2020-08-19T21:16:38","date_gmt":"2020-08-20T02:16:38","guid":{"rendered":"http:\/\/www.lospoliticosveracruz.com.mx\/?p=59141"},"modified":"2020-08-19T21:21:46","modified_gmt":"2020-08-20T02:21:46","slug":"pan-da-su-postura-al-actopanazo","status":"publish","type":"post","link":"https:\/\/lospoliticosveracruz.com\/?p=59141","title":{"rendered":"PAN da su postura al Actopanazo!"},"content":{"rendered":"<p>&nbsp;<\/p>\n<p><strong>A las y los ciudadanos de Veracruz:<\/strong><\/p>\n<p>Respecto a la detenci\u00f3n del Alcalde Suplente de Actopan, Jos\u00e9 Alfredo L\u00f3pez Carreto, realizada este mi\u00e9rcoles\u00a0en la ciudad de Xalapa, exigimos que se garantice el principio de\u00a0 presunci\u00f3n de inocencia, que se respeten los derechos humanos de Jos\u00e9 Alfredo L\u00f3pez y su familia, y que se observe el debido proceso.<\/p>\n<p>La impartici\u00f3n de justicia no debe ser selectiva, no debe ser una herramienta para permitir la violaci\u00f3n a los derechos humanos de las y los veracruzanos, y no debe prestarse a irregularidades como la cometida este d\u00eda con la detenci\u00f3n del Alcalde Suplente, realizada con el uso de una gr\u00faa.<\/p>\n<p>Todo proceso debe ser claro, transparente y apegado a legalidad. De otro modo, pareciera que existe un inter\u00e9s por callar las voces cr\u00edticas y someter a quienes exigen sus derechos.<\/p>\n<p>Las y los veracruzanos tenemos en cuenta que se ha gestado una serie de actos que pueden tomarse como persecuci\u00f3n pol\u00edtica contra las voces opositoras, en este particular caso, contra el gobierno del municipio de Actopan, elegido por las y los ciudadanos para ser un gobierno del PAN.<\/p>\n<p>Hoy, la aprehensi\u00f3n del Alcalde Suplente, Jos\u00e9 Alfredo L\u00f3pez Carreto, se da en el marco de la exigencia para que se respetaran sus derechos, y poco despu\u00e9s de que interpuso diversos recursos para tomar el cargo que legalmente le corresponde en el Ayuntamiento de Actopan.<\/p>\n<p>Esta acci\u00f3n parece materializar aquel discurso que Morena ha expresado abiertamente para confrontar a la sociedad y dejar en claro que todo aquel que se oponga o se\u00f1ale las arbitrariedades de Morena, ser\u00e1 perseguido y silenciado.<\/p>\n<p>En el PAN estaremos atentos al debido proceso y los resultados de la investigaci\u00f3n, exigiendo que predomine la presunci\u00f3n de inocencia, y que se garantice el respeto a los derechos humanos de Jos\u00e9 Alfredo L\u00f3pez Carreto.<\/p>\n<p>De igual forma, hacemos un exhorto a la Fiscal\u00eda General del Estado y al Poder Judicial del Estado, a que se conduzcan de manera imparcial en la investigaci\u00f3n y resoluci\u00f3n del caso.<\/p>\n<p>Nadie por encima de la ley.<\/p>\n<p>&nbsp;<\/p>\n<p style=\"text-align: center;\"><strong>PAN VERACRUZ<\/strong><\/p>\n<p style=\"text-align: center;\"><strong>Unidos y Fuertes para Defender a Veracruz<\/strong><\/p>\n","protected":false},"excerpt":{"rendered":"<p>&nbsp; A las y los ciudadanos de Veracruz: Respecto a la detenci\u00f3n del Alcalde Suplente de Actopan, Jos\u00e9 Alfredo L\u00f3pez Carreto, realizada este mi\u00e9rcoles\u00a0en la ciudad de Xalapa, exigimos que se garantice el principio de\u00a0 presunci\u00f3n de inocencia, que se respeten los derechos humanos de Jos\u00e9 Alfredo L\u00f3pez y su familia, y que se observe [&hellip;]<\/p>\n","protected":false},"author":2,"featured_media":0,"comment_status":"open","ping_status":"open","sticky":false,"template":"","format":"standard","meta":{"tdm_status":"","tdm_grid_status":"","footnotes":""},"categories":[73],"tags":[4860,4116,20019,266,19497],"class_list":{"0":"post-59141","1":"post","2":"type-post","3":"status-publish","4":"format-standard","6":"category-de-boleto","7":"tag-actopan","8":"tag-fiscalia-general-del-estado","9":"tag-jose-alfredo-lopez","10":"tag-pan","11":"tag-poder-judicial-del-estado-de-veracruz"},"yoast_head":"<!-- This site is optimized with the Yoast SEO plugin v27.4 - https:\/\/yoast.com\/product\/yoast-seo-wordpress\/ -->\n<title>PAN da su postura al Actopanazo! - Los pol\u00edticos Veracruz<\/title>\n<meta name=\"robots\" content=\"index, follow, max-snippet:-1, max-image-preview:large, max-video-preview:-1\" \/>\n<link rel=\"canonical\" href=\"https:\/\/lospoliticosveracruz.com\/?p=59141\" \/>\n<meta property=\"og:locale\" content=\"es_ES\" \/>\n<meta property=\"og:type\" content=\"article\" \/>\n<meta property=\"og:title\" content=\"PAN da su postura al Actopanazo! - Los pol\u00edticos Veracruz\" \/>\n<meta property=\"og:description\" content=\"&nbsp; A las y los ciudadanos de Veracruz: Respecto a la detenci\u00f3n del Alcalde Suplente de Actopan, Jos\u00e9 Alfredo L\u00f3pez Carreto, realizada este mi\u00e9rcoles\u00a0en la ciudad de Xalapa, exigimos que se garantice el principio de\u00a0 presunci\u00f3n de inocencia, que se respeten los derechos humanos de Jos\u00e9 Alfredo L\u00f3pez y su familia, y que se observe [&hellip;]\" \/>\n<meta property=\"og:url\" content=\"https:\/\/lospoliticosveracruz.com\/?p=59141\" \/>\n<meta property=\"og:site_name\" content=\"Los pol\u00edticos Veracruz\" \/>\n<meta property=\"article:publisher\" content=\"https:\/\/www.facebook.com\/people\/Notimemes-de-los-Polticos\/61565672886568\/\" \/>\n<meta property=\"article:published_time\" content=\"2020-08-20T02:16:38+00:00\" \/>\n<meta property=\"article:modified_time\" content=\"2020-08-20T02:21:46+00:00\" \/>\n<meta property=\"og:image\" content=\"https:\/\/lospoliticosveracruz.com\/wp-content\/uploads\/2016\/07\/Logo-Dor.jpg\" \/>\n\t<meta property=\"og:image:width\" content=\"200\" \/>\n\t<meta property=\"og:image:height\" content=\"200\" \/>\n\t<meta property=\"og:image:type\" content=\"image\/jpeg\" \/>\n<meta name=\"author\" content=\"Lo viste en Los Pol\u00edticos\" \/>\n<meta name=\"twitter:card\" content=\"summary_large_image\" \/>\n<meta name=\"twitter:creator\" content=\"@LosPoliticosVer\" \/>\n<meta name=\"twitter:site\" content=\"@LosPoliticosVer\" \/>\n<meta name=\"twitter:label1\" content=\"Escrito por\" \/>\n\t<meta name=\"twitter:data1\" content=\"Lo viste en Los Pol\u00edticos\" \/>\n\t<meta name=\"twitter:label2\" content=\"Tiempo de lectura\" \/>\n\t<meta name=\"twitter:data2\" content=\"2 minutos\" \/>\n<script type=\"application\/ld+json\" class=\"yoast-schema-graph\">{\"@context\":\"https:\\\/\\\/schema.org\",\"@graph\":[{\"@type\":\"Article\",\"@id\":\"https:\\\/\\\/lospoliticosveracruz.com\\\/?p=59141#article\",\"isPartOf\":{\"@id\":\"https:\\\/\\\/lospoliticosveracruz.com\\\/?p=59141\"},\"author\":{\"name\":\"Lo viste en Los Pol\u00edticos\",\"@id\":\"https:\\\/\\\/lospoliticosveracruz.com\\\/#\\\/schema\\\/person\\\/b8702bb0e538456e6efd07080bf2a4a2\"},\"headline\":\"PAN da su postura al Actopanazo!\",\"datePublished\":\"2020-08-20T02:16:38+00:00\",\"dateModified\":\"2020-08-20T02:21:46+00:00\",\"mainEntityOfPage\":{\"@id\":\"https:\\\/\\\/lospoliticosveracruz.com\\\/?p=59141\"},\"wordCount\":383,\"commentCount\":0,\"publisher\":{\"@id\":\"https:\\\/\\\/lospoliticosveracruz.com\\\/#organization\"},\"keywords\":[\"Actopan\",\"Fiscal\u00eda General del Estado\",\"Jos\u00e9 Alfredo L\u00f3pez\",\"PAN\",\"Poder Judicial del Estado de Veracruz\"],\"articleSection\":[\"De Boleto\"],\"inLanguage\":\"es\",\"potentialAction\":[{\"@type\":\"CommentAction\",\"name\":\"Comment\",\"target\":[\"https:\\\/\\\/lospoliticosveracruz.com\\\/?p=59141#respond\"]}]},{\"@type\":\"WebPage\",\"@id\":\"https:\\\/\\\/lospoliticosveracruz.com\\\/?p=59141\",\"url\":\"https:\\\/\\\/lospoliticosveracruz.com\\\/?p=59141\",\"name\":\"PAN da su postura al Actopanazo! - Los pol\u00edticos Veracruz\",\"isPartOf\":{\"@id\":\"https:\\\/\\\/lospoliticosveracruz.com\\\/#website\"},\"datePublished\":\"2020-08-20T02:16:38+00:00\",\"dateModified\":\"2020-08-20T02:21:46+00:00\",\"breadcrumb\":{\"@id\":\"https:\\\/\\\/lospoliticosveracruz.com\\\/?p=59141#breadcrumb\"},\"inLanguage\":\"es\",\"potentialAction\":[{\"@type\":\"ReadAction\",\"target\":[\"https:\\\/\\\/lospoliticosveracruz.com\\\/?p=59141\"]}]},{\"@type\":\"BreadcrumbList\",\"@id\":\"https:\\\/\\\/lospoliticosveracruz.com\\\/?p=59141#breadcrumb\",\"itemListElement\":[{\"@type\":\"ListItem\",\"position\":1,\"name\":\"Portada\",\"item\":\"https:\\\/\\\/lospoliticosveracruz.com\\\/\"},{\"@type\":\"ListItem\",\"position\":2,\"name\":\"PAN da su postura al Actopanazo!\"}]},{\"@type\":\"WebSite\",\"@id\":\"https:\\\/\\\/lospoliticosveracruz.com\\\/#website\",\"url\":\"https:\\\/\\\/lospoliticosveracruz.com\\\/\",\"name\":\"Los pol\u00edticos Veracruz\",\"description\":\"\",\"publisher\":{\"@id\":\"https:\\\/\\\/lospoliticosveracruz.com\\\/#organization\"},\"potentialAction\":[{\"@type\":\"SearchAction\",\"target\":{\"@type\":\"EntryPoint\",\"urlTemplate\":\"https:\\\/\\\/lospoliticosveracruz.com\\\/?s={search_term_string}\"},\"query-input\":{\"@type\":\"PropertyValueSpecification\",\"valueRequired\":true,\"valueName\":\"search_term_string\"}}],\"inLanguage\":\"es\"},{\"@type\":\"Organization\",\"@id\":\"https:\\\/\\\/lospoliticosveracruz.com\\\/#organization\",\"name\":\"Los pol\u00edticos Veracruz\",\"url\":\"https:\\\/\\\/lospoliticosveracruz.com\\\/\",\"logo\":{\"@type\":\"ImageObject\",\"inLanguage\":\"es\",\"@id\":\"https:\\\/\\\/lospoliticosveracruz.com\\\/#\\\/schema\\\/logo\\\/image\\\/\",\"url\":\"https:\\\/\\\/lospoliticosveracruz.com\\\/wp-content\\\/uploads\\\/2025\\\/12\\\/Logo-Nuevo-LOS-POLITICOS-1.jpg\",\"contentUrl\":\"https:\\\/\\\/lospoliticosveracruz.com\\\/wp-content\\\/uploads\\\/2025\\\/12\\\/Logo-Nuevo-LOS-POLITICOS-1.jpg\",\"width\":260,\"height\":70,\"caption\":\"Los pol\u00edticos Veracruz\"},\"image\":{\"@id\":\"https:\\\/\\\/lospoliticosveracruz.com\\\/#\\\/schema\\\/logo\\\/image\\\/\"},\"sameAs\":[\"https:\\\/\\\/www.facebook.com\\\/people\\\/Notimemes-de-los-Polticos\\\/61565672886568\\\/\",\"https:\\\/\\\/x.com\\\/LosPoliticosVer\"]},{\"@type\":\"Person\",\"@id\":\"https:\\\/\\\/lospoliticosveracruz.com\\\/#\\\/schema\\\/person\\\/b8702bb0e538456e6efd07080bf2a4a2\",\"name\":\"Lo viste en Los Pol\u00edticos\",\"image\":{\"@type\":\"ImageObject\",\"inLanguage\":\"es\",\"@id\":\"https:\\\/\\\/secure.gravatar.com\\\/avatar\\\/3a8de04a2656d44082be478bd6c086daa447c4651605818287b9532d3d0bd435?s=96&d=mm&r=g\",\"url\":\"https:\\\/\\\/secure.gravatar.com\\\/avatar\\\/3a8de04a2656d44082be478bd6c086daa447c4651605818287b9532d3d0bd435?s=96&d=mm&r=g\",\"contentUrl\":\"https:\\\/\\\/secure.gravatar.com\\\/avatar\\\/3a8de04a2656d44082be478bd6c086daa447c4651605818287b9532d3d0bd435?s=96&d=mm&r=g\",\"caption\":\"Lo viste en Los Pol\u00edticos\"},\"url\":\"https:\\\/\\\/lospoliticosveracruz.com\\\/?author=2\"}]}<\/script>\n<!-- \/ Yoast SEO plugin. -->","yoast_head_json":{"title":"PAN da su postura al Actopanazo! - Los pol\u00edticos Veracruz","robots":{"index":"index","follow":"follow","max-snippet":"max-snippet:-1","max-image-preview":"max-image-preview:large","max-video-preview":"max-video-preview:-1"},"canonical":"https:\/\/lospoliticosveracruz.com\/?p=59141","og_locale":"es_ES","og_type":"article","og_title":"PAN da su postura al Actopanazo! - Los pol\u00edticos Veracruz","og_description":"&nbsp; A las y los ciudadanos de Veracruz: Respecto a la detenci\u00f3n del Alcalde Suplente de Actopan, Jos\u00e9 Alfredo L\u00f3pez Carreto, realizada este mi\u00e9rcoles\u00a0en la ciudad de Xalapa, exigimos que se garantice el principio de\u00a0 presunci\u00f3n de inocencia, que se respeten los derechos humanos de Jos\u00e9 Alfredo L\u00f3pez y su familia, y que se observe [&hellip;]","og_url":"https:\/\/lospoliticosveracruz.com\/?p=59141","og_site_name":"Los pol\u00edticos Veracruz","article_publisher":"https:\/\/www.facebook.com\/people\/Notimemes-de-los-Polticos\/61565672886568\/","article_published_time":"2020-08-20T02:16:38+00:00","article_modified_time":"2020-08-20T02:21:46+00:00","og_image":[{"width":200,"height":200,"url":"https:\/\/lospoliticosveracruz.com\/wp-content\/uploads\/2016\/07\/Logo-Dor.jpg","type":"image\/jpeg"}],"author":"Lo viste en Los Pol\u00edticos","twitter_card":"summary_large_image","twitter_creator":"@LosPoliticosVer","twitter_site":"@LosPoliticosVer","twitter_misc":{"Escrito por":"Lo viste en Los Pol\u00edticos","Tiempo de lectura":"2 minutos"},"schema":{"@context":"https:\/\/schema.org","@graph":[{"@type":"Article","@id":"https:\/\/lospoliticosveracruz.com\/?p=59141#article","isPartOf":{"@id":"https:\/\/lospoliticosveracruz.com\/?p=59141"},"author":{"name":"Lo viste en Los Pol\u00edticos","@id":"https:\/\/lospoliticosveracruz.com\/#\/schema\/person\/b8702bb0e538456e6efd07080bf2a4a2"},"headline":"PAN da su postura al Actopanazo!","datePublished":"2020-08-20T02:16:38+00:00","dateModified":"2020-08-20T02:21:46+00:00","mainEntityOfPage":{"@id":"https:\/\/lospoliticosveracruz.com\/?p=59141"},"wordCount":383,"commentCount":0,"publisher":{"@id":"https:\/\/lospoliticosveracruz.com\/#organization"},"keywords":["Actopan","Fiscal\u00eda General del Estado","Jos\u00e9 Alfredo L\u00f3pez","PAN","Poder Judicial del Estado de Veracruz"],"articleSection":["De Boleto"],"inLanguage":"es","potentialAction":[{"@type":"CommentAction","name":"Comment","target":["https:\/\/lospoliticosveracruz.com\/?p=59141#respond"]}]},{"@type":"WebPage","@id":"https:\/\/lospoliticosveracruz.com\/?p=59141","url":"https:\/\/lospoliticosveracruz.com\/?p=59141","name":"PAN da su postura al Actopanazo! - Los pol\u00edticos Veracruz","isPartOf":{"@id":"https:\/\/lospoliticosveracruz.com\/#website"},"datePublished":"2020-08-20T02:16:38+00:00","dateModified":"2020-08-20T02:21:46+00:00","breadcrumb":{"@id":"https:\/\/lospoliticosveracruz.com\/?p=59141#breadcrumb"},"inLanguage":"es","potentialAction":[{"@type":"ReadAction","target":["https:\/\/lospoliticosveracruz.com\/?p=59141"]}]},{"@type":"BreadcrumbList","@id":"https:\/\/lospoliticosveracruz.com\/?p=59141#breadcrumb","itemListElement":[{"@type":"ListItem","position":1,"name":"Portada","item":"https:\/\/lospoliticosveracruz.com\/"},{"@type":"ListItem","position":2,"name":"PAN da su postura al Actopanazo!"}]},{"@type":"WebSite","@id":"https:\/\/lospoliticosveracruz.com\/#website","url":"https:\/\/lospoliticosveracruz.com\/","name":"Los pol\u00edticos Veracruz","description":"","publisher":{"@id":"https:\/\/lospoliticosveracruz.com\/#organization"},"potentialAction":[{"@type":"SearchAction","target":{"@type":"EntryPoint","urlTemplate":"https:\/\/lospoliticosveracruz.com\/?s={search_term_string}"},"query-input":{"@type":"PropertyValueSpecification","valueRequired":true,"valueName":"search_term_string"}}],"inLanguage":"es"},{"@type":"Organization","@id":"https:\/\/lospoliticosveracruz.com\/#organization","name":"Los pol\u00edticos Veracruz","url":"https:\/\/lospoliticosveracruz.com\/","logo":{"@type":"ImageObject","inLanguage":"es","@id":"https:\/\/lospoliticosveracruz.com\/#\/schema\/logo\/image\/","url":"https:\/\/lospoliticosveracruz.com\/wp-content\/uploads\/2025\/12\/Logo-Nuevo-LOS-POLITICOS-1.jpg","contentUrl":"https:\/\/lospoliticosveracruz.com\/wp-content\/uploads\/2025\/12\/Logo-Nuevo-LOS-POLITICOS-1.jpg","width":260,"height":70,"caption":"Los pol\u00edticos Veracruz"},"image":{"@id":"https:\/\/lospoliticosveracruz.com\/#\/schema\/logo\/image\/"},"sameAs":["https:\/\/www.facebook.com\/people\/Notimemes-de-los-Polticos\/61565672886568\/","https:\/\/x.com\/LosPoliticosVer"]},{"@type":"Person","@id":"https:\/\/lospoliticosveracruz.com\/#\/schema\/person\/b8702bb0e538456e6efd07080bf2a4a2","name":"Lo viste en Los Pol\u00edticos","image":{"@type":"ImageObject","inLanguage":"es","@id":"https:\/\/secure.gravatar.com\/avatar\/3a8de04a2656d44082be478bd6c086daa447c4651605818287b9532d3d0bd435?s=96&d=mm&r=g","url":"https:\/\/secure.gravatar.com\/avatar\/3a8de04a2656d44082be478bd6c086daa447c4651605818287b9532d3d0bd435?s=96&d=mm&r=g","contentUrl":"https:\/\/secure.gravatar.com\/avatar\/3a8de04a2656d44082be478bd6c086daa447c4651605818287b9532d3d0bd435?s=96&d=mm&r=g","caption":"Lo viste en Los Pol\u00edticos"},"url":"https:\/\/lospoliticosveracruz.com\/?author=2"}]}},"_links":{"self":[{"href":"https:\/\/lospoliticosveracruz.com\/index.php?rest_route=\/wp\/v2\/posts\/59141","targetHints":{"allow":["GET"]}}],"collection":[{"href":"https:\/\/lospoliticosveracruz.com\/index.php?rest_route=\/wp\/v2\/posts"}],"about":[{"href":"https:\/\/lospoliticosveracruz.com\/index.php?rest_route=\/wp\/v2\/types\/post"}],"author":[{"embeddable":true,"href":"https:\/\/lospoliticosveracruz.com\/index.php?rest_route=\/wp\/v2\/users\/2"}],"replies":[{"embeddable":true,"href":"https:\/\/lospoliticosveracruz.com\/index.php?rest_route=%2Fwp%2Fv2%2Fcomments&post=59141"}],"version-history":[{"count":2,"href":"https:\/\/lospoliticosveracruz.com\/index.php?rest_route=\/wp\/v2\/posts\/59141\/revisions"}],"predecessor-version":[{"id":59144,"href":"https:\/\/lospoliticosveracruz.com\/index.php?rest_route=\/wp\/v2\/posts\/59141\/revisions\/59144"}],"wp:attachment":[{"href":"https:\/\/lospoliticosveracruz.com\/index.php?rest_route=%2Fwp%2Fv2%2Fmedia&parent=59141"}],"wp:term":[{"taxonomy":"category","embeddable":true,"href":"https:\/\/lospoliticosveracruz.com\/index.php?rest_route=%2Fwp%2Fv2%2Fcategories&post=59141"},{"taxonomy":"post_tag","embeddable":true,"href":"https:\/\/lospoliticosveracruz.com\/index.php?rest_route=%2Fwp%2Fv2%2Ftags&post=59141"}],"curies":[{"name":"wp","href":"https:\/\/api.w.org\/{rel}","templated":true}]}}