{"id":59200,"date":"2020-08-20T15:30:59","date_gmt":"2020-08-20T20:30:59","guid":{"rendered":"http:\/\/www.lospoliticosveracruz.com.mx\/?p=59200"},"modified":"2020-08-20T20:16:54","modified_gmt":"2020-08-21T01:16:54","slug":"el-ferrari","status":"publish","type":"post","link":"https:\/\/lospoliticosveracruz.com\/?p=59200","title":{"rendered":"El Ferrari"},"content":{"rendered":"<p><strong>Salvador Mu\u00f1oz<\/strong><\/p>\n<p><em>Los Pol\u00edticos<\/em><\/p>\n<p><span style=\"font-weight: 400;\">La imagen de un elegante carro rojo en el peri\u00f3dico Reforma de inmediato caus\u00f3 reacciones entre los nost\u00e1lgicos de lo que fue en su momento el Museo Interactivo de Xalapa as\u00ed como el Museo del Transporte. La raz\u00f3n: recordaron que junto con el Corvette amarillo, un Falcon caf\u00e9 y un Cobra rojo, siempre causaba admiraci\u00f3n el Ferrari rojo.<\/span><\/p>\n<p>&nbsp;<a href=\"https:\/\/www.facebook.com\/notaria61veracruz\/\"><img decoding=\"async\" src=\"http:\/\/www.lospoliticosveracruz.com.mx\/wp-content\/uploads\/2020\/07\/CINTILLO-Armando.jpg\" alt=\"\" \/><\/a><\/p>\n<p><span style=\"font-weight: 400;\">El tema viene a cuento porque Emilio Lozoya cuenta en la telenovela \u201cCuna de Robos\u201d que Javier Duarte de Ochoa regal\u00f3 un Ferrari a Enrique Pe\u00f1a Nieto all\u00e1 en agosto del 2015, un a\u00f1o previo a que le aplicara la Ley del Hielo el Presidente durante la reuni\u00f3n para formalizar la creaci\u00f3n Sistema Nacional de Protecci\u00f3n Integral de Ni\u00f1as, Ni\u00f1os y Adolescentes (Sipinna).<\/span><\/p>\n<p><span style=\"font-weight: 400;\">De acuerdo a la sopa que solt\u00f3 Lozoya, el carro al que se refiere es un auto de colecci\u00f3n de la marca Ferrari que perteneci\u00f3 al Presidente Adolfo L\u00f3pez Mateos.<\/span><\/p>\n<p><span style=\"font-weight: 400;\">II<\/span><\/p>\n<p><span style=\"font-weight: 400;\">Fidel Herrera Beltr\u00e1n siempre presum\u00eda tener un Ferrari. Ya fuera entre sus compa\u00f1eros del Senado, ya fuera entre sus hom\u00f3logos cuando Gobernador del Estado, ya fuera entre los \u201cricos y sabrosos\u201d del Puerto y la entidad&#8230; el nativo de Nopaltepec no ten\u00eda empacho en presumir que ten\u00eda un Ferrari ante la mirada, a veces incr\u00e9dula de los pol\u00edticos\u2026 \u00a1claro! la fanfarroner\u00eda de Herrera Beltr\u00e1n siempre se daba bajo una circunstancia: que tuviera al lado a Alfredo Ferrari Saavedra, porque s\u00f3lo as\u00ed, pod\u00eda rematar el chiste.<\/span><\/p>\n<p><span style=\"font-weight: 400;\">III\u00a0<\/span><\/p>\n<p><span style=\"font-weight: 400;\">Ante la imagen de Reforma, de inmediato, algunos nost\u00e1lgicos dijeron \u201c\u00a1Ya apareci\u00f3 el Ferrari!\u201d, en clara referencia al que estaba en el Museo Interactivo de Xalapa y posteriormente en el desaparecido Museo del Transporte.<\/span><\/p>\n<p><span style=\"font-weight: 400;\">Aunque siendo sinceros, hubo otros nost\u00e1lgicos que dejaron en claro dos cosas:<\/span><\/p>\n<p><span style=\"font-weight: 400;\">La primera: Desconocen si Javier Duarte le regal\u00f3 un Ferrari al Presidente como dice Lozoya\u2026<\/span><\/p>\n<p><span style=\"font-weight: 400;\">La segunda: Al menos, el Ferrari que aparece en el peri\u00f3dico Reforma no es el que habitualmente admiraban en el Museo Interactivo de Xalapa.<\/span><\/p>\n<p><span style=\"font-weight: 400;\">Los que saben, porque uno a trancazos diferencia el carro de los tamales del de los elotes, dicen que el que aparece en Reforma, se trata de un Ferrari 330 GT 2+2 del a\u00f1o del caldo, propio de los tiempos de don Adolfo L\u00f3pez Mateos\u2026 el que estaba en el MIX, era un Ferrari 250 GT California, Testarrosa, deportivo totalmente sin el aire sobrio del que public\u00f3 Reforma\u2026 \u00a1un cl\u00e1sico!<\/span><\/p>\n<p><span style=\"font-weight: 400;\">Aseguran que el Testarossa lo don\u00f3 Emilio G\u00f3mez Vives (qepd) aunque desconocen si cuando ocurri\u00f3 el embargo, all\u00ed iba el Ferrari\u2026 aunque tambi\u00e9n all\u00e1 por el 2009 ya se hablaba de que algunas unidades que estaban en exhibici\u00f3n hab\u00edan sido \u201cvendidas\u201d&#8230;<\/span><\/p>\n<p><span style=\"font-weight: 400;\">IV<\/span><\/p>\n<p><span style=\"font-weight: 400;\">En 2014, quien coordinara la campa\u00f1a presidencial de Enrique Pe\u00f1a Nieto en Oaxaca, Heliodoro Carlos D\u00edaz Azc\u00e1rraga, escrib\u00eda en sus redes sociales: \u201cQu\u00e9 bien que Santa Claus te llev\u00f3 mi regalo, mijo. Cu\u00eddalo eh\u201d. El regalito era un Porsche Cayman color amarillo con valor de m\u00e1s de un mill\u00f3n 440 mil pesos en aquel tiempo. Por supuesto, medios de comunicaci\u00f3n y portales informativos publicaron la foto del junior con el lujoso veh\u00edculo lo que desat\u00f3 la chinga entre los pri\u00edstas que agarraron de comidilla a su compa\u00f1ero. En esa ocasi\u00f3n, C\u00e9sar Camacho Quiroz le dec\u00eda a un veracruzano: \u201c\u00a1Eres el \u00fanico Ferrari del PRI que puede circular por el pa\u00eds sin ning\u00fan problema!\u201d<\/span><\/p>\n<p><span style=\"font-weight: 400;\">A la fecha, todav\u00eda circula Alfredo Ferrari sin que haya ret\u00e9n que lo detenga\u2026 aunque eso s\u00ed, con llantas anchas, quema-coco, placas (dentales) y palanca \u00a1al piso!<\/span><span style=\"font-weight: 400;\"><br \/>\n<\/span><span style=\"font-weight: 400;\">Digo, si Lozoya se avienta unas buenas telenovelas, nosotros podemos hacer el intento.<\/span><\/p>\n<p>&nbsp;<\/p>\n<p><span style=\"font-weight: 400;\">smcainito@gmail.com<\/span><\/p>\n","protected":false},"excerpt":{"rendered":"<p>Salvador Mu\u00f1oz Los Pol\u00edticos La imagen de un elegante carro rojo en el peri\u00f3dico Reforma de inmediato caus\u00f3 reacciones entre los nost\u00e1lgicos de lo que fue en su momento el Museo Interactivo de Xalapa as\u00ed como el Museo del Transporte. La raz\u00f3n: recordaron que junto con el Corvette amarillo, un Falcon caf\u00e9 y un Cobra [&hellip;]<\/p>\n","protected":false},"author":2,"featured_media":0,"comment_status":"open","ping_status":"open","sticky":false,"template":"","format":"standard","meta":{"tdm_status":"","tdm_grid_status":"","footnotes":""},"categories":[70],"tags":[1378,1187,20043,4741,281,260],"class_list":{"0":"post-59200","1":"post","2":"type-post","3":"status-publish","4":"format-standard","6":"category-de-opinion","7":"tag-alfredo-ferrari-saavedra","8":"tag-cesar-camacho-quiroz","9":"tag-emilio-gomez-vives","10":"tag-emilio-lozoya","11":"tag-enrique-pena-nieto","12":"tag-javier-duarte-de-ochoa"},"yoast_head":"<!-- This site is optimized with the Yoast SEO plugin v27.4 - https:\/\/yoast.com\/product\/yoast-seo-wordpress\/ -->\n<title>El Ferrari - Los pol\u00edticos Veracruz<\/title>\n<meta name=\"robots\" content=\"index, follow, max-snippet:-1, max-image-preview:large, max-video-preview:-1\" \/>\n<link rel=\"canonical\" href=\"https:\/\/lospoliticosveracruz.com\/?p=59200\" \/>\n<meta property=\"og:locale\" content=\"es_ES\" \/>\n<meta property=\"og:type\" content=\"article\" \/>\n<meta property=\"og:title\" content=\"El Ferrari - Los pol\u00edticos Veracruz\" \/>\n<meta property=\"og:description\" content=\"Salvador Mu\u00f1oz Los Pol\u00edticos La imagen de un elegante carro rojo en el peri\u00f3dico Reforma de inmediato caus\u00f3 reacciones entre los nost\u00e1lgicos de lo que fue en su momento el Museo Interactivo de Xalapa as\u00ed como el Museo del Transporte. La raz\u00f3n: recordaron que junto con el Corvette amarillo, un Falcon caf\u00e9 y un Cobra [&hellip;]\" \/>\n<meta property=\"og:url\" content=\"https:\/\/lospoliticosveracruz.com\/?p=59200\" \/>\n<meta property=\"og:site_name\" content=\"Los pol\u00edticos Veracruz\" \/>\n<meta property=\"article:publisher\" content=\"https:\/\/www.facebook.com\/people\/Notimemes-de-los-Polticos\/61565672886568\/\" \/>\n<meta property=\"article:published_time\" content=\"2020-08-20T20:30:59+00:00\" \/>\n<meta property=\"article:modified_time\" content=\"2020-08-21T01:16:54+00:00\" \/>\n<meta property=\"og:image\" content=\"http:\/\/www.lospoliticosveracruz.com.mx\/wp-content\/uploads\/2020\/07\/CINTILLO-Armando.jpg\" \/>\n<meta name=\"author\" content=\"Lo viste en Los Pol\u00edticos\" \/>\n<meta name=\"twitter:card\" content=\"summary_large_image\" \/>\n<meta name=\"twitter:creator\" content=\"@LosPoliticosVer\" \/>\n<meta name=\"twitter:site\" content=\"@LosPoliticosVer\" \/>\n<meta name=\"twitter:label1\" content=\"Escrito por\" \/>\n\t<meta name=\"twitter:data1\" content=\"Lo viste en Los Pol\u00edticos\" \/>\n\t<meta name=\"twitter:label2\" content=\"Tiempo de lectura\" \/>\n\t<meta name=\"twitter:data2\" content=\"3 minutos\" \/>\n<script type=\"application\/ld+json\" class=\"yoast-schema-graph\">{\"@context\":\"https:\\\/\\\/schema.org\",\"@graph\":[{\"@type\":\"Article\",\"@id\":\"https:\\\/\\\/lospoliticosveracruz.com\\\/?p=59200#article\",\"isPartOf\":{\"@id\":\"https:\\\/\\\/lospoliticosveracruz.com\\\/?p=59200\"},\"author\":{\"name\":\"Lo viste en Los Pol\u00edticos\",\"@id\":\"https:\\\/\\\/lospoliticosveracruz.com\\\/#\\\/schema\\\/person\\\/b8702bb0e538456e6efd07080bf2a4a2\"},\"headline\":\"El Ferrari\",\"datePublished\":\"2020-08-20T20:30:59+00:00\",\"dateModified\":\"2020-08-21T01:16:54+00:00\",\"mainEntityOfPage\":{\"@id\":\"https:\\\/\\\/lospoliticosveracruz.com\\\/?p=59200\"},\"wordCount\":648,\"commentCount\":0,\"publisher\":{\"@id\":\"https:\\\/\\\/lospoliticosveracruz.com\\\/#organization\"},\"image\":{\"@id\":\"https:\\\/\\\/lospoliticosveracruz.com\\\/?p=59200#primaryimage\"},\"thumbnailUrl\":\"http:\\\/\\\/www.lospoliticosveracruz.com.mx\\\/wp-content\\\/uploads\\\/2020\\\/07\\\/CINTILLO-Armando.jpg\",\"keywords\":[\"Alfredo Ferrari Saavedra\",\"C\u00e9sar Camacho Quiroz\",\"Emilio G\u00f3mez Vives\",\"Emilio Lozoya\",\"Enrique Pe\u00f1a Nieto\",\"Javier Duarte de Ochoa\"],\"articleSection\":[\"De Opini\u00f3n\"],\"inLanguage\":\"es\",\"potentialAction\":[{\"@type\":\"CommentAction\",\"name\":\"Comment\",\"target\":[\"https:\\\/\\\/lospoliticosveracruz.com\\\/?p=59200#respond\"]}]},{\"@type\":\"WebPage\",\"@id\":\"https:\\\/\\\/lospoliticosveracruz.com\\\/?p=59200\",\"url\":\"https:\\\/\\\/lospoliticosveracruz.com\\\/?p=59200\",\"name\":\"El Ferrari - Los pol\u00edticos Veracruz\",\"isPartOf\":{\"@id\":\"https:\\\/\\\/lospoliticosveracruz.com\\\/#website\"},\"primaryImageOfPage\":{\"@id\":\"https:\\\/\\\/lospoliticosveracruz.com\\\/?p=59200#primaryimage\"},\"image\":{\"@id\":\"https:\\\/\\\/lospoliticosveracruz.com\\\/?p=59200#primaryimage\"},\"thumbnailUrl\":\"http:\\\/\\\/www.lospoliticosveracruz.com.mx\\\/wp-content\\\/uploads\\\/2020\\\/07\\\/CINTILLO-Armando.jpg\",\"datePublished\":\"2020-08-20T20:30:59+00:00\",\"dateModified\":\"2020-08-21T01:16:54+00:00\",\"breadcrumb\":{\"@id\":\"https:\\\/\\\/lospoliticosveracruz.com\\\/?p=59200#breadcrumb\"},\"inLanguage\":\"es\",\"potentialAction\":[{\"@type\":\"ReadAction\",\"target\":[\"https:\\\/\\\/lospoliticosveracruz.com\\\/?p=59200\"]}]},{\"@type\":\"ImageObject\",\"inLanguage\":\"es\",\"@id\":\"https:\\\/\\\/lospoliticosveracruz.com\\\/?p=59200#primaryimage\",\"url\":\"http:\\\/\\\/www.lospoliticosveracruz.com.mx\\\/wp-content\\\/uploads\\\/2020\\\/07\\\/CINTILLO-Armando.jpg\",\"contentUrl\":\"http:\\\/\\\/www.lospoliticosveracruz.com.mx\\\/wp-content\\\/uploads\\\/2020\\\/07\\\/CINTILLO-Armando.jpg\"},{\"@type\":\"BreadcrumbList\",\"@id\":\"https:\\\/\\\/lospoliticosveracruz.com\\\/?p=59200#breadcrumb\",\"itemListElement\":[{\"@type\":\"ListItem\",\"position\":1,\"name\":\"Portada\",\"item\":\"https:\\\/\\\/lospoliticosveracruz.com\\\/\"},{\"@type\":\"ListItem\",\"position\":2,\"name\":\"El Ferrari\"}]},{\"@type\":\"WebSite\",\"@id\":\"https:\\\/\\\/lospoliticosveracruz.com\\\/#website\",\"url\":\"https:\\\/\\\/lospoliticosveracruz.com\\\/\",\"name\":\"Los pol\u00edticos Veracruz\",\"description\":\"\",\"publisher\":{\"@id\":\"https:\\\/\\\/lospoliticosveracruz.com\\\/#organization\"},\"potentialAction\":[{\"@type\":\"SearchAction\",\"target\":{\"@type\":\"EntryPoint\",\"urlTemplate\":\"https:\\\/\\\/lospoliticosveracruz.com\\\/?s={search_term_string}\"},\"query-input\":{\"@type\":\"PropertyValueSpecification\",\"valueRequired\":true,\"valueName\":\"search_term_string\"}}],\"inLanguage\":\"es\"},{\"@type\":\"Organization\",\"@id\":\"https:\\\/\\\/lospoliticosveracruz.com\\\/#organization\",\"name\":\"Los pol\u00edticos Veracruz\",\"url\":\"https:\\\/\\\/lospoliticosveracruz.com\\\/\",\"logo\":{\"@type\":\"ImageObject\",\"inLanguage\":\"es\",\"@id\":\"https:\\\/\\\/lospoliticosveracruz.com\\\/#\\\/schema\\\/logo\\\/image\\\/\",\"url\":\"https:\\\/\\\/lospoliticosveracruz.com\\\/wp-content\\\/uploads\\\/2025\\\/12\\\/Logo-Nuevo-LOS-POLITICOS-1.jpg\",\"contentUrl\":\"https:\\\/\\\/lospoliticosveracruz.com\\\/wp-content\\\/uploads\\\/2025\\\/12\\\/Logo-Nuevo-LOS-POLITICOS-1.jpg\",\"width\":260,\"height\":70,\"caption\":\"Los pol\u00edticos Veracruz\"},\"image\":{\"@id\":\"https:\\\/\\\/lospoliticosveracruz.com\\\/#\\\/schema\\\/logo\\\/image\\\/\"},\"sameAs\":[\"https:\\\/\\\/www.facebook.com\\\/people\\\/Notimemes-de-los-Polticos\\\/61565672886568\\\/\",\"https:\\\/\\\/x.com\\\/LosPoliticosVer\"]},{\"@type\":\"Person\",\"@id\":\"https:\\\/\\\/lospoliticosveracruz.com\\\/#\\\/schema\\\/person\\\/b8702bb0e538456e6efd07080bf2a4a2\",\"name\":\"Lo viste en Los Pol\u00edticos\",\"image\":{\"@type\":\"ImageObject\",\"inLanguage\":\"es\",\"@id\":\"https:\\\/\\\/secure.gravatar.com\\\/avatar\\\/3a8de04a2656d44082be478bd6c086daa447c4651605818287b9532d3d0bd435?s=96&d=mm&r=g\",\"url\":\"https:\\\/\\\/secure.gravatar.com\\\/avatar\\\/3a8de04a2656d44082be478bd6c086daa447c4651605818287b9532d3d0bd435?s=96&d=mm&r=g\",\"contentUrl\":\"https:\\\/\\\/secure.gravatar.com\\\/avatar\\\/3a8de04a2656d44082be478bd6c086daa447c4651605818287b9532d3d0bd435?s=96&d=mm&r=g\",\"caption\":\"Lo viste en Los Pol\u00edticos\"},\"url\":\"https:\\\/\\\/lospoliticosveracruz.com\\\/?author=2\"}]}<\/script>\n<!-- \/ Yoast SEO plugin. -->","yoast_head_json":{"title":"El Ferrari - Los pol\u00edticos Veracruz","robots":{"index":"index","follow":"follow","max-snippet":"max-snippet:-1","max-image-preview":"max-image-preview:large","max-video-preview":"max-video-preview:-1"},"canonical":"https:\/\/lospoliticosveracruz.com\/?p=59200","og_locale":"es_ES","og_type":"article","og_title":"El Ferrari - Los pol\u00edticos Veracruz","og_description":"Salvador Mu\u00f1oz Los Pol\u00edticos La imagen de un elegante carro rojo en el peri\u00f3dico Reforma de inmediato caus\u00f3 reacciones entre los nost\u00e1lgicos de lo que fue en su momento el Museo Interactivo de Xalapa as\u00ed como el Museo del Transporte. La raz\u00f3n: recordaron que junto con el Corvette amarillo, un Falcon caf\u00e9 y un Cobra [&hellip;]","og_url":"https:\/\/lospoliticosveracruz.com\/?p=59200","og_site_name":"Los pol\u00edticos Veracruz","article_publisher":"https:\/\/www.facebook.com\/people\/Notimemes-de-los-Polticos\/61565672886568\/","article_published_time":"2020-08-20T20:30:59+00:00","article_modified_time":"2020-08-21T01:16:54+00:00","og_image":[{"url":"http:\/\/www.lospoliticosveracruz.com.mx\/wp-content\/uploads\/2020\/07\/CINTILLO-Armando.jpg","type":"","width":"","height":""}],"author":"Lo viste en Los Pol\u00edticos","twitter_card":"summary_large_image","twitter_creator":"@LosPoliticosVer","twitter_site":"@LosPoliticosVer","twitter_misc":{"Escrito por":"Lo viste en Los Pol\u00edticos","Tiempo de lectura":"3 minutos"},"schema":{"@context":"https:\/\/schema.org","@graph":[{"@type":"Article","@id":"https:\/\/lospoliticosveracruz.com\/?p=59200#article","isPartOf":{"@id":"https:\/\/lospoliticosveracruz.com\/?p=59200"},"author":{"name":"Lo viste en Los Pol\u00edticos","@id":"https:\/\/lospoliticosveracruz.com\/#\/schema\/person\/b8702bb0e538456e6efd07080bf2a4a2"},"headline":"El Ferrari","datePublished":"2020-08-20T20:30:59+00:00","dateModified":"2020-08-21T01:16:54+00:00","mainEntityOfPage":{"@id":"https:\/\/lospoliticosveracruz.com\/?p=59200"},"wordCount":648,"commentCount":0,"publisher":{"@id":"https:\/\/lospoliticosveracruz.com\/#organization"},"image":{"@id":"https:\/\/lospoliticosveracruz.com\/?p=59200#primaryimage"},"thumbnailUrl":"http:\/\/www.lospoliticosveracruz.com.mx\/wp-content\/uploads\/2020\/07\/CINTILLO-Armando.jpg","keywords":["Alfredo Ferrari Saavedra","C\u00e9sar Camacho Quiroz","Emilio G\u00f3mez Vives","Emilio Lozoya","Enrique Pe\u00f1a Nieto","Javier Duarte de Ochoa"],"articleSection":["De Opini\u00f3n"],"inLanguage":"es","potentialAction":[{"@type":"CommentAction","name":"Comment","target":["https:\/\/lospoliticosveracruz.com\/?p=59200#respond"]}]},{"@type":"WebPage","@id":"https:\/\/lospoliticosveracruz.com\/?p=59200","url":"https:\/\/lospoliticosveracruz.com\/?p=59200","name":"El Ferrari - Los pol\u00edticos Veracruz","isPartOf":{"@id":"https:\/\/lospoliticosveracruz.com\/#website"},"primaryImageOfPage":{"@id":"https:\/\/lospoliticosveracruz.com\/?p=59200#primaryimage"},"image":{"@id":"https:\/\/lospoliticosveracruz.com\/?p=59200#primaryimage"},"thumbnailUrl":"http:\/\/www.lospoliticosveracruz.com.mx\/wp-content\/uploads\/2020\/07\/CINTILLO-Armando.jpg","datePublished":"2020-08-20T20:30:59+00:00","dateModified":"2020-08-21T01:16:54+00:00","breadcrumb":{"@id":"https:\/\/lospoliticosveracruz.com\/?p=59200#breadcrumb"},"inLanguage":"es","potentialAction":[{"@type":"ReadAction","target":["https:\/\/lospoliticosveracruz.com\/?p=59200"]}]},{"@type":"ImageObject","inLanguage":"es","@id":"https:\/\/lospoliticosveracruz.com\/?p=59200#primaryimage","url":"http:\/\/www.lospoliticosveracruz.com.mx\/wp-content\/uploads\/2020\/07\/CINTILLO-Armando.jpg","contentUrl":"http:\/\/www.lospoliticosveracruz.com.mx\/wp-content\/uploads\/2020\/07\/CINTILLO-Armando.jpg"},{"@type":"BreadcrumbList","@id":"https:\/\/lospoliticosveracruz.com\/?p=59200#breadcrumb","itemListElement":[{"@type":"ListItem","position":1,"name":"Portada","item":"https:\/\/lospoliticosveracruz.com\/"},{"@type":"ListItem","position":2,"name":"El Ferrari"}]},{"@type":"WebSite","@id":"https:\/\/lospoliticosveracruz.com\/#website","url":"https:\/\/lospoliticosveracruz.com\/","name":"Los pol\u00edticos Veracruz","description":"","publisher":{"@id":"https:\/\/lospoliticosveracruz.com\/#organization"},"potentialAction":[{"@type":"SearchAction","target":{"@type":"EntryPoint","urlTemplate":"https:\/\/lospoliticosveracruz.com\/?s={search_term_string}"},"query-input":{"@type":"PropertyValueSpecification","valueRequired":true,"valueName":"search_term_string"}}],"inLanguage":"es"},{"@type":"Organization","@id":"https:\/\/lospoliticosveracruz.com\/#organization","name":"Los pol\u00edticos Veracruz","url":"https:\/\/lospoliticosveracruz.com\/","logo":{"@type":"ImageObject","inLanguage":"es","@id":"https:\/\/lospoliticosveracruz.com\/#\/schema\/logo\/image\/","url":"https:\/\/lospoliticosveracruz.com\/wp-content\/uploads\/2025\/12\/Logo-Nuevo-LOS-POLITICOS-1.jpg","contentUrl":"https:\/\/lospoliticosveracruz.com\/wp-content\/uploads\/2025\/12\/Logo-Nuevo-LOS-POLITICOS-1.jpg","width":260,"height":70,"caption":"Los pol\u00edticos Veracruz"},"image":{"@id":"https:\/\/lospoliticosveracruz.com\/#\/schema\/logo\/image\/"},"sameAs":["https:\/\/www.facebook.com\/people\/Notimemes-de-los-Polticos\/61565672886568\/","https:\/\/x.com\/LosPoliticosVer"]},{"@type":"Person","@id":"https:\/\/lospoliticosveracruz.com\/#\/schema\/person\/b8702bb0e538456e6efd07080bf2a4a2","name":"Lo viste en Los Pol\u00edticos","image":{"@type":"ImageObject","inLanguage":"es","@id":"https:\/\/secure.gravatar.com\/avatar\/3a8de04a2656d44082be478bd6c086daa447c4651605818287b9532d3d0bd435?s=96&d=mm&r=g","url":"https:\/\/secure.gravatar.com\/avatar\/3a8de04a2656d44082be478bd6c086daa447c4651605818287b9532d3d0bd435?s=96&d=mm&r=g","contentUrl":"https:\/\/secure.gravatar.com\/avatar\/3a8de04a2656d44082be478bd6c086daa447c4651605818287b9532d3d0bd435?s=96&d=mm&r=g","caption":"Lo viste en Los Pol\u00edticos"},"url":"https:\/\/lospoliticosveracruz.com\/?author=2"}]}},"_links":{"self":[{"href":"https:\/\/lospoliticosveracruz.com\/index.php?rest_route=\/wp\/v2\/posts\/59200","targetHints":{"allow":["GET"]}}],"collection":[{"href":"https:\/\/lospoliticosveracruz.com\/index.php?rest_route=\/wp\/v2\/posts"}],"about":[{"href":"https:\/\/lospoliticosveracruz.com\/index.php?rest_route=\/wp\/v2\/types\/post"}],"author":[{"embeddable":true,"href":"https:\/\/lospoliticosveracruz.com\/index.php?rest_route=\/wp\/v2\/users\/2"}],"replies":[{"embeddable":true,"href":"https:\/\/lospoliticosveracruz.com\/index.php?rest_route=%2Fwp%2Fv2%2Fcomments&post=59200"}],"version-history":[{"count":2,"href":"https:\/\/lospoliticosveracruz.com\/index.php?rest_route=\/wp\/v2\/posts\/59200\/revisions"}],"predecessor-version":[{"id":59223,"href":"https:\/\/lospoliticosveracruz.com\/index.php?rest_route=\/wp\/v2\/posts\/59200\/revisions\/59223"}],"wp:attachment":[{"href":"https:\/\/lospoliticosveracruz.com\/index.php?rest_route=%2Fwp%2Fv2%2Fmedia&parent=59200"}],"wp:term":[{"taxonomy":"category","embeddable":true,"href":"https:\/\/lospoliticosveracruz.com\/index.php?rest_route=%2Fwp%2Fv2%2Fcategories&post=59200"},{"taxonomy":"post_tag","embeddable":true,"href":"https:\/\/lospoliticosveracruz.com\/index.php?rest_route=%2Fwp%2Fv2%2Ftags&post=59200"}],"curies":[{"name":"wp","href":"https:\/\/api.w.org\/{rel}","templated":true}]}}