{"id":59270,"date":"2020-08-21T16:42:08","date_gmt":"2020-08-21T21:42:08","guid":{"rendered":"http:\/\/www.lospoliticosveracruz.com.mx\/?p=59270"},"modified":"2020-08-21T16:42:08","modified_gmt":"2020-08-21T21:42:08","slug":"apoyo-a-familias-y-a-la-vez-a-empresas-veracruzanas-el-saldo-pri","status":"publish","type":"post","link":"https:\/\/lospoliticosveracruz.com\/?p=59270","title":{"rendered":"Apoyo a familias y a la vez, a empresas veracruzanas, el saldo: PRI"},"content":{"rendered":"<p>Con el compromiso de apoyar la econom\u00eda de las familias veracruzanas y adem\u00e1s contribuir en la promoci\u00f3n de los productos y servicios de empresas locales, concluye con beneficiosos convenios la Semana de la Salud PRI Veracruz, convocada por su Secretar\u00eda de Gesti\u00f3n Social.<\/p>\n<p>La militancia y poblaci\u00f3n en general que lo solicite, puede acceder a descuentos especiales en farmacias, an\u00e1lisis cl\u00ednicos, servicios en cl\u00ednicas dentales, centros de imagenolog\u00eda y pruebas de gabinete, con la distribuidora de aparatos funcionales, \u00f3rtesis, pr\u00f3tesis y \u00f3pticas, terapias psicol\u00f3gicas, y orientaci\u00f3n m\u00e9dica b\u00e1sica gratuita v\u00eda telef\u00f3nica.<\/p>\n<p>El presidente del CDE del PRI en Veracruz, Marlon Ram\u00edrez Mar\u00edn, agradeci\u00f3 la solidaridad, y la sensibilidad de las y los empresarios, y a todas las personas que han aportado su trabajo, promociones y descuentos para beneficiar a la militancia y a la sociedad veracruzana.<\/p>\n<p>\u00abContinuamos trabajando para fortalecer la base del partido, y la \u00fanica manera de hacerlo es reestructur\u00e1ndolo y llegar a tocar las puertas de miles de veracruzanos con este tipo de convenios, ofreciendo la posibilidad de ahorrar dinero, pero adem\u00e1s contribuyendo a una detecci\u00f3n oportuna de alg\u00fan padecimiento para que este pueda ser tratado\u00bb, a\u00f1adi\u00f3.<\/p>\n<p>En su mensaje, Ana Rosa Vald\u00e9s Salazar, secretaria de Gesti\u00f3n Social del CDE del PRI en Veracruz, enfatiz\u00f3 que es importante dar impulso al comercio local, generar movilidad econ\u00f3mica, \u00abnosotros promoveremos con nuestra militancia, representantes municipales y estructura, estos convenios\u00bb.<\/p>\n<p>Agradeci\u00f3 la participaci\u00f3n de quienes contribuyeron a realizar la Semana de Salud, el compromiso de las empresas que se unieron a la iniciativa del partido y se han solidarizado con la ciudadan\u00eda que requiere servicios oportunos, apoyos y descuentos.<\/p>\n<p>A trav\u00e9s de enlace de Zoom transmitido por Facebook, en este quinto y \u00faltimo d\u00eda de la Semana de la Salud PRI Veracruz, se realiz\u00f3 la Firma de Convenio con farmacias y laboratorios de la zona conurbada Veracruz-Boca del R\u00edo en la que participaron: Nancy Cervantes S\u00e1nchez, representante del Laboratorio Central de An\u00e1lisis Cl\u00ednicos de Veracruz; Tania Avenda\u00f1o Padr\u00f3n, representante de la Farmacia del Puerto; Mar\u00eda Fernanda Camacho, representante de la Cl\u00ednica Dental H\u00e9roes de Puebla; y Carlos Roberto Bojorquez Mart\u00ednez, representante de la Cl\u00ednica Dental Conciencia.<\/p>\n<p>La Cl\u00ednica Dental Conciencia, ubicada en calle Espa\u00f1a 114 interior 2, entre avenida Am\u00e9ricas y Paseo Jacarandas, en el Fraccionamiento Virginia en Boca del R\u00edo, Veracruz, con tel\u00e9fono es 2294587087, con servicio a la zona conurbada en Veracruz, Boca del R\u00edo, Medell\u00edn, y parte de Alvarado, ofrece 10 por ciento de descuento en tratamientos como resinas dentales extracciones, especialidades de cirug\u00eda dental, periodoncia, ortodoncia, pr\u00f3tesis fijas, removibles etc.<\/p>\n<p>Asimismo, para las primeras 100 personas que lo soliciten, se ofrecer\u00e1 el tratamiento de limpieza dental con un costo de \u00fanicamente 100 pesos, al mencionar el convenio con la Secretar\u00eda de Gesti\u00f3n Social del PRI Veracruz.<\/p>\n<p>El Laboratorio Central de An\u00e1lisis Cl\u00ednicos de Veracruz, ubicado en la calle Esteban Morales 802 entre 5 de Mayo e Independencia, en la ciudad de Veracruz, ofrece 10 por ciento de descuento en an\u00e1lisis de laboratorio como biometrias, qu\u00edmica sangu\u00ednea, ex\u00e1menes de orina, pruebas especiales, etc.<\/p>\n<p>Cabe recordar que la informaci\u00f3n y promociones de cada una de las empresas que mantienen convenio con el PRI Veracruz se encuentra disponible en las redes sociales: Facebook: Secretar\u00eda de Gesti\u00f3n Social del CDE PRI Veracruz; Twitter: Gesti\u00f3n Social PRI Veracruz y las personas interesadas pueden comunicarse a las oficinas al tel\u00e9fono: 2283676020 ext. 306.<\/p>\n<p>Participaron en el enlace, Anil\u00fa Ingram Vallines, diputada federal; Arianna \u00c1ngeles Aguirre, secretaria general del CDE del PRI en Veracruz, as\u00ed como Carlos Troncoso, presidente del Comit\u00e9 Municipal del PRI en Veracruz<\/p>\n","protected":false},"excerpt":{"rendered":"<p>Con el compromiso de apoyar la econom\u00eda de las familias veracruzanas y adem\u00e1s contribuir en la promoci\u00f3n de los productos y servicios de empresas locales, concluye con beneficiosos convenios la Semana de la Salud PRI Veracruz, convocada por su Secretar\u00eda de Gesti\u00f3n Social. La militancia y poblaci\u00f3n en general que lo solicite, puede acceder a [&hellip;]<\/p>\n","protected":false},"author":2,"featured_media":0,"comment_status":"open","ping_status":"open","sticky":false,"template":"","format":"standard","meta":{"tdm_status":"","tdm_grid_status":"","footnotes":""},"categories":[73],"tags":[4919,1872,20095,15692,3914,20096,20094,20092,20090,20093,2908,20089,3132,20088,20091,195],"class_list":{"0":"post-59270","1":"post","2":"type-post","3":"status-publish","4":"format-standard","6":"category-de-boleto","7":"tag-ana-rosa-valdes-salazar","8":"tag-anilu-ingram-vallines","9":"tag-carlos-roberto-bojorquez-martinez","10":"tag-carlos-troncoso","11":"tag-cde-del-pri","12":"tag-clinica-dental-conciencia","13":"tag-clinica-dental-heroes","14":"tag-farmacia-del-puerto","15":"tag-laboratorio-central-de-analisis-clinicos-de-veracruz","16":"tag-maria-fernanda-camacho","17":"tag-marlon-ramirez-marin","18":"tag-nancy-cervantes-sanchez","19":"tag-puebla","20":"tag-semana-de-la-salud","21":"tag-tania-avendano-padron","22":"tag-veracruz"},"yoast_head":"<!-- This site is optimized with the Yoast SEO plugin v27.4 - https:\/\/yoast.com\/product\/yoast-seo-wordpress\/ -->\n<title>Apoyo a familias y a la vez, a empresas veracruzanas, el saldo: PRI - Los pol\u00edticos Veracruz<\/title>\n<meta name=\"robots\" content=\"index, follow, max-snippet:-1, max-image-preview:large, max-video-preview:-1\" \/>\n<link rel=\"canonical\" href=\"https:\/\/lospoliticosveracruz.com\/?p=59270\" \/>\n<meta property=\"og:locale\" content=\"es_ES\" \/>\n<meta property=\"og:type\" content=\"article\" \/>\n<meta property=\"og:title\" content=\"Apoyo a familias y a la vez, a empresas veracruzanas, el saldo: PRI - Los pol\u00edticos Veracruz\" \/>\n<meta property=\"og:description\" content=\"Con el compromiso de apoyar la econom\u00eda de las familias veracruzanas y adem\u00e1s contribuir en la promoci\u00f3n de los productos y servicios de empresas locales, concluye con beneficiosos convenios la Semana de la Salud PRI Veracruz, convocada por su Secretar\u00eda de Gesti\u00f3n Social. La militancia y poblaci\u00f3n en general que lo solicite, puede acceder a [&hellip;]\" \/>\n<meta property=\"og:url\" content=\"https:\/\/lospoliticosveracruz.com\/?p=59270\" \/>\n<meta property=\"og:site_name\" content=\"Los pol\u00edticos Veracruz\" \/>\n<meta property=\"article:publisher\" content=\"https:\/\/www.facebook.com\/people\/Notimemes-de-los-Polticos\/61565672886568\/\" \/>\n<meta property=\"article:published_time\" content=\"2020-08-21T21:42:08+00:00\" \/>\n<meta property=\"og:image\" content=\"https:\/\/lospoliticosveracruz.com\/wp-content\/uploads\/2016\/07\/Logo-Dor.jpg\" \/>\n\t<meta property=\"og:image:width\" content=\"200\" \/>\n\t<meta property=\"og:image:height\" content=\"200\" \/>\n\t<meta property=\"og:image:type\" content=\"image\/jpeg\" \/>\n<meta name=\"author\" content=\"Lo viste en Los Pol\u00edticos\" \/>\n<meta name=\"twitter:card\" content=\"summary_large_image\" \/>\n<meta name=\"twitter:creator\" content=\"@LosPoliticosVer\" \/>\n<meta name=\"twitter:site\" content=\"@LosPoliticosVer\" \/>\n<meta name=\"twitter:label1\" content=\"Escrito por\" \/>\n\t<meta name=\"twitter:data1\" content=\"Lo viste en Los Pol\u00edticos\" \/>\n\t<meta name=\"twitter:label2\" content=\"Tiempo de lectura\" \/>\n\t<meta name=\"twitter:data2\" content=\"3 minutos\" \/>\n<script type=\"application\/ld+json\" class=\"yoast-schema-graph\">{\"@context\":\"https:\\\/\\\/schema.org\",\"@graph\":[{\"@type\":\"Article\",\"@id\":\"https:\\\/\\\/lospoliticosveracruz.com\\\/?p=59270#article\",\"isPartOf\":{\"@id\":\"https:\\\/\\\/lospoliticosveracruz.com\\\/?p=59270\"},\"author\":{\"name\":\"Lo viste en Los Pol\u00edticos\",\"@id\":\"https:\\\/\\\/lospoliticosveracruz.com\\\/#\\\/schema\\\/person\\\/b8702bb0e538456e6efd07080bf2a4a2\"},\"headline\":\"Apoyo a familias y a la vez, a empresas veracruzanas, el saldo: PRI\",\"datePublished\":\"2020-08-21T21:42:08+00:00\",\"mainEntityOfPage\":{\"@id\":\"https:\\\/\\\/lospoliticosveracruz.com\\\/?p=59270\"},\"wordCount\":659,\"commentCount\":0,\"publisher\":{\"@id\":\"https:\\\/\\\/lospoliticosveracruz.com\\\/#organization\"},\"keywords\":[\"Ana Rosa Vald\u00e9s Salazar\",\"Anil\u00fa Ingram Vallines\",\"Carlos Roberto Bojorquez Mart\u00ednez\",\"Carlos Troncoso\",\"CDE del PRI\",\"Cl\u00ednica Dental Conciencia\",\"Cl\u00ednica Dental H\u00e9roes\",\"Farmacia del Puerto\",\"Laboratorio Central de An\u00e1lisis Cl\u00ednicos de Veracruz\",\"Mar\u00eda Fernanda Camacho\",\"Marlon Ram\u00edrez Mar\u00edn\",\"Nancy Cervantes S\u00e1nchez\",\"Puebla\",\"Semana de la Salud\",\"Tania Avenda\u00f1o Padr\u00f3n\",\"Veracruz\"],\"articleSection\":[\"De Boleto\"],\"inLanguage\":\"es\",\"potentialAction\":[{\"@type\":\"CommentAction\",\"name\":\"Comment\",\"target\":[\"https:\\\/\\\/lospoliticosveracruz.com\\\/?p=59270#respond\"]}]},{\"@type\":\"WebPage\",\"@id\":\"https:\\\/\\\/lospoliticosveracruz.com\\\/?p=59270\",\"url\":\"https:\\\/\\\/lospoliticosveracruz.com\\\/?p=59270\",\"name\":\"Apoyo a familias y a la vez, a empresas veracruzanas, el saldo: PRI - Los pol\u00edticos Veracruz\",\"isPartOf\":{\"@id\":\"https:\\\/\\\/lospoliticosveracruz.com\\\/#website\"},\"datePublished\":\"2020-08-21T21:42:08+00:00\",\"breadcrumb\":{\"@id\":\"https:\\\/\\\/lospoliticosveracruz.com\\\/?p=59270#breadcrumb\"},\"inLanguage\":\"es\",\"potentialAction\":[{\"@type\":\"ReadAction\",\"target\":[\"https:\\\/\\\/lospoliticosveracruz.com\\\/?p=59270\"]}]},{\"@type\":\"BreadcrumbList\",\"@id\":\"https:\\\/\\\/lospoliticosveracruz.com\\\/?p=59270#breadcrumb\",\"itemListElement\":[{\"@type\":\"ListItem\",\"position\":1,\"name\":\"Portada\",\"item\":\"https:\\\/\\\/lospoliticosveracruz.com\\\/\"},{\"@type\":\"ListItem\",\"position\":2,\"name\":\"Apoyo a familias y a la vez, a empresas veracruzanas, el saldo: PRI\"}]},{\"@type\":\"WebSite\",\"@id\":\"https:\\\/\\\/lospoliticosveracruz.com\\\/#website\",\"url\":\"https:\\\/\\\/lospoliticosveracruz.com\\\/\",\"name\":\"Los pol\u00edticos Veracruz\",\"description\":\"\",\"publisher\":{\"@id\":\"https:\\\/\\\/lospoliticosveracruz.com\\\/#organization\"},\"potentialAction\":[{\"@type\":\"SearchAction\",\"target\":{\"@type\":\"EntryPoint\",\"urlTemplate\":\"https:\\\/\\\/lospoliticosveracruz.com\\\/?s={search_term_string}\"},\"query-input\":{\"@type\":\"PropertyValueSpecification\",\"valueRequired\":true,\"valueName\":\"search_term_string\"}}],\"inLanguage\":\"es\"},{\"@type\":\"Organization\",\"@id\":\"https:\\\/\\\/lospoliticosveracruz.com\\\/#organization\",\"name\":\"Los pol\u00edticos Veracruz\",\"url\":\"https:\\\/\\\/lospoliticosveracruz.com\\\/\",\"logo\":{\"@type\":\"ImageObject\",\"inLanguage\":\"es\",\"@id\":\"https:\\\/\\\/lospoliticosveracruz.com\\\/#\\\/schema\\\/logo\\\/image\\\/\",\"url\":\"https:\\\/\\\/lospoliticosveracruz.com\\\/wp-content\\\/uploads\\\/2025\\\/12\\\/Logo-Nuevo-LOS-POLITICOS-1.jpg\",\"contentUrl\":\"https:\\\/\\\/lospoliticosveracruz.com\\\/wp-content\\\/uploads\\\/2025\\\/12\\\/Logo-Nuevo-LOS-POLITICOS-1.jpg\",\"width\":260,\"height\":70,\"caption\":\"Los pol\u00edticos Veracruz\"},\"image\":{\"@id\":\"https:\\\/\\\/lospoliticosveracruz.com\\\/#\\\/schema\\\/logo\\\/image\\\/\"},\"sameAs\":[\"https:\\\/\\\/www.facebook.com\\\/people\\\/Notimemes-de-los-Polticos\\\/61565672886568\\\/\",\"https:\\\/\\\/x.com\\\/LosPoliticosVer\"]},{\"@type\":\"Person\",\"@id\":\"https:\\\/\\\/lospoliticosveracruz.com\\\/#\\\/schema\\\/person\\\/b8702bb0e538456e6efd07080bf2a4a2\",\"name\":\"Lo viste en Los Pol\u00edticos\",\"image\":{\"@type\":\"ImageObject\",\"inLanguage\":\"es\",\"@id\":\"https:\\\/\\\/secure.gravatar.com\\\/avatar\\\/3a8de04a2656d44082be478bd6c086daa447c4651605818287b9532d3d0bd435?s=96&d=mm&r=g\",\"url\":\"https:\\\/\\\/secure.gravatar.com\\\/avatar\\\/3a8de04a2656d44082be478bd6c086daa447c4651605818287b9532d3d0bd435?s=96&d=mm&r=g\",\"contentUrl\":\"https:\\\/\\\/secure.gravatar.com\\\/avatar\\\/3a8de04a2656d44082be478bd6c086daa447c4651605818287b9532d3d0bd435?s=96&d=mm&r=g\",\"caption\":\"Lo viste en Los Pol\u00edticos\"},\"url\":\"https:\\\/\\\/lospoliticosveracruz.com\\\/?author=2\"}]}<\/script>\n<!-- \/ Yoast SEO plugin. -->","yoast_head_json":{"title":"Apoyo a familias y a la vez, a empresas veracruzanas, el saldo: PRI - Los pol\u00edticos Veracruz","robots":{"index":"index","follow":"follow","max-snippet":"max-snippet:-1","max-image-preview":"max-image-preview:large","max-video-preview":"max-video-preview:-1"},"canonical":"https:\/\/lospoliticosveracruz.com\/?p=59270","og_locale":"es_ES","og_type":"article","og_title":"Apoyo a familias y a la vez, a empresas veracruzanas, el saldo: PRI - Los pol\u00edticos Veracruz","og_description":"Con el compromiso de apoyar la econom\u00eda de las familias veracruzanas y adem\u00e1s contribuir en la promoci\u00f3n de los productos y servicios de empresas locales, concluye con beneficiosos convenios la Semana de la Salud PRI Veracruz, convocada por su Secretar\u00eda de Gesti\u00f3n Social. La militancia y poblaci\u00f3n en general que lo solicite, puede acceder a [&hellip;]","og_url":"https:\/\/lospoliticosveracruz.com\/?p=59270","og_site_name":"Los pol\u00edticos Veracruz","article_publisher":"https:\/\/www.facebook.com\/people\/Notimemes-de-los-Polticos\/61565672886568\/","article_published_time":"2020-08-21T21:42:08+00:00","og_image":[{"width":200,"height":200,"url":"https:\/\/lospoliticosveracruz.com\/wp-content\/uploads\/2016\/07\/Logo-Dor.jpg","type":"image\/jpeg"}],"author":"Lo viste en Los Pol\u00edticos","twitter_card":"summary_large_image","twitter_creator":"@LosPoliticosVer","twitter_site":"@LosPoliticosVer","twitter_misc":{"Escrito por":"Lo viste en Los Pol\u00edticos","Tiempo de lectura":"3 minutos"},"schema":{"@context":"https:\/\/schema.org","@graph":[{"@type":"Article","@id":"https:\/\/lospoliticosveracruz.com\/?p=59270#article","isPartOf":{"@id":"https:\/\/lospoliticosveracruz.com\/?p=59270"},"author":{"name":"Lo viste en Los Pol\u00edticos","@id":"https:\/\/lospoliticosveracruz.com\/#\/schema\/person\/b8702bb0e538456e6efd07080bf2a4a2"},"headline":"Apoyo a familias y a la vez, a empresas veracruzanas, el saldo: PRI","datePublished":"2020-08-21T21:42:08+00:00","mainEntityOfPage":{"@id":"https:\/\/lospoliticosveracruz.com\/?p=59270"},"wordCount":659,"commentCount":0,"publisher":{"@id":"https:\/\/lospoliticosveracruz.com\/#organization"},"keywords":["Ana Rosa Vald\u00e9s Salazar","Anil\u00fa Ingram Vallines","Carlos Roberto Bojorquez Mart\u00ednez","Carlos Troncoso","CDE del PRI","Cl\u00ednica Dental Conciencia","Cl\u00ednica Dental H\u00e9roes","Farmacia del Puerto","Laboratorio Central de An\u00e1lisis Cl\u00ednicos de Veracruz","Mar\u00eda Fernanda Camacho","Marlon Ram\u00edrez Mar\u00edn","Nancy Cervantes S\u00e1nchez","Puebla","Semana de la Salud","Tania Avenda\u00f1o Padr\u00f3n","Veracruz"],"articleSection":["De Boleto"],"inLanguage":"es","potentialAction":[{"@type":"CommentAction","name":"Comment","target":["https:\/\/lospoliticosveracruz.com\/?p=59270#respond"]}]},{"@type":"WebPage","@id":"https:\/\/lospoliticosveracruz.com\/?p=59270","url":"https:\/\/lospoliticosveracruz.com\/?p=59270","name":"Apoyo a familias y a la vez, a empresas veracruzanas, el saldo: PRI - Los pol\u00edticos Veracruz","isPartOf":{"@id":"https:\/\/lospoliticosveracruz.com\/#website"},"datePublished":"2020-08-21T21:42:08+00:00","breadcrumb":{"@id":"https:\/\/lospoliticosveracruz.com\/?p=59270#breadcrumb"},"inLanguage":"es","potentialAction":[{"@type":"ReadAction","target":["https:\/\/lospoliticosveracruz.com\/?p=59270"]}]},{"@type":"BreadcrumbList","@id":"https:\/\/lospoliticosveracruz.com\/?p=59270#breadcrumb","itemListElement":[{"@type":"ListItem","position":1,"name":"Portada","item":"https:\/\/lospoliticosveracruz.com\/"},{"@type":"ListItem","position":2,"name":"Apoyo a familias y a la vez, a empresas veracruzanas, el saldo: PRI"}]},{"@type":"WebSite","@id":"https:\/\/lospoliticosveracruz.com\/#website","url":"https:\/\/lospoliticosveracruz.com\/","name":"Los pol\u00edticos Veracruz","description":"","publisher":{"@id":"https:\/\/lospoliticosveracruz.com\/#organization"},"potentialAction":[{"@type":"SearchAction","target":{"@type":"EntryPoint","urlTemplate":"https:\/\/lospoliticosveracruz.com\/?s={search_term_string}"},"query-input":{"@type":"PropertyValueSpecification","valueRequired":true,"valueName":"search_term_string"}}],"inLanguage":"es"},{"@type":"Organization","@id":"https:\/\/lospoliticosveracruz.com\/#organization","name":"Los pol\u00edticos Veracruz","url":"https:\/\/lospoliticosveracruz.com\/","logo":{"@type":"ImageObject","inLanguage":"es","@id":"https:\/\/lospoliticosveracruz.com\/#\/schema\/logo\/image\/","url":"https:\/\/lospoliticosveracruz.com\/wp-content\/uploads\/2025\/12\/Logo-Nuevo-LOS-POLITICOS-1.jpg","contentUrl":"https:\/\/lospoliticosveracruz.com\/wp-content\/uploads\/2025\/12\/Logo-Nuevo-LOS-POLITICOS-1.jpg","width":260,"height":70,"caption":"Los pol\u00edticos Veracruz"},"image":{"@id":"https:\/\/lospoliticosveracruz.com\/#\/schema\/logo\/image\/"},"sameAs":["https:\/\/www.facebook.com\/people\/Notimemes-de-los-Polticos\/61565672886568\/","https:\/\/x.com\/LosPoliticosVer"]},{"@type":"Person","@id":"https:\/\/lospoliticosveracruz.com\/#\/schema\/person\/b8702bb0e538456e6efd07080bf2a4a2","name":"Lo viste en Los Pol\u00edticos","image":{"@type":"ImageObject","inLanguage":"es","@id":"https:\/\/secure.gravatar.com\/avatar\/3a8de04a2656d44082be478bd6c086daa447c4651605818287b9532d3d0bd435?s=96&d=mm&r=g","url":"https:\/\/secure.gravatar.com\/avatar\/3a8de04a2656d44082be478bd6c086daa447c4651605818287b9532d3d0bd435?s=96&d=mm&r=g","contentUrl":"https:\/\/secure.gravatar.com\/avatar\/3a8de04a2656d44082be478bd6c086daa447c4651605818287b9532d3d0bd435?s=96&d=mm&r=g","caption":"Lo viste en Los Pol\u00edticos"},"url":"https:\/\/lospoliticosveracruz.com\/?author=2"}]}},"_links":{"self":[{"href":"https:\/\/lospoliticosveracruz.com\/index.php?rest_route=\/wp\/v2\/posts\/59270","targetHints":{"allow":["GET"]}}],"collection":[{"href":"https:\/\/lospoliticosveracruz.com\/index.php?rest_route=\/wp\/v2\/posts"}],"about":[{"href":"https:\/\/lospoliticosveracruz.com\/index.php?rest_route=\/wp\/v2\/types\/post"}],"author":[{"embeddable":true,"href":"https:\/\/lospoliticosveracruz.com\/index.php?rest_route=\/wp\/v2\/users\/2"}],"replies":[{"embeddable":true,"href":"https:\/\/lospoliticosveracruz.com\/index.php?rest_route=%2Fwp%2Fv2%2Fcomments&post=59270"}],"version-history":[{"count":2,"href":"https:\/\/lospoliticosveracruz.com\/index.php?rest_route=\/wp\/v2\/posts\/59270\/revisions"}],"predecessor-version":[{"id":59274,"href":"https:\/\/lospoliticosveracruz.com\/index.php?rest_route=\/wp\/v2\/posts\/59270\/revisions\/59274"}],"wp:attachment":[{"href":"https:\/\/lospoliticosveracruz.com\/index.php?rest_route=%2Fwp%2Fv2%2Fmedia&parent=59270"}],"wp:term":[{"taxonomy":"category","embeddable":true,"href":"https:\/\/lospoliticosveracruz.com\/index.php?rest_route=%2Fwp%2Fv2%2Fcategories&post=59270"},{"taxonomy":"post_tag","embeddable":true,"href":"https:\/\/lospoliticosveracruz.com\/index.php?rest_route=%2Fwp%2Fv2%2Ftags&post=59270"}],"curies":[{"name":"wp","href":"https:\/\/api.w.org\/{rel}","templated":true}]}}