{"id":59418,"date":"2020-08-23T16:06:46","date_gmt":"2020-08-23T21:06:46","guid":{"rendered":"http:\/\/www.lospoliticosveracruz.com.mx\/?p=59418"},"modified":"2020-08-23T16:06:46","modified_gmt":"2020-08-23T21:06:46","slug":"el-bebe-de-jardines","status":"publish","type":"post","link":"https:\/\/lospoliticosveracruz.com\/?p=59418","title":{"rendered":"El beb\u00e9 de Jardines"},"content":{"rendered":"<p><strong>Brenda Caballero<\/strong><\/p>\n<p><em>N\u00fameros Rojos<\/em><\/p>\n<p><span style=\"font-weight: 400;\">El chat de whatsapp de los vecinos de Jardines de Xalapa empez\u00f3 a sonar una y otra vez. Hab\u00eda inquietud por el acordonamiento en torno al contenedor de basura de los edificios de \u00c9bano en la calle Tulipanes.\u00a0<\/span><\/p>\n<p><span style=\"font-weight: 400;\">Desde las ventanas de los edificios, varios vecinos se asomaban en espera de conocer el motivo que hab\u00eda tra\u00eddo a elementos de Seguridad P\u00fablica y de la Ministerial hasta la Unidad Habitacional.<\/span><\/p>\n<p><span style=\"font-weight: 400;\">A los pocos minutos ya se sab\u00eda el motivo de la colocaci\u00f3n de las cintas amarillas con la leyenda Prohibido el paso. Un pepenador que hurgaba en la basura hab\u00eda encontrado una toalla azul con restos humanos. En un dos por tres sali\u00f3 del contenedor e hizo una llamada al 911, la cual qued\u00f3 registrada ese 12 de agosto de 2020 en sus bases de datos.<\/span><\/p>\n<p><span style=\"font-weight: 400;\">Siete meses fue la edad aproximada determinada por las autoridades del beb\u00e9 envuelto en la toalla. De inmediato los comentarios de indignaci\u00f3n, coraje y hasta mentadas de madre no se hicieron esperar. Es verdad, el hecho es muy triste y lamentable, pero me queda la duda \u00bfEncontrar\u00edamos beb\u00e9s y fetos en la basura o en las calles si se despenalizara el aborto en el estado de Veracruz?\u00a0<\/span><\/p>\n<p><span style=\"font-weight: 400;\">El pasado 29 de julio, la Suprema Corte de Justicia de la Naci\u00f3n desech\u00f3 el proyecto de sentencia que obligaba al Congreso de Veracruz a modificar el C\u00f3digo Penal Local para despenalizar la interrupci\u00f3n del embarazo bajo cualquier causal, ya sea antes de las 12 semanas de gestaci\u00f3n o en cualquier momento si es producto de una violaci\u00f3n o una inseminaci\u00f3n artificial no consentida. Sin embargo, el proyecto fue desechado con cuatro votos a favor y uno en contra al considerar que no hubo omisi\u00f3n legislativa, aunque se debe volver a presentar ante la Primera Sala.<\/span><\/p>\n<p><span style=\"font-weight: 400;\">Ahora, este segundo amparo pendiente (ya que eran dos procesos) quedar\u00e1 en manos de la ministra Norma Luc\u00eda Pi\u00f1a Hern\u00e1ndez, quien tendr\u00e1 que analizarlo y presentar el proyecto para que sea votado. Aunque a\u00fan no hay fecha, \u00bfvolver\u00e1 a ser desechado o ser\u00e1 precedente para despenalizar el aborto en otros estados?<\/span><\/p>\n<p>&nbsp;<\/p>\n<p><b>Datos que alarman<\/b><\/p>\n<p><span style=\"font-weight: 400;\">En Veracruz, tanto el gobierno estatal como los gobiernos municipales ya se andan preparando y afilando las u\u00f1as para el pr\u00f3ximo proceso electoral, sin embargo deber\u00edan voltear a ver las alarmantes cifras que reporta el Observatorio Universitario de Violencias contra las Mujeres, pues en una infograf\u00eda fijada en su twitter mencionan que durante el confinamiento del 23 de marzo al 31 de julio de 2020, en el estado han documentado 176 agresiones, 39 homicidios, 35 feminicidios y 100 desapariciones, cifras mayores a las reportadas por la Secretar\u00eda de Gobernaci\u00f3n. \u00bfAcaso a nadie le importan las mujeres y las ni\u00f1as?<\/span><\/p>\n<p>&nbsp;<\/p>\n<p><span style=\"font-weight: 400;\">@NumerosRojos_BC<\/span><\/p>\n<p><span style=\"font-weight: 400;\">caballero_brenda@hotmail.com<\/span><\/p>\n<p>&nbsp;<\/p>\n","protected":false},"excerpt":{"rendered":"<p>Brenda Caballero N\u00fameros Rojos El chat de whatsapp de los vecinos de Jardines de Xalapa empez\u00f3 a sonar una y otra vez. Hab\u00eda inquietud por el acordonamiento en torno al contenedor de basura de los edificios de \u00c9bano en la calle Tulipanes.\u00a0 Desde las ventanas de los edificios, varios vecinos se asomaban en espera de [&hellip;]<\/p>\n","protected":false},"author":2,"featured_media":0,"comment_status":"open","ping_status":"open","sticky":false,"template":"","format":"standard","meta":{"tdm_status":"","tdm_grid_status":"","footnotes":""},"categories":[70],"tags":[11364,2687,20168,393,6108,14091,826,503,2536,2305,20169,10978,177,6361,195,96],"class_list":{"0":"post-59418","1":"post","2":"type-post","3":"status-publish","4":"format-standard","6":"category-de-opinion","7":"tag-bebe","8":"tag-brenda-caballero","9":"tag-calle-tulipanes","10":"tag-congreso-de-veracruz","11":"tag-desapariciones","12":"tag-ebano","13":"tag-feminicidios","14":"tag-homicidios","15":"tag-jardines-de-xalapa","16":"tag-mujeres","17":"tag-norma-lucia-pina-hernandez","18":"tag-observatorio-universitario-de-violencias-contra-las-mujeres","19":"tag-seguridad-publica","20":"tag-suprema-corte-de-justicia-de-la-nacion","21":"tag-veracruz","22":"tag-xalapa"},"yoast_head":"<!-- This site is optimized with the Yoast SEO plugin v27.4 - https:\/\/yoast.com\/product\/yoast-seo-wordpress\/ -->\n<title>El beb\u00e9 de Jardines - Los pol\u00edticos Veracruz<\/title>\n<meta name=\"robots\" content=\"index, follow, max-snippet:-1, max-image-preview:large, max-video-preview:-1\" \/>\n<link rel=\"canonical\" href=\"https:\/\/lospoliticosveracruz.com\/?p=59418\" \/>\n<meta property=\"og:locale\" content=\"es_ES\" \/>\n<meta property=\"og:type\" content=\"article\" \/>\n<meta property=\"og:title\" content=\"El beb\u00e9 de Jardines - Los pol\u00edticos Veracruz\" \/>\n<meta property=\"og:description\" content=\"Brenda Caballero N\u00fameros Rojos El chat de whatsapp de los vecinos de Jardines de Xalapa empez\u00f3 a sonar una y otra vez. Hab\u00eda inquietud por el acordonamiento en torno al contenedor de basura de los edificios de \u00c9bano en la calle Tulipanes.\u00a0 Desde las ventanas de los edificios, varios vecinos se asomaban en espera de [&hellip;]\" \/>\n<meta property=\"og:url\" content=\"https:\/\/lospoliticosveracruz.com\/?p=59418\" \/>\n<meta property=\"og:site_name\" content=\"Los pol\u00edticos Veracruz\" \/>\n<meta property=\"article:publisher\" content=\"https:\/\/www.facebook.com\/people\/Notimemes-de-los-Polticos\/61565672886568\/\" \/>\n<meta property=\"article:published_time\" content=\"2020-08-23T21:06:46+00:00\" \/>\n<meta property=\"og:image\" content=\"https:\/\/lospoliticosveracruz.com\/wp-content\/uploads\/2016\/07\/Logo-Dor.jpg\" \/>\n\t<meta property=\"og:image:width\" content=\"200\" \/>\n\t<meta property=\"og:image:height\" content=\"200\" \/>\n\t<meta property=\"og:image:type\" content=\"image\/jpeg\" \/>\n<meta name=\"author\" content=\"Lo viste en Los Pol\u00edticos\" \/>\n<meta name=\"twitter:card\" content=\"summary_large_image\" \/>\n<meta name=\"twitter:creator\" content=\"@LosPoliticosVer\" \/>\n<meta name=\"twitter:site\" content=\"@LosPoliticosVer\" \/>\n<meta name=\"twitter:label1\" content=\"Escrito por\" \/>\n\t<meta name=\"twitter:data1\" content=\"Lo viste en Los Pol\u00edticos\" \/>\n\t<meta name=\"twitter:label2\" content=\"Tiempo de lectura\" \/>\n\t<meta name=\"twitter:data2\" content=\"2 minutos\" \/>\n<script type=\"application\/ld+json\" class=\"yoast-schema-graph\">{\"@context\":\"https:\\\/\\\/schema.org\",\"@graph\":[{\"@type\":\"Article\",\"@id\":\"https:\\\/\\\/lospoliticosveracruz.com\\\/?p=59418#article\",\"isPartOf\":{\"@id\":\"https:\\\/\\\/lospoliticosveracruz.com\\\/?p=59418\"},\"author\":{\"name\":\"Lo viste en Los Pol\u00edticos\",\"@id\":\"https:\\\/\\\/lospoliticosveracruz.com\\\/#\\\/schema\\\/person\\\/b8702bb0e538456e6efd07080bf2a4a2\"},\"headline\":\"El beb\u00e9 de Jardines\",\"datePublished\":\"2020-08-23T21:06:46+00:00\",\"mainEntityOfPage\":{\"@id\":\"https:\\\/\\\/lospoliticosveracruz.com\\\/?p=59418\"},\"wordCount\":486,\"commentCount\":0,\"publisher\":{\"@id\":\"https:\\\/\\\/lospoliticosveracruz.com\\\/#organization\"},\"keywords\":[\"beb\u00e9\",\"Brenda Caballero\",\"Calle Tulipanes\",\"Congreso de Veracruz\",\"Desapariciones\",\"\u00c9bano\",\"feminicidios\",\"homicidios\",\"Jardines de Xalapa\",\"Mujeres\",\"Norma Luc\u00eda Pi\u00f1a Hern\u00e1ndez\",\"Observatorio Universitario de Violencias contra las Mujeres\",\"Seguridad P\u00fablica\",\"Suprema Corte de Justicia de la Naci\u00f3n\",\"Veracruz\",\"Xalapa\"],\"articleSection\":[\"De Opini\u00f3n\"],\"inLanguage\":\"es\",\"potentialAction\":[{\"@type\":\"CommentAction\",\"name\":\"Comment\",\"target\":[\"https:\\\/\\\/lospoliticosveracruz.com\\\/?p=59418#respond\"]}]},{\"@type\":\"WebPage\",\"@id\":\"https:\\\/\\\/lospoliticosveracruz.com\\\/?p=59418\",\"url\":\"https:\\\/\\\/lospoliticosveracruz.com\\\/?p=59418\",\"name\":\"El beb\u00e9 de Jardines - Los pol\u00edticos Veracruz\",\"isPartOf\":{\"@id\":\"https:\\\/\\\/lospoliticosveracruz.com\\\/#website\"},\"datePublished\":\"2020-08-23T21:06:46+00:00\",\"breadcrumb\":{\"@id\":\"https:\\\/\\\/lospoliticosveracruz.com\\\/?p=59418#breadcrumb\"},\"inLanguage\":\"es\",\"potentialAction\":[{\"@type\":\"ReadAction\",\"target\":[\"https:\\\/\\\/lospoliticosveracruz.com\\\/?p=59418\"]}]},{\"@type\":\"BreadcrumbList\",\"@id\":\"https:\\\/\\\/lospoliticosveracruz.com\\\/?p=59418#breadcrumb\",\"itemListElement\":[{\"@type\":\"ListItem\",\"position\":1,\"name\":\"Portada\",\"item\":\"https:\\\/\\\/lospoliticosveracruz.com\\\/\"},{\"@type\":\"ListItem\",\"position\":2,\"name\":\"El beb\u00e9 de Jardines\"}]},{\"@type\":\"WebSite\",\"@id\":\"https:\\\/\\\/lospoliticosveracruz.com\\\/#website\",\"url\":\"https:\\\/\\\/lospoliticosveracruz.com\\\/\",\"name\":\"Los pol\u00edticos Veracruz\",\"description\":\"\",\"publisher\":{\"@id\":\"https:\\\/\\\/lospoliticosveracruz.com\\\/#organization\"},\"potentialAction\":[{\"@type\":\"SearchAction\",\"target\":{\"@type\":\"EntryPoint\",\"urlTemplate\":\"https:\\\/\\\/lospoliticosveracruz.com\\\/?s={search_term_string}\"},\"query-input\":{\"@type\":\"PropertyValueSpecification\",\"valueRequired\":true,\"valueName\":\"search_term_string\"}}],\"inLanguage\":\"es\"},{\"@type\":\"Organization\",\"@id\":\"https:\\\/\\\/lospoliticosveracruz.com\\\/#organization\",\"name\":\"Los pol\u00edticos Veracruz\",\"url\":\"https:\\\/\\\/lospoliticosveracruz.com\\\/\",\"logo\":{\"@type\":\"ImageObject\",\"inLanguage\":\"es\",\"@id\":\"https:\\\/\\\/lospoliticosveracruz.com\\\/#\\\/schema\\\/logo\\\/image\\\/\",\"url\":\"https:\\\/\\\/lospoliticosveracruz.com\\\/wp-content\\\/uploads\\\/2025\\\/12\\\/Logo-Nuevo-LOS-POLITICOS-1.jpg\",\"contentUrl\":\"https:\\\/\\\/lospoliticosveracruz.com\\\/wp-content\\\/uploads\\\/2025\\\/12\\\/Logo-Nuevo-LOS-POLITICOS-1.jpg\",\"width\":260,\"height\":70,\"caption\":\"Los pol\u00edticos Veracruz\"},\"image\":{\"@id\":\"https:\\\/\\\/lospoliticosveracruz.com\\\/#\\\/schema\\\/logo\\\/image\\\/\"},\"sameAs\":[\"https:\\\/\\\/www.facebook.com\\\/people\\\/Notimemes-de-los-Polticos\\\/61565672886568\\\/\",\"https:\\\/\\\/x.com\\\/LosPoliticosVer\"]},{\"@type\":\"Person\",\"@id\":\"https:\\\/\\\/lospoliticosveracruz.com\\\/#\\\/schema\\\/person\\\/b8702bb0e538456e6efd07080bf2a4a2\",\"name\":\"Lo viste en Los Pol\u00edticos\",\"image\":{\"@type\":\"ImageObject\",\"inLanguage\":\"es\",\"@id\":\"https:\\\/\\\/secure.gravatar.com\\\/avatar\\\/3a8de04a2656d44082be478bd6c086daa447c4651605818287b9532d3d0bd435?s=96&d=mm&r=g\",\"url\":\"https:\\\/\\\/secure.gravatar.com\\\/avatar\\\/3a8de04a2656d44082be478bd6c086daa447c4651605818287b9532d3d0bd435?s=96&d=mm&r=g\",\"contentUrl\":\"https:\\\/\\\/secure.gravatar.com\\\/avatar\\\/3a8de04a2656d44082be478bd6c086daa447c4651605818287b9532d3d0bd435?s=96&d=mm&r=g\",\"caption\":\"Lo viste en Los Pol\u00edticos\"},\"url\":\"https:\\\/\\\/lospoliticosveracruz.com\\\/?author=2\"}]}<\/script>\n<!-- \/ Yoast SEO plugin. -->","yoast_head_json":{"title":"El beb\u00e9 de Jardines - Los pol\u00edticos Veracruz","robots":{"index":"index","follow":"follow","max-snippet":"max-snippet:-1","max-image-preview":"max-image-preview:large","max-video-preview":"max-video-preview:-1"},"canonical":"https:\/\/lospoliticosveracruz.com\/?p=59418","og_locale":"es_ES","og_type":"article","og_title":"El beb\u00e9 de Jardines - Los pol\u00edticos Veracruz","og_description":"Brenda Caballero N\u00fameros Rojos El chat de whatsapp de los vecinos de Jardines de Xalapa empez\u00f3 a sonar una y otra vez. Hab\u00eda inquietud por el acordonamiento en torno al contenedor de basura de los edificios de \u00c9bano en la calle Tulipanes.\u00a0 Desde las ventanas de los edificios, varios vecinos se asomaban en espera de [&hellip;]","og_url":"https:\/\/lospoliticosveracruz.com\/?p=59418","og_site_name":"Los pol\u00edticos Veracruz","article_publisher":"https:\/\/www.facebook.com\/people\/Notimemes-de-los-Polticos\/61565672886568\/","article_published_time":"2020-08-23T21:06:46+00:00","og_image":[{"width":200,"height":200,"url":"https:\/\/lospoliticosveracruz.com\/wp-content\/uploads\/2016\/07\/Logo-Dor.jpg","type":"image\/jpeg"}],"author":"Lo viste en Los Pol\u00edticos","twitter_card":"summary_large_image","twitter_creator":"@LosPoliticosVer","twitter_site":"@LosPoliticosVer","twitter_misc":{"Escrito por":"Lo viste en Los Pol\u00edticos","Tiempo de lectura":"2 minutos"},"schema":{"@context":"https:\/\/schema.org","@graph":[{"@type":"Article","@id":"https:\/\/lospoliticosveracruz.com\/?p=59418#article","isPartOf":{"@id":"https:\/\/lospoliticosveracruz.com\/?p=59418"},"author":{"name":"Lo viste en Los Pol\u00edticos","@id":"https:\/\/lospoliticosveracruz.com\/#\/schema\/person\/b8702bb0e538456e6efd07080bf2a4a2"},"headline":"El beb\u00e9 de Jardines","datePublished":"2020-08-23T21:06:46+00:00","mainEntityOfPage":{"@id":"https:\/\/lospoliticosveracruz.com\/?p=59418"},"wordCount":486,"commentCount":0,"publisher":{"@id":"https:\/\/lospoliticosveracruz.com\/#organization"},"keywords":["beb\u00e9","Brenda Caballero","Calle Tulipanes","Congreso de Veracruz","Desapariciones","\u00c9bano","feminicidios","homicidios","Jardines de Xalapa","Mujeres","Norma Luc\u00eda Pi\u00f1a Hern\u00e1ndez","Observatorio Universitario de Violencias contra las Mujeres","Seguridad P\u00fablica","Suprema Corte de Justicia de la Naci\u00f3n","Veracruz","Xalapa"],"articleSection":["De Opini\u00f3n"],"inLanguage":"es","potentialAction":[{"@type":"CommentAction","name":"Comment","target":["https:\/\/lospoliticosveracruz.com\/?p=59418#respond"]}]},{"@type":"WebPage","@id":"https:\/\/lospoliticosveracruz.com\/?p=59418","url":"https:\/\/lospoliticosveracruz.com\/?p=59418","name":"El beb\u00e9 de Jardines - Los pol\u00edticos Veracruz","isPartOf":{"@id":"https:\/\/lospoliticosveracruz.com\/#website"},"datePublished":"2020-08-23T21:06:46+00:00","breadcrumb":{"@id":"https:\/\/lospoliticosveracruz.com\/?p=59418#breadcrumb"},"inLanguage":"es","potentialAction":[{"@type":"ReadAction","target":["https:\/\/lospoliticosveracruz.com\/?p=59418"]}]},{"@type":"BreadcrumbList","@id":"https:\/\/lospoliticosveracruz.com\/?p=59418#breadcrumb","itemListElement":[{"@type":"ListItem","position":1,"name":"Portada","item":"https:\/\/lospoliticosveracruz.com\/"},{"@type":"ListItem","position":2,"name":"El beb\u00e9 de Jardines"}]},{"@type":"WebSite","@id":"https:\/\/lospoliticosveracruz.com\/#website","url":"https:\/\/lospoliticosveracruz.com\/","name":"Los pol\u00edticos Veracruz","description":"","publisher":{"@id":"https:\/\/lospoliticosveracruz.com\/#organization"},"potentialAction":[{"@type":"SearchAction","target":{"@type":"EntryPoint","urlTemplate":"https:\/\/lospoliticosveracruz.com\/?s={search_term_string}"},"query-input":{"@type":"PropertyValueSpecification","valueRequired":true,"valueName":"search_term_string"}}],"inLanguage":"es"},{"@type":"Organization","@id":"https:\/\/lospoliticosveracruz.com\/#organization","name":"Los pol\u00edticos Veracruz","url":"https:\/\/lospoliticosveracruz.com\/","logo":{"@type":"ImageObject","inLanguage":"es","@id":"https:\/\/lospoliticosveracruz.com\/#\/schema\/logo\/image\/","url":"https:\/\/lospoliticosveracruz.com\/wp-content\/uploads\/2025\/12\/Logo-Nuevo-LOS-POLITICOS-1.jpg","contentUrl":"https:\/\/lospoliticosveracruz.com\/wp-content\/uploads\/2025\/12\/Logo-Nuevo-LOS-POLITICOS-1.jpg","width":260,"height":70,"caption":"Los pol\u00edticos Veracruz"},"image":{"@id":"https:\/\/lospoliticosveracruz.com\/#\/schema\/logo\/image\/"},"sameAs":["https:\/\/www.facebook.com\/people\/Notimemes-de-los-Polticos\/61565672886568\/","https:\/\/x.com\/LosPoliticosVer"]},{"@type":"Person","@id":"https:\/\/lospoliticosveracruz.com\/#\/schema\/person\/b8702bb0e538456e6efd07080bf2a4a2","name":"Lo viste en Los Pol\u00edticos","image":{"@type":"ImageObject","inLanguage":"es","@id":"https:\/\/secure.gravatar.com\/avatar\/3a8de04a2656d44082be478bd6c086daa447c4651605818287b9532d3d0bd435?s=96&d=mm&r=g","url":"https:\/\/secure.gravatar.com\/avatar\/3a8de04a2656d44082be478bd6c086daa447c4651605818287b9532d3d0bd435?s=96&d=mm&r=g","contentUrl":"https:\/\/secure.gravatar.com\/avatar\/3a8de04a2656d44082be478bd6c086daa447c4651605818287b9532d3d0bd435?s=96&d=mm&r=g","caption":"Lo viste en Los Pol\u00edticos"},"url":"https:\/\/lospoliticosveracruz.com\/?author=2"}]}},"_links":{"self":[{"href":"https:\/\/lospoliticosveracruz.com\/index.php?rest_route=\/wp\/v2\/posts\/59418","targetHints":{"allow":["GET"]}}],"collection":[{"href":"https:\/\/lospoliticosveracruz.com\/index.php?rest_route=\/wp\/v2\/posts"}],"about":[{"href":"https:\/\/lospoliticosveracruz.com\/index.php?rest_route=\/wp\/v2\/types\/post"}],"author":[{"embeddable":true,"href":"https:\/\/lospoliticosveracruz.com\/index.php?rest_route=\/wp\/v2\/users\/2"}],"replies":[{"embeddable":true,"href":"https:\/\/lospoliticosveracruz.com\/index.php?rest_route=%2Fwp%2Fv2%2Fcomments&post=59418"}],"version-history":[{"count":1,"href":"https:\/\/lospoliticosveracruz.com\/index.php?rest_route=\/wp\/v2\/posts\/59418\/revisions"}],"predecessor-version":[{"id":59420,"href":"https:\/\/lospoliticosveracruz.com\/index.php?rest_route=\/wp\/v2\/posts\/59418\/revisions\/59420"}],"wp:attachment":[{"href":"https:\/\/lospoliticosveracruz.com\/index.php?rest_route=%2Fwp%2Fv2%2Fmedia&parent=59418"}],"wp:term":[{"taxonomy":"category","embeddable":true,"href":"https:\/\/lospoliticosveracruz.com\/index.php?rest_route=%2Fwp%2Fv2%2Fcategories&post=59418"},{"taxonomy":"post_tag","embeddable":true,"href":"https:\/\/lospoliticosveracruz.com\/index.php?rest_route=%2Fwp%2Fv2%2Ftags&post=59418"}],"curies":[{"name":"wp","href":"https:\/\/api.w.org\/{rel}","templated":true}]}}