{"id":59495,"date":"2020-08-24T17:17:03","date_gmt":"2020-08-24T22:17:03","guid":{"rendered":"http:\/\/www.lospoliticosveracruz.com.mx\/?p=59495"},"modified":"2020-08-24T17:17:03","modified_gmt":"2020-08-24T22:17:03","slug":"sana-distancia-pero-cerca-de-las-demandas-sociales-lorena","status":"publish","type":"post","link":"https:\/\/lospoliticosveracruz.com\/?p=59495","title":{"rendered":"Sana Distancia, pero cerca de las demandas sociales: Lorena"},"content":{"rendered":"<p>&nbsp;<\/p>\n<p>Despu\u00e9s de realizar 35 videoconferencias con personajes destacados de las ciencias de la salud, la cultura y la pol\u00edtica a nivel nacional, Lorena Pi\u00f1\u00f3n Rivera, Secretaria de Gesti\u00f3n Social del Partido Revolucionario Institucional (PRI), clausur\u00f3 el ciclo \u00abEspecialistas en tiempos de Covid\u00bb.<br \/>\nSe\u00f1al\u00f3 que para el PRI lo m\u00e1s importante es la militancia y las clases populares del pa\u00eds, \u00abpor ello se han reconfigurado nuestros programas, para cumplir de manera estricta con la sana distancia, sin alejarnos de las demandas sociales, que se han agudizado con la par\u00e1lisis econ\u00f3mica, y dando propuestas para resolver las nuevas problem\u00e1ticas que han surgido\u00bb.<\/p>\n<p><a href=\"http:\/\/www.lospoliticosveracruz.com.mx\/wp-content\/uploads\/2020\/08\/Lorena-3.jpg\"><img loading=\"lazy\" decoding=\"async\" class=\"aligncenter size-full wp-image-59497\" src=\"http:\/\/www.lospoliticosveracruz.com.mx\/wp-content\/uploads\/2020\/08\/Lorena-3.jpg\" alt=\"Lorena 3\" width=\"713\" height=\"348\" \/><\/a><br \/>\nDurante su \u00faltima conferencia de \u00abEspecialistas en tiempos de Covid\u00bb, Lorena Pi\u00f1\u00f3n, estuvo acompa\u00f1ada por Jos\u00e9 Manuel Romero Coello, Presidente del Comit\u00e9 Directivo Estatal del PRI en Colima, ante quien afirm\u00f3 que el gobierno de Morena ha sido ineficaz para resolver la crisis econ\u00f3mica, el desempleo y contener los contagios.<br \/>\nRefiri\u00f3 que ante el inicio del ciclo escolar, \u00abel Presidente Alejandro Moreno ha hecho el ofrecimiento formal a la Secretar\u00eda de Educaci\u00f3n P\u00fablica, para que 300 inmuebles del PRI en el pa\u00eds sean utilizados para instalar aulas que cumplan con el distanciamiento social y en donde ni\u00f1os que no tengan acceso a un televisor o computadora con internet, puedan cursar sus estudios\u00bb.<\/p>\n<p><a href=\"http:\/\/www.lospoliticosveracruz.com.mx\/wp-content\/uploads\/2020\/08\/Lorena-2.jpg\"><img loading=\"lazy\" decoding=\"async\" class=\"aligncenter size-full wp-image-59498\" src=\"http:\/\/www.lospoliticosveracruz.com.mx\/wp-content\/uploads\/2020\/08\/Lorena-2.jpg\" alt=\"Lorena 2\" width=\"713\" height=\"360\" \/><\/a><br \/>\nPor su parte, Romero Coello se\u00f1al\u00f3 que las decisiones tomadas por el Gobierno federal no deben basarse en ocurrencias, pero la ignorancia e inexperiencia de la c\u00fapula morenista, est\u00e1n llevando al precipicio a M\u00e9xico.<br \/>\n\u00abUn pol\u00edtico debe ser como un especialista, que se prepara para tomar las mejores decisiones en favor de la sociedad y asumir las responsabilidades de sus acciones, buenas o malas\u00bb, dijo.<br \/>\nAfirm\u00f3 que el gobierno federal ha subestimado a varios sectores de la sociedad, entre ellos a los empresarios, que generan las fuentes de empleo para mover la econom\u00eda del pa\u00eds y que hasta ahora no han recibido asistencia gubernamental alguna para preservar las plazas laborales.<br \/>\nEl Presidente del CDE en Colima enfatiz\u00f3 que \u00abel PRI se afirma como un contrapeso, que plantea la exigencia de que todos los mexicanos sean tomados en cuenta y no s\u00f3lo se gobierne para una clientela pol\u00edtica\u00bb.<br \/>\nDestac\u00f3 que con el liderazgo de Alejandro Moreno y Carolina Viggiano, el PRI ha sido el que m\u00e1s propuestas ha planteado durante la etapa de confinamiento social, y esto se debe a la experiencia que se tiene gobernando.<\/p>\n","protected":false},"excerpt":{"rendered":"<p>&nbsp; Despu\u00e9s de realizar 35 videoconferencias con personajes destacados de las ciencias de la salud, la cultura y la pol\u00edtica a nivel nacional, Lorena Pi\u00f1\u00f3n Rivera, Secretaria de Gesti\u00f3n Social del Partido Revolucionario Institucional (PRI), clausur\u00f3 el ciclo \u00abEspecialistas en tiempos de Covid\u00bb. Se\u00f1al\u00f3 que para el PRI lo m\u00e1s importante es la militancia y [&hellip;]<\/p>\n","protected":false},"author":2,"featured_media":0,"comment_status":"open","ping_status":"open","sticky":false,"template":"","format":"standard","meta":{"tdm_status":"","tdm_grid_status":"","footnotes":""},"categories":[73],"tags":[14170,15340,19315,20204,18690,20203,5198,5969,4770,1026],"class_list":{"0":"post-59495","1":"post","2":"type-post","3":"status-publish","4":"format-standard","6":"category-de-boleto","7":"tag-alejandro-moreno","8":"tag-carolina-viggiano","9":"tag-cde","10":"tag-computadora","11":"tag-especialistas-en-tiempos-de-covid","12":"tag-gestion-social-del-partido-revolucionario-institucional","13":"tag-internet","14":"tag-jose-manuel-romero-coello","15":"tag-lorena-pinon-rivera","16":"tag-morena"},"yoast_head":"<!-- This site is optimized with the Yoast SEO plugin v27.4 - https:\/\/yoast.com\/product\/yoast-seo-wordpress\/ -->\n<title>Sana Distancia, pero cerca de las demandas sociales: Lorena - Los pol\u00edticos Veracruz<\/title>\n<meta name=\"robots\" content=\"index, follow, max-snippet:-1, max-image-preview:large, max-video-preview:-1\" \/>\n<link rel=\"canonical\" href=\"https:\/\/lospoliticosveracruz.com\/?p=59495\" \/>\n<meta property=\"og:locale\" content=\"es_ES\" \/>\n<meta property=\"og:type\" content=\"article\" \/>\n<meta property=\"og:title\" content=\"Sana Distancia, pero cerca de las demandas sociales: Lorena - Los pol\u00edticos Veracruz\" \/>\n<meta property=\"og:description\" content=\"&nbsp; Despu\u00e9s de realizar 35 videoconferencias con personajes destacados de las ciencias de la salud, la cultura y la pol\u00edtica a nivel nacional, Lorena Pi\u00f1\u00f3n Rivera, Secretaria de Gesti\u00f3n Social del Partido Revolucionario Institucional (PRI), clausur\u00f3 el ciclo \u00abEspecialistas en tiempos de Covid\u00bb. Se\u00f1al\u00f3 que para el PRI lo m\u00e1s importante es la militancia y [&hellip;]\" \/>\n<meta property=\"og:url\" content=\"https:\/\/lospoliticosveracruz.com\/?p=59495\" \/>\n<meta property=\"og:site_name\" content=\"Los pol\u00edticos Veracruz\" \/>\n<meta property=\"article:publisher\" content=\"https:\/\/www.facebook.com\/people\/Notimemes-de-los-Polticos\/61565672886568\/\" \/>\n<meta property=\"article:published_time\" content=\"2020-08-24T22:17:03+00:00\" \/>\n<meta property=\"og:image\" content=\"http:\/\/www.lospoliticosveracruz.com.mx\/wp-content\/uploads\/2020\/08\/Lorena-3.jpg\" \/>\n<meta name=\"author\" content=\"Lo viste en Los Pol\u00edticos\" \/>\n<meta name=\"twitter:card\" content=\"summary_large_image\" \/>\n<meta name=\"twitter:creator\" content=\"@LosPoliticosVer\" \/>\n<meta name=\"twitter:site\" content=\"@LosPoliticosVer\" \/>\n<meta name=\"twitter:label1\" content=\"Escrito por\" \/>\n\t<meta name=\"twitter:data1\" content=\"Lo viste en Los Pol\u00edticos\" \/>\n\t<meta name=\"twitter:label2\" content=\"Tiempo de lectura\" \/>\n\t<meta name=\"twitter:data2\" content=\"2 minutos\" \/>\n<script type=\"application\/ld+json\" class=\"yoast-schema-graph\">{\"@context\":\"https:\\\/\\\/schema.org\",\"@graph\":[{\"@type\":\"Article\",\"@id\":\"https:\\\/\\\/lospoliticosveracruz.com\\\/?p=59495#article\",\"isPartOf\":{\"@id\":\"https:\\\/\\\/lospoliticosveracruz.com\\\/?p=59495\"},\"author\":{\"name\":\"Lo viste en Los Pol\u00edticos\",\"@id\":\"https:\\\/\\\/lospoliticosveracruz.com\\\/#\\\/schema\\\/person\\\/b8702bb0e538456e6efd07080bf2a4a2\"},\"headline\":\"Sana Distancia, pero cerca de las demandas sociales: Lorena\",\"datePublished\":\"2020-08-24T22:17:03+00:00\",\"mainEntityOfPage\":{\"@id\":\"https:\\\/\\\/lospoliticosveracruz.com\\\/?p=59495\"},\"wordCount\":433,\"commentCount\":0,\"publisher\":{\"@id\":\"https:\\\/\\\/lospoliticosveracruz.com\\\/#organization\"},\"image\":{\"@id\":\"https:\\\/\\\/lospoliticosveracruz.com\\\/?p=59495#primaryimage\"},\"thumbnailUrl\":\"http:\\\/\\\/www.lospoliticosveracruz.com.mx\\\/wp-content\\\/uploads\\\/2020\\\/08\\\/Lorena-3.jpg\",\"keywords\":[\"Alejandro Moreno\",\"Carolina Viggiano\",\"CDE\",\"Computadora\",\"Especialistas en Tiempos de Covid\",\"Gesti\u00f3n Social del Partido Revolucionario Institucional\",\"internet\",\"Jos\u00e9 Manuel Romero Coello\",\"Lorena Pi\u00f1\u00f3n Rivera\",\"Morena\"],\"articleSection\":[\"De Boleto\"],\"inLanguage\":\"es\",\"potentialAction\":[{\"@type\":\"CommentAction\",\"name\":\"Comment\",\"target\":[\"https:\\\/\\\/lospoliticosveracruz.com\\\/?p=59495#respond\"]}]},{\"@type\":\"WebPage\",\"@id\":\"https:\\\/\\\/lospoliticosveracruz.com\\\/?p=59495\",\"url\":\"https:\\\/\\\/lospoliticosveracruz.com\\\/?p=59495\",\"name\":\"Sana Distancia, pero cerca de las demandas sociales: Lorena - Los pol\u00edticos Veracruz\",\"isPartOf\":{\"@id\":\"https:\\\/\\\/lospoliticosveracruz.com\\\/#website\"},\"primaryImageOfPage\":{\"@id\":\"https:\\\/\\\/lospoliticosveracruz.com\\\/?p=59495#primaryimage\"},\"image\":{\"@id\":\"https:\\\/\\\/lospoliticosveracruz.com\\\/?p=59495#primaryimage\"},\"thumbnailUrl\":\"http:\\\/\\\/www.lospoliticosveracruz.com.mx\\\/wp-content\\\/uploads\\\/2020\\\/08\\\/Lorena-3.jpg\",\"datePublished\":\"2020-08-24T22:17:03+00:00\",\"breadcrumb\":{\"@id\":\"https:\\\/\\\/lospoliticosveracruz.com\\\/?p=59495#breadcrumb\"},\"inLanguage\":\"es\",\"potentialAction\":[{\"@type\":\"ReadAction\",\"target\":[\"https:\\\/\\\/lospoliticosveracruz.com\\\/?p=59495\"]}]},{\"@type\":\"ImageObject\",\"inLanguage\":\"es\",\"@id\":\"https:\\\/\\\/lospoliticosveracruz.com\\\/?p=59495#primaryimage\",\"url\":\"http:\\\/\\\/www.lospoliticosveracruz.com.mx\\\/wp-content\\\/uploads\\\/2020\\\/08\\\/Lorena-3.jpg\",\"contentUrl\":\"http:\\\/\\\/www.lospoliticosveracruz.com.mx\\\/wp-content\\\/uploads\\\/2020\\\/08\\\/Lorena-3.jpg\"},{\"@type\":\"BreadcrumbList\",\"@id\":\"https:\\\/\\\/lospoliticosveracruz.com\\\/?p=59495#breadcrumb\",\"itemListElement\":[{\"@type\":\"ListItem\",\"position\":1,\"name\":\"Portada\",\"item\":\"https:\\\/\\\/lospoliticosveracruz.com\\\/\"},{\"@type\":\"ListItem\",\"position\":2,\"name\":\"Sana Distancia, pero cerca de las demandas sociales: Lorena\"}]},{\"@type\":\"WebSite\",\"@id\":\"https:\\\/\\\/lospoliticosveracruz.com\\\/#website\",\"url\":\"https:\\\/\\\/lospoliticosveracruz.com\\\/\",\"name\":\"Los pol\u00edticos Veracruz\",\"description\":\"\",\"publisher\":{\"@id\":\"https:\\\/\\\/lospoliticosveracruz.com\\\/#organization\"},\"potentialAction\":[{\"@type\":\"SearchAction\",\"target\":{\"@type\":\"EntryPoint\",\"urlTemplate\":\"https:\\\/\\\/lospoliticosveracruz.com\\\/?s={search_term_string}\"},\"query-input\":{\"@type\":\"PropertyValueSpecification\",\"valueRequired\":true,\"valueName\":\"search_term_string\"}}],\"inLanguage\":\"es\"},{\"@type\":\"Organization\",\"@id\":\"https:\\\/\\\/lospoliticosveracruz.com\\\/#organization\",\"name\":\"Los pol\u00edticos Veracruz\",\"url\":\"https:\\\/\\\/lospoliticosveracruz.com\\\/\",\"logo\":{\"@type\":\"ImageObject\",\"inLanguage\":\"es\",\"@id\":\"https:\\\/\\\/lospoliticosveracruz.com\\\/#\\\/schema\\\/logo\\\/image\\\/\",\"url\":\"https:\\\/\\\/lospoliticosveracruz.com\\\/wp-content\\\/uploads\\\/2025\\\/12\\\/Logo-Nuevo-LOS-POLITICOS-1.jpg\",\"contentUrl\":\"https:\\\/\\\/lospoliticosveracruz.com\\\/wp-content\\\/uploads\\\/2025\\\/12\\\/Logo-Nuevo-LOS-POLITICOS-1.jpg\",\"width\":260,\"height\":70,\"caption\":\"Los pol\u00edticos Veracruz\"},\"image\":{\"@id\":\"https:\\\/\\\/lospoliticosveracruz.com\\\/#\\\/schema\\\/logo\\\/image\\\/\"},\"sameAs\":[\"https:\\\/\\\/www.facebook.com\\\/people\\\/Notimemes-de-los-Polticos\\\/61565672886568\\\/\",\"https:\\\/\\\/x.com\\\/LosPoliticosVer\"]},{\"@type\":\"Person\",\"@id\":\"https:\\\/\\\/lospoliticosveracruz.com\\\/#\\\/schema\\\/person\\\/b8702bb0e538456e6efd07080bf2a4a2\",\"name\":\"Lo viste en Los Pol\u00edticos\",\"image\":{\"@type\":\"ImageObject\",\"inLanguage\":\"es\",\"@id\":\"https:\\\/\\\/secure.gravatar.com\\\/avatar\\\/3a8de04a2656d44082be478bd6c086daa447c4651605818287b9532d3d0bd435?s=96&d=mm&r=g\",\"url\":\"https:\\\/\\\/secure.gravatar.com\\\/avatar\\\/3a8de04a2656d44082be478bd6c086daa447c4651605818287b9532d3d0bd435?s=96&d=mm&r=g\",\"contentUrl\":\"https:\\\/\\\/secure.gravatar.com\\\/avatar\\\/3a8de04a2656d44082be478bd6c086daa447c4651605818287b9532d3d0bd435?s=96&d=mm&r=g\",\"caption\":\"Lo viste en Los Pol\u00edticos\"},\"url\":\"https:\\\/\\\/lospoliticosveracruz.com\\\/?author=2\"}]}<\/script>\n<!-- \/ Yoast SEO plugin. -->","yoast_head_json":{"title":"Sana Distancia, pero cerca de las demandas sociales: Lorena - Los pol\u00edticos Veracruz","robots":{"index":"index","follow":"follow","max-snippet":"max-snippet:-1","max-image-preview":"max-image-preview:large","max-video-preview":"max-video-preview:-1"},"canonical":"https:\/\/lospoliticosveracruz.com\/?p=59495","og_locale":"es_ES","og_type":"article","og_title":"Sana Distancia, pero cerca de las demandas sociales: Lorena - Los pol\u00edticos Veracruz","og_description":"&nbsp; Despu\u00e9s de realizar 35 videoconferencias con personajes destacados de las ciencias de la salud, la cultura y la pol\u00edtica a nivel nacional, Lorena Pi\u00f1\u00f3n Rivera, Secretaria de Gesti\u00f3n Social del Partido Revolucionario Institucional (PRI), clausur\u00f3 el ciclo \u00abEspecialistas en tiempos de Covid\u00bb. Se\u00f1al\u00f3 que para el PRI lo m\u00e1s importante es la militancia y [&hellip;]","og_url":"https:\/\/lospoliticosveracruz.com\/?p=59495","og_site_name":"Los pol\u00edticos Veracruz","article_publisher":"https:\/\/www.facebook.com\/people\/Notimemes-de-los-Polticos\/61565672886568\/","article_published_time":"2020-08-24T22:17:03+00:00","og_image":[{"url":"http:\/\/www.lospoliticosveracruz.com.mx\/wp-content\/uploads\/2020\/08\/Lorena-3.jpg","type":"","width":"","height":""}],"author":"Lo viste en Los Pol\u00edticos","twitter_card":"summary_large_image","twitter_creator":"@LosPoliticosVer","twitter_site":"@LosPoliticosVer","twitter_misc":{"Escrito por":"Lo viste en Los Pol\u00edticos","Tiempo de lectura":"2 minutos"},"schema":{"@context":"https:\/\/schema.org","@graph":[{"@type":"Article","@id":"https:\/\/lospoliticosveracruz.com\/?p=59495#article","isPartOf":{"@id":"https:\/\/lospoliticosveracruz.com\/?p=59495"},"author":{"name":"Lo viste en Los Pol\u00edticos","@id":"https:\/\/lospoliticosveracruz.com\/#\/schema\/person\/b8702bb0e538456e6efd07080bf2a4a2"},"headline":"Sana Distancia, pero cerca de las demandas sociales: Lorena","datePublished":"2020-08-24T22:17:03+00:00","mainEntityOfPage":{"@id":"https:\/\/lospoliticosveracruz.com\/?p=59495"},"wordCount":433,"commentCount":0,"publisher":{"@id":"https:\/\/lospoliticosveracruz.com\/#organization"},"image":{"@id":"https:\/\/lospoliticosveracruz.com\/?p=59495#primaryimage"},"thumbnailUrl":"http:\/\/www.lospoliticosveracruz.com.mx\/wp-content\/uploads\/2020\/08\/Lorena-3.jpg","keywords":["Alejandro Moreno","Carolina Viggiano","CDE","Computadora","Especialistas en Tiempos de Covid","Gesti\u00f3n Social del Partido Revolucionario Institucional","internet","Jos\u00e9 Manuel Romero Coello","Lorena Pi\u00f1\u00f3n Rivera","Morena"],"articleSection":["De Boleto"],"inLanguage":"es","potentialAction":[{"@type":"CommentAction","name":"Comment","target":["https:\/\/lospoliticosveracruz.com\/?p=59495#respond"]}]},{"@type":"WebPage","@id":"https:\/\/lospoliticosveracruz.com\/?p=59495","url":"https:\/\/lospoliticosveracruz.com\/?p=59495","name":"Sana Distancia, pero cerca de las demandas sociales: Lorena - Los pol\u00edticos Veracruz","isPartOf":{"@id":"https:\/\/lospoliticosveracruz.com\/#website"},"primaryImageOfPage":{"@id":"https:\/\/lospoliticosveracruz.com\/?p=59495#primaryimage"},"image":{"@id":"https:\/\/lospoliticosveracruz.com\/?p=59495#primaryimage"},"thumbnailUrl":"http:\/\/www.lospoliticosveracruz.com.mx\/wp-content\/uploads\/2020\/08\/Lorena-3.jpg","datePublished":"2020-08-24T22:17:03+00:00","breadcrumb":{"@id":"https:\/\/lospoliticosveracruz.com\/?p=59495#breadcrumb"},"inLanguage":"es","potentialAction":[{"@type":"ReadAction","target":["https:\/\/lospoliticosveracruz.com\/?p=59495"]}]},{"@type":"ImageObject","inLanguage":"es","@id":"https:\/\/lospoliticosveracruz.com\/?p=59495#primaryimage","url":"http:\/\/www.lospoliticosveracruz.com.mx\/wp-content\/uploads\/2020\/08\/Lorena-3.jpg","contentUrl":"http:\/\/www.lospoliticosveracruz.com.mx\/wp-content\/uploads\/2020\/08\/Lorena-3.jpg"},{"@type":"BreadcrumbList","@id":"https:\/\/lospoliticosveracruz.com\/?p=59495#breadcrumb","itemListElement":[{"@type":"ListItem","position":1,"name":"Portada","item":"https:\/\/lospoliticosveracruz.com\/"},{"@type":"ListItem","position":2,"name":"Sana Distancia, pero cerca de las demandas sociales: Lorena"}]},{"@type":"WebSite","@id":"https:\/\/lospoliticosveracruz.com\/#website","url":"https:\/\/lospoliticosveracruz.com\/","name":"Los pol\u00edticos Veracruz","description":"","publisher":{"@id":"https:\/\/lospoliticosveracruz.com\/#organization"},"potentialAction":[{"@type":"SearchAction","target":{"@type":"EntryPoint","urlTemplate":"https:\/\/lospoliticosveracruz.com\/?s={search_term_string}"},"query-input":{"@type":"PropertyValueSpecification","valueRequired":true,"valueName":"search_term_string"}}],"inLanguage":"es"},{"@type":"Organization","@id":"https:\/\/lospoliticosveracruz.com\/#organization","name":"Los pol\u00edticos Veracruz","url":"https:\/\/lospoliticosveracruz.com\/","logo":{"@type":"ImageObject","inLanguage":"es","@id":"https:\/\/lospoliticosveracruz.com\/#\/schema\/logo\/image\/","url":"https:\/\/lospoliticosveracruz.com\/wp-content\/uploads\/2025\/12\/Logo-Nuevo-LOS-POLITICOS-1.jpg","contentUrl":"https:\/\/lospoliticosveracruz.com\/wp-content\/uploads\/2025\/12\/Logo-Nuevo-LOS-POLITICOS-1.jpg","width":260,"height":70,"caption":"Los pol\u00edticos Veracruz"},"image":{"@id":"https:\/\/lospoliticosveracruz.com\/#\/schema\/logo\/image\/"},"sameAs":["https:\/\/www.facebook.com\/people\/Notimemes-de-los-Polticos\/61565672886568\/","https:\/\/x.com\/LosPoliticosVer"]},{"@type":"Person","@id":"https:\/\/lospoliticosveracruz.com\/#\/schema\/person\/b8702bb0e538456e6efd07080bf2a4a2","name":"Lo viste en Los Pol\u00edticos","image":{"@type":"ImageObject","inLanguage":"es","@id":"https:\/\/secure.gravatar.com\/avatar\/3a8de04a2656d44082be478bd6c086daa447c4651605818287b9532d3d0bd435?s=96&d=mm&r=g","url":"https:\/\/secure.gravatar.com\/avatar\/3a8de04a2656d44082be478bd6c086daa447c4651605818287b9532d3d0bd435?s=96&d=mm&r=g","contentUrl":"https:\/\/secure.gravatar.com\/avatar\/3a8de04a2656d44082be478bd6c086daa447c4651605818287b9532d3d0bd435?s=96&d=mm&r=g","caption":"Lo viste en Los Pol\u00edticos"},"url":"https:\/\/lospoliticosveracruz.com\/?author=2"}]}},"_links":{"self":[{"href":"https:\/\/lospoliticosveracruz.com\/index.php?rest_route=\/wp\/v2\/posts\/59495","targetHints":{"allow":["GET"]}}],"collection":[{"href":"https:\/\/lospoliticosveracruz.com\/index.php?rest_route=\/wp\/v2\/posts"}],"about":[{"href":"https:\/\/lospoliticosveracruz.com\/index.php?rest_route=\/wp\/v2\/types\/post"}],"author":[{"embeddable":true,"href":"https:\/\/lospoliticosveracruz.com\/index.php?rest_route=\/wp\/v2\/users\/2"}],"replies":[{"embeddable":true,"href":"https:\/\/lospoliticosveracruz.com\/index.php?rest_route=%2Fwp%2Fv2%2Fcomments&post=59495"}],"version-history":[{"count":1,"href":"https:\/\/lospoliticosveracruz.com\/index.php?rest_route=\/wp\/v2\/posts\/59495\/revisions"}],"predecessor-version":[{"id":59499,"href":"https:\/\/lospoliticosveracruz.com\/index.php?rest_route=\/wp\/v2\/posts\/59495\/revisions\/59499"}],"wp:attachment":[{"href":"https:\/\/lospoliticosveracruz.com\/index.php?rest_route=%2Fwp%2Fv2%2Fmedia&parent=59495"}],"wp:term":[{"taxonomy":"category","embeddable":true,"href":"https:\/\/lospoliticosveracruz.com\/index.php?rest_route=%2Fwp%2Fv2%2Fcategories&post=59495"},{"taxonomy":"post_tag","embeddable":true,"href":"https:\/\/lospoliticosveracruz.com\/index.php?rest_route=%2Fwp%2Fv2%2Ftags&post=59495"}],"curies":[{"name":"wp","href":"https:\/\/api.w.org\/{rel}","templated":true}]}}