{"id":59519,"date":"2020-08-25T08:36:25","date_gmt":"2020-08-25T13:36:25","guid":{"rendered":"http:\/\/www.lospoliticosveracruz.com.mx\/?p=59519"},"modified":"2020-08-25T08:36:25","modified_gmt":"2020-08-25T13:36:25","slug":"pri-de-la-mano-de-la-ip","status":"publish","type":"post","link":"https:\/\/lospoliticosveracruz.com\/?p=59519","title":{"rendered":"PRI, de la mano de la IP"},"content":{"rendered":"<p>Somos la \u00fanica opci\u00f3n pol\u00edtica que construye junto con la iniciativa privada beneficios para el desarrollo de la comunidad, eso tiene un gran m\u00e9rito y nos compromete a ser mejores, afirm\u00f3 el presidente del CDE del PRI en Veracruz, Marlon Ram\u00edrez Mar\u00edn.<br \/>\n\u201cNos sentimos orgullosos de poder ser una herramienta, un veh\u00edculo y un agente de cambio que le d\u00e9 a la sociedad una alternativa en materia educativa, y como opci\u00f3n pol\u00edtica, ser capaces de construir\u201d, dijo al dar inicio a la Semana de la Educaci\u00f3n PRI Veracruz.<br \/>\n\u201cEs a trav\u00e9s de la preparaci\u00f3n y educaci\u00f3n, que las y los j\u00f3venes tendr\u00e1n las herramientas para que al desempe\u00f1arse en el servicio p\u00fablico o privado lo hagan de manera profesional y no suceda lo que pasa hoy en Veracruz, en donde es visible la inexperiencia, improvisaci\u00f3n, y la ignorancia el ejercicio de la administraci\u00f3n p\u00fablica estatal y en muchos municipios\u201d, enfatiz\u00f3.<br \/>\nMediante enlace de Zoom y trasmisi\u00f3n por Facebook, en la que participaron la secretaria de Gesti\u00f3n Social del CDE del PRI en Veracruz, Ana Rosa Vald\u00e9s Salazar, as\u00ed como representantes de diversas universidades que han firmado convenio de colaboraci\u00f3n con el partido, envi\u00f3 un saludo a todas las alumnas y alumnos, as\u00ed como maestras y maestros, que hoy regresan a clases a trav\u00e9s de plataformas digitales.<br \/>\nAgradeci\u00f3 a nombre de todo el priismo en la entidad, a las escuelas que colaboran en esta iniciativa del PRI de Veracruz, porque \u201cson muestra de inter\u00e9s, humildad, sencillez, y sensibilidad al poner al alcance de cualquier veracruzano educaci\u00f3n de calidad\u201d.<br \/>\nEn su participaci\u00f3n, Ana Rosa Vald\u00e9s Salazar, secretaria de Gesti\u00f3n Social del CDE del PRI en Veracruz, reconoci\u00f3 que al igual que los m\u00e9dicos, enfermeras y personal del sector salud, que se han enfrentado valientemente ante esta pandemia, desde otro \u00e1ngulo, tambi\u00e9n maestras y maestros dan frente desde sus hogares con su esfuerzo para llevar educaci\u00f3n a alumnas y alumnos de todo el estado.<br \/>\nReiter\u00f3 que el PRI, busca apoyar a la gente en las causas m\u00e1s apremiantes, por ello agradeci\u00f3 a las universidades con las que el partido ha firmado convenio de colaboraci\u00f3n, para poder vincular a las personas interesadas en acceder a una beca. \u201cSon un gran ejemplo de disposici\u00f3n, de c\u00f3mo hacer equipo y sacar adelante al estado\u201d.<br \/>\nLa Universidad de Xalapa, con 28 a\u00f1os de experiencia, ofrece atractivas becas de un 25 a 50 por ciento, con una oferta educativa de 21 licenciaturas, 14 maestr\u00edas y 5 doctorados, como apoyo para la econom\u00eda familiar, explic\u00f3 Luis Montiel Ceballos, director de Mercadotecnia de esta instituci\u00f3n.<br \/>\nLa Universidad Hern\u00e1n Cort\u00e9s, es una instituci\u00f3n que ofrecer\u00e1 modalidad en l\u00ednea siguiendo las disposiciones de las autoridades sanitarias, con un profesional equipo docente, cuenta con un amplio campus para el retorno. Cuenta con un sistema de becas del 65 al 71%, con horario vespertino y horario sabatino; asimismo, becas especiales para hijas e hijos de personal m\u00e9dico fallecido a causa del virus que ocasiona COVID-19, indic\u00f3 Germ\u00e1n Croda Tronco, director Acad\u00e9mico de la Universidad Hern\u00e1n Cort\u00e9s.<br \/>\nEl Centro Veracruzano de Educaci\u00f3n y Posgrado (CEVIP), ofrece diversas maestr\u00edas, doctorados y especialidades, los que se podr\u00e1n cursas en l\u00ednea mediante una plataforma amigable, siguiendo las indicaciones ante la pandemia que se vive, en apoyo a los aspirantes se ofrecen becas del 50%, con calidad educativa respaldada desde hace 13 a\u00f1os, detall\u00f3 Ulises Rivera Ortega, coordinador de Posgrados del CEVIP.<br \/>\nLa Universidad en CLAES, ofrece el programa \u201cBachillerato en un examen\u201d, es accesible y \u00fanico en Xalapa, un curso intensivo en cinco meses en donde se prepara al alumno, con asesores profesionales, una plataforma alimentada con gu\u00edas, ex\u00e1menes de pr\u00e1ctica y simuladores, con costos accesibles; tambi\u00e9n, acuerdo al convenio firmado con el PRI de Veracruz, se ofrecen cinco licenciaturas con becas de hasta 40% en mensualidades y 50% en la inscripci\u00f3n.<br \/>\nAsimismo, en sus maestr\u00edas ofrece becas con un 50% en inscripci\u00f3n y 30% en mensualidades, detallaron B\u00e1rbara Barradas Molina, coordinadora acad\u00e9mica y encargada del Sistema en L\u00ednea, y Mar\u00eda Elena Bello Reyes, subdirectora de Licenciatura y Posgrado de la Universidad CLAES.<br \/>\nParticiparon en el enlace tambi\u00e9n: Elena Ortega M\u00e9ndez, del departamento de Vinculaci\u00f3n y Difusi\u00f3n del CEVIP; y Samara Jim\u00e9nez Ortiz, encargada de Relaciones P\u00fablicas de la Universidad de Xalapa.<\/p>\n<p>Las personas interesadas en acceder a las becas de estos convenios, pueden consultar las redes sociales: Facebook: Secretar\u00eda de Gesti\u00f3n Social del CDE PRI Veracruz; Twitter: Gesti\u00f3n Social PRI Veracruz y comunicarse a las oficinas al tel\u00e9fono: 2283676020 ext. 306.<\/p>\n","protected":false},"excerpt":{"rendered":"<p>Somos la \u00fanica opci\u00f3n pol\u00edtica que construye junto con la iniciativa privada beneficios para el desarrollo de la comunidad, eso tiene un gran m\u00e9rito y nos compromete a ser mejores, afirm\u00f3 el presidente del CDE del PRI en Veracruz, Marlon Ram\u00edrez Mar\u00edn. \u201cNos sentimos orgullosos de poder ser una herramienta, un veh\u00edculo y un agente [&hellip;]<\/p>\n","protected":false},"author":2,"featured_media":0,"comment_status":"open","ping_status":"open","sticky":false,"template":"","format":"standard","meta":{"tdm_status":"","tdm_grid_status":"","footnotes":""},"categories":[73],"tags":[4919,19953,20215,14037,20214,2908,251,20216,7735,5697,195],"class_list":{"0":"post-59519","1":"post","2":"type-post","3":"status-publish","4":"format-standard","6":"category-de-boleto","7":"tag-ana-rosa-valdes-salazar","8":"tag-cde-del-pri-en-veracruz","9":"tag-cevip","10":"tag-claes","11":"tag-luis-montiel-ceballos","12":"tag-marlon-ramirez-marin","13":"tag-pri","14":"tag-ulises-rivera-ortega","15":"tag-universidad-de-xalapa","16":"tag-universidad-hernan-cortes","17":"tag-veracruz"},"yoast_head":"<!-- This site is optimized with the Yoast SEO plugin v27.4 - https:\/\/yoast.com\/product\/yoast-seo-wordpress\/ -->\n<title>PRI, de la mano de la IP - Los pol\u00edticos Veracruz<\/title>\n<meta name=\"robots\" content=\"index, follow, max-snippet:-1, max-image-preview:large, max-video-preview:-1\" \/>\n<link rel=\"canonical\" href=\"https:\/\/lospoliticosveracruz.com\/?p=59519\" \/>\n<meta property=\"og:locale\" content=\"es_ES\" \/>\n<meta property=\"og:type\" content=\"article\" \/>\n<meta property=\"og:title\" content=\"PRI, de la mano de la IP - Los pol\u00edticos Veracruz\" \/>\n<meta property=\"og:description\" content=\"Somos la \u00fanica opci\u00f3n pol\u00edtica que construye junto con la iniciativa privada beneficios para el desarrollo de la comunidad, eso tiene un gran m\u00e9rito y nos compromete a ser mejores, afirm\u00f3 el presidente del CDE del PRI en Veracruz, Marlon Ram\u00edrez Mar\u00edn. \u201cNos sentimos orgullosos de poder ser una herramienta, un veh\u00edculo y un agente [&hellip;]\" \/>\n<meta property=\"og:url\" content=\"https:\/\/lospoliticosveracruz.com\/?p=59519\" \/>\n<meta property=\"og:site_name\" content=\"Los pol\u00edticos Veracruz\" \/>\n<meta property=\"article:publisher\" content=\"https:\/\/www.facebook.com\/people\/Notimemes-de-los-Polticos\/61565672886568\/\" \/>\n<meta property=\"article:published_time\" content=\"2020-08-25T13:36:25+00:00\" \/>\n<meta property=\"og:image\" content=\"https:\/\/lospoliticosveracruz.com\/wp-content\/uploads\/2016\/07\/Logo-Dor.jpg\" \/>\n\t<meta property=\"og:image:width\" content=\"200\" \/>\n\t<meta property=\"og:image:height\" content=\"200\" \/>\n\t<meta property=\"og:image:type\" content=\"image\/jpeg\" \/>\n<meta name=\"author\" content=\"Lo viste en Los Pol\u00edticos\" \/>\n<meta name=\"twitter:card\" content=\"summary_large_image\" \/>\n<meta name=\"twitter:creator\" content=\"@LosPoliticosVer\" \/>\n<meta name=\"twitter:site\" content=\"@LosPoliticosVer\" \/>\n<meta name=\"twitter:label1\" content=\"Escrito por\" \/>\n\t<meta name=\"twitter:data1\" content=\"Lo viste en Los Pol\u00edticos\" \/>\n\t<meta name=\"twitter:label2\" content=\"Tiempo de lectura\" \/>\n\t<meta name=\"twitter:data2\" content=\"4 minutos\" \/>\n<script type=\"application\/ld+json\" class=\"yoast-schema-graph\">{\"@context\":\"https:\\\/\\\/schema.org\",\"@graph\":[{\"@type\":\"Article\",\"@id\":\"https:\\\/\\\/lospoliticosveracruz.com\\\/?p=59519#article\",\"isPartOf\":{\"@id\":\"https:\\\/\\\/lospoliticosveracruz.com\\\/?p=59519\"},\"author\":{\"name\":\"Lo viste en Los Pol\u00edticos\",\"@id\":\"https:\\\/\\\/lospoliticosveracruz.com\\\/#\\\/schema\\\/person\\\/b8702bb0e538456e6efd07080bf2a4a2\"},\"headline\":\"PRI, de la mano de la IP\",\"datePublished\":\"2020-08-25T13:36:25+00:00\",\"mainEntityOfPage\":{\"@id\":\"https:\\\/\\\/lospoliticosveracruz.com\\\/?p=59519\"},\"wordCount\":810,\"commentCount\":0,\"publisher\":{\"@id\":\"https:\\\/\\\/lospoliticosveracruz.com\\\/#organization\"},\"keywords\":[\"Ana Rosa Vald\u00e9s Salazar\",\"CDE del PRI en Veracruz\",\"CEVIP\",\"CLAES\",\"Luis Montiel Ceballos\",\"Marlon Ram\u00edrez Mar\u00edn\",\"PRI\",\"Ulises Rivera Ortega\",\"Universidad de Xalapa\",\"Universidad Hern\u00e1n Cort\u00e9s\",\"Veracruz\"],\"articleSection\":[\"De Boleto\"],\"inLanguage\":\"es\",\"potentialAction\":[{\"@type\":\"CommentAction\",\"name\":\"Comment\",\"target\":[\"https:\\\/\\\/lospoliticosveracruz.com\\\/?p=59519#respond\"]}]},{\"@type\":\"WebPage\",\"@id\":\"https:\\\/\\\/lospoliticosveracruz.com\\\/?p=59519\",\"url\":\"https:\\\/\\\/lospoliticosveracruz.com\\\/?p=59519\",\"name\":\"PRI, de la mano de la IP - Los pol\u00edticos Veracruz\",\"isPartOf\":{\"@id\":\"https:\\\/\\\/lospoliticosveracruz.com\\\/#website\"},\"datePublished\":\"2020-08-25T13:36:25+00:00\",\"breadcrumb\":{\"@id\":\"https:\\\/\\\/lospoliticosveracruz.com\\\/?p=59519#breadcrumb\"},\"inLanguage\":\"es\",\"potentialAction\":[{\"@type\":\"ReadAction\",\"target\":[\"https:\\\/\\\/lospoliticosveracruz.com\\\/?p=59519\"]}]},{\"@type\":\"BreadcrumbList\",\"@id\":\"https:\\\/\\\/lospoliticosveracruz.com\\\/?p=59519#breadcrumb\",\"itemListElement\":[{\"@type\":\"ListItem\",\"position\":1,\"name\":\"Portada\",\"item\":\"https:\\\/\\\/lospoliticosveracruz.com\\\/\"},{\"@type\":\"ListItem\",\"position\":2,\"name\":\"PRI, de la mano de la IP\"}]},{\"@type\":\"WebSite\",\"@id\":\"https:\\\/\\\/lospoliticosveracruz.com\\\/#website\",\"url\":\"https:\\\/\\\/lospoliticosveracruz.com\\\/\",\"name\":\"Los pol\u00edticos Veracruz\",\"description\":\"\",\"publisher\":{\"@id\":\"https:\\\/\\\/lospoliticosveracruz.com\\\/#organization\"},\"potentialAction\":[{\"@type\":\"SearchAction\",\"target\":{\"@type\":\"EntryPoint\",\"urlTemplate\":\"https:\\\/\\\/lospoliticosveracruz.com\\\/?s={search_term_string}\"},\"query-input\":{\"@type\":\"PropertyValueSpecification\",\"valueRequired\":true,\"valueName\":\"search_term_string\"}}],\"inLanguage\":\"es\"},{\"@type\":\"Organization\",\"@id\":\"https:\\\/\\\/lospoliticosveracruz.com\\\/#organization\",\"name\":\"Los pol\u00edticos Veracruz\",\"url\":\"https:\\\/\\\/lospoliticosveracruz.com\\\/\",\"logo\":{\"@type\":\"ImageObject\",\"inLanguage\":\"es\",\"@id\":\"https:\\\/\\\/lospoliticosveracruz.com\\\/#\\\/schema\\\/logo\\\/image\\\/\",\"url\":\"https:\\\/\\\/lospoliticosveracruz.com\\\/wp-content\\\/uploads\\\/2025\\\/12\\\/Logo-Nuevo-LOS-POLITICOS-1.jpg\",\"contentUrl\":\"https:\\\/\\\/lospoliticosveracruz.com\\\/wp-content\\\/uploads\\\/2025\\\/12\\\/Logo-Nuevo-LOS-POLITICOS-1.jpg\",\"width\":260,\"height\":70,\"caption\":\"Los pol\u00edticos Veracruz\"},\"image\":{\"@id\":\"https:\\\/\\\/lospoliticosveracruz.com\\\/#\\\/schema\\\/logo\\\/image\\\/\"},\"sameAs\":[\"https:\\\/\\\/www.facebook.com\\\/people\\\/Notimemes-de-los-Polticos\\\/61565672886568\\\/\",\"https:\\\/\\\/x.com\\\/LosPoliticosVer\"]},{\"@type\":\"Person\",\"@id\":\"https:\\\/\\\/lospoliticosveracruz.com\\\/#\\\/schema\\\/person\\\/b8702bb0e538456e6efd07080bf2a4a2\",\"name\":\"Lo viste en Los Pol\u00edticos\",\"image\":{\"@type\":\"ImageObject\",\"inLanguage\":\"es\",\"@id\":\"https:\\\/\\\/secure.gravatar.com\\\/avatar\\\/3a8de04a2656d44082be478bd6c086daa447c4651605818287b9532d3d0bd435?s=96&d=mm&r=g\",\"url\":\"https:\\\/\\\/secure.gravatar.com\\\/avatar\\\/3a8de04a2656d44082be478bd6c086daa447c4651605818287b9532d3d0bd435?s=96&d=mm&r=g\",\"contentUrl\":\"https:\\\/\\\/secure.gravatar.com\\\/avatar\\\/3a8de04a2656d44082be478bd6c086daa447c4651605818287b9532d3d0bd435?s=96&d=mm&r=g\",\"caption\":\"Lo viste en Los Pol\u00edticos\"},\"url\":\"https:\\\/\\\/lospoliticosveracruz.com\\\/?author=2\"}]}<\/script>\n<!-- \/ Yoast SEO plugin. -->","yoast_head_json":{"title":"PRI, de la mano de la IP - Los pol\u00edticos Veracruz","robots":{"index":"index","follow":"follow","max-snippet":"max-snippet:-1","max-image-preview":"max-image-preview:large","max-video-preview":"max-video-preview:-1"},"canonical":"https:\/\/lospoliticosveracruz.com\/?p=59519","og_locale":"es_ES","og_type":"article","og_title":"PRI, de la mano de la IP - Los pol\u00edticos Veracruz","og_description":"Somos la \u00fanica opci\u00f3n pol\u00edtica que construye junto con la iniciativa privada beneficios para el desarrollo de la comunidad, eso tiene un gran m\u00e9rito y nos compromete a ser mejores, afirm\u00f3 el presidente del CDE del PRI en Veracruz, Marlon Ram\u00edrez Mar\u00edn. \u201cNos sentimos orgullosos de poder ser una herramienta, un veh\u00edculo y un agente [&hellip;]","og_url":"https:\/\/lospoliticosveracruz.com\/?p=59519","og_site_name":"Los pol\u00edticos Veracruz","article_publisher":"https:\/\/www.facebook.com\/people\/Notimemes-de-los-Polticos\/61565672886568\/","article_published_time":"2020-08-25T13:36:25+00:00","og_image":[{"width":200,"height":200,"url":"https:\/\/lospoliticosveracruz.com\/wp-content\/uploads\/2016\/07\/Logo-Dor.jpg","type":"image\/jpeg"}],"author":"Lo viste en Los Pol\u00edticos","twitter_card":"summary_large_image","twitter_creator":"@LosPoliticosVer","twitter_site":"@LosPoliticosVer","twitter_misc":{"Escrito por":"Lo viste en Los Pol\u00edticos","Tiempo de lectura":"4 minutos"},"schema":{"@context":"https:\/\/schema.org","@graph":[{"@type":"Article","@id":"https:\/\/lospoliticosveracruz.com\/?p=59519#article","isPartOf":{"@id":"https:\/\/lospoliticosveracruz.com\/?p=59519"},"author":{"name":"Lo viste en Los Pol\u00edticos","@id":"https:\/\/lospoliticosveracruz.com\/#\/schema\/person\/b8702bb0e538456e6efd07080bf2a4a2"},"headline":"PRI, de la mano de la IP","datePublished":"2020-08-25T13:36:25+00:00","mainEntityOfPage":{"@id":"https:\/\/lospoliticosveracruz.com\/?p=59519"},"wordCount":810,"commentCount":0,"publisher":{"@id":"https:\/\/lospoliticosveracruz.com\/#organization"},"keywords":["Ana Rosa Vald\u00e9s Salazar","CDE del PRI en Veracruz","CEVIP","CLAES","Luis Montiel Ceballos","Marlon Ram\u00edrez Mar\u00edn","PRI","Ulises Rivera Ortega","Universidad de Xalapa","Universidad Hern\u00e1n Cort\u00e9s","Veracruz"],"articleSection":["De Boleto"],"inLanguage":"es","potentialAction":[{"@type":"CommentAction","name":"Comment","target":["https:\/\/lospoliticosveracruz.com\/?p=59519#respond"]}]},{"@type":"WebPage","@id":"https:\/\/lospoliticosveracruz.com\/?p=59519","url":"https:\/\/lospoliticosveracruz.com\/?p=59519","name":"PRI, de la mano de la IP - Los pol\u00edticos Veracruz","isPartOf":{"@id":"https:\/\/lospoliticosveracruz.com\/#website"},"datePublished":"2020-08-25T13:36:25+00:00","breadcrumb":{"@id":"https:\/\/lospoliticosveracruz.com\/?p=59519#breadcrumb"},"inLanguage":"es","potentialAction":[{"@type":"ReadAction","target":["https:\/\/lospoliticosveracruz.com\/?p=59519"]}]},{"@type":"BreadcrumbList","@id":"https:\/\/lospoliticosveracruz.com\/?p=59519#breadcrumb","itemListElement":[{"@type":"ListItem","position":1,"name":"Portada","item":"https:\/\/lospoliticosveracruz.com\/"},{"@type":"ListItem","position":2,"name":"PRI, de la mano de la IP"}]},{"@type":"WebSite","@id":"https:\/\/lospoliticosveracruz.com\/#website","url":"https:\/\/lospoliticosveracruz.com\/","name":"Los pol\u00edticos Veracruz","description":"","publisher":{"@id":"https:\/\/lospoliticosveracruz.com\/#organization"},"potentialAction":[{"@type":"SearchAction","target":{"@type":"EntryPoint","urlTemplate":"https:\/\/lospoliticosveracruz.com\/?s={search_term_string}"},"query-input":{"@type":"PropertyValueSpecification","valueRequired":true,"valueName":"search_term_string"}}],"inLanguage":"es"},{"@type":"Organization","@id":"https:\/\/lospoliticosveracruz.com\/#organization","name":"Los pol\u00edticos Veracruz","url":"https:\/\/lospoliticosveracruz.com\/","logo":{"@type":"ImageObject","inLanguage":"es","@id":"https:\/\/lospoliticosveracruz.com\/#\/schema\/logo\/image\/","url":"https:\/\/lospoliticosveracruz.com\/wp-content\/uploads\/2025\/12\/Logo-Nuevo-LOS-POLITICOS-1.jpg","contentUrl":"https:\/\/lospoliticosveracruz.com\/wp-content\/uploads\/2025\/12\/Logo-Nuevo-LOS-POLITICOS-1.jpg","width":260,"height":70,"caption":"Los pol\u00edticos Veracruz"},"image":{"@id":"https:\/\/lospoliticosveracruz.com\/#\/schema\/logo\/image\/"},"sameAs":["https:\/\/www.facebook.com\/people\/Notimemes-de-los-Polticos\/61565672886568\/","https:\/\/x.com\/LosPoliticosVer"]},{"@type":"Person","@id":"https:\/\/lospoliticosveracruz.com\/#\/schema\/person\/b8702bb0e538456e6efd07080bf2a4a2","name":"Lo viste en Los Pol\u00edticos","image":{"@type":"ImageObject","inLanguage":"es","@id":"https:\/\/secure.gravatar.com\/avatar\/3a8de04a2656d44082be478bd6c086daa447c4651605818287b9532d3d0bd435?s=96&d=mm&r=g","url":"https:\/\/secure.gravatar.com\/avatar\/3a8de04a2656d44082be478bd6c086daa447c4651605818287b9532d3d0bd435?s=96&d=mm&r=g","contentUrl":"https:\/\/secure.gravatar.com\/avatar\/3a8de04a2656d44082be478bd6c086daa447c4651605818287b9532d3d0bd435?s=96&d=mm&r=g","caption":"Lo viste en Los Pol\u00edticos"},"url":"https:\/\/lospoliticosveracruz.com\/?author=2"}]}},"_links":{"self":[{"href":"https:\/\/lospoliticosveracruz.com\/index.php?rest_route=\/wp\/v2\/posts\/59519","targetHints":{"allow":["GET"]}}],"collection":[{"href":"https:\/\/lospoliticosveracruz.com\/index.php?rest_route=\/wp\/v2\/posts"}],"about":[{"href":"https:\/\/lospoliticosveracruz.com\/index.php?rest_route=\/wp\/v2\/types\/post"}],"author":[{"embeddable":true,"href":"https:\/\/lospoliticosveracruz.com\/index.php?rest_route=\/wp\/v2\/users\/2"}],"replies":[{"embeddable":true,"href":"https:\/\/lospoliticosveracruz.com\/index.php?rest_route=%2Fwp%2Fv2%2Fcomments&post=59519"}],"version-history":[{"count":1,"href":"https:\/\/lospoliticosveracruz.com\/index.php?rest_route=\/wp\/v2\/posts\/59519\/revisions"}],"predecessor-version":[{"id":59521,"href":"https:\/\/lospoliticosveracruz.com\/index.php?rest_route=\/wp\/v2\/posts\/59519\/revisions\/59521"}],"wp:attachment":[{"href":"https:\/\/lospoliticosveracruz.com\/index.php?rest_route=%2Fwp%2Fv2%2Fmedia&parent=59519"}],"wp:term":[{"taxonomy":"category","embeddable":true,"href":"https:\/\/lospoliticosveracruz.com\/index.php?rest_route=%2Fwp%2Fv2%2Fcategories&post=59519"},{"taxonomy":"post_tag","embeddable":true,"href":"https:\/\/lospoliticosveracruz.com\/index.php?rest_route=%2Fwp%2Fv2%2Ftags&post=59519"}],"curies":[{"name":"wp","href":"https:\/\/api.w.org\/{rel}","templated":true}]}}