{"id":59614,"date":"2020-08-26T12:02:18","date_gmt":"2020-08-26T17:02:18","guid":{"rendered":"http:\/\/www.lospoliticosveracruz.com.mx\/?p=59614"},"modified":"2020-08-26T12:02:18","modified_gmt":"2020-08-26T17:02:18","slug":"cisneros-vs-el-dictamen","status":"publish","type":"post","link":"https:\/\/lospoliticosveracruz.com\/?p=59614","title":{"rendered":"Cisneros Vs El Dictamen"},"content":{"rendered":"<p><strong>Eduardo Venegas Naranjo <\/strong><br \/>\n<em>Ac\u00e1 entre nos<\/em><\/p>\n<p>El Dictamen el diario m\u00e1s antiguo de este pa\u00eds, en un referente en los medios de comunicaci\u00f3n no solo de Veracruz, ha traspasado fronteras, tienen reconocimiento, adem\u00e1s sus or\u00edgenes son tlacotalpe\u00f1os.<br \/>\nConozco a la licenciada Bertha Ahued, mujer de trabajo, ama al peri\u00f3dico, he tenido la oportunidad de conversar en m\u00faltiples ocasiones, parte de mi formaci\u00f3n period\u00edstica ha sido en esa casa editorial, como corresponsal, primero de Tlacotalpan, luego en toda la Cuenca del Papaloapan; Bertha se rige con principios.<br \/>\nDesde hace unos meses somos gobernados por la improvisada y fallida Cuarta Transformaci\u00f3n, es cierto hay funcionarios que realizan su trabaja con eficacia y principios, hay otros que han llegado por suerte o por padrinazgos tal es el caso del flamante Secretario de Gobierno del Estado de Veracruz Eric Patrocinio Cisneros, quien por cierto viv\u00eda en Baja California, lleg\u00f3 a Veracruz y Roc\u00edo Nahle lo convirti\u00f3 en el segundo de a bordo de la actual administraci\u00f3n, el gobernador Cuitl\u00e1huac Garc\u00eda Jim\u00e9nez carece de presencia pol\u00edtica y liderazgo, entonces Patrocinio toma importantes decisiones es m\u00e1s sobrepasa al gobernador, no es bien visto por diversos grupos pol\u00edticos, la mayor\u00eda de la prensa lo se\u00f1ala y lo descalifica, el tipo no es agradable, nunca imagino tener el poder que ejerce en Veracruz, pero todo es ef\u00edmero, Todo lo que sube tiene que bajar, es la ley de la gravitaci\u00f3n universal de Isaac Newton.<br \/>\nEl Dictamen como medio de comunicaci\u00f3n tiene derecho a informar, en la secci\u00f3n de opini\u00f3n fue cuestionado el actuar del Secretario, se molest\u00f3 y mando v\u00eda WhatsApp un amenaza a la directora del diario, \u201cEL QUE SE LLEVA SE AGUANTA\u201d, desde aqu\u00ed nuestra solidaridad, para todos los compa\u00f1eros que laboran en el medio, en especial para nuestra amiga la licenciada Bertha Ahued Malpica.<br \/>\nEric, no acepta la cr\u00edtica de los medios, se enoja, es un hombre que gobierna con las v\u00edsceras, eso lo sabe perfectamente un servidor que el pasado 4 de julio de 2019, se molest\u00f3 por una nota que fue repicada en diversos medios de comunicaci\u00f3n, su enojo fue tan grande que trat\u00f3 de cuartar la libertad de expresi\u00f3n, no le gust\u00f3 que dij\u00e9ramos que \u201cno pod\u00eda apoyar al gran Teatro Netzahualc\u00f3yotl debido a que el gobierno no beneficia a asociaciones civiles y menos que el gobierno del estado no tiene en comodato las escrituras del inmueble\u201d; s\u00f3lo hay que recordarle al se\u00f1or que exgobernadores, y algunos diputados del pasado siempre han sido benefactores con el teatro, y recordarle que el inmueble que es parte de la historia de Tlacotalpan, por cierto la ciudad es Patrimonio Cultural de la Humanidad, le hace falta proyecci\u00f3n desde que inici\u00f3 este ineficaz gobierno est\u00e1 olvidada.<\/p>\n","protected":false},"excerpt":{"rendered":"<p>Eduardo Venegas Naranjo Ac\u00e1 entre nos El Dictamen el diario m\u00e1s antiguo de este pa\u00eds, en un referente en los medios de comunicaci\u00f3n no solo de Veracruz, ha traspasado fronteras, tienen reconocimiento, adem\u00e1s sus or\u00edgenes son tlacotalpe\u00f1os. Conozco a la licenciada Bertha Ahued, mujer de trabajo, ama al peri\u00f3dico, he tenido la oportunidad de conversar [&hellip;]<\/p>\n","protected":false},"author":2,"featured_media":0,"comment_status":"open","ping_status":"open","sticky":false,"template":"","format":"standard","meta":{"tdm_status":"","tdm_grid_status":"","footnotes":""},"categories":[70],"tags":[11217,12297,1563,20265,13380,3578,676,195],"class_list":{"0":"post-59614","1":"post","2":"type-post","3":"status-publish","4":"format-standard","6":"category-de-opinion","7":"tag-bertha-ahued-malpica","8":"tag-cuenca-del-papaloapan","9":"tag-cuitlahuac-garcia-jimenez","10":"tag-el-que-se-lleva-se-aguanta","11":"tag-eric-patrocinio-cisneros","12":"tag-rocio-nahle","13":"tag-tlacotalpan","14":"tag-veracruz"},"yoast_head":"<!-- This site is optimized with the Yoast SEO plugin v27.4 - https:\/\/yoast.com\/product\/yoast-seo-wordpress\/ -->\n<title>Cisneros Vs El Dictamen - Los pol\u00edticos Veracruz<\/title>\n<meta name=\"robots\" content=\"index, follow, max-snippet:-1, max-image-preview:large, max-video-preview:-1\" \/>\n<link rel=\"canonical\" href=\"https:\/\/lospoliticosveracruz.com\/?p=59614\" \/>\n<meta property=\"og:locale\" content=\"es_ES\" \/>\n<meta property=\"og:type\" content=\"article\" \/>\n<meta property=\"og:title\" content=\"Cisneros Vs El Dictamen - Los pol\u00edticos Veracruz\" \/>\n<meta property=\"og:description\" content=\"Eduardo Venegas Naranjo Ac\u00e1 entre nos El Dictamen el diario m\u00e1s antiguo de este pa\u00eds, en un referente en los medios de comunicaci\u00f3n no solo de Veracruz, ha traspasado fronteras, tienen reconocimiento, adem\u00e1s sus or\u00edgenes son tlacotalpe\u00f1os. Conozco a la licenciada Bertha Ahued, mujer de trabajo, ama al peri\u00f3dico, he tenido la oportunidad de conversar [&hellip;]\" \/>\n<meta property=\"og:url\" content=\"https:\/\/lospoliticosveracruz.com\/?p=59614\" \/>\n<meta property=\"og:site_name\" content=\"Los pol\u00edticos Veracruz\" \/>\n<meta property=\"article:publisher\" content=\"https:\/\/www.facebook.com\/people\/Notimemes-de-los-Polticos\/61565672886568\/\" \/>\n<meta property=\"article:published_time\" content=\"2020-08-26T17:02:18+00:00\" \/>\n<meta property=\"og:image\" content=\"https:\/\/lospoliticosveracruz.com\/wp-content\/uploads\/2016\/07\/Logo-Dor.jpg\" \/>\n\t<meta property=\"og:image:width\" content=\"200\" \/>\n\t<meta property=\"og:image:height\" content=\"200\" \/>\n\t<meta property=\"og:image:type\" content=\"image\/jpeg\" \/>\n<meta name=\"author\" content=\"Lo viste en Los Pol\u00edticos\" \/>\n<meta name=\"twitter:card\" content=\"summary_large_image\" \/>\n<meta name=\"twitter:creator\" content=\"@LosPoliticosVer\" \/>\n<meta name=\"twitter:site\" content=\"@LosPoliticosVer\" \/>\n<meta name=\"twitter:label1\" content=\"Escrito por\" \/>\n\t<meta name=\"twitter:data1\" content=\"Lo viste en Los Pol\u00edticos\" \/>\n\t<meta name=\"twitter:label2\" content=\"Tiempo de lectura\" \/>\n\t<meta name=\"twitter:data2\" content=\"2 minutos\" \/>\n<script type=\"application\/ld+json\" class=\"yoast-schema-graph\">{\"@context\":\"https:\\\/\\\/schema.org\",\"@graph\":[{\"@type\":\"Article\",\"@id\":\"https:\\\/\\\/lospoliticosveracruz.com\\\/?p=59614#article\",\"isPartOf\":{\"@id\":\"https:\\\/\\\/lospoliticosveracruz.com\\\/?p=59614\"},\"author\":{\"name\":\"Lo viste en Los Pol\u00edticos\",\"@id\":\"https:\\\/\\\/lospoliticosveracruz.com\\\/#\\\/schema\\\/person\\\/b8702bb0e538456e6efd07080bf2a4a2\"},\"headline\":\"Cisneros Vs El Dictamen\",\"datePublished\":\"2020-08-26T17:02:18+00:00\",\"mainEntityOfPage\":{\"@id\":\"https:\\\/\\\/lospoliticosveracruz.com\\\/?p=59614\"},\"wordCount\":491,\"commentCount\":0,\"publisher\":{\"@id\":\"https:\\\/\\\/lospoliticosveracruz.com\\\/#organization\"},\"keywords\":[\"Bertha Ahued Malpica\",\"Cuenca del Papaloapan\",\"Cuitl\u00e1huac Garc\u00eda Jim\u00e9nez\",\"El que se lleva se aguanta\",\"Eric Patrocinio Cisneros\",\"Roc\u00edo Nahle\",\"Tlacotalpan\",\"Veracruz\"],\"articleSection\":[\"De Opini\u00f3n\"],\"inLanguage\":\"es\",\"potentialAction\":[{\"@type\":\"CommentAction\",\"name\":\"Comment\",\"target\":[\"https:\\\/\\\/lospoliticosveracruz.com\\\/?p=59614#respond\"]}]},{\"@type\":\"WebPage\",\"@id\":\"https:\\\/\\\/lospoliticosveracruz.com\\\/?p=59614\",\"url\":\"https:\\\/\\\/lospoliticosveracruz.com\\\/?p=59614\",\"name\":\"Cisneros Vs El Dictamen - Los pol\u00edticos Veracruz\",\"isPartOf\":{\"@id\":\"https:\\\/\\\/lospoliticosveracruz.com\\\/#website\"},\"datePublished\":\"2020-08-26T17:02:18+00:00\",\"breadcrumb\":{\"@id\":\"https:\\\/\\\/lospoliticosveracruz.com\\\/?p=59614#breadcrumb\"},\"inLanguage\":\"es\",\"potentialAction\":[{\"@type\":\"ReadAction\",\"target\":[\"https:\\\/\\\/lospoliticosveracruz.com\\\/?p=59614\"]}]},{\"@type\":\"BreadcrumbList\",\"@id\":\"https:\\\/\\\/lospoliticosveracruz.com\\\/?p=59614#breadcrumb\",\"itemListElement\":[{\"@type\":\"ListItem\",\"position\":1,\"name\":\"Portada\",\"item\":\"https:\\\/\\\/lospoliticosveracruz.com\\\/\"},{\"@type\":\"ListItem\",\"position\":2,\"name\":\"Cisneros Vs El Dictamen\"}]},{\"@type\":\"WebSite\",\"@id\":\"https:\\\/\\\/lospoliticosveracruz.com\\\/#website\",\"url\":\"https:\\\/\\\/lospoliticosveracruz.com\\\/\",\"name\":\"Los pol\u00edticos Veracruz\",\"description\":\"\",\"publisher\":{\"@id\":\"https:\\\/\\\/lospoliticosveracruz.com\\\/#organization\"},\"potentialAction\":[{\"@type\":\"SearchAction\",\"target\":{\"@type\":\"EntryPoint\",\"urlTemplate\":\"https:\\\/\\\/lospoliticosveracruz.com\\\/?s={search_term_string}\"},\"query-input\":{\"@type\":\"PropertyValueSpecification\",\"valueRequired\":true,\"valueName\":\"search_term_string\"}}],\"inLanguage\":\"es\"},{\"@type\":\"Organization\",\"@id\":\"https:\\\/\\\/lospoliticosveracruz.com\\\/#organization\",\"name\":\"Los pol\u00edticos Veracruz\",\"url\":\"https:\\\/\\\/lospoliticosveracruz.com\\\/\",\"logo\":{\"@type\":\"ImageObject\",\"inLanguage\":\"es\",\"@id\":\"https:\\\/\\\/lospoliticosveracruz.com\\\/#\\\/schema\\\/logo\\\/image\\\/\",\"url\":\"https:\\\/\\\/lospoliticosveracruz.com\\\/wp-content\\\/uploads\\\/2025\\\/12\\\/Logo-Nuevo-LOS-POLITICOS-1.jpg\",\"contentUrl\":\"https:\\\/\\\/lospoliticosveracruz.com\\\/wp-content\\\/uploads\\\/2025\\\/12\\\/Logo-Nuevo-LOS-POLITICOS-1.jpg\",\"width\":260,\"height\":70,\"caption\":\"Los pol\u00edticos Veracruz\"},\"image\":{\"@id\":\"https:\\\/\\\/lospoliticosveracruz.com\\\/#\\\/schema\\\/logo\\\/image\\\/\"},\"sameAs\":[\"https:\\\/\\\/www.facebook.com\\\/people\\\/Notimemes-de-los-Polticos\\\/61565672886568\\\/\",\"https:\\\/\\\/x.com\\\/LosPoliticosVer\"]},{\"@type\":\"Person\",\"@id\":\"https:\\\/\\\/lospoliticosveracruz.com\\\/#\\\/schema\\\/person\\\/b8702bb0e538456e6efd07080bf2a4a2\",\"name\":\"Lo viste en Los Pol\u00edticos\",\"image\":{\"@type\":\"ImageObject\",\"inLanguage\":\"es\",\"@id\":\"https:\\\/\\\/secure.gravatar.com\\\/avatar\\\/3a8de04a2656d44082be478bd6c086daa447c4651605818287b9532d3d0bd435?s=96&d=mm&r=g\",\"url\":\"https:\\\/\\\/secure.gravatar.com\\\/avatar\\\/3a8de04a2656d44082be478bd6c086daa447c4651605818287b9532d3d0bd435?s=96&d=mm&r=g\",\"contentUrl\":\"https:\\\/\\\/secure.gravatar.com\\\/avatar\\\/3a8de04a2656d44082be478bd6c086daa447c4651605818287b9532d3d0bd435?s=96&d=mm&r=g\",\"caption\":\"Lo viste en Los Pol\u00edticos\"},\"url\":\"https:\\\/\\\/lospoliticosveracruz.com\\\/?author=2\"}]}<\/script>\n<!-- \/ Yoast SEO plugin. -->","yoast_head_json":{"title":"Cisneros Vs El Dictamen - Los pol\u00edticos Veracruz","robots":{"index":"index","follow":"follow","max-snippet":"max-snippet:-1","max-image-preview":"max-image-preview:large","max-video-preview":"max-video-preview:-1"},"canonical":"https:\/\/lospoliticosveracruz.com\/?p=59614","og_locale":"es_ES","og_type":"article","og_title":"Cisneros Vs El Dictamen - Los pol\u00edticos Veracruz","og_description":"Eduardo Venegas Naranjo Ac\u00e1 entre nos El Dictamen el diario m\u00e1s antiguo de este pa\u00eds, en un referente en los medios de comunicaci\u00f3n no solo de Veracruz, ha traspasado fronteras, tienen reconocimiento, adem\u00e1s sus or\u00edgenes son tlacotalpe\u00f1os. Conozco a la licenciada Bertha Ahued, mujer de trabajo, ama al peri\u00f3dico, he tenido la oportunidad de conversar [&hellip;]","og_url":"https:\/\/lospoliticosveracruz.com\/?p=59614","og_site_name":"Los pol\u00edticos Veracruz","article_publisher":"https:\/\/www.facebook.com\/people\/Notimemes-de-los-Polticos\/61565672886568\/","article_published_time":"2020-08-26T17:02:18+00:00","og_image":[{"width":200,"height":200,"url":"https:\/\/lospoliticosveracruz.com\/wp-content\/uploads\/2016\/07\/Logo-Dor.jpg","type":"image\/jpeg"}],"author":"Lo viste en Los Pol\u00edticos","twitter_card":"summary_large_image","twitter_creator":"@LosPoliticosVer","twitter_site":"@LosPoliticosVer","twitter_misc":{"Escrito por":"Lo viste en Los Pol\u00edticos","Tiempo de lectura":"2 minutos"},"schema":{"@context":"https:\/\/schema.org","@graph":[{"@type":"Article","@id":"https:\/\/lospoliticosveracruz.com\/?p=59614#article","isPartOf":{"@id":"https:\/\/lospoliticosveracruz.com\/?p=59614"},"author":{"name":"Lo viste en Los Pol\u00edticos","@id":"https:\/\/lospoliticosveracruz.com\/#\/schema\/person\/b8702bb0e538456e6efd07080bf2a4a2"},"headline":"Cisneros Vs El Dictamen","datePublished":"2020-08-26T17:02:18+00:00","mainEntityOfPage":{"@id":"https:\/\/lospoliticosveracruz.com\/?p=59614"},"wordCount":491,"commentCount":0,"publisher":{"@id":"https:\/\/lospoliticosveracruz.com\/#organization"},"keywords":["Bertha Ahued Malpica","Cuenca del Papaloapan","Cuitl\u00e1huac Garc\u00eda Jim\u00e9nez","El que se lleva se aguanta","Eric Patrocinio Cisneros","Roc\u00edo Nahle","Tlacotalpan","Veracruz"],"articleSection":["De Opini\u00f3n"],"inLanguage":"es","potentialAction":[{"@type":"CommentAction","name":"Comment","target":["https:\/\/lospoliticosveracruz.com\/?p=59614#respond"]}]},{"@type":"WebPage","@id":"https:\/\/lospoliticosveracruz.com\/?p=59614","url":"https:\/\/lospoliticosveracruz.com\/?p=59614","name":"Cisneros Vs El Dictamen - Los pol\u00edticos Veracruz","isPartOf":{"@id":"https:\/\/lospoliticosveracruz.com\/#website"},"datePublished":"2020-08-26T17:02:18+00:00","breadcrumb":{"@id":"https:\/\/lospoliticosveracruz.com\/?p=59614#breadcrumb"},"inLanguage":"es","potentialAction":[{"@type":"ReadAction","target":["https:\/\/lospoliticosveracruz.com\/?p=59614"]}]},{"@type":"BreadcrumbList","@id":"https:\/\/lospoliticosveracruz.com\/?p=59614#breadcrumb","itemListElement":[{"@type":"ListItem","position":1,"name":"Portada","item":"https:\/\/lospoliticosveracruz.com\/"},{"@type":"ListItem","position":2,"name":"Cisneros Vs El Dictamen"}]},{"@type":"WebSite","@id":"https:\/\/lospoliticosveracruz.com\/#website","url":"https:\/\/lospoliticosveracruz.com\/","name":"Los pol\u00edticos Veracruz","description":"","publisher":{"@id":"https:\/\/lospoliticosveracruz.com\/#organization"},"potentialAction":[{"@type":"SearchAction","target":{"@type":"EntryPoint","urlTemplate":"https:\/\/lospoliticosveracruz.com\/?s={search_term_string}"},"query-input":{"@type":"PropertyValueSpecification","valueRequired":true,"valueName":"search_term_string"}}],"inLanguage":"es"},{"@type":"Organization","@id":"https:\/\/lospoliticosveracruz.com\/#organization","name":"Los pol\u00edticos Veracruz","url":"https:\/\/lospoliticosveracruz.com\/","logo":{"@type":"ImageObject","inLanguage":"es","@id":"https:\/\/lospoliticosveracruz.com\/#\/schema\/logo\/image\/","url":"https:\/\/lospoliticosveracruz.com\/wp-content\/uploads\/2025\/12\/Logo-Nuevo-LOS-POLITICOS-1.jpg","contentUrl":"https:\/\/lospoliticosveracruz.com\/wp-content\/uploads\/2025\/12\/Logo-Nuevo-LOS-POLITICOS-1.jpg","width":260,"height":70,"caption":"Los pol\u00edticos Veracruz"},"image":{"@id":"https:\/\/lospoliticosveracruz.com\/#\/schema\/logo\/image\/"},"sameAs":["https:\/\/www.facebook.com\/people\/Notimemes-de-los-Polticos\/61565672886568\/","https:\/\/x.com\/LosPoliticosVer"]},{"@type":"Person","@id":"https:\/\/lospoliticosveracruz.com\/#\/schema\/person\/b8702bb0e538456e6efd07080bf2a4a2","name":"Lo viste en Los Pol\u00edticos","image":{"@type":"ImageObject","inLanguage":"es","@id":"https:\/\/secure.gravatar.com\/avatar\/3a8de04a2656d44082be478bd6c086daa447c4651605818287b9532d3d0bd435?s=96&d=mm&r=g","url":"https:\/\/secure.gravatar.com\/avatar\/3a8de04a2656d44082be478bd6c086daa447c4651605818287b9532d3d0bd435?s=96&d=mm&r=g","contentUrl":"https:\/\/secure.gravatar.com\/avatar\/3a8de04a2656d44082be478bd6c086daa447c4651605818287b9532d3d0bd435?s=96&d=mm&r=g","caption":"Lo viste en Los Pol\u00edticos"},"url":"https:\/\/lospoliticosveracruz.com\/?author=2"}]}},"_links":{"self":[{"href":"https:\/\/lospoliticosveracruz.com\/index.php?rest_route=\/wp\/v2\/posts\/59614","targetHints":{"allow":["GET"]}}],"collection":[{"href":"https:\/\/lospoliticosveracruz.com\/index.php?rest_route=\/wp\/v2\/posts"}],"about":[{"href":"https:\/\/lospoliticosveracruz.com\/index.php?rest_route=\/wp\/v2\/types\/post"}],"author":[{"embeddable":true,"href":"https:\/\/lospoliticosveracruz.com\/index.php?rest_route=\/wp\/v2\/users\/2"}],"replies":[{"embeddable":true,"href":"https:\/\/lospoliticosveracruz.com\/index.php?rest_route=%2Fwp%2Fv2%2Fcomments&post=59614"}],"version-history":[{"count":1,"href":"https:\/\/lospoliticosveracruz.com\/index.php?rest_route=\/wp\/v2\/posts\/59614\/revisions"}],"predecessor-version":[{"id":59616,"href":"https:\/\/lospoliticosveracruz.com\/index.php?rest_route=\/wp\/v2\/posts\/59614\/revisions\/59616"}],"wp:attachment":[{"href":"https:\/\/lospoliticosveracruz.com\/index.php?rest_route=%2Fwp%2Fv2%2Fmedia&parent=59614"}],"wp:term":[{"taxonomy":"category","embeddable":true,"href":"https:\/\/lospoliticosveracruz.com\/index.php?rest_route=%2Fwp%2Fv2%2Fcategories&post=59614"},{"taxonomy":"post_tag","embeddable":true,"href":"https:\/\/lospoliticosveracruz.com\/index.php?rest_route=%2Fwp%2Fv2%2Ftags&post=59614"}],"curies":[{"name":"wp","href":"https:\/\/api.w.org\/{rel}","templated":true}]}}