{"id":59661,"date":"2020-08-26T19:14:06","date_gmt":"2020-08-27T00:14:06","guid":{"rendered":"http:\/\/www.lospoliticosveracruz.com.mx\/?p=59661"},"modified":"2020-08-26T19:14:06","modified_gmt":"2020-08-27T00:14:06","slug":"acceso-a-la-informacion-para-todos","status":"publish","type":"post","link":"https:\/\/lospoliticosveracruz.com\/?p=59661","title":{"rendered":"Acceso a la Informaci\u00f3n, \u00a1para todos!"},"content":{"rendered":"<p>&nbsp;<\/p>\n<p>Se debe garantizar que el derecho al acceso a la informaci\u00f3n p\u00fablica llegue a todos los ciudadanos, sobre todo a los sectores m\u00e1s vulnerables, coincidieron las participantes de la ponencia \u201cLa evoluci\u00f3n del DAI a trav\u00e9s de los Organismos Garantes\u201d, organizado por el Instituto Veracruzano de Acceso a la Informaci\u00f3n y Protecci\u00f3n de Datos Personales (IVAI), con motivo del 13 aniversario de fundaci\u00f3n.<br \/>\nEn el tercer d\u00eda del Ciclo de Conferencias \u201cRumbo a la rendici\u00f3n de cuentas\u201d, la comisionada del Instituto Nacional de Transparencia, Acceso a la Informaci\u00f3n y Protecci\u00f3n de Datos Personales (INAI), Josefina Rom\u00e1n Vergara y la Directora Regional de ARTICLE 19, Oficina para M\u00e9xico y Centroam\u00e9rica, a Ana Cristina Ruelas Serna, comentaron sobre los retos actuales que deben enfrentar los organismos aut\u00f3nomos en la materia.<br \/>\nAnte quienes integran el Pleno del IVAI, Rom\u00e1n Vergara, present\u00f3 una l\u00ednea de tiempo legislativo, en donde destac\u00f3 que, hasta la Ley General de Transparencia, antes de la reforma del 2014, la Constituci\u00f3n no establec\u00eda competencias claras y sent\u00f3 las bases y los principios del acceso a la informaci\u00f3n.<br \/>\n\u201cLa Ley General de Transparencia puso piso parejo y fue m\u00e1s accesible para llegar a grupos vulnerables adem\u00e1s del establecimiento del Sistema Nacional de Transparencia\u201d, refiri\u00f3.<br \/>\nLos avances y retos son muchos y complejos, reconoci\u00f3, pues -dijo- no en todos los estados del pa\u00eds han recibido empuje y presupuestos necesarios por sus gobiernos. Y record\u00f3 que el INAI tiene reconocimientos internacionales muy importantes en materia de derecho a la informaci\u00f3n y protecci\u00f3n de datos personales.<br \/>\nPara concluir su participaci\u00f3n, mencion\u00f3 que un reto que nadie esperaba es el caso de la situaci\u00f3n que se vive en todo el mundo derivado de la pandemia de COVID-19, \u201cesto es un ejemplo de c\u00f3mo con coordinaci\u00f3n se est\u00e1 logrando no dejar una brecha que haga retroceder el derecho humano del acceso a la informaci\u00f3n, sino que, al contrario, cada vez m\u00e1s se logre la transparencia y la apropiaci\u00f3n de los principios que dan vida al DAI\u201d.<br \/>\nLa Directora Regional de ARTICLE 19, Ana Cristina Ruelas Serna, consider\u00f3 que la principal tarea de los \u00d3rganos Garantes, es la promoci\u00f3n porque como institutos tienen que hacer que la informaci\u00f3n llegue a los ciudadanos, pero tambi\u00e9n garantizar el cumplimiento de las resoluciones que emiten.<br \/>\n\u201cDeben mirar por quien solicita la informaci\u00f3n. Los organismos garantes deben ayudar a los ciudadanos a que suplan las deficiencias, deben pensar en el ciudadano y atender los grupos vulnerables, los que no hablan, los que no escuchan, los que no saben leer, aquellos que tienen otra lengua, en todos los idiomas o dialectos\u201d, detall\u00f3.<br \/>\nRuelas Serna recomend\u00f3 tambi\u00e9n que \u201clos \u00d3rganos Garantes locales deben asumirse como defensores de la ciudadan\u00eda y del derecho humano de acceso a la informaci\u00f3n que puede cambiar la dimensi\u00f3n social de la poblaci\u00f3n\u201d, refrend\u00f3.<br \/>\nSi bien dijo que existen buenas pr\u00e1cticas por parte de los institutos, consider\u00f3 falta a\u00fan mucho por trabajar: \u201chay que reconocer que los \u00d3rganos Garantes han avanzado mucho en la parte resolutiva en el an\u00e1lisis y que la gente llegue a la informaci\u00f3n luego de exigirla\u201d.<br \/>\nPara concluir el evento virtual, en el que estuvieron presentes las comisionadas del IVAI, Naldy Patricia Rodr\u00edguez Lagunes y Magda Zayas Mu\u00f1oz, el comisionado Jos\u00e9 Alfredo Corona Liz\u00e1rraga, agradeci\u00f3 la destacada participaci\u00f3n que tuvieron las dos ponentes.<br \/>\nPrecis\u00f3 que fueron muy atinadas las referencias hist\u00f3ricas de los \u00f3rganos garantes que hizo la comisionada del INAI, Josefina Rom\u00e1n Vergara, as\u00ed como las recomendaciones, retos y sugerencias que se\u00f1al\u00f3 la directora de Art\u00edculo 15, Ana Cristina Ruelas.<br \/>\n\u201cSi bien falta mucho por hacer, ya vamos en el camino para resolverlo\u201d, dijo y agreg\u00f3 que los \u00d3rganos Garantes deben transformarse, por ello en el Instituto se busca ser congruentes y garantizar el derecho de las personas del acceso a la informaci\u00f3n.<br \/>\n\u201cEste derecho es para todos y eso implica la socializaci\u00f3n que es lo que se est\u00e1 trabajando en el IVAI\u201d, concluy\u00f3.<br \/>\nEste jueves contin\u00faa el ciclo de conferencias en horario de 12:30 a 14:00 horas, se presentar\u00e1 el tema \u201cEl recurso de Revisi\u00f3n desde una perspectiva Ciudadana\u201d impartida por el Dr. Arturo Miguel Ch\u00edpuli Castillo y Carlos Antonio V\u00e1zquez Azuara, investigadores adscritos al Instituto de Investigaciones Jur\u00eddicas de la UV.<\/p>\n","protected":false},"excerpt":{"rendered":"<p>&nbsp; Se debe garantizar que el derecho al acceso a la informaci\u00f3n p\u00fablica llegue a todos los ciudadanos, sobre todo a los sectores m\u00e1s vulnerables, coincidieron las participantes de la ponencia \u201cLa evoluci\u00f3n del DAI a trav\u00e9s de los Organismos Garantes\u201d, organizado por el Instituto Veracruzano de Acceso a la Informaci\u00f3n y Protecci\u00f3n de Datos [&hellip;]<\/p>\n","protected":false},"author":2,"featured_media":0,"comment_status":"open","ping_status":"open","sticky":false,"template":"","format":"standard","meta":{"tdm_status":"","tdm_grid_status":"","footnotes":""},"categories":[73],"tags":[13093,10310,985,14040,20297,20299,18209,5578],"class_list":{"0":"post-59661","1":"post","2":"type-post","3":"status-publish","4":"format-standard","6":"category-de-boleto","7":"tag-carlos-antonio-vazquez-azuara","8":"tag-inai","9":"tag-ivai","10":"tag-jose-alfredo-corona-lizarraga","11":"tag-josefina-roman-vergara","12":"tag-ley-general-de-transparencia","13":"tag-magda-zayas-munoz","14":"tag-naldy-patricia-rodriguez-lagunes"},"yoast_head":"<!-- This site is optimized with the Yoast SEO plugin v27.4 - https:\/\/yoast.com\/product\/yoast-seo-wordpress\/ -->\n<title>Acceso a la Informaci\u00f3n, \u00a1para todos! - Los pol\u00edticos Veracruz<\/title>\n<meta name=\"robots\" content=\"index, follow, max-snippet:-1, max-image-preview:large, max-video-preview:-1\" \/>\n<link rel=\"canonical\" href=\"https:\/\/lospoliticosveracruz.com\/?p=59661\" \/>\n<meta property=\"og:locale\" content=\"es_ES\" \/>\n<meta property=\"og:type\" content=\"article\" \/>\n<meta property=\"og:title\" content=\"Acceso a la Informaci\u00f3n, \u00a1para todos! - Los pol\u00edticos Veracruz\" \/>\n<meta property=\"og:description\" content=\"&nbsp; Se debe garantizar que el derecho al acceso a la informaci\u00f3n p\u00fablica llegue a todos los ciudadanos, sobre todo a los sectores m\u00e1s vulnerables, coincidieron las participantes de la ponencia \u201cLa evoluci\u00f3n del DAI a trav\u00e9s de los Organismos Garantes\u201d, organizado por el Instituto Veracruzano de Acceso a la Informaci\u00f3n y Protecci\u00f3n de Datos [&hellip;]\" \/>\n<meta property=\"og:url\" content=\"https:\/\/lospoliticosveracruz.com\/?p=59661\" \/>\n<meta property=\"og:site_name\" content=\"Los pol\u00edticos Veracruz\" \/>\n<meta property=\"article:publisher\" content=\"https:\/\/www.facebook.com\/people\/Notimemes-de-los-Polticos\/61565672886568\/\" \/>\n<meta property=\"article:published_time\" content=\"2020-08-27T00:14:06+00:00\" \/>\n<meta property=\"og:image\" content=\"https:\/\/lospoliticosveracruz.com\/wp-content\/uploads\/2016\/07\/Logo-Dor.jpg\" \/>\n\t<meta property=\"og:image:width\" content=\"200\" \/>\n\t<meta property=\"og:image:height\" content=\"200\" \/>\n\t<meta property=\"og:image:type\" content=\"image\/jpeg\" \/>\n<meta name=\"author\" content=\"Lo viste en Los Pol\u00edticos\" \/>\n<meta name=\"twitter:card\" content=\"summary_large_image\" \/>\n<meta name=\"twitter:creator\" content=\"@LosPoliticosVer\" \/>\n<meta name=\"twitter:site\" content=\"@LosPoliticosVer\" \/>\n<meta name=\"twitter:label1\" content=\"Escrito por\" \/>\n\t<meta name=\"twitter:data1\" content=\"Lo viste en Los Pol\u00edticos\" \/>\n\t<meta name=\"twitter:label2\" content=\"Tiempo de lectura\" \/>\n\t<meta name=\"twitter:data2\" content=\"4 minutos\" \/>\n<script type=\"application\/ld+json\" class=\"yoast-schema-graph\">{\"@context\":\"https:\\\/\\\/schema.org\",\"@graph\":[{\"@type\":\"Article\",\"@id\":\"https:\\\/\\\/lospoliticosveracruz.com\\\/?p=59661#article\",\"isPartOf\":{\"@id\":\"https:\\\/\\\/lospoliticosveracruz.com\\\/?p=59661\"},\"author\":{\"name\":\"Lo viste en Los Pol\u00edticos\",\"@id\":\"https:\\\/\\\/lospoliticosveracruz.com\\\/#\\\/schema\\\/person\\\/b8702bb0e538456e6efd07080bf2a4a2\"},\"headline\":\"Acceso a la Informaci\u00f3n, \u00a1para todos!\",\"datePublished\":\"2020-08-27T00:14:06+00:00\",\"mainEntityOfPage\":{\"@id\":\"https:\\\/\\\/lospoliticosveracruz.com\\\/?p=59661\"},\"wordCount\":761,\"commentCount\":0,\"publisher\":{\"@id\":\"https:\\\/\\\/lospoliticosveracruz.com\\\/#organization\"},\"keywords\":[\"Carlos Antonio V\u00e1zquez Azuara\",\"INAI\",\"IVAI\",\"Jos\u00e9 Alfredo Corona Liz\u00e1rraga\",\"Josefina Rom\u00e1n Vergara\",\"Ley General de Transparencia\",\"Magda Zayas Mu\u00f1oz\",\"Naldy Patricia Rodr\u00edguez Lagunes\"],\"articleSection\":[\"De Boleto\"],\"inLanguage\":\"es\",\"potentialAction\":[{\"@type\":\"CommentAction\",\"name\":\"Comment\",\"target\":[\"https:\\\/\\\/lospoliticosveracruz.com\\\/?p=59661#respond\"]}]},{\"@type\":\"WebPage\",\"@id\":\"https:\\\/\\\/lospoliticosveracruz.com\\\/?p=59661\",\"url\":\"https:\\\/\\\/lospoliticosveracruz.com\\\/?p=59661\",\"name\":\"Acceso a la Informaci\u00f3n, \u00a1para todos! - Los pol\u00edticos Veracruz\",\"isPartOf\":{\"@id\":\"https:\\\/\\\/lospoliticosveracruz.com\\\/#website\"},\"datePublished\":\"2020-08-27T00:14:06+00:00\",\"breadcrumb\":{\"@id\":\"https:\\\/\\\/lospoliticosveracruz.com\\\/?p=59661#breadcrumb\"},\"inLanguage\":\"es\",\"potentialAction\":[{\"@type\":\"ReadAction\",\"target\":[\"https:\\\/\\\/lospoliticosveracruz.com\\\/?p=59661\"]}]},{\"@type\":\"BreadcrumbList\",\"@id\":\"https:\\\/\\\/lospoliticosveracruz.com\\\/?p=59661#breadcrumb\",\"itemListElement\":[{\"@type\":\"ListItem\",\"position\":1,\"name\":\"Portada\",\"item\":\"https:\\\/\\\/lospoliticosveracruz.com\\\/\"},{\"@type\":\"ListItem\",\"position\":2,\"name\":\"Acceso a la Informaci\u00f3n, \u00a1para todos!\"}]},{\"@type\":\"WebSite\",\"@id\":\"https:\\\/\\\/lospoliticosveracruz.com\\\/#website\",\"url\":\"https:\\\/\\\/lospoliticosveracruz.com\\\/\",\"name\":\"Los pol\u00edticos Veracruz\",\"description\":\"\",\"publisher\":{\"@id\":\"https:\\\/\\\/lospoliticosveracruz.com\\\/#organization\"},\"potentialAction\":[{\"@type\":\"SearchAction\",\"target\":{\"@type\":\"EntryPoint\",\"urlTemplate\":\"https:\\\/\\\/lospoliticosveracruz.com\\\/?s={search_term_string}\"},\"query-input\":{\"@type\":\"PropertyValueSpecification\",\"valueRequired\":true,\"valueName\":\"search_term_string\"}}],\"inLanguage\":\"es\"},{\"@type\":\"Organization\",\"@id\":\"https:\\\/\\\/lospoliticosveracruz.com\\\/#organization\",\"name\":\"Los pol\u00edticos Veracruz\",\"url\":\"https:\\\/\\\/lospoliticosveracruz.com\\\/\",\"logo\":{\"@type\":\"ImageObject\",\"inLanguage\":\"es\",\"@id\":\"https:\\\/\\\/lospoliticosveracruz.com\\\/#\\\/schema\\\/logo\\\/image\\\/\",\"url\":\"https:\\\/\\\/lospoliticosveracruz.com\\\/wp-content\\\/uploads\\\/2025\\\/12\\\/Logo-Nuevo-LOS-POLITICOS-1.jpg\",\"contentUrl\":\"https:\\\/\\\/lospoliticosveracruz.com\\\/wp-content\\\/uploads\\\/2025\\\/12\\\/Logo-Nuevo-LOS-POLITICOS-1.jpg\",\"width\":260,\"height\":70,\"caption\":\"Los pol\u00edticos Veracruz\"},\"image\":{\"@id\":\"https:\\\/\\\/lospoliticosveracruz.com\\\/#\\\/schema\\\/logo\\\/image\\\/\"},\"sameAs\":[\"https:\\\/\\\/www.facebook.com\\\/people\\\/Notimemes-de-los-Polticos\\\/61565672886568\\\/\",\"https:\\\/\\\/x.com\\\/LosPoliticosVer\"]},{\"@type\":\"Person\",\"@id\":\"https:\\\/\\\/lospoliticosveracruz.com\\\/#\\\/schema\\\/person\\\/b8702bb0e538456e6efd07080bf2a4a2\",\"name\":\"Lo viste en Los Pol\u00edticos\",\"image\":{\"@type\":\"ImageObject\",\"inLanguage\":\"es\",\"@id\":\"https:\\\/\\\/secure.gravatar.com\\\/avatar\\\/3a8de04a2656d44082be478bd6c086daa447c4651605818287b9532d3d0bd435?s=96&d=mm&r=g\",\"url\":\"https:\\\/\\\/secure.gravatar.com\\\/avatar\\\/3a8de04a2656d44082be478bd6c086daa447c4651605818287b9532d3d0bd435?s=96&d=mm&r=g\",\"contentUrl\":\"https:\\\/\\\/secure.gravatar.com\\\/avatar\\\/3a8de04a2656d44082be478bd6c086daa447c4651605818287b9532d3d0bd435?s=96&d=mm&r=g\",\"caption\":\"Lo viste en Los Pol\u00edticos\"},\"url\":\"https:\\\/\\\/lospoliticosveracruz.com\\\/?author=2\"}]}<\/script>\n<!-- \/ Yoast SEO plugin. -->","yoast_head_json":{"title":"Acceso a la Informaci\u00f3n, \u00a1para todos! - Los pol\u00edticos Veracruz","robots":{"index":"index","follow":"follow","max-snippet":"max-snippet:-1","max-image-preview":"max-image-preview:large","max-video-preview":"max-video-preview:-1"},"canonical":"https:\/\/lospoliticosveracruz.com\/?p=59661","og_locale":"es_ES","og_type":"article","og_title":"Acceso a la Informaci\u00f3n, \u00a1para todos! - Los pol\u00edticos Veracruz","og_description":"&nbsp; Se debe garantizar que el derecho al acceso a la informaci\u00f3n p\u00fablica llegue a todos los ciudadanos, sobre todo a los sectores m\u00e1s vulnerables, coincidieron las participantes de la ponencia \u201cLa evoluci\u00f3n del DAI a trav\u00e9s de los Organismos Garantes\u201d, organizado por el Instituto Veracruzano de Acceso a la Informaci\u00f3n y Protecci\u00f3n de Datos [&hellip;]","og_url":"https:\/\/lospoliticosveracruz.com\/?p=59661","og_site_name":"Los pol\u00edticos Veracruz","article_publisher":"https:\/\/www.facebook.com\/people\/Notimemes-de-los-Polticos\/61565672886568\/","article_published_time":"2020-08-27T00:14:06+00:00","og_image":[{"width":200,"height":200,"url":"https:\/\/lospoliticosveracruz.com\/wp-content\/uploads\/2016\/07\/Logo-Dor.jpg","type":"image\/jpeg"}],"author":"Lo viste en Los Pol\u00edticos","twitter_card":"summary_large_image","twitter_creator":"@LosPoliticosVer","twitter_site":"@LosPoliticosVer","twitter_misc":{"Escrito por":"Lo viste en Los Pol\u00edticos","Tiempo de lectura":"4 minutos"},"schema":{"@context":"https:\/\/schema.org","@graph":[{"@type":"Article","@id":"https:\/\/lospoliticosveracruz.com\/?p=59661#article","isPartOf":{"@id":"https:\/\/lospoliticosveracruz.com\/?p=59661"},"author":{"name":"Lo viste en Los Pol\u00edticos","@id":"https:\/\/lospoliticosveracruz.com\/#\/schema\/person\/b8702bb0e538456e6efd07080bf2a4a2"},"headline":"Acceso a la Informaci\u00f3n, \u00a1para todos!","datePublished":"2020-08-27T00:14:06+00:00","mainEntityOfPage":{"@id":"https:\/\/lospoliticosveracruz.com\/?p=59661"},"wordCount":761,"commentCount":0,"publisher":{"@id":"https:\/\/lospoliticosveracruz.com\/#organization"},"keywords":["Carlos Antonio V\u00e1zquez Azuara","INAI","IVAI","Jos\u00e9 Alfredo Corona Liz\u00e1rraga","Josefina Rom\u00e1n Vergara","Ley General de Transparencia","Magda Zayas Mu\u00f1oz","Naldy Patricia Rodr\u00edguez Lagunes"],"articleSection":["De Boleto"],"inLanguage":"es","potentialAction":[{"@type":"CommentAction","name":"Comment","target":["https:\/\/lospoliticosveracruz.com\/?p=59661#respond"]}]},{"@type":"WebPage","@id":"https:\/\/lospoliticosveracruz.com\/?p=59661","url":"https:\/\/lospoliticosveracruz.com\/?p=59661","name":"Acceso a la Informaci\u00f3n, \u00a1para todos! - Los pol\u00edticos Veracruz","isPartOf":{"@id":"https:\/\/lospoliticosveracruz.com\/#website"},"datePublished":"2020-08-27T00:14:06+00:00","breadcrumb":{"@id":"https:\/\/lospoliticosveracruz.com\/?p=59661#breadcrumb"},"inLanguage":"es","potentialAction":[{"@type":"ReadAction","target":["https:\/\/lospoliticosveracruz.com\/?p=59661"]}]},{"@type":"BreadcrumbList","@id":"https:\/\/lospoliticosveracruz.com\/?p=59661#breadcrumb","itemListElement":[{"@type":"ListItem","position":1,"name":"Portada","item":"https:\/\/lospoliticosveracruz.com\/"},{"@type":"ListItem","position":2,"name":"Acceso a la Informaci\u00f3n, \u00a1para todos!"}]},{"@type":"WebSite","@id":"https:\/\/lospoliticosveracruz.com\/#website","url":"https:\/\/lospoliticosveracruz.com\/","name":"Los pol\u00edticos Veracruz","description":"","publisher":{"@id":"https:\/\/lospoliticosveracruz.com\/#organization"},"potentialAction":[{"@type":"SearchAction","target":{"@type":"EntryPoint","urlTemplate":"https:\/\/lospoliticosveracruz.com\/?s={search_term_string}"},"query-input":{"@type":"PropertyValueSpecification","valueRequired":true,"valueName":"search_term_string"}}],"inLanguage":"es"},{"@type":"Organization","@id":"https:\/\/lospoliticosveracruz.com\/#organization","name":"Los pol\u00edticos Veracruz","url":"https:\/\/lospoliticosveracruz.com\/","logo":{"@type":"ImageObject","inLanguage":"es","@id":"https:\/\/lospoliticosveracruz.com\/#\/schema\/logo\/image\/","url":"https:\/\/lospoliticosveracruz.com\/wp-content\/uploads\/2025\/12\/Logo-Nuevo-LOS-POLITICOS-1.jpg","contentUrl":"https:\/\/lospoliticosveracruz.com\/wp-content\/uploads\/2025\/12\/Logo-Nuevo-LOS-POLITICOS-1.jpg","width":260,"height":70,"caption":"Los pol\u00edticos Veracruz"},"image":{"@id":"https:\/\/lospoliticosveracruz.com\/#\/schema\/logo\/image\/"},"sameAs":["https:\/\/www.facebook.com\/people\/Notimemes-de-los-Polticos\/61565672886568\/","https:\/\/x.com\/LosPoliticosVer"]},{"@type":"Person","@id":"https:\/\/lospoliticosveracruz.com\/#\/schema\/person\/b8702bb0e538456e6efd07080bf2a4a2","name":"Lo viste en Los Pol\u00edticos","image":{"@type":"ImageObject","inLanguage":"es","@id":"https:\/\/secure.gravatar.com\/avatar\/3a8de04a2656d44082be478bd6c086daa447c4651605818287b9532d3d0bd435?s=96&d=mm&r=g","url":"https:\/\/secure.gravatar.com\/avatar\/3a8de04a2656d44082be478bd6c086daa447c4651605818287b9532d3d0bd435?s=96&d=mm&r=g","contentUrl":"https:\/\/secure.gravatar.com\/avatar\/3a8de04a2656d44082be478bd6c086daa447c4651605818287b9532d3d0bd435?s=96&d=mm&r=g","caption":"Lo viste en Los Pol\u00edticos"},"url":"https:\/\/lospoliticosveracruz.com\/?author=2"}]}},"_links":{"self":[{"href":"https:\/\/lospoliticosveracruz.com\/index.php?rest_route=\/wp\/v2\/posts\/59661","targetHints":{"allow":["GET"]}}],"collection":[{"href":"https:\/\/lospoliticosveracruz.com\/index.php?rest_route=\/wp\/v2\/posts"}],"about":[{"href":"https:\/\/lospoliticosveracruz.com\/index.php?rest_route=\/wp\/v2\/types\/post"}],"author":[{"embeddable":true,"href":"https:\/\/lospoliticosveracruz.com\/index.php?rest_route=\/wp\/v2\/users\/2"}],"replies":[{"embeddable":true,"href":"https:\/\/lospoliticosveracruz.com\/index.php?rest_route=%2Fwp%2Fv2%2Fcomments&post=59661"}],"version-history":[{"count":1,"href":"https:\/\/lospoliticosveracruz.com\/index.php?rest_route=\/wp\/v2\/posts\/59661\/revisions"}],"predecessor-version":[{"id":59663,"href":"https:\/\/lospoliticosveracruz.com\/index.php?rest_route=\/wp\/v2\/posts\/59661\/revisions\/59663"}],"wp:attachment":[{"href":"https:\/\/lospoliticosveracruz.com\/index.php?rest_route=%2Fwp%2Fv2%2Fmedia&parent=59661"}],"wp:term":[{"taxonomy":"category","embeddable":true,"href":"https:\/\/lospoliticosveracruz.com\/index.php?rest_route=%2Fwp%2Fv2%2Fcategories&post=59661"},{"taxonomy":"post_tag","embeddable":true,"href":"https:\/\/lospoliticosveracruz.com\/index.php?rest_route=%2Fwp%2Fv2%2Ftags&post=59661"}],"curies":[{"name":"wp","href":"https:\/\/api.w.org\/{rel}","templated":true}]}}