{"id":59667,"date":"2020-08-27T06:48:00","date_gmt":"2020-08-27T11:48:00","guid":{"rendered":"http:\/\/www.lospoliticosveracruz.com.mx\/?p=59667"},"modified":"2020-08-27T06:48:00","modified_gmt":"2020-08-27T11:48:00","slug":"priistas-con-descuentos-en-regreso-a-clases","status":"publish","type":"post","link":"https:\/\/lospoliticosveracruz.com\/?p=59667","title":{"rendered":"Pri\u00edstas, con descuentos en Regreso a Clases"},"content":{"rendered":"<p>El Comit\u00e9 Directivo Estatal del PRI en Veracruz, realiz\u00f3 la firma de convenios con comercios para adquirir art\u00edculos escolares con descuentos especiales para la militancia, durante el tercer d\u00eda de la Semana de la Educaci\u00f3n.<br \/>\nAsimismo, empresas locales anunciaron descuentos en libros, equipos de c\u00f3mputo, y becas para capacitaci\u00f3n en diversos oficios, diplomados, as\u00ed como becas desde preescolar, hasta el nivel bachillerato.<br \/>\nLas y los militantes interesados deber\u00e1n contactar directamente a las empresas y mencionar el convenio con el PRI de Veracruz, o contactar a la Secretar\u00eda de Gesti\u00f3n Social del CDE a trav\u00e9s de redes sociales: Facebook Secretar\u00eda de Gesti\u00f3n Social del CDE PRI Veracruz; Twitter Gesti\u00f3n Social PRI Veracruz o comunicarse a las oficinas al tel\u00e9fono: 2283676020 ext. 3061, para que sean vinculados con las empresas que ofrecen los descuentos.<br \/>\nEl Grupo Papelero Elmire ofrece un 15 por ciento de descuento con precios atractivos a para surtir \u00fatiles escolares. Cuenta con servicio a domicilio y a oficinas sin costo en Xalapa y \u00e1rea cercana y los clientes pueden solicitar un enlace mediante Zoom para mostrar los productos o acudir sus tiendas que cuentan con protocolos sanitarios necesarios ante la actual contingencia.<br \/>\nLa Librer\u00eda Da Vinci, ubicada en Xalapa, Veracruz, ofrece libros de uso, libros descatalogados dif\u00edciles de encontrar nuevos, as\u00ed como revistas y discos compactos, todo con un 20 por ciento de descuento.<br \/>\nMagenta tu mejor Impresi\u00f3n, centro de impresi\u00f3n ubicado en Paso de Ovejas, Veracruz, que cuenta con env\u00edos a toda la Rep\u00fablica, se especializa en consumibles de todas las marcas, y ofrece 15 por ciento de descuento, as\u00ed como un 15 por ciento de descuento tambi\u00e9n en computadoras e impresoras HP.<br \/>\nEl Instituto de Capacitaci\u00f3n de Recursos Humanos, ubicado en Xalapa, Veracruz, ofrece carreras t\u00e9cnicas con duraci\u00f3n de un a\u00f1o, diplomados m\u00e9dicos, en el \u00e1rea administrativa y para docencia, con 60 por ciento de descuento en inscripci\u00f3n y 55 por ciento de descuento en la colegiatura para militantes.<br \/>\nLa Universidad Euro Hispanoamericana ofrece descuentos del 30 por ciento en inscripci\u00f3n y colegiatura en nivel preescolar a secundaria, y 35 por ciento de descuento en inscripci\u00f3n y colegiatura para bachillerato.<br \/>\nDurante la firma de convenios, participaron, la secretaria general del CDE en Veracruz, Arianna \u00c1ngeles Aguirre; la secretaria de Gesti\u00f3n Social del CEN del PRI, Lorena Pi\u00f1\u00f3n Rivera; la secretaria de Gesti\u00f3n Social del CDE del PRI en Veracruz, Ana Rosa Vald\u00e9s Salazar; Alfredo Ni\u00f1o Flores, presidente del Comit\u00e9 Municipal del PRI en Xalapa.<br \/>\nParticiparon tambi\u00e9n: Hugo Miguel Armida, del Grupo Papelero Elmire; Betzaida Salas D\u00edaz, del Instituto de Capacitaci\u00f3n de Recursos Humanos; Erik Jos\u00e9 Fontes D\u00edaz, de Magenta tu mejor Impresi\u00f3n; y Jos\u00e9 Antonio V\u00e1zquez Toral y Jonathan Mi\u00f1\u00f3n, representantes de la Librer\u00eda Da Vinci.<\/p>\n","protected":false},"excerpt":{"rendered":"<p>El Comit\u00e9 Directivo Estatal del PRI en Veracruz, realiz\u00f3 la firma de convenios con comercios para adquirir art\u00edculos escolares con descuentos especiales para la militancia, durante el tercer d\u00eda de la Semana de la Educaci\u00f3n. Asimismo, empresas locales anunciaron descuentos en libros, equipos de c\u00f3mputo, y becas para capacitaci\u00f3n en diversos oficios, diplomados, as\u00ed como [&hellip;]<\/p>\n","protected":false},"author":2,"featured_media":0,"comment_status":"open","ping_status":"open","sticky":false,"template":"","format":"standard","meta":{"tdm_status":"","tdm_grid_status":"","footnotes":""},"categories":[73],"tags":[4919,15732,20304,20305,4770,20045,96],"class_list":{"0":"post-59667","1":"post","2":"type-post","3":"status-publish","4":"format-standard","6":"category-de-boleto","7":"tag-ana-rosa-valdes-salazar","8":"tag-elmire","9":"tag-hugo-miguel-armida","10":"tag-libreria-da-vinci","11":"tag-lorena-pinon-rivera","12":"tag-pri-en-veracruz","13":"tag-xalapa"},"yoast_head":"<!-- This site is optimized with the Yoast SEO plugin v27.4 - https:\/\/yoast.com\/product\/yoast-seo-wordpress\/ -->\n<title>Pri\u00edstas, con descuentos en Regreso a Clases - Los pol\u00edticos Veracruz<\/title>\n<meta name=\"robots\" content=\"index, follow, max-snippet:-1, max-image-preview:large, max-video-preview:-1\" \/>\n<link rel=\"canonical\" href=\"https:\/\/lospoliticosveracruz.com\/?p=59667\" \/>\n<meta property=\"og:locale\" content=\"es_ES\" \/>\n<meta property=\"og:type\" content=\"article\" \/>\n<meta property=\"og:title\" content=\"Pri\u00edstas, con descuentos en Regreso a Clases - Los pol\u00edticos Veracruz\" \/>\n<meta property=\"og:description\" content=\"El Comit\u00e9 Directivo Estatal del PRI en Veracruz, realiz\u00f3 la firma de convenios con comercios para adquirir art\u00edculos escolares con descuentos especiales para la militancia, durante el tercer d\u00eda de la Semana de la Educaci\u00f3n. Asimismo, empresas locales anunciaron descuentos en libros, equipos de c\u00f3mputo, y becas para capacitaci\u00f3n en diversos oficios, diplomados, as\u00ed como [&hellip;]\" \/>\n<meta property=\"og:url\" content=\"https:\/\/lospoliticosveracruz.com\/?p=59667\" \/>\n<meta property=\"og:site_name\" content=\"Los pol\u00edticos Veracruz\" \/>\n<meta property=\"article:publisher\" content=\"https:\/\/www.facebook.com\/people\/Notimemes-de-los-Polticos\/61565672886568\/\" \/>\n<meta property=\"article:published_time\" content=\"2020-08-27T11:48:00+00:00\" \/>\n<meta property=\"og:image\" content=\"https:\/\/lospoliticosveracruz.com\/wp-content\/uploads\/2016\/07\/Logo-Dor.jpg\" \/>\n\t<meta property=\"og:image:width\" content=\"200\" \/>\n\t<meta property=\"og:image:height\" content=\"200\" \/>\n\t<meta property=\"og:image:type\" content=\"image\/jpeg\" \/>\n<meta name=\"author\" content=\"Lo viste en Los Pol\u00edticos\" \/>\n<meta name=\"twitter:card\" content=\"summary_large_image\" \/>\n<meta name=\"twitter:creator\" content=\"@LosPoliticosVer\" \/>\n<meta name=\"twitter:site\" content=\"@LosPoliticosVer\" \/>\n<meta name=\"twitter:label1\" content=\"Escrito por\" \/>\n\t<meta name=\"twitter:data1\" content=\"Lo viste en Los Pol\u00edticos\" \/>\n\t<meta name=\"twitter:label2\" content=\"Tiempo de lectura\" \/>\n\t<meta name=\"twitter:data2\" content=\"2 minutos\" \/>\n<script type=\"application\/ld+json\" class=\"yoast-schema-graph\">{\"@context\":\"https:\\\/\\\/schema.org\",\"@graph\":[{\"@type\":\"Article\",\"@id\":\"https:\\\/\\\/lospoliticosveracruz.com\\\/?p=59667#article\",\"isPartOf\":{\"@id\":\"https:\\\/\\\/lospoliticosveracruz.com\\\/?p=59667\"},\"author\":{\"name\":\"Lo viste en Los Pol\u00edticos\",\"@id\":\"https:\\\/\\\/lospoliticosveracruz.com\\\/#\\\/schema\\\/person\\\/b8702bb0e538456e6efd07080bf2a4a2\"},\"headline\":\"Pri\u00edstas, con descuentos en Regreso a Clases\",\"datePublished\":\"2020-08-27T11:48:00+00:00\",\"mainEntityOfPage\":{\"@id\":\"https:\\\/\\\/lospoliticosveracruz.com\\\/?p=59667\"},\"wordCount\":488,\"commentCount\":0,\"publisher\":{\"@id\":\"https:\\\/\\\/lospoliticosveracruz.com\\\/#organization\"},\"keywords\":[\"Ana Rosa Vald\u00e9s Salazar\",\"Elmire\",\"Hugo Miguel Armida\",\"Librer\u00eda Da Vinci\",\"Lorena Pi\u00f1\u00f3n Rivera\",\"PRI en Veracruz\",\"Xalapa\"],\"articleSection\":[\"De Boleto\"],\"inLanguage\":\"es\",\"potentialAction\":[{\"@type\":\"CommentAction\",\"name\":\"Comment\",\"target\":[\"https:\\\/\\\/lospoliticosveracruz.com\\\/?p=59667#respond\"]}]},{\"@type\":\"WebPage\",\"@id\":\"https:\\\/\\\/lospoliticosveracruz.com\\\/?p=59667\",\"url\":\"https:\\\/\\\/lospoliticosveracruz.com\\\/?p=59667\",\"name\":\"Pri\u00edstas, con descuentos en Regreso a Clases - Los pol\u00edticos Veracruz\",\"isPartOf\":{\"@id\":\"https:\\\/\\\/lospoliticosveracruz.com\\\/#website\"},\"datePublished\":\"2020-08-27T11:48:00+00:00\",\"breadcrumb\":{\"@id\":\"https:\\\/\\\/lospoliticosveracruz.com\\\/?p=59667#breadcrumb\"},\"inLanguage\":\"es\",\"potentialAction\":[{\"@type\":\"ReadAction\",\"target\":[\"https:\\\/\\\/lospoliticosveracruz.com\\\/?p=59667\"]}]},{\"@type\":\"BreadcrumbList\",\"@id\":\"https:\\\/\\\/lospoliticosveracruz.com\\\/?p=59667#breadcrumb\",\"itemListElement\":[{\"@type\":\"ListItem\",\"position\":1,\"name\":\"Portada\",\"item\":\"https:\\\/\\\/lospoliticosveracruz.com\\\/\"},{\"@type\":\"ListItem\",\"position\":2,\"name\":\"Pri\u00edstas, con descuentos en Regreso a Clases\"}]},{\"@type\":\"WebSite\",\"@id\":\"https:\\\/\\\/lospoliticosveracruz.com\\\/#website\",\"url\":\"https:\\\/\\\/lospoliticosveracruz.com\\\/\",\"name\":\"Los pol\u00edticos Veracruz\",\"description\":\"\",\"publisher\":{\"@id\":\"https:\\\/\\\/lospoliticosveracruz.com\\\/#organization\"},\"potentialAction\":[{\"@type\":\"SearchAction\",\"target\":{\"@type\":\"EntryPoint\",\"urlTemplate\":\"https:\\\/\\\/lospoliticosveracruz.com\\\/?s={search_term_string}\"},\"query-input\":{\"@type\":\"PropertyValueSpecification\",\"valueRequired\":true,\"valueName\":\"search_term_string\"}}],\"inLanguage\":\"es\"},{\"@type\":\"Organization\",\"@id\":\"https:\\\/\\\/lospoliticosveracruz.com\\\/#organization\",\"name\":\"Los pol\u00edticos Veracruz\",\"url\":\"https:\\\/\\\/lospoliticosveracruz.com\\\/\",\"logo\":{\"@type\":\"ImageObject\",\"inLanguage\":\"es\",\"@id\":\"https:\\\/\\\/lospoliticosveracruz.com\\\/#\\\/schema\\\/logo\\\/image\\\/\",\"url\":\"https:\\\/\\\/lospoliticosveracruz.com\\\/wp-content\\\/uploads\\\/2025\\\/12\\\/Logo-Nuevo-LOS-POLITICOS-1.jpg\",\"contentUrl\":\"https:\\\/\\\/lospoliticosveracruz.com\\\/wp-content\\\/uploads\\\/2025\\\/12\\\/Logo-Nuevo-LOS-POLITICOS-1.jpg\",\"width\":260,\"height\":70,\"caption\":\"Los pol\u00edticos Veracruz\"},\"image\":{\"@id\":\"https:\\\/\\\/lospoliticosveracruz.com\\\/#\\\/schema\\\/logo\\\/image\\\/\"},\"sameAs\":[\"https:\\\/\\\/www.facebook.com\\\/people\\\/Notimemes-de-los-Polticos\\\/61565672886568\\\/\",\"https:\\\/\\\/x.com\\\/LosPoliticosVer\"]},{\"@type\":\"Person\",\"@id\":\"https:\\\/\\\/lospoliticosveracruz.com\\\/#\\\/schema\\\/person\\\/b8702bb0e538456e6efd07080bf2a4a2\",\"name\":\"Lo viste en Los Pol\u00edticos\",\"image\":{\"@type\":\"ImageObject\",\"inLanguage\":\"es\",\"@id\":\"https:\\\/\\\/secure.gravatar.com\\\/avatar\\\/3a8de04a2656d44082be478bd6c086daa447c4651605818287b9532d3d0bd435?s=96&d=mm&r=g\",\"url\":\"https:\\\/\\\/secure.gravatar.com\\\/avatar\\\/3a8de04a2656d44082be478bd6c086daa447c4651605818287b9532d3d0bd435?s=96&d=mm&r=g\",\"contentUrl\":\"https:\\\/\\\/secure.gravatar.com\\\/avatar\\\/3a8de04a2656d44082be478bd6c086daa447c4651605818287b9532d3d0bd435?s=96&d=mm&r=g\",\"caption\":\"Lo viste en Los Pol\u00edticos\"},\"url\":\"https:\\\/\\\/lospoliticosveracruz.com\\\/?author=2\"}]}<\/script>\n<!-- \/ Yoast SEO plugin. -->","yoast_head_json":{"title":"Pri\u00edstas, con descuentos en Regreso a Clases - Los pol\u00edticos Veracruz","robots":{"index":"index","follow":"follow","max-snippet":"max-snippet:-1","max-image-preview":"max-image-preview:large","max-video-preview":"max-video-preview:-1"},"canonical":"https:\/\/lospoliticosveracruz.com\/?p=59667","og_locale":"es_ES","og_type":"article","og_title":"Pri\u00edstas, con descuentos en Regreso a Clases - Los pol\u00edticos Veracruz","og_description":"El Comit\u00e9 Directivo Estatal del PRI en Veracruz, realiz\u00f3 la firma de convenios con comercios para adquirir art\u00edculos escolares con descuentos especiales para la militancia, durante el tercer d\u00eda de la Semana de la Educaci\u00f3n. Asimismo, empresas locales anunciaron descuentos en libros, equipos de c\u00f3mputo, y becas para capacitaci\u00f3n en diversos oficios, diplomados, as\u00ed como [&hellip;]","og_url":"https:\/\/lospoliticosveracruz.com\/?p=59667","og_site_name":"Los pol\u00edticos Veracruz","article_publisher":"https:\/\/www.facebook.com\/people\/Notimemes-de-los-Polticos\/61565672886568\/","article_published_time":"2020-08-27T11:48:00+00:00","og_image":[{"width":200,"height":200,"url":"https:\/\/lospoliticosveracruz.com\/wp-content\/uploads\/2016\/07\/Logo-Dor.jpg","type":"image\/jpeg"}],"author":"Lo viste en Los Pol\u00edticos","twitter_card":"summary_large_image","twitter_creator":"@LosPoliticosVer","twitter_site":"@LosPoliticosVer","twitter_misc":{"Escrito por":"Lo viste en Los Pol\u00edticos","Tiempo de lectura":"2 minutos"},"schema":{"@context":"https:\/\/schema.org","@graph":[{"@type":"Article","@id":"https:\/\/lospoliticosveracruz.com\/?p=59667#article","isPartOf":{"@id":"https:\/\/lospoliticosveracruz.com\/?p=59667"},"author":{"name":"Lo viste en Los Pol\u00edticos","@id":"https:\/\/lospoliticosveracruz.com\/#\/schema\/person\/b8702bb0e538456e6efd07080bf2a4a2"},"headline":"Pri\u00edstas, con descuentos en Regreso a Clases","datePublished":"2020-08-27T11:48:00+00:00","mainEntityOfPage":{"@id":"https:\/\/lospoliticosveracruz.com\/?p=59667"},"wordCount":488,"commentCount":0,"publisher":{"@id":"https:\/\/lospoliticosveracruz.com\/#organization"},"keywords":["Ana Rosa Vald\u00e9s Salazar","Elmire","Hugo Miguel Armida","Librer\u00eda Da Vinci","Lorena Pi\u00f1\u00f3n Rivera","PRI en Veracruz","Xalapa"],"articleSection":["De Boleto"],"inLanguage":"es","potentialAction":[{"@type":"CommentAction","name":"Comment","target":["https:\/\/lospoliticosveracruz.com\/?p=59667#respond"]}]},{"@type":"WebPage","@id":"https:\/\/lospoliticosveracruz.com\/?p=59667","url":"https:\/\/lospoliticosveracruz.com\/?p=59667","name":"Pri\u00edstas, con descuentos en Regreso a Clases - Los pol\u00edticos Veracruz","isPartOf":{"@id":"https:\/\/lospoliticosveracruz.com\/#website"},"datePublished":"2020-08-27T11:48:00+00:00","breadcrumb":{"@id":"https:\/\/lospoliticosveracruz.com\/?p=59667#breadcrumb"},"inLanguage":"es","potentialAction":[{"@type":"ReadAction","target":["https:\/\/lospoliticosveracruz.com\/?p=59667"]}]},{"@type":"BreadcrumbList","@id":"https:\/\/lospoliticosveracruz.com\/?p=59667#breadcrumb","itemListElement":[{"@type":"ListItem","position":1,"name":"Portada","item":"https:\/\/lospoliticosveracruz.com\/"},{"@type":"ListItem","position":2,"name":"Pri\u00edstas, con descuentos en Regreso a Clases"}]},{"@type":"WebSite","@id":"https:\/\/lospoliticosveracruz.com\/#website","url":"https:\/\/lospoliticosveracruz.com\/","name":"Los pol\u00edticos Veracruz","description":"","publisher":{"@id":"https:\/\/lospoliticosveracruz.com\/#organization"},"potentialAction":[{"@type":"SearchAction","target":{"@type":"EntryPoint","urlTemplate":"https:\/\/lospoliticosveracruz.com\/?s={search_term_string}"},"query-input":{"@type":"PropertyValueSpecification","valueRequired":true,"valueName":"search_term_string"}}],"inLanguage":"es"},{"@type":"Organization","@id":"https:\/\/lospoliticosveracruz.com\/#organization","name":"Los pol\u00edticos Veracruz","url":"https:\/\/lospoliticosveracruz.com\/","logo":{"@type":"ImageObject","inLanguage":"es","@id":"https:\/\/lospoliticosveracruz.com\/#\/schema\/logo\/image\/","url":"https:\/\/lospoliticosveracruz.com\/wp-content\/uploads\/2025\/12\/Logo-Nuevo-LOS-POLITICOS-1.jpg","contentUrl":"https:\/\/lospoliticosveracruz.com\/wp-content\/uploads\/2025\/12\/Logo-Nuevo-LOS-POLITICOS-1.jpg","width":260,"height":70,"caption":"Los pol\u00edticos Veracruz"},"image":{"@id":"https:\/\/lospoliticosveracruz.com\/#\/schema\/logo\/image\/"},"sameAs":["https:\/\/www.facebook.com\/people\/Notimemes-de-los-Polticos\/61565672886568\/","https:\/\/x.com\/LosPoliticosVer"]},{"@type":"Person","@id":"https:\/\/lospoliticosveracruz.com\/#\/schema\/person\/b8702bb0e538456e6efd07080bf2a4a2","name":"Lo viste en Los Pol\u00edticos","image":{"@type":"ImageObject","inLanguage":"es","@id":"https:\/\/secure.gravatar.com\/avatar\/3a8de04a2656d44082be478bd6c086daa447c4651605818287b9532d3d0bd435?s=96&d=mm&r=g","url":"https:\/\/secure.gravatar.com\/avatar\/3a8de04a2656d44082be478bd6c086daa447c4651605818287b9532d3d0bd435?s=96&d=mm&r=g","contentUrl":"https:\/\/secure.gravatar.com\/avatar\/3a8de04a2656d44082be478bd6c086daa447c4651605818287b9532d3d0bd435?s=96&d=mm&r=g","caption":"Lo viste en Los Pol\u00edticos"},"url":"https:\/\/lospoliticosveracruz.com\/?author=2"}]}},"_links":{"self":[{"href":"https:\/\/lospoliticosveracruz.com\/index.php?rest_route=\/wp\/v2\/posts\/59667","targetHints":{"allow":["GET"]}}],"collection":[{"href":"https:\/\/lospoliticosveracruz.com\/index.php?rest_route=\/wp\/v2\/posts"}],"about":[{"href":"https:\/\/lospoliticosveracruz.com\/index.php?rest_route=\/wp\/v2\/types\/post"}],"author":[{"embeddable":true,"href":"https:\/\/lospoliticosveracruz.com\/index.php?rest_route=\/wp\/v2\/users\/2"}],"replies":[{"embeddable":true,"href":"https:\/\/lospoliticosveracruz.com\/index.php?rest_route=%2Fwp%2Fv2%2Fcomments&post=59667"}],"version-history":[{"count":1,"href":"https:\/\/lospoliticosveracruz.com\/index.php?rest_route=\/wp\/v2\/posts\/59667\/revisions"}],"predecessor-version":[{"id":59669,"href":"https:\/\/lospoliticosveracruz.com\/index.php?rest_route=\/wp\/v2\/posts\/59667\/revisions\/59669"}],"wp:attachment":[{"href":"https:\/\/lospoliticosveracruz.com\/index.php?rest_route=%2Fwp%2Fv2%2Fmedia&parent=59667"}],"wp:term":[{"taxonomy":"category","embeddable":true,"href":"https:\/\/lospoliticosveracruz.com\/index.php?rest_route=%2Fwp%2Fv2%2Fcategories&post=59667"},{"taxonomy":"post_tag","embeddable":true,"href":"https:\/\/lospoliticosveracruz.com\/index.php?rest_route=%2Fwp%2Fv2%2Ftags&post=59667"}],"curies":[{"name":"wp","href":"https:\/\/api.w.org\/{rel}","templated":true}]}}