{"id":59694,"date":"2020-08-27T09:56:51","date_gmt":"2020-08-27T14:56:51","guid":{"rendered":"http:\/\/www.lospoliticosveracruz.com.mx\/?p=59694"},"modified":"2020-08-27T10:20:49","modified_gmt":"2020-08-27T15:20:49","slug":"son-piores","status":"publish","type":"post","link":"https:\/\/lospoliticosveracruz.com\/?p=59694","title":{"rendered":"Son PIOres"},"content":{"rendered":"<p><strong>Ricardo Chua<\/strong><\/p>\n<p><em>Sale y vale<\/em><\/p>\n<p>&nbsp;<\/p>\n<p>OJO&#8230;. EL PRD en Veracruz ya est\u00e1 listo y preparado para el tema de la alianza opositora para la elecci\u00f3n local del 2021&#8230;. Por un Congreso Local nuevo y la renovaci\u00f3n de las alcald\u00edas&#8230; Sergio Cadena recibi\u00f3 el \u00abpermiso\u00bb y nada, ni nadie se le opone.. A lograr este acuerdo de partidos&#8230; Ya s\u00f3lo falta el PRI y el PAN&#8230; Por lo pronto, ya hubo alguien que dijo yo&#8230; Cadena, anda \u00abdesencadenado\u00bb&#8230; Ya por lo menos, al partido se le ve vida&#8230;<\/p>\n<p>&nbsp;<a href=\"https:\/\/www.facebook.com\/notaria61veracruz\/\"><img decoding=\"async\" src=\"http:\/\/www.lospoliticosveracruz.com.mx\/wp-content\/uploads\/2020\/07\/CINTILLO-Armando.jpg\" alt=\"\" \/><\/a><\/p>\n<p>LA BURLA&#8230; Ya ni la burla perdona el nuevo rector del Colegio de Veracruz (COLVER), Mario Ra\u00fal Mijares S\u00e1nchez, quien adem\u00e1s es Doctor en Ciencias Pol\u00edticas por la UNAM, la se\u00f1alar que este sitio, abre sus puertas para que j\u00f3venes estudiantes cursen la licenciatura en Ciencias Pol\u00edticas, misma que estudi\u00f3 el ahora Presidente de M\u00e9xico, Andr\u00e9s Manuel L\u00f3pez Obrador&#8230; Cuando es p\u00fablico que el estudio, no es una de las fortalezas de AMLO, ya que tard\u00f3 muchos a\u00f1os en acabar esa carrera&#8230;<\/p>\n<p>Ya si nos metemos m\u00e1s a fondo, pues, ciencia pol\u00edtica \u00bfSeg\u00fan qui\u00e9n?&#8230; Quiz\u00e1s el nuevo rector quiso quedar bien con las autoridades de MORENA.. Pero ahorita en M\u00e9xico y Veracruz, las \u00abfibras est\u00e1n muy sensibles\u00bb con el tema L\u00f3pez Obrador, despu\u00e9s de los v\u00eddeos de P\u00edo, y todo lo que sea para vanagloriar su imagen, es tundida en redes sociales por los \u00abconservadores\u00bb que no lo quieren&#8230; As\u00ed que \u00abtache\u00bb a Mijares S\u00e1nchez, por queda bien&#8230;. \u00abFlaco\u00bb favor le hizo a MORENA y al Presidente&#8230;<\/p>\n<p>Pero si eso no fuera suficiente&#8230; El Doctor en Ciencias Pol\u00edticas, no le pone atenci\u00f3n a lo que redacta y comete un error gramatical garrafal en su cuentas de redes sociales&#8230; Ya que cuando este doctor escribe la palabra \u00ababre\u00bb, de abrir&#8230; \u00c9l no pone la atenci\u00f3n debida y la deja escrita como \u00abhabr\u00e9\u00bb de \u00abhaber\u00bb&#8230; As\u00ed que no s\u00f3lo queda exhibido pol\u00edticamente el rector, sino que tambi\u00e9n no es bueno para la gram\u00e1tica&#8230; El t\u00edtulo no lo es todo&#8230; Como dice el Presidente.. Y no s\u00f3lo ese, es el \u00fanico error.. AMEN..<\/p>\n<p>MORENA, LAS NUEVAS ENCUESTAS&#8230; Los informes son que pese a todo lo que pueda hacer y deshacer el Presidente, Andr\u00e9s Manuel L\u00f3pez Obrador, en estos d\u00edas, para desviar la atenci\u00f3n del tema de los v\u00eddeo-esc\u00e1ndalo de P\u00edo L\u00f3pez Obrador y el dinero recibido origen desconocido para financiar campa\u00f1as de MORENA&#8230;. Las encuestas en septiembre dar\u00e1n un \u00abvuelco\u00bb en contra de AMLO porque la aprobaci\u00f3n ciudadana puede caer hasta 10 puntos en septiembre&#8230;. Estamos a d\u00edas&#8230;<\/p>\n<p>Es que al paso de los d\u00edas&#8230; L\u00f3pez Obrador no se recupera de ese tema de \u00abSon Piores\u00bb&#8230; Y por m\u00e1s \u00abcortinas de humo\u00bb, que pretende hacer, todo le est\u00e1 pegando pol\u00edticamente porque seg\u00fan sus propios adversarios, esto de los v\u00eddeos es un tema que apenas empieza y presuntamente hay m\u00e1s evidencias, de que existen m\u00e1s v\u00eddeos de la familia Obrador haciendo estas pr\u00e1cticas&#8230; Ni el llevar a consulta p\u00fablica, someter a juicios penales a Ex Presidentes, le est\u00e1 dando la recuperaci\u00f3n pol\u00edtica necesaria&#8230;<\/p>\n<p>Se dice que esto no s\u00f3lo le \u00abgolpea\u00bb al gobierno federal sino que le das un \u00absevero mameyazo\u00bb a MORENA en estados y municipios donde son gobierno&#8230; Ya qu\u00e9 c\u00f3mo se defienden del escarnio p\u00fablico&#8230; El ejemplo m\u00e1s claro es en Veracruz&#8230; Donde se se\u00f1ala que por conflictos internos, MORENA puede caer hasta 15 puntos porcentuales en septiembre y se hace dos semanas ten\u00edas expectativas de triunfo en 20 distritos electorales locales&#8230;. Despu\u00e9s de P\u00edo a duras penas podr\u00e1n retener 10&#8230;<\/p>\n<p>Tal como dice la \u00abVecina\u00bb Forbach&#8230; La pol\u00edtica cambia minuto a minuto&#8230; As\u00ed que MORENA por todos los conflictos que viv\u00edan al interior los partidos de oposici\u00f3n en conformar la alianza para a elecci\u00f3n del 2021, ten\u00eda buenas expectativas de triunfo en ese proceso&#8230; Ahora ese v\u00eddeo de L\u00f3pez Obrador en Chiapas&#8230; Le ha cambiado completamente todo el tema electoral&#8230; Ya que la aprobaci\u00f3n ciudadana cay\u00f3 en la confianza que le pod\u00edan tener al gobierno y al partido&#8230;. Fue un \u00abgolpe\u00bb demoledor&#8230;<\/p>\n<p>Vamos hasta los prospectos Morenos que ten\u00edan listos para entrar a esta contienda&#8230; Con algunos que ya han hablado y con otros que contin\u00faan las pl\u00e1ticas&#8230; Dicen que ahora despu\u00e9s de P\u00edo L\u00f3pez Obrador, lo est\u00e1n pensando bien&#8230; El caso es que este \u00abarroz no se ha podido cocer\u00bb&#8230; Y eso que se supone que los postulados a estos cargos de elecci\u00f3n popular, para nada son militantes o personajes que pertenezcan a este partido pol\u00edtico&#8230; NO&#8230; Y ya se le est\u00e1n echando para atr\u00e1s&#8230; BYE<\/p>\n<p>Los elegidos para competir por estos cargos, eran \u00abfor\u00e1neos\u00bb, no de la militancia de MORENA&#8230; Son pol\u00edticos \u00abreciclados\u00bb de otros partidos&#8230; Que estaban siendo reclutados con tal de ganar las diputaciones.. Pero ahora, estos mismos se quieren esperar un poco para ver como \u00abtermina\u00bb la novela \u00abLo v\u00eddeos de P\u00edo\u00bb.. As\u00ed que se les acabo el \u00abtsunami\u00bb y van a recurrir a los \u00abm\u00e9todos de siempre\u00bb&#8230; Siempre y cuando estos personajes, no se les rajen&#8230; AMEN Y M\u00c1S AMEN&#8230;<\/p>\n","protected":false},"excerpt":{"rendered":"<p>Ricardo Chua Sale y vale &nbsp; OJO&#8230;. EL PRD en Veracruz ya est\u00e1 listo y preparado para el tema de la alianza opositora para la elecci\u00f3n local del 2021&#8230;. Por un Congreso Local nuevo y la renovaci\u00f3n de las alcald\u00edas&#8230; Sergio Cadena recibi\u00f3 el \u00abpermiso\u00bb y nada, ni nadie se le opone.. A lograr este [&hellip;]<\/p>\n","protected":false},"author":2,"featured_media":0,"comment_status":"open","ping_status":"open","sticky":false,"template":"","format":"standard","meta":{"tdm_status":"","tdm_grid_status":"","footnotes":""},"categories":[70],"tags":[618,2711,19628,1026,13604,195],"class_list":{"0":"post-59694","1":"post","2":"type-post","3":"status-publish","4":"format-standard","6":"category-de-opinion","7":"tag-andres-manuel-lopez-obrador","8":"tag-colver","9":"tag-mario-raul-mijares-sanchez","10":"tag-morena","11":"tag-ricardo-chua","12":"tag-veracruz"},"yoast_head":"<!-- This site is optimized with the Yoast SEO plugin v27.4 - https:\/\/yoast.com\/product\/yoast-seo-wordpress\/ -->\n<title>Son PIOres - Los pol\u00edticos Veracruz<\/title>\n<meta name=\"robots\" content=\"index, follow, max-snippet:-1, max-image-preview:large, max-video-preview:-1\" \/>\n<link rel=\"canonical\" href=\"https:\/\/lospoliticosveracruz.com\/?p=59694\" \/>\n<meta property=\"og:locale\" content=\"es_ES\" \/>\n<meta property=\"og:type\" content=\"article\" \/>\n<meta property=\"og:title\" content=\"Son PIOres - Los pol\u00edticos Veracruz\" \/>\n<meta property=\"og:description\" content=\"Ricardo Chua Sale y vale &nbsp; OJO&#8230;. EL PRD en Veracruz ya est\u00e1 listo y preparado para el tema de la alianza opositora para la elecci\u00f3n local del 2021&#8230;. Por un Congreso Local nuevo y la renovaci\u00f3n de las alcald\u00edas&#8230; Sergio Cadena recibi\u00f3 el \u00abpermiso\u00bb y nada, ni nadie se le opone.. A lograr este [&hellip;]\" \/>\n<meta property=\"og:url\" content=\"https:\/\/lospoliticosveracruz.com\/?p=59694\" \/>\n<meta property=\"og:site_name\" content=\"Los pol\u00edticos Veracruz\" \/>\n<meta property=\"article:publisher\" content=\"https:\/\/www.facebook.com\/people\/Notimemes-de-los-Polticos\/61565672886568\/\" \/>\n<meta property=\"article:published_time\" content=\"2020-08-27T14:56:51+00:00\" \/>\n<meta property=\"article:modified_time\" content=\"2020-08-27T15:20:49+00:00\" \/>\n<meta property=\"og:image\" content=\"http:\/\/www.lospoliticosveracruz.com.mx\/wp-content\/uploads\/2020\/07\/CINTILLO-Armando.jpg\" \/>\n<meta name=\"author\" content=\"Lo viste en Los Pol\u00edticos\" \/>\n<meta name=\"twitter:card\" content=\"summary_large_image\" \/>\n<meta name=\"twitter:creator\" content=\"@LosPoliticosVer\" \/>\n<meta name=\"twitter:site\" content=\"@LosPoliticosVer\" \/>\n<meta name=\"twitter:label1\" content=\"Escrito por\" \/>\n\t<meta name=\"twitter:data1\" content=\"Lo viste en Los Pol\u00edticos\" \/>\n\t<meta name=\"twitter:label2\" content=\"Tiempo de lectura\" \/>\n\t<meta name=\"twitter:data2\" content=\"5 minutos\" \/>\n<script type=\"application\/ld+json\" class=\"yoast-schema-graph\">{\"@context\":\"https:\\\/\\\/schema.org\",\"@graph\":[{\"@type\":\"Article\",\"@id\":\"https:\\\/\\\/lospoliticosveracruz.com\\\/?p=59694#article\",\"isPartOf\":{\"@id\":\"https:\\\/\\\/lospoliticosveracruz.com\\\/?p=59694\"},\"author\":{\"name\":\"Lo viste en Los Pol\u00edticos\",\"@id\":\"https:\\\/\\\/lospoliticosveracruz.com\\\/#\\\/schema\\\/person\\\/b8702bb0e538456e6efd07080bf2a4a2\"},\"headline\":\"Son PIOres\",\"datePublished\":\"2020-08-27T14:56:51+00:00\",\"dateModified\":\"2020-08-27T15:20:49+00:00\",\"mainEntityOfPage\":{\"@id\":\"https:\\\/\\\/lospoliticosveracruz.com\\\/?p=59694\"},\"wordCount\":928,\"commentCount\":0,\"publisher\":{\"@id\":\"https:\\\/\\\/lospoliticosveracruz.com\\\/#organization\"},\"image\":{\"@id\":\"https:\\\/\\\/lospoliticosveracruz.com\\\/?p=59694#primaryimage\"},\"thumbnailUrl\":\"http:\\\/\\\/www.lospoliticosveracruz.com.mx\\\/wp-content\\\/uploads\\\/2020\\\/07\\\/CINTILLO-Armando.jpg\",\"keywords\":[\"Andr\u00e9s Manuel L\u00f3pez Obrador\",\"Colver\",\"Mario Ra\u00fal Mijares S\u00e1nchez\",\"Morena\",\"Ricardo Ch\u00faa\",\"Veracruz\"],\"articleSection\":[\"De Opini\u00f3n\"],\"inLanguage\":\"es\",\"potentialAction\":[{\"@type\":\"CommentAction\",\"name\":\"Comment\",\"target\":[\"https:\\\/\\\/lospoliticosveracruz.com\\\/?p=59694#respond\"]}]},{\"@type\":\"WebPage\",\"@id\":\"https:\\\/\\\/lospoliticosveracruz.com\\\/?p=59694\",\"url\":\"https:\\\/\\\/lospoliticosveracruz.com\\\/?p=59694\",\"name\":\"Son PIOres - Los pol\u00edticos Veracruz\",\"isPartOf\":{\"@id\":\"https:\\\/\\\/lospoliticosveracruz.com\\\/#website\"},\"primaryImageOfPage\":{\"@id\":\"https:\\\/\\\/lospoliticosveracruz.com\\\/?p=59694#primaryimage\"},\"image\":{\"@id\":\"https:\\\/\\\/lospoliticosveracruz.com\\\/?p=59694#primaryimage\"},\"thumbnailUrl\":\"http:\\\/\\\/www.lospoliticosveracruz.com.mx\\\/wp-content\\\/uploads\\\/2020\\\/07\\\/CINTILLO-Armando.jpg\",\"datePublished\":\"2020-08-27T14:56:51+00:00\",\"dateModified\":\"2020-08-27T15:20:49+00:00\",\"breadcrumb\":{\"@id\":\"https:\\\/\\\/lospoliticosveracruz.com\\\/?p=59694#breadcrumb\"},\"inLanguage\":\"es\",\"potentialAction\":[{\"@type\":\"ReadAction\",\"target\":[\"https:\\\/\\\/lospoliticosveracruz.com\\\/?p=59694\"]}]},{\"@type\":\"ImageObject\",\"inLanguage\":\"es\",\"@id\":\"https:\\\/\\\/lospoliticosveracruz.com\\\/?p=59694#primaryimage\",\"url\":\"http:\\\/\\\/www.lospoliticosveracruz.com.mx\\\/wp-content\\\/uploads\\\/2020\\\/07\\\/CINTILLO-Armando.jpg\",\"contentUrl\":\"http:\\\/\\\/www.lospoliticosveracruz.com.mx\\\/wp-content\\\/uploads\\\/2020\\\/07\\\/CINTILLO-Armando.jpg\"},{\"@type\":\"BreadcrumbList\",\"@id\":\"https:\\\/\\\/lospoliticosveracruz.com\\\/?p=59694#breadcrumb\",\"itemListElement\":[{\"@type\":\"ListItem\",\"position\":1,\"name\":\"Portada\",\"item\":\"https:\\\/\\\/lospoliticosveracruz.com\\\/\"},{\"@type\":\"ListItem\",\"position\":2,\"name\":\"Son PIOres\"}]},{\"@type\":\"WebSite\",\"@id\":\"https:\\\/\\\/lospoliticosveracruz.com\\\/#website\",\"url\":\"https:\\\/\\\/lospoliticosveracruz.com\\\/\",\"name\":\"Los pol\u00edticos Veracruz\",\"description\":\"\",\"publisher\":{\"@id\":\"https:\\\/\\\/lospoliticosveracruz.com\\\/#organization\"},\"potentialAction\":[{\"@type\":\"SearchAction\",\"target\":{\"@type\":\"EntryPoint\",\"urlTemplate\":\"https:\\\/\\\/lospoliticosveracruz.com\\\/?s={search_term_string}\"},\"query-input\":{\"@type\":\"PropertyValueSpecification\",\"valueRequired\":true,\"valueName\":\"search_term_string\"}}],\"inLanguage\":\"es\"},{\"@type\":\"Organization\",\"@id\":\"https:\\\/\\\/lospoliticosveracruz.com\\\/#organization\",\"name\":\"Los pol\u00edticos Veracruz\",\"url\":\"https:\\\/\\\/lospoliticosveracruz.com\\\/\",\"logo\":{\"@type\":\"ImageObject\",\"inLanguage\":\"es\",\"@id\":\"https:\\\/\\\/lospoliticosveracruz.com\\\/#\\\/schema\\\/logo\\\/image\\\/\",\"url\":\"https:\\\/\\\/lospoliticosveracruz.com\\\/wp-content\\\/uploads\\\/2025\\\/12\\\/Logo-Nuevo-LOS-POLITICOS-1.jpg\",\"contentUrl\":\"https:\\\/\\\/lospoliticosveracruz.com\\\/wp-content\\\/uploads\\\/2025\\\/12\\\/Logo-Nuevo-LOS-POLITICOS-1.jpg\",\"width\":260,\"height\":70,\"caption\":\"Los pol\u00edticos Veracruz\"},\"image\":{\"@id\":\"https:\\\/\\\/lospoliticosveracruz.com\\\/#\\\/schema\\\/logo\\\/image\\\/\"},\"sameAs\":[\"https:\\\/\\\/www.facebook.com\\\/people\\\/Notimemes-de-los-Polticos\\\/61565672886568\\\/\",\"https:\\\/\\\/x.com\\\/LosPoliticosVer\"]},{\"@type\":\"Person\",\"@id\":\"https:\\\/\\\/lospoliticosveracruz.com\\\/#\\\/schema\\\/person\\\/b8702bb0e538456e6efd07080bf2a4a2\",\"name\":\"Lo viste en Los Pol\u00edticos\",\"image\":{\"@type\":\"ImageObject\",\"inLanguage\":\"es\",\"@id\":\"https:\\\/\\\/secure.gravatar.com\\\/avatar\\\/3a8de04a2656d44082be478bd6c086daa447c4651605818287b9532d3d0bd435?s=96&d=mm&r=g\",\"url\":\"https:\\\/\\\/secure.gravatar.com\\\/avatar\\\/3a8de04a2656d44082be478bd6c086daa447c4651605818287b9532d3d0bd435?s=96&d=mm&r=g\",\"contentUrl\":\"https:\\\/\\\/secure.gravatar.com\\\/avatar\\\/3a8de04a2656d44082be478bd6c086daa447c4651605818287b9532d3d0bd435?s=96&d=mm&r=g\",\"caption\":\"Lo viste en Los Pol\u00edticos\"},\"url\":\"https:\\\/\\\/lospoliticosveracruz.com\\\/?author=2\"}]}<\/script>\n<!-- \/ Yoast SEO plugin. -->","yoast_head_json":{"title":"Son PIOres - Los pol\u00edticos Veracruz","robots":{"index":"index","follow":"follow","max-snippet":"max-snippet:-1","max-image-preview":"max-image-preview:large","max-video-preview":"max-video-preview:-1"},"canonical":"https:\/\/lospoliticosveracruz.com\/?p=59694","og_locale":"es_ES","og_type":"article","og_title":"Son PIOres - Los pol\u00edticos Veracruz","og_description":"Ricardo Chua Sale y vale &nbsp; OJO&#8230;. EL PRD en Veracruz ya est\u00e1 listo y preparado para el tema de la alianza opositora para la elecci\u00f3n local del 2021&#8230;. Por un Congreso Local nuevo y la renovaci\u00f3n de las alcald\u00edas&#8230; Sergio Cadena recibi\u00f3 el \u00abpermiso\u00bb y nada, ni nadie se le opone.. A lograr este [&hellip;]","og_url":"https:\/\/lospoliticosveracruz.com\/?p=59694","og_site_name":"Los pol\u00edticos Veracruz","article_publisher":"https:\/\/www.facebook.com\/people\/Notimemes-de-los-Polticos\/61565672886568\/","article_published_time":"2020-08-27T14:56:51+00:00","article_modified_time":"2020-08-27T15:20:49+00:00","og_image":[{"url":"http:\/\/www.lospoliticosveracruz.com.mx\/wp-content\/uploads\/2020\/07\/CINTILLO-Armando.jpg","type":"","width":"","height":""}],"author":"Lo viste en Los Pol\u00edticos","twitter_card":"summary_large_image","twitter_creator":"@LosPoliticosVer","twitter_site":"@LosPoliticosVer","twitter_misc":{"Escrito por":"Lo viste en Los Pol\u00edticos","Tiempo de lectura":"5 minutos"},"schema":{"@context":"https:\/\/schema.org","@graph":[{"@type":"Article","@id":"https:\/\/lospoliticosveracruz.com\/?p=59694#article","isPartOf":{"@id":"https:\/\/lospoliticosveracruz.com\/?p=59694"},"author":{"name":"Lo viste en Los Pol\u00edticos","@id":"https:\/\/lospoliticosveracruz.com\/#\/schema\/person\/b8702bb0e538456e6efd07080bf2a4a2"},"headline":"Son PIOres","datePublished":"2020-08-27T14:56:51+00:00","dateModified":"2020-08-27T15:20:49+00:00","mainEntityOfPage":{"@id":"https:\/\/lospoliticosveracruz.com\/?p=59694"},"wordCount":928,"commentCount":0,"publisher":{"@id":"https:\/\/lospoliticosveracruz.com\/#organization"},"image":{"@id":"https:\/\/lospoliticosveracruz.com\/?p=59694#primaryimage"},"thumbnailUrl":"http:\/\/www.lospoliticosveracruz.com.mx\/wp-content\/uploads\/2020\/07\/CINTILLO-Armando.jpg","keywords":["Andr\u00e9s Manuel L\u00f3pez Obrador","Colver","Mario Ra\u00fal Mijares S\u00e1nchez","Morena","Ricardo Ch\u00faa","Veracruz"],"articleSection":["De Opini\u00f3n"],"inLanguage":"es","potentialAction":[{"@type":"CommentAction","name":"Comment","target":["https:\/\/lospoliticosveracruz.com\/?p=59694#respond"]}]},{"@type":"WebPage","@id":"https:\/\/lospoliticosveracruz.com\/?p=59694","url":"https:\/\/lospoliticosveracruz.com\/?p=59694","name":"Son PIOres - Los pol\u00edticos Veracruz","isPartOf":{"@id":"https:\/\/lospoliticosveracruz.com\/#website"},"primaryImageOfPage":{"@id":"https:\/\/lospoliticosveracruz.com\/?p=59694#primaryimage"},"image":{"@id":"https:\/\/lospoliticosveracruz.com\/?p=59694#primaryimage"},"thumbnailUrl":"http:\/\/www.lospoliticosveracruz.com.mx\/wp-content\/uploads\/2020\/07\/CINTILLO-Armando.jpg","datePublished":"2020-08-27T14:56:51+00:00","dateModified":"2020-08-27T15:20:49+00:00","breadcrumb":{"@id":"https:\/\/lospoliticosveracruz.com\/?p=59694#breadcrumb"},"inLanguage":"es","potentialAction":[{"@type":"ReadAction","target":["https:\/\/lospoliticosveracruz.com\/?p=59694"]}]},{"@type":"ImageObject","inLanguage":"es","@id":"https:\/\/lospoliticosveracruz.com\/?p=59694#primaryimage","url":"http:\/\/www.lospoliticosveracruz.com.mx\/wp-content\/uploads\/2020\/07\/CINTILLO-Armando.jpg","contentUrl":"http:\/\/www.lospoliticosveracruz.com.mx\/wp-content\/uploads\/2020\/07\/CINTILLO-Armando.jpg"},{"@type":"BreadcrumbList","@id":"https:\/\/lospoliticosveracruz.com\/?p=59694#breadcrumb","itemListElement":[{"@type":"ListItem","position":1,"name":"Portada","item":"https:\/\/lospoliticosveracruz.com\/"},{"@type":"ListItem","position":2,"name":"Son PIOres"}]},{"@type":"WebSite","@id":"https:\/\/lospoliticosveracruz.com\/#website","url":"https:\/\/lospoliticosveracruz.com\/","name":"Los pol\u00edticos Veracruz","description":"","publisher":{"@id":"https:\/\/lospoliticosveracruz.com\/#organization"},"potentialAction":[{"@type":"SearchAction","target":{"@type":"EntryPoint","urlTemplate":"https:\/\/lospoliticosveracruz.com\/?s={search_term_string}"},"query-input":{"@type":"PropertyValueSpecification","valueRequired":true,"valueName":"search_term_string"}}],"inLanguage":"es"},{"@type":"Organization","@id":"https:\/\/lospoliticosveracruz.com\/#organization","name":"Los pol\u00edticos Veracruz","url":"https:\/\/lospoliticosveracruz.com\/","logo":{"@type":"ImageObject","inLanguage":"es","@id":"https:\/\/lospoliticosveracruz.com\/#\/schema\/logo\/image\/","url":"https:\/\/lospoliticosveracruz.com\/wp-content\/uploads\/2025\/12\/Logo-Nuevo-LOS-POLITICOS-1.jpg","contentUrl":"https:\/\/lospoliticosveracruz.com\/wp-content\/uploads\/2025\/12\/Logo-Nuevo-LOS-POLITICOS-1.jpg","width":260,"height":70,"caption":"Los pol\u00edticos Veracruz"},"image":{"@id":"https:\/\/lospoliticosveracruz.com\/#\/schema\/logo\/image\/"},"sameAs":["https:\/\/www.facebook.com\/people\/Notimemes-de-los-Polticos\/61565672886568\/","https:\/\/x.com\/LosPoliticosVer"]},{"@type":"Person","@id":"https:\/\/lospoliticosveracruz.com\/#\/schema\/person\/b8702bb0e538456e6efd07080bf2a4a2","name":"Lo viste en Los Pol\u00edticos","image":{"@type":"ImageObject","inLanguage":"es","@id":"https:\/\/secure.gravatar.com\/avatar\/3a8de04a2656d44082be478bd6c086daa447c4651605818287b9532d3d0bd435?s=96&d=mm&r=g","url":"https:\/\/secure.gravatar.com\/avatar\/3a8de04a2656d44082be478bd6c086daa447c4651605818287b9532d3d0bd435?s=96&d=mm&r=g","contentUrl":"https:\/\/secure.gravatar.com\/avatar\/3a8de04a2656d44082be478bd6c086daa447c4651605818287b9532d3d0bd435?s=96&d=mm&r=g","caption":"Lo viste en Los Pol\u00edticos"},"url":"https:\/\/lospoliticosveracruz.com\/?author=2"}]}},"_links":{"self":[{"href":"https:\/\/lospoliticosveracruz.com\/index.php?rest_route=\/wp\/v2\/posts\/59694","targetHints":{"allow":["GET"]}}],"collection":[{"href":"https:\/\/lospoliticosveracruz.com\/index.php?rest_route=\/wp\/v2\/posts"}],"about":[{"href":"https:\/\/lospoliticosveracruz.com\/index.php?rest_route=\/wp\/v2\/types\/post"}],"author":[{"embeddable":true,"href":"https:\/\/lospoliticosveracruz.com\/index.php?rest_route=\/wp\/v2\/users\/2"}],"replies":[{"embeddable":true,"href":"https:\/\/lospoliticosveracruz.com\/index.php?rest_route=%2Fwp%2Fv2%2Fcomments&post=59694"}],"version-history":[{"count":3,"href":"https:\/\/lospoliticosveracruz.com\/index.php?rest_route=\/wp\/v2\/posts\/59694\/revisions"}],"predecessor-version":[{"id":59701,"href":"https:\/\/lospoliticosveracruz.com\/index.php?rest_route=\/wp\/v2\/posts\/59694\/revisions\/59701"}],"wp:attachment":[{"href":"https:\/\/lospoliticosveracruz.com\/index.php?rest_route=%2Fwp%2Fv2%2Fmedia&parent=59694"}],"wp:term":[{"taxonomy":"category","embeddable":true,"href":"https:\/\/lospoliticosveracruz.com\/index.php?rest_route=%2Fwp%2Fv2%2Fcategories&post=59694"},{"taxonomy":"post_tag","embeddable":true,"href":"https:\/\/lospoliticosveracruz.com\/index.php?rest_route=%2Fwp%2Fv2%2Ftags&post=59694"}],"curies":[{"name":"wp","href":"https:\/\/api.w.org\/{rel}","templated":true}]}}