{"id":59776,"date":"2020-08-28T11:03:02","date_gmt":"2020-08-28T16:03:02","guid":{"rendered":"http:\/\/www.lospoliticosveracruz.com.mx\/?p=59776"},"modified":"2020-08-28T11:03:02","modified_gmt":"2020-08-28T16:03:02","slug":"respaldo-a-maestros","status":"publish","type":"post","link":"https:\/\/lospoliticosveracruz.com\/?p=59776","title":{"rendered":"Respaldo a Maestros!"},"content":{"rendered":"<p>&nbsp;<\/p>\n<p>Adem\u00e1s de cumplir y superar las metas que el sector educativo de la entidad demanda, una de las prioridades instruidas por el Gobernador Cuitl\u00e1huac Garc\u00eda Jim\u00e9nez ha sido velar por el bienestar de las y los empleados de la Secretar\u00eda de Educaci\u00f3n de Veracruz, se\u00f1al\u00f3 la Oficial Mayor de la dependencia, Ariadna Selene Aguilar Amaya, en el marco de la presentaci\u00f3n de las medidas para garantizar el acceso al beneficio de Seguro de Vida Institucional a las y los trabajadores de la SEV.<br \/>\nAguilar Amaya destac\u00f3 que gracias a la pol\u00edtica de austeridad y ahorro implementada desde el inicio de esta administraci\u00f3n, la cual ha dado constantes muestras de resultados como en esta ocasi\u00f3n, en que la Secretar\u00eda de Finanzas y Planeaci\u00f3n y la Secretar\u00eda de Educaci\u00f3n coordinan esfuerzos, las y los trabajadores tienen acceso al beneficio de Seguro de Vida Institucional, con lo que docentes, personal administrativo y de apoyo a la educaci\u00f3n con plaza, tanto estatales como federales, tendr\u00e1n mayores y mejores beneficios.<br \/>\n\u00abBuscamos mejores condiciones para los trabajadores, incluso cambiamos de empresa porque la anterior no cubr\u00eda tanto como cubre la nueva; estamos haciendo un relanzamiento de este seguro institucional por el tema de la pandemia, para que todos los maestros est\u00e9n informados y actualicen sus datos y tengan certeza\u00bb, apunt\u00f3.<br \/>\nCon lo anterior, dijo, tanto el gobernador como el Secretario Zenyazen Escobar Garc\u00eda refrendan su compromiso con el magisterio veracruzano, por lo que todo se encuentra listo para que las delegaciones puedan recibir a los solicitantes a partir del d\u00eda lunes 31 de agosto, con todas las medidas sanitarias necesarias.<br \/>\nCabe se\u00f1alar que con esta p\u00f3liza la cobertura increment\u00f3 de 40 a 55 meses y hay opci\u00f3n de ampliarla a 68; los beneficiarios tendr\u00e1n un anticipo por enfermedades terminales, pago directo de gastos funerarios hasta por 25 mil pesos, doble indemnizaci\u00f3n por muerte accidental y un tiempo m\u00e1ximo de 15 d\u00edas h\u00e1biles para pago de siniestros, una vez integrado correctamente el expediente.<br \/>\nPara poder agilizar el tr\u00e1mite correspondiente se deben actualizar los datos de los beneficiarios llenando el formato de la p\u00e1gina <a href=\"http:\/\/rechum.sev.gob.mx\/\"><em><strong>http:\/\/rechum.sev.gob.mx\/<\/strong><\/em><\/a>, presentar dos originales y una copia del mismo en las delegaciones regionales de la SEV, oficinas centrales o en el Departamento de Administraci\u00f3n para el Personal Estatal, de lunes a viernes de 09:00 a 15:00 horas.<br \/>\nLos docentes y personal pueden solicitar mayores informes o aclaraci\u00f3n de dudas en las l\u00edneas telef\u00f3nicas de la Direcci\u00f3n de Recursos Humanos (228) 841 7700, extensiones 7086 y 7071, para el esquema estatal; y 7228 y 7035 para el federal.<\/p>\n","protected":false},"excerpt":{"rendered":"<p>&nbsp; Adem\u00e1s de cumplir y superar las metas que el sector educativo de la entidad demanda, una de las prioridades instruidas por el Gobernador Cuitl\u00e1huac Garc\u00eda Jim\u00e9nez ha sido velar por el bienestar de las y los empleados de la Secretar\u00eda de Educaci\u00f3n de Veracruz, se\u00f1al\u00f3 la Oficial Mayor de la dependencia, Ariadna Selene Aguilar [&hellip;]<\/p>\n","protected":false},"author":2,"featured_media":0,"comment_status":"open","ping_status":"open","sticky":false,"template":"","format":"standard","meta":{"tdm_status":"","tdm_grid_status":"","footnotes":""},"categories":[73],"tags":[14760,1563,16929,20354,20355,88,12372],"class_list":{"0":"post-59776","1":"post","2":"type-post","3":"status-publish","4":"format-standard","6":"category-de-boleto","7":"tag-ariadna-selene-aguilar-amaya","8":"tag-cuitlahuac-garcia-jimenez","9":"tag-pandemia","10":"tag-secretaria-de-finanzas-y-planeacion-y-la-secretaria-de-educacion","11":"tag-seguro-de-vida-institucional","12":"tag-sev","13":"tag-zenyazen-escobar-garcia"},"yoast_head":"<!-- This site is optimized with the Yoast SEO plugin v27.4 - https:\/\/yoast.com\/product\/yoast-seo-wordpress\/ -->\n<title>Respaldo a Maestros! - Los pol\u00edticos Veracruz<\/title>\n<meta name=\"robots\" content=\"index, follow, max-snippet:-1, max-image-preview:large, max-video-preview:-1\" \/>\n<link rel=\"canonical\" href=\"https:\/\/lospoliticosveracruz.com\/?p=59776\" \/>\n<meta property=\"og:locale\" content=\"es_ES\" \/>\n<meta property=\"og:type\" content=\"article\" \/>\n<meta property=\"og:title\" content=\"Respaldo a Maestros! - Los pol\u00edticos Veracruz\" \/>\n<meta property=\"og:description\" content=\"&nbsp; Adem\u00e1s de cumplir y superar las metas que el sector educativo de la entidad demanda, una de las prioridades instruidas por el Gobernador Cuitl\u00e1huac Garc\u00eda Jim\u00e9nez ha sido velar por el bienestar de las y los empleados de la Secretar\u00eda de Educaci\u00f3n de Veracruz, se\u00f1al\u00f3 la Oficial Mayor de la dependencia, Ariadna Selene Aguilar [&hellip;]\" \/>\n<meta property=\"og:url\" content=\"https:\/\/lospoliticosveracruz.com\/?p=59776\" \/>\n<meta property=\"og:site_name\" content=\"Los pol\u00edticos Veracruz\" \/>\n<meta property=\"article:publisher\" content=\"https:\/\/www.facebook.com\/people\/Notimemes-de-los-Polticos\/61565672886568\/\" \/>\n<meta property=\"article:published_time\" content=\"2020-08-28T16:03:02+00:00\" \/>\n<meta property=\"og:image\" content=\"https:\/\/lospoliticosveracruz.com\/wp-content\/uploads\/2016\/07\/Logo-Dor.jpg\" \/>\n\t<meta property=\"og:image:width\" content=\"200\" \/>\n\t<meta property=\"og:image:height\" content=\"200\" \/>\n\t<meta property=\"og:image:type\" content=\"image\/jpeg\" \/>\n<meta name=\"author\" content=\"Lo viste en Los Pol\u00edticos\" \/>\n<meta name=\"twitter:card\" content=\"summary_large_image\" \/>\n<meta name=\"twitter:creator\" content=\"@LosPoliticosVer\" \/>\n<meta name=\"twitter:site\" content=\"@LosPoliticosVer\" \/>\n<meta name=\"twitter:label1\" content=\"Escrito por\" \/>\n\t<meta name=\"twitter:data1\" content=\"Lo viste en Los Pol\u00edticos\" \/>\n\t<meta name=\"twitter:label2\" content=\"Tiempo de lectura\" \/>\n\t<meta name=\"twitter:data2\" content=\"2 minutos\" \/>\n<script type=\"application\/ld+json\" class=\"yoast-schema-graph\">{\"@context\":\"https:\\\/\\\/schema.org\",\"@graph\":[{\"@type\":\"Article\",\"@id\":\"https:\\\/\\\/lospoliticosveracruz.com\\\/?p=59776#article\",\"isPartOf\":{\"@id\":\"https:\\\/\\\/lospoliticosveracruz.com\\\/?p=59776\"},\"author\":{\"name\":\"Lo viste en Los Pol\u00edticos\",\"@id\":\"https:\\\/\\\/lospoliticosveracruz.com\\\/#\\\/schema\\\/person\\\/b8702bb0e538456e6efd07080bf2a4a2\"},\"headline\":\"Respaldo a Maestros!\",\"datePublished\":\"2020-08-28T16:03:02+00:00\",\"mainEntityOfPage\":{\"@id\":\"https:\\\/\\\/lospoliticosveracruz.com\\\/?p=59776\"},\"wordCount\":452,\"commentCount\":0,\"publisher\":{\"@id\":\"https:\\\/\\\/lospoliticosveracruz.com\\\/#organization\"},\"keywords\":[\"Ariadna Selene Aguilar Amaya\",\"Cuitl\u00e1huac Garc\u00eda Jim\u00e9nez\",\"pandemia\",\"Secretar\u00eda de Finanzas y Planeaci\u00f3n y la Secretar\u00eda de Educaci\u00f3n\",\"Seguro de Vida Institucional\",\"SEV\",\"Zenyazen Escobar Garc\u00eda\"],\"articleSection\":[\"De Boleto\"],\"inLanguage\":\"es\",\"potentialAction\":[{\"@type\":\"CommentAction\",\"name\":\"Comment\",\"target\":[\"https:\\\/\\\/lospoliticosveracruz.com\\\/?p=59776#respond\"]}]},{\"@type\":\"WebPage\",\"@id\":\"https:\\\/\\\/lospoliticosveracruz.com\\\/?p=59776\",\"url\":\"https:\\\/\\\/lospoliticosveracruz.com\\\/?p=59776\",\"name\":\"Respaldo a Maestros! - Los pol\u00edticos Veracruz\",\"isPartOf\":{\"@id\":\"https:\\\/\\\/lospoliticosveracruz.com\\\/#website\"},\"datePublished\":\"2020-08-28T16:03:02+00:00\",\"breadcrumb\":{\"@id\":\"https:\\\/\\\/lospoliticosveracruz.com\\\/?p=59776#breadcrumb\"},\"inLanguage\":\"es\",\"potentialAction\":[{\"@type\":\"ReadAction\",\"target\":[\"https:\\\/\\\/lospoliticosveracruz.com\\\/?p=59776\"]}]},{\"@type\":\"BreadcrumbList\",\"@id\":\"https:\\\/\\\/lospoliticosveracruz.com\\\/?p=59776#breadcrumb\",\"itemListElement\":[{\"@type\":\"ListItem\",\"position\":1,\"name\":\"Portada\",\"item\":\"https:\\\/\\\/lospoliticosveracruz.com\\\/\"},{\"@type\":\"ListItem\",\"position\":2,\"name\":\"Respaldo a Maestros!\"}]},{\"@type\":\"WebSite\",\"@id\":\"https:\\\/\\\/lospoliticosveracruz.com\\\/#website\",\"url\":\"https:\\\/\\\/lospoliticosveracruz.com\\\/\",\"name\":\"Los pol\u00edticos Veracruz\",\"description\":\"\",\"publisher\":{\"@id\":\"https:\\\/\\\/lospoliticosveracruz.com\\\/#organization\"},\"potentialAction\":[{\"@type\":\"SearchAction\",\"target\":{\"@type\":\"EntryPoint\",\"urlTemplate\":\"https:\\\/\\\/lospoliticosveracruz.com\\\/?s={search_term_string}\"},\"query-input\":{\"@type\":\"PropertyValueSpecification\",\"valueRequired\":true,\"valueName\":\"search_term_string\"}}],\"inLanguage\":\"es\"},{\"@type\":\"Organization\",\"@id\":\"https:\\\/\\\/lospoliticosveracruz.com\\\/#organization\",\"name\":\"Los pol\u00edticos Veracruz\",\"url\":\"https:\\\/\\\/lospoliticosveracruz.com\\\/\",\"logo\":{\"@type\":\"ImageObject\",\"inLanguage\":\"es\",\"@id\":\"https:\\\/\\\/lospoliticosveracruz.com\\\/#\\\/schema\\\/logo\\\/image\\\/\",\"url\":\"https:\\\/\\\/lospoliticosveracruz.com\\\/wp-content\\\/uploads\\\/2025\\\/12\\\/Logo-Nuevo-LOS-POLITICOS-1.jpg\",\"contentUrl\":\"https:\\\/\\\/lospoliticosveracruz.com\\\/wp-content\\\/uploads\\\/2025\\\/12\\\/Logo-Nuevo-LOS-POLITICOS-1.jpg\",\"width\":260,\"height\":70,\"caption\":\"Los pol\u00edticos Veracruz\"},\"image\":{\"@id\":\"https:\\\/\\\/lospoliticosveracruz.com\\\/#\\\/schema\\\/logo\\\/image\\\/\"},\"sameAs\":[\"https:\\\/\\\/www.facebook.com\\\/people\\\/Notimemes-de-los-Polticos\\\/61565672886568\\\/\",\"https:\\\/\\\/x.com\\\/LosPoliticosVer\"]},{\"@type\":\"Person\",\"@id\":\"https:\\\/\\\/lospoliticosveracruz.com\\\/#\\\/schema\\\/person\\\/b8702bb0e538456e6efd07080bf2a4a2\",\"name\":\"Lo viste en Los Pol\u00edticos\",\"image\":{\"@type\":\"ImageObject\",\"inLanguage\":\"es\",\"@id\":\"https:\\\/\\\/secure.gravatar.com\\\/avatar\\\/3a8de04a2656d44082be478bd6c086daa447c4651605818287b9532d3d0bd435?s=96&d=mm&r=g\",\"url\":\"https:\\\/\\\/secure.gravatar.com\\\/avatar\\\/3a8de04a2656d44082be478bd6c086daa447c4651605818287b9532d3d0bd435?s=96&d=mm&r=g\",\"contentUrl\":\"https:\\\/\\\/secure.gravatar.com\\\/avatar\\\/3a8de04a2656d44082be478bd6c086daa447c4651605818287b9532d3d0bd435?s=96&d=mm&r=g\",\"caption\":\"Lo viste en Los Pol\u00edticos\"},\"url\":\"https:\\\/\\\/lospoliticosveracruz.com\\\/?author=2\"}]}<\/script>\n<!-- \/ Yoast SEO plugin. -->","yoast_head_json":{"title":"Respaldo a Maestros! - Los pol\u00edticos Veracruz","robots":{"index":"index","follow":"follow","max-snippet":"max-snippet:-1","max-image-preview":"max-image-preview:large","max-video-preview":"max-video-preview:-1"},"canonical":"https:\/\/lospoliticosveracruz.com\/?p=59776","og_locale":"es_ES","og_type":"article","og_title":"Respaldo a Maestros! - Los pol\u00edticos Veracruz","og_description":"&nbsp; Adem\u00e1s de cumplir y superar las metas que el sector educativo de la entidad demanda, una de las prioridades instruidas por el Gobernador Cuitl\u00e1huac Garc\u00eda Jim\u00e9nez ha sido velar por el bienestar de las y los empleados de la Secretar\u00eda de Educaci\u00f3n de Veracruz, se\u00f1al\u00f3 la Oficial Mayor de la dependencia, Ariadna Selene Aguilar [&hellip;]","og_url":"https:\/\/lospoliticosveracruz.com\/?p=59776","og_site_name":"Los pol\u00edticos Veracruz","article_publisher":"https:\/\/www.facebook.com\/people\/Notimemes-de-los-Polticos\/61565672886568\/","article_published_time":"2020-08-28T16:03:02+00:00","og_image":[{"width":200,"height":200,"url":"https:\/\/lospoliticosveracruz.com\/wp-content\/uploads\/2016\/07\/Logo-Dor.jpg","type":"image\/jpeg"}],"author":"Lo viste en Los Pol\u00edticos","twitter_card":"summary_large_image","twitter_creator":"@LosPoliticosVer","twitter_site":"@LosPoliticosVer","twitter_misc":{"Escrito por":"Lo viste en Los Pol\u00edticos","Tiempo de lectura":"2 minutos"},"schema":{"@context":"https:\/\/schema.org","@graph":[{"@type":"Article","@id":"https:\/\/lospoliticosveracruz.com\/?p=59776#article","isPartOf":{"@id":"https:\/\/lospoliticosveracruz.com\/?p=59776"},"author":{"name":"Lo viste en Los Pol\u00edticos","@id":"https:\/\/lospoliticosveracruz.com\/#\/schema\/person\/b8702bb0e538456e6efd07080bf2a4a2"},"headline":"Respaldo a Maestros!","datePublished":"2020-08-28T16:03:02+00:00","mainEntityOfPage":{"@id":"https:\/\/lospoliticosveracruz.com\/?p=59776"},"wordCount":452,"commentCount":0,"publisher":{"@id":"https:\/\/lospoliticosveracruz.com\/#organization"},"keywords":["Ariadna Selene Aguilar Amaya","Cuitl\u00e1huac Garc\u00eda Jim\u00e9nez","pandemia","Secretar\u00eda de Finanzas y Planeaci\u00f3n y la Secretar\u00eda de Educaci\u00f3n","Seguro de Vida Institucional","SEV","Zenyazen Escobar Garc\u00eda"],"articleSection":["De Boleto"],"inLanguage":"es","potentialAction":[{"@type":"CommentAction","name":"Comment","target":["https:\/\/lospoliticosveracruz.com\/?p=59776#respond"]}]},{"@type":"WebPage","@id":"https:\/\/lospoliticosveracruz.com\/?p=59776","url":"https:\/\/lospoliticosveracruz.com\/?p=59776","name":"Respaldo a Maestros! - Los pol\u00edticos Veracruz","isPartOf":{"@id":"https:\/\/lospoliticosveracruz.com\/#website"},"datePublished":"2020-08-28T16:03:02+00:00","breadcrumb":{"@id":"https:\/\/lospoliticosveracruz.com\/?p=59776#breadcrumb"},"inLanguage":"es","potentialAction":[{"@type":"ReadAction","target":["https:\/\/lospoliticosveracruz.com\/?p=59776"]}]},{"@type":"BreadcrumbList","@id":"https:\/\/lospoliticosveracruz.com\/?p=59776#breadcrumb","itemListElement":[{"@type":"ListItem","position":1,"name":"Portada","item":"https:\/\/lospoliticosveracruz.com\/"},{"@type":"ListItem","position":2,"name":"Respaldo a Maestros!"}]},{"@type":"WebSite","@id":"https:\/\/lospoliticosveracruz.com\/#website","url":"https:\/\/lospoliticosveracruz.com\/","name":"Los pol\u00edticos Veracruz","description":"","publisher":{"@id":"https:\/\/lospoliticosveracruz.com\/#organization"},"potentialAction":[{"@type":"SearchAction","target":{"@type":"EntryPoint","urlTemplate":"https:\/\/lospoliticosveracruz.com\/?s={search_term_string}"},"query-input":{"@type":"PropertyValueSpecification","valueRequired":true,"valueName":"search_term_string"}}],"inLanguage":"es"},{"@type":"Organization","@id":"https:\/\/lospoliticosveracruz.com\/#organization","name":"Los pol\u00edticos Veracruz","url":"https:\/\/lospoliticosveracruz.com\/","logo":{"@type":"ImageObject","inLanguage":"es","@id":"https:\/\/lospoliticosveracruz.com\/#\/schema\/logo\/image\/","url":"https:\/\/lospoliticosveracruz.com\/wp-content\/uploads\/2025\/12\/Logo-Nuevo-LOS-POLITICOS-1.jpg","contentUrl":"https:\/\/lospoliticosveracruz.com\/wp-content\/uploads\/2025\/12\/Logo-Nuevo-LOS-POLITICOS-1.jpg","width":260,"height":70,"caption":"Los pol\u00edticos Veracruz"},"image":{"@id":"https:\/\/lospoliticosveracruz.com\/#\/schema\/logo\/image\/"},"sameAs":["https:\/\/www.facebook.com\/people\/Notimemes-de-los-Polticos\/61565672886568\/","https:\/\/x.com\/LosPoliticosVer"]},{"@type":"Person","@id":"https:\/\/lospoliticosveracruz.com\/#\/schema\/person\/b8702bb0e538456e6efd07080bf2a4a2","name":"Lo viste en Los Pol\u00edticos","image":{"@type":"ImageObject","inLanguage":"es","@id":"https:\/\/secure.gravatar.com\/avatar\/3a8de04a2656d44082be478bd6c086daa447c4651605818287b9532d3d0bd435?s=96&d=mm&r=g","url":"https:\/\/secure.gravatar.com\/avatar\/3a8de04a2656d44082be478bd6c086daa447c4651605818287b9532d3d0bd435?s=96&d=mm&r=g","contentUrl":"https:\/\/secure.gravatar.com\/avatar\/3a8de04a2656d44082be478bd6c086daa447c4651605818287b9532d3d0bd435?s=96&d=mm&r=g","caption":"Lo viste en Los Pol\u00edticos"},"url":"https:\/\/lospoliticosveracruz.com\/?author=2"}]}},"_links":{"self":[{"href":"https:\/\/lospoliticosveracruz.com\/index.php?rest_route=\/wp\/v2\/posts\/59776","targetHints":{"allow":["GET"]}}],"collection":[{"href":"https:\/\/lospoliticosveracruz.com\/index.php?rest_route=\/wp\/v2\/posts"}],"about":[{"href":"https:\/\/lospoliticosveracruz.com\/index.php?rest_route=\/wp\/v2\/types\/post"}],"author":[{"embeddable":true,"href":"https:\/\/lospoliticosveracruz.com\/index.php?rest_route=\/wp\/v2\/users\/2"}],"replies":[{"embeddable":true,"href":"https:\/\/lospoliticosveracruz.com\/index.php?rest_route=%2Fwp%2Fv2%2Fcomments&post=59776"}],"version-history":[{"count":1,"href":"https:\/\/lospoliticosveracruz.com\/index.php?rest_route=\/wp\/v2\/posts\/59776\/revisions"}],"predecessor-version":[{"id":59778,"href":"https:\/\/lospoliticosveracruz.com\/index.php?rest_route=\/wp\/v2\/posts\/59776\/revisions\/59778"}],"wp:attachment":[{"href":"https:\/\/lospoliticosveracruz.com\/index.php?rest_route=%2Fwp%2Fv2%2Fmedia&parent=59776"}],"wp:term":[{"taxonomy":"category","embeddable":true,"href":"https:\/\/lospoliticosveracruz.com\/index.php?rest_route=%2Fwp%2Fv2%2Fcategories&post=59776"},{"taxonomy":"post_tag","embeddable":true,"href":"https:\/\/lospoliticosveracruz.com\/index.php?rest_route=%2Fwp%2Fv2%2Ftags&post=59776"}],"curies":[{"name":"wp","href":"https:\/\/api.w.org\/{rel}","templated":true}]}}