{"id":59805,"date":"2020-08-28T16:13:42","date_gmt":"2020-08-28T21:13:42","guid":{"rendered":"http:\/\/www.lospoliticosveracruz.com.mx\/?p=59805"},"modified":"2020-08-28T16:14:00","modified_gmt":"2020-08-28T21:14:00","slug":"regresaran-con-escuela-transformada","status":"publish","type":"post","link":"https:\/\/lospoliticosveracruz.com\/?p=59805","title":{"rendered":"Regresar\u00e1n con escuela transformada"},"content":{"rendered":"<p>&nbsp;<\/p>\n<p>La presidenta municipal Leticia L\u00f3pez Landero inform\u00f3 que durante el a\u00f1o 2020 el Ayuntamiento de C\u00f3rdoba invierte m\u00e1s de ocho millones en la construcci\u00f3n de seis domos que se ubican en igual n\u00famero de planteles educativos de colonias y comunidades.<\/p>\n<p><a href=\"https:\/\/cordoba.gob.mx\/site\/\"><img decoding=\"async\" src=\"http:\/\/www.lospoliticosveracruz.com.mx\/wp-content\/uploads\/2020\/08\/Cintillo-C\u00f3rdoba-Cubrebocas.jpg\" alt=\"\" \/><\/a><\/p>\n<p>\u201cSon seis domos que est\u00e1n en escuelas que durante much\u00edsimos a\u00f1os pidieron esta ayuda, m\u00e1s de 30 a\u00f1os de luchar porque tuvieran un domo. Hoy lo tienen, este sue\u00f1o se hace realidad. Son acciones que no se ven, pero marcan la historia de generaci\u00f3n en generaci\u00f3n, porque habr\u00e1 ni\u00f1os que van a poder disfrutar de este lugar digno para estudiar\u201d, indic\u00f3 la Mun\u00edcipe.<br \/>\nEn la colonia M\u00e9xico, Julia Garc\u00eda Rosas agradeci\u00f3 a la presidenta Leticia L\u00f3pez Landero por contemplar obras para beneficio de la ni\u00f1ez cordobesa. Explic\u00f3 que perteneci\u00f3 a las primeras generaciones de la escuela primaria M\u00e9xico y desde entonces hab\u00edan solicitado la intervenci\u00f3n de la autoridad municipal, situaci\u00f3n que ahora cambi\u00f3.<br \/>\n\u201cNunca lo imaginamos, lo pedimos durante mucho tiempo y nunca se nos dio. Estuve en el a\u00f1o de 1957 en la inauguraci\u00f3n de esta escuela y todo el tiempo que he estado aqu\u00ed nunca se hab\u00eda hecho nada hasta ahora\u201d, dijo Garc\u00eda Rosas, al afirmar que sus tres nietos contar\u00e1n con instalaciones dignas cuando ocurra el retorno a las aulas.<br \/>\nAntonio Morales Salinas, director de obra p\u00fablica, detall\u00f3 que en los domos construidos en las primarias Benito Ju\u00e1rez y Margarita Fern\u00e1ndez de Penagos, cuentan con sistema de captaci\u00f3n de agua de lluvia que permitira garantizar el suministro de agua para lavado y limpieza de escuelas.<br \/>\nSe\u00f1al\u00f3 que adem\u00e1s se construyen domos en beneficio de las primarias Ezequiel A. Pimentel, de la comunidad Paredones; la Jes\u00fas Reyes Heroles en Unidad Rinc\u00f3n del Bosque, y la Telesecundaria L\u00e1zaro Cardenas de San Rafael Caleria. Los domos se instalaron en las \u00e1reas de impartici\u00f3n de educaci\u00f3n f\u00edsica.<\/p>\n","protected":false},"excerpt":{"rendered":"<p>&nbsp; La presidenta municipal Leticia L\u00f3pez Landero inform\u00f3 que durante el a\u00f1o 2020 el Ayuntamiento de C\u00f3rdoba invierte m\u00e1s de ocho millones en la construcci\u00f3n de seis domos que se ubican en igual n\u00famero de planteles educativos de colonias y comunidades. \u201cSon seis domos que est\u00e1n en escuelas que durante much\u00edsimos a\u00f1os pidieron esta ayuda, [&hellip;]<\/p>\n","protected":false},"author":2,"featured_media":0,"comment_status":"open","ping_status":"open","sticky":false,"template":"","format":"video","meta":{"tdm_status":"","tdm_grid_status":"","footnotes":""},"categories":[73],"tags":[20384,10154,7641,20383],"class_list":{"0":"post-59805","1":"post","2":"type-post","3":"status-publish","4":"format-video","6":"category-de-boleto","7":"tag-captacion-de-agua-de-lluvia","8":"tag-domos","9":"tag-leticia-lopez-landero","10":"tag-ninez-cordobesa","11":"post_format-post-format-video"},"yoast_head":"<!-- This site is optimized with the Yoast SEO plugin v27.4 - https:\/\/yoast.com\/product\/yoast-seo-wordpress\/ -->\n<title>Regresar\u00e1n con escuela transformada - Los pol\u00edticos Veracruz<\/title>\n<meta name=\"robots\" content=\"index, follow, max-snippet:-1, max-image-preview:large, max-video-preview:-1\" \/>\n<link rel=\"canonical\" href=\"https:\/\/lospoliticosveracruz.com\/?p=59805\" \/>\n<meta property=\"og:locale\" content=\"es_ES\" \/>\n<meta property=\"og:type\" content=\"article\" \/>\n<meta property=\"og:title\" content=\"Regresar\u00e1n con escuela transformada - Los pol\u00edticos Veracruz\" \/>\n<meta property=\"og:description\" content=\"&nbsp; La presidenta municipal Leticia L\u00f3pez Landero inform\u00f3 que durante el a\u00f1o 2020 el Ayuntamiento de C\u00f3rdoba invierte m\u00e1s de ocho millones en la construcci\u00f3n de seis domos que se ubican en igual n\u00famero de planteles educativos de colonias y comunidades. \u201cSon seis domos que est\u00e1n en escuelas que durante much\u00edsimos a\u00f1os pidieron esta ayuda, [&hellip;]\" \/>\n<meta property=\"og:url\" content=\"https:\/\/lospoliticosveracruz.com\/?p=59805\" \/>\n<meta property=\"og:site_name\" content=\"Los pol\u00edticos Veracruz\" \/>\n<meta property=\"article:publisher\" content=\"https:\/\/www.facebook.com\/people\/Notimemes-de-los-Polticos\/61565672886568\/\" \/>\n<meta property=\"article:published_time\" content=\"2020-08-28T21:13:42+00:00\" \/>\n<meta property=\"article:modified_time\" content=\"2020-08-28T21:14:00+00:00\" \/>\n<meta property=\"og:image\" content=\"https:\/\/lospoliticosveracruz.com\/wp-content\/uploads\/2016\/07\/Logo-Dor.jpg\" \/>\n\t<meta property=\"og:image:width\" content=\"200\" \/>\n\t<meta property=\"og:image:height\" content=\"200\" \/>\n\t<meta property=\"og:image:type\" content=\"image\/jpeg\" \/>\n<meta name=\"author\" content=\"Lo viste en Los Pol\u00edticos\" \/>\n<meta name=\"twitter:card\" content=\"summary_large_image\" \/>\n<meta name=\"twitter:creator\" content=\"@LosPoliticosVer\" \/>\n<meta name=\"twitter:site\" content=\"@LosPoliticosVer\" \/>\n<meta name=\"twitter:label1\" content=\"Escrito por\" \/>\n\t<meta name=\"twitter:data1\" content=\"Lo viste en Los Pol\u00edticos\" \/>\n\t<meta name=\"twitter:label2\" content=\"Tiempo de lectura\" \/>\n\t<meta name=\"twitter:data2\" content=\"2 minutos\" \/>\n<script type=\"application\/ld+json\" class=\"yoast-schema-graph\">{\"@context\":\"https:\\\/\\\/schema.org\",\"@graph\":[{\"@type\":\"Article\",\"@id\":\"https:\\\/\\\/lospoliticosveracruz.com\\\/?p=59805#article\",\"isPartOf\":{\"@id\":\"https:\\\/\\\/lospoliticosveracruz.com\\\/?p=59805\"},\"author\":{\"name\":\"Lo viste en Los Pol\u00edticos\",\"@id\":\"https:\\\/\\\/lospoliticosveracruz.com\\\/#\\\/schema\\\/person\\\/b8702bb0e538456e6efd07080bf2a4a2\"},\"headline\":\"Regresar\u00e1n con escuela transformada\",\"datePublished\":\"2020-08-28T21:13:42+00:00\",\"dateModified\":\"2020-08-28T21:14:00+00:00\",\"mainEntityOfPage\":{\"@id\":\"https:\\\/\\\/lospoliticosveracruz.com\\\/?p=59805\"},\"wordCount\":350,\"commentCount\":0,\"publisher\":{\"@id\":\"https:\\\/\\\/lospoliticosveracruz.com\\\/#organization\"},\"keywords\":[\"Captaci\u00f3n de agua de lluvia\",\"Domos\",\"Leticia L\u00f3pez Landero\",\"Ni\u00f1ez cordobesa\"],\"articleSection\":[\"De Boleto\"],\"inLanguage\":\"es\",\"potentialAction\":[{\"@type\":\"CommentAction\",\"name\":\"Comment\",\"target\":[\"https:\\\/\\\/lospoliticosveracruz.com\\\/?p=59805#respond\"]}]},{\"@type\":\"WebPage\",\"@id\":\"https:\\\/\\\/lospoliticosveracruz.com\\\/?p=59805\",\"url\":\"https:\\\/\\\/lospoliticosveracruz.com\\\/?p=59805\",\"name\":\"Regresar\u00e1n con escuela transformada - Los pol\u00edticos Veracruz\",\"isPartOf\":{\"@id\":\"https:\\\/\\\/lospoliticosveracruz.com\\\/#website\"},\"datePublished\":\"2020-08-28T21:13:42+00:00\",\"dateModified\":\"2020-08-28T21:14:00+00:00\",\"breadcrumb\":{\"@id\":\"https:\\\/\\\/lospoliticosveracruz.com\\\/?p=59805#breadcrumb\"},\"inLanguage\":\"es\",\"potentialAction\":[{\"@type\":\"ReadAction\",\"target\":[\"https:\\\/\\\/lospoliticosveracruz.com\\\/?p=59805\"]}]},{\"@type\":\"BreadcrumbList\",\"@id\":\"https:\\\/\\\/lospoliticosveracruz.com\\\/?p=59805#breadcrumb\",\"itemListElement\":[{\"@type\":\"ListItem\",\"position\":1,\"name\":\"Portada\",\"item\":\"https:\\\/\\\/lospoliticosveracruz.com\\\/\"},{\"@type\":\"ListItem\",\"position\":2,\"name\":\"Regresar\u00e1n con escuela transformada\"}]},{\"@type\":\"WebSite\",\"@id\":\"https:\\\/\\\/lospoliticosveracruz.com\\\/#website\",\"url\":\"https:\\\/\\\/lospoliticosveracruz.com\\\/\",\"name\":\"Los pol\u00edticos Veracruz\",\"description\":\"\",\"publisher\":{\"@id\":\"https:\\\/\\\/lospoliticosveracruz.com\\\/#organization\"},\"potentialAction\":[{\"@type\":\"SearchAction\",\"target\":{\"@type\":\"EntryPoint\",\"urlTemplate\":\"https:\\\/\\\/lospoliticosveracruz.com\\\/?s={search_term_string}\"},\"query-input\":{\"@type\":\"PropertyValueSpecification\",\"valueRequired\":true,\"valueName\":\"search_term_string\"}}],\"inLanguage\":\"es\"},{\"@type\":\"Organization\",\"@id\":\"https:\\\/\\\/lospoliticosveracruz.com\\\/#organization\",\"name\":\"Los pol\u00edticos Veracruz\",\"url\":\"https:\\\/\\\/lospoliticosveracruz.com\\\/\",\"logo\":{\"@type\":\"ImageObject\",\"inLanguage\":\"es\",\"@id\":\"https:\\\/\\\/lospoliticosveracruz.com\\\/#\\\/schema\\\/logo\\\/image\\\/\",\"url\":\"https:\\\/\\\/lospoliticosveracruz.com\\\/wp-content\\\/uploads\\\/2025\\\/12\\\/Logo-Nuevo-LOS-POLITICOS-1.jpg\",\"contentUrl\":\"https:\\\/\\\/lospoliticosveracruz.com\\\/wp-content\\\/uploads\\\/2025\\\/12\\\/Logo-Nuevo-LOS-POLITICOS-1.jpg\",\"width\":260,\"height\":70,\"caption\":\"Los pol\u00edticos Veracruz\"},\"image\":{\"@id\":\"https:\\\/\\\/lospoliticosveracruz.com\\\/#\\\/schema\\\/logo\\\/image\\\/\"},\"sameAs\":[\"https:\\\/\\\/www.facebook.com\\\/people\\\/Notimemes-de-los-Polticos\\\/61565672886568\\\/\",\"https:\\\/\\\/x.com\\\/LosPoliticosVer\"]},{\"@type\":\"Person\",\"@id\":\"https:\\\/\\\/lospoliticosveracruz.com\\\/#\\\/schema\\\/person\\\/b8702bb0e538456e6efd07080bf2a4a2\",\"name\":\"Lo viste en Los Pol\u00edticos\",\"image\":{\"@type\":\"ImageObject\",\"inLanguage\":\"es\",\"@id\":\"https:\\\/\\\/secure.gravatar.com\\\/avatar\\\/3a8de04a2656d44082be478bd6c086daa447c4651605818287b9532d3d0bd435?s=96&d=mm&r=g\",\"url\":\"https:\\\/\\\/secure.gravatar.com\\\/avatar\\\/3a8de04a2656d44082be478bd6c086daa447c4651605818287b9532d3d0bd435?s=96&d=mm&r=g\",\"contentUrl\":\"https:\\\/\\\/secure.gravatar.com\\\/avatar\\\/3a8de04a2656d44082be478bd6c086daa447c4651605818287b9532d3d0bd435?s=96&d=mm&r=g\",\"caption\":\"Lo viste en Los Pol\u00edticos\"},\"url\":\"https:\\\/\\\/lospoliticosveracruz.com\\\/?author=2\"}]}<\/script>\n<!-- \/ Yoast SEO plugin. -->","yoast_head_json":{"title":"Regresar\u00e1n con escuela transformada - Los pol\u00edticos Veracruz","robots":{"index":"index","follow":"follow","max-snippet":"max-snippet:-1","max-image-preview":"max-image-preview:large","max-video-preview":"max-video-preview:-1"},"canonical":"https:\/\/lospoliticosveracruz.com\/?p=59805","og_locale":"es_ES","og_type":"article","og_title":"Regresar\u00e1n con escuela transformada - Los pol\u00edticos Veracruz","og_description":"&nbsp; La presidenta municipal Leticia L\u00f3pez Landero inform\u00f3 que durante el a\u00f1o 2020 el Ayuntamiento de C\u00f3rdoba invierte m\u00e1s de ocho millones en la construcci\u00f3n de seis domos que se ubican en igual n\u00famero de planteles educativos de colonias y comunidades. \u201cSon seis domos que est\u00e1n en escuelas que durante much\u00edsimos a\u00f1os pidieron esta ayuda, [&hellip;]","og_url":"https:\/\/lospoliticosveracruz.com\/?p=59805","og_site_name":"Los pol\u00edticos Veracruz","article_publisher":"https:\/\/www.facebook.com\/people\/Notimemes-de-los-Polticos\/61565672886568\/","article_published_time":"2020-08-28T21:13:42+00:00","article_modified_time":"2020-08-28T21:14:00+00:00","og_image":[{"width":200,"height":200,"url":"https:\/\/lospoliticosveracruz.com\/wp-content\/uploads\/2016\/07\/Logo-Dor.jpg","type":"image\/jpeg"}],"author":"Lo viste en Los Pol\u00edticos","twitter_card":"summary_large_image","twitter_creator":"@LosPoliticosVer","twitter_site":"@LosPoliticosVer","twitter_misc":{"Escrito por":"Lo viste en Los Pol\u00edticos","Tiempo de lectura":"2 minutos"},"schema":{"@context":"https:\/\/schema.org","@graph":[{"@type":"Article","@id":"https:\/\/lospoliticosveracruz.com\/?p=59805#article","isPartOf":{"@id":"https:\/\/lospoliticosveracruz.com\/?p=59805"},"author":{"name":"Lo viste en Los Pol\u00edticos","@id":"https:\/\/lospoliticosveracruz.com\/#\/schema\/person\/b8702bb0e538456e6efd07080bf2a4a2"},"headline":"Regresar\u00e1n con escuela transformada","datePublished":"2020-08-28T21:13:42+00:00","dateModified":"2020-08-28T21:14:00+00:00","mainEntityOfPage":{"@id":"https:\/\/lospoliticosveracruz.com\/?p=59805"},"wordCount":350,"commentCount":0,"publisher":{"@id":"https:\/\/lospoliticosveracruz.com\/#organization"},"keywords":["Captaci\u00f3n de agua de lluvia","Domos","Leticia L\u00f3pez Landero","Ni\u00f1ez cordobesa"],"articleSection":["De Boleto"],"inLanguage":"es","potentialAction":[{"@type":"CommentAction","name":"Comment","target":["https:\/\/lospoliticosveracruz.com\/?p=59805#respond"]}]},{"@type":"WebPage","@id":"https:\/\/lospoliticosveracruz.com\/?p=59805","url":"https:\/\/lospoliticosveracruz.com\/?p=59805","name":"Regresar\u00e1n con escuela transformada - Los pol\u00edticos Veracruz","isPartOf":{"@id":"https:\/\/lospoliticosveracruz.com\/#website"},"datePublished":"2020-08-28T21:13:42+00:00","dateModified":"2020-08-28T21:14:00+00:00","breadcrumb":{"@id":"https:\/\/lospoliticosveracruz.com\/?p=59805#breadcrumb"},"inLanguage":"es","potentialAction":[{"@type":"ReadAction","target":["https:\/\/lospoliticosveracruz.com\/?p=59805"]}]},{"@type":"BreadcrumbList","@id":"https:\/\/lospoliticosveracruz.com\/?p=59805#breadcrumb","itemListElement":[{"@type":"ListItem","position":1,"name":"Portada","item":"https:\/\/lospoliticosveracruz.com\/"},{"@type":"ListItem","position":2,"name":"Regresar\u00e1n con escuela transformada"}]},{"@type":"WebSite","@id":"https:\/\/lospoliticosveracruz.com\/#website","url":"https:\/\/lospoliticosveracruz.com\/","name":"Los pol\u00edticos Veracruz","description":"","publisher":{"@id":"https:\/\/lospoliticosveracruz.com\/#organization"},"potentialAction":[{"@type":"SearchAction","target":{"@type":"EntryPoint","urlTemplate":"https:\/\/lospoliticosveracruz.com\/?s={search_term_string}"},"query-input":{"@type":"PropertyValueSpecification","valueRequired":true,"valueName":"search_term_string"}}],"inLanguage":"es"},{"@type":"Organization","@id":"https:\/\/lospoliticosveracruz.com\/#organization","name":"Los pol\u00edticos Veracruz","url":"https:\/\/lospoliticosveracruz.com\/","logo":{"@type":"ImageObject","inLanguage":"es","@id":"https:\/\/lospoliticosveracruz.com\/#\/schema\/logo\/image\/","url":"https:\/\/lospoliticosveracruz.com\/wp-content\/uploads\/2025\/12\/Logo-Nuevo-LOS-POLITICOS-1.jpg","contentUrl":"https:\/\/lospoliticosveracruz.com\/wp-content\/uploads\/2025\/12\/Logo-Nuevo-LOS-POLITICOS-1.jpg","width":260,"height":70,"caption":"Los pol\u00edticos Veracruz"},"image":{"@id":"https:\/\/lospoliticosveracruz.com\/#\/schema\/logo\/image\/"},"sameAs":["https:\/\/www.facebook.com\/people\/Notimemes-de-los-Polticos\/61565672886568\/","https:\/\/x.com\/LosPoliticosVer"]},{"@type":"Person","@id":"https:\/\/lospoliticosveracruz.com\/#\/schema\/person\/b8702bb0e538456e6efd07080bf2a4a2","name":"Lo viste en Los Pol\u00edticos","image":{"@type":"ImageObject","inLanguage":"es","@id":"https:\/\/secure.gravatar.com\/avatar\/3a8de04a2656d44082be478bd6c086daa447c4651605818287b9532d3d0bd435?s=96&d=mm&r=g","url":"https:\/\/secure.gravatar.com\/avatar\/3a8de04a2656d44082be478bd6c086daa447c4651605818287b9532d3d0bd435?s=96&d=mm&r=g","contentUrl":"https:\/\/secure.gravatar.com\/avatar\/3a8de04a2656d44082be478bd6c086daa447c4651605818287b9532d3d0bd435?s=96&d=mm&r=g","caption":"Lo viste en Los Pol\u00edticos"},"url":"https:\/\/lospoliticosveracruz.com\/?author=2"}]}},"_links":{"self":[{"href":"https:\/\/lospoliticosveracruz.com\/index.php?rest_route=\/wp\/v2\/posts\/59805","targetHints":{"allow":["GET"]}}],"collection":[{"href":"https:\/\/lospoliticosveracruz.com\/index.php?rest_route=\/wp\/v2\/posts"}],"about":[{"href":"https:\/\/lospoliticosveracruz.com\/index.php?rest_route=\/wp\/v2\/types\/post"}],"author":[{"embeddable":true,"href":"https:\/\/lospoliticosveracruz.com\/index.php?rest_route=\/wp\/v2\/users\/2"}],"replies":[{"embeddable":true,"href":"https:\/\/lospoliticosveracruz.com\/index.php?rest_route=%2Fwp%2Fv2%2Fcomments&post=59805"}],"version-history":[{"count":1,"href":"https:\/\/lospoliticosveracruz.com\/index.php?rest_route=\/wp\/v2\/posts\/59805\/revisions"}],"predecessor-version":[{"id":59807,"href":"https:\/\/lospoliticosveracruz.com\/index.php?rest_route=\/wp\/v2\/posts\/59805\/revisions\/59807"}],"wp:attachment":[{"href":"https:\/\/lospoliticosveracruz.com\/index.php?rest_route=%2Fwp%2Fv2%2Fmedia&parent=59805"}],"wp:term":[{"taxonomy":"category","embeddable":true,"href":"https:\/\/lospoliticosveracruz.com\/index.php?rest_route=%2Fwp%2Fv2%2Fcategories&post=59805"},{"taxonomy":"post_tag","embeddable":true,"href":"https:\/\/lospoliticosveracruz.com\/index.php?rest_route=%2Fwp%2Fv2%2Ftags&post=59805"}],"curies":[{"name":"wp","href":"https:\/\/api.w.org\/{rel}","templated":true}]}}