{"id":59882,"date":"2020-08-30T16:51:08","date_gmt":"2020-08-30T21:51:08","guid":{"rendered":"http:\/\/www.lospoliticosveracruz.com.mx\/?p=59882"},"modified":"2020-08-30T16:51:08","modified_gmt":"2020-08-30T21:51:08","slug":"ambicion-de-norona-fractura-a-la-4t-y-al-poder-legislativo-dunyaska","status":"publish","type":"post","link":"https:\/\/lospoliticosveracruz.com\/?p=59882","title":{"rendered":"\u201cAmbici\u00f3n de Noro\u00f1a fractura a la 4T y al Poder Legislativo\u201d: Dunyaska"},"content":{"rendered":"<p>La Diputada Federal por el Distrito XII de Veracruz, Mariana Dunyaska Garc\u00eda Rojas critic\u00f3 el movimiento de legisladores dentro del grupo mayoritario del Congreso para obtener posiciones de poder dentro de la Mesa Directiva y la JUCOPO.<br \/>\n\u201cHab\u00eda tres escenarios factibles rumbo al inicio de sesiones: se respetaban los acuerdos y empez\u00e1bamos con normalidad las sesiones, con el PRI presidiendo la Mesa Directiva; Morena ced\u00eda a las presiones del PT regres\u00e1ndole legisladores y perdiendo el control de la JUCOPO, que pasar\u00eda a ser de la segunda fuerza, el PAN; o se empecinaban en mantener ambos espacios de poder, violentando los acuerdos, la Ley Org\u00e1nica del Congreso y la voluntad popular de los mexicanos. Ahora, vale se\u00f1alar que frente al empate t\u00e9cnico de 46 Diputados del PT y el PRI, un cuarto escenario donde la incapacidad de generar acuerdos y la forma en la que violentan la institucionalidad de la C\u00e1mara, har\u00e1 que se extienda 5 d\u00edas el periodo de la Mesa Directiva anterior, hasta que se logren los acuerdos necesarios y la mayor\u00eda calificada.\u201d<br \/>\n\u201cYa en 2019 pas\u00f3 esto con el intento de Morena de no ceder la Mesa Directiva al PAN, y ahora la ambici\u00f3n por el poder del PT y de Gerardo Fern\u00e1ndez Noro\u00f1a, nos est\u00e1 llevando a una crisis institucional en la C\u00e1mara de Diputados. \u00bfQu\u00e9 prevalecer\u00e1? \u00bfEl acuerdo fundacional de la LXIV Legislatura o la ambici\u00f3n de Gerardo?\u201d<br \/>\nLa legisladora veracruzana record\u00f3 que, a pesar de ser del Bloque Mayoritario, el PT no es la tercera fuerza en el congreso: \u201cLa voluntad popular fue muy clara en 2018, donde Morena obtuvo la mayor\u00eda de votos para la C\u00e1mara (38%), seguido por el PAN (18%), en tercer lugar el PRI (16%), en cuarto el PRD (5.2%), quinto el PVEM (4.8%), sexto MC (4.4%) y hasta el s\u00e9ptimo lugar se encuentra el PT (3.8%), s\u00f3lo rebasando al PES, que perdi\u00f3 el registro. Presumen los 30 millones de votos al Presidente, pero en la realidad, la mayor\u00eda de los mexicanos no suscriben su proyecto, y mucho menos representa el PT una tercera fuerza nacional\u201d<br \/>\n\u201cEntonces, \u00bfC\u00f3mo es que durante tanto tiempo el PT fue la Cuarta fuerza? Sencillo, en 2018 registraron candidatos del PT bajo el estandarte de Morena, por lo cual les dio una sobrerrepresentaci\u00f3n en la C\u00e1mara de Diputados, y cuando Morena requiri\u00f3 a esos Diputados para retener a la JUCOPO, se los dieron. El PT ahora los quiere de regreso para obtener espacios de poder que no les corresponden\u201d<br \/>\n\u201cEn 2018 ya Morena contaba con una sobrerrepresentaci\u00f3n que violentaba el Art\u00edculo 55 de la Constituci\u00f3n Pol\u00edtica de los Estados Unidos Mexicanos, y ahora la ambici\u00f3n por el poder no s\u00f3lo lleva a una crisis en la C\u00e1mara, sino dentro de su propia alianza y de su partido, donde las acusaciones de ca\u00f1onazos de 5 millones de pesos, dicho por sus propios aliados, pleitos por el poder e ilegalidad, los rodea como en la peor \u00e9poca de las tribus del PRD.\u201d<br \/>\nDunyaska concluye: \u201cSi nos vamos a lo que dice la Ley Org\u00e1nica del Congreso, el Art\u00edculo 18 estipula que los candidatos a presidir la Mesa Directiva deben de acreditar ser personas prudentes, tolerantes y con respeto a la convivencia, cosa que con leer por 5 min su cuenta de Twitter u o\u00edr sus pleitos en tribuna, queda claro que no son caracter\u00edsticas de Gerardo Fern\u00e1ndez Noro\u00f1a .\u201d<\/p>\n","protected":false},"excerpt":{"rendered":"<p>La Diputada Federal por el Distrito XII de Veracruz, Mariana Dunyaska Garc\u00eda Rojas critic\u00f3 el movimiento de legisladores dentro del grupo mayoritario del Congreso para obtener posiciones de poder dentro de la Mesa Directiva y la JUCOPO. \u201cHab\u00eda tres escenarios factibles rumbo al inicio de sesiones: se respetaban los acuerdos y empez\u00e1bamos con normalidad las [&hellip;]<\/p>\n","protected":false},"author":2,"featured_media":0,"comment_status":"open","ping_status":"open","sticky":false,"template":"","format":"standard","meta":{"tdm_status":"","tdm_grid_status":"","footnotes":""},"categories":[73],"tags":[2661,19475,12598,9418,20437,5541,6443,266,437,107,251,2289,264,20436],"class_list":{"0":"post-59882","1":"post","2":"type-post","3":"status-publish","4":"format-standard","6":"category-de-boleto","7":"tag-camara-de-diputados","8":"tag-distrito-xii-de-veracruz","9":"tag-gerardo-fernandez-norona","10":"tag-jucopo","11":"tag-ley-organica-del-congreso","12":"tag-mariana-dunyaska-garcia-rojas","13":"tag-mc","14":"tag-pan","15":"tag-pes","16":"tag-prd","17":"tag-pri","18":"tag-pt","19":"tag-pvem","20":"tag-sobrerrepresentacion-en-la-camara-de-diputados"},"yoast_head":"<!-- This site is optimized with the Yoast SEO plugin v27.4 - https:\/\/yoast.com\/product\/yoast-seo-wordpress\/ -->\n<title>\u201cAmbici\u00f3n de Noro\u00f1a fractura a la 4T y al Poder Legislativo\u201d: Dunyaska - Los pol\u00edticos Veracruz<\/title>\n<meta name=\"robots\" content=\"index, follow, max-snippet:-1, max-image-preview:large, max-video-preview:-1\" \/>\n<link rel=\"canonical\" href=\"https:\/\/lospoliticosveracruz.com\/?p=59882\" \/>\n<meta property=\"og:locale\" content=\"es_ES\" \/>\n<meta property=\"og:type\" content=\"article\" \/>\n<meta property=\"og:title\" content=\"\u201cAmbici\u00f3n de Noro\u00f1a fractura a la 4T y al Poder Legislativo\u201d: Dunyaska - Los pol\u00edticos Veracruz\" \/>\n<meta property=\"og:description\" content=\"La Diputada Federal por el Distrito XII de Veracruz, Mariana Dunyaska Garc\u00eda Rojas critic\u00f3 el movimiento de legisladores dentro del grupo mayoritario del Congreso para obtener posiciones de poder dentro de la Mesa Directiva y la JUCOPO. \u201cHab\u00eda tres escenarios factibles rumbo al inicio de sesiones: se respetaban los acuerdos y empez\u00e1bamos con normalidad las [&hellip;]\" \/>\n<meta property=\"og:url\" content=\"https:\/\/lospoliticosveracruz.com\/?p=59882\" \/>\n<meta property=\"og:site_name\" content=\"Los pol\u00edticos Veracruz\" \/>\n<meta property=\"article:publisher\" content=\"https:\/\/www.facebook.com\/people\/Notimemes-de-los-Polticos\/61565672886568\/\" \/>\n<meta property=\"article:published_time\" content=\"2020-08-30T21:51:08+00:00\" \/>\n<meta property=\"og:image\" content=\"https:\/\/lospoliticosveracruz.com\/wp-content\/uploads\/2016\/07\/Logo-Dor.jpg\" \/>\n\t<meta property=\"og:image:width\" content=\"200\" \/>\n\t<meta property=\"og:image:height\" content=\"200\" \/>\n\t<meta property=\"og:image:type\" content=\"image\/jpeg\" \/>\n<meta name=\"author\" content=\"Lo viste en Los Pol\u00edticos\" \/>\n<meta name=\"twitter:card\" content=\"summary_large_image\" \/>\n<meta name=\"twitter:creator\" content=\"@LosPoliticosVer\" \/>\n<meta name=\"twitter:site\" content=\"@LosPoliticosVer\" \/>\n<meta name=\"twitter:label1\" content=\"Escrito por\" \/>\n\t<meta name=\"twitter:data1\" content=\"Lo viste en Los Pol\u00edticos\" \/>\n\t<meta name=\"twitter:label2\" content=\"Tiempo de lectura\" \/>\n\t<meta name=\"twitter:data2\" content=\"3 minutos\" \/>\n<script type=\"application\/ld+json\" class=\"yoast-schema-graph\">{\"@context\":\"https:\\\/\\\/schema.org\",\"@graph\":[{\"@type\":\"Article\",\"@id\":\"https:\\\/\\\/lospoliticosveracruz.com\\\/?p=59882#article\",\"isPartOf\":{\"@id\":\"https:\\\/\\\/lospoliticosveracruz.com\\\/?p=59882\"},\"author\":{\"name\":\"Lo viste en Los Pol\u00edticos\",\"@id\":\"https:\\\/\\\/lospoliticosveracruz.com\\\/#\\\/schema\\\/person\\\/b8702bb0e538456e6efd07080bf2a4a2\"},\"headline\":\"\u201cAmbici\u00f3n de Noro\u00f1a fractura a la 4T y al Poder Legislativo\u201d: Dunyaska\",\"datePublished\":\"2020-08-30T21:51:08+00:00\",\"mainEntityOfPage\":{\"@id\":\"https:\\\/\\\/lospoliticosveracruz.com\\\/?p=59882\"},\"wordCount\":595,\"commentCount\":0,\"publisher\":{\"@id\":\"https:\\\/\\\/lospoliticosveracruz.com\\\/#organization\"},\"keywords\":[\"C\u00e1mara de Diputados\",\"Distrito XII de Veracruz\",\"Gerardo Fern\u00e1ndez Noro\u00f1a\",\"Jucopo\",\"Ley Org\u00e1nica del Congreso\",\"Mariana Dunyaska Garc\u00eda Rojas\",\"MC\",\"PAN\",\"PES\",\"PRD\",\"PRI\",\"PT\",\"PVEM\",\"Sobrerrepresentaci\u00f3n en la C\u00e1mara de Diputados\"],\"articleSection\":[\"De Boleto\"],\"inLanguage\":\"es\",\"potentialAction\":[{\"@type\":\"CommentAction\",\"name\":\"Comment\",\"target\":[\"https:\\\/\\\/lospoliticosveracruz.com\\\/?p=59882#respond\"]}]},{\"@type\":\"WebPage\",\"@id\":\"https:\\\/\\\/lospoliticosveracruz.com\\\/?p=59882\",\"url\":\"https:\\\/\\\/lospoliticosveracruz.com\\\/?p=59882\",\"name\":\"\u201cAmbici\u00f3n de Noro\u00f1a fractura a la 4T y al Poder Legislativo\u201d: Dunyaska - Los pol\u00edticos Veracruz\",\"isPartOf\":{\"@id\":\"https:\\\/\\\/lospoliticosveracruz.com\\\/#website\"},\"datePublished\":\"2020-08-30T21:51:08+00:00\",\"breadcrumb\":{\"@id\":\"https:\\\/\\\/lospoliticosveracruz.com\\\/?p=59882#breadcrumb\"},\"inLanguage\":\"es\",\"potentialAction\":[{\"@type\":\"ReadAction\",\"target\":[\"https:\\\/\\\/lospoliticosveracruz.com\\\/?p=59882\"]}]},{\"@type\":\"BreadcrumbList\",\"@id\":\"https:\\\/\\\/lospoliticosveracruz.com\\\/?p=59882#breadcrumb\",\"itemListElement\":[{\"@type\":\"ListItem\",\"position\":1,\"name\":\"Portada\",\"item\":\"https:\\\/\\\/lospoliticosveracruz.com\\\/\"},{\"@type\":\"ListItem\",\"position\":2,\"name\":\"\u201cAmbici\u00f3n de Noro\u00f1a fractura a la 4T y al Poder Legislativo\u201d: Dunyaska\"}]},{\"@type\":\"WebSite\",\"@id\":\"https:\\\/\\\/lospoliticosveracruz.com\\\/#website\",\"url\":\"https:\\\/\\\/lospoliticosveracruz.com\\\/\",\"name\":\"Los pol\u00edticos Veracruz\",\"description\":\"\",\"publisher\":{\"@id\":\"https:\\\/\\\/lospoliticosveracruz.com\\\/#organization\"},\"potentialAction\":[{\"@type\":\"SearchAction\",\"target\":{\"@type\":\"EntryPoint\",\"urlTemplate\":\"https:\\\/\\\/lospoliticosveracruz.com\\\/?s={search_term_string}\"},\"query-input\":{\"@type\":\"PropertyValueSpecification\",\"valueRequired\":true,\"valueName\":\"search_term_string\"}}],\"inLanguage\":\"es\"},{\"@type\":\"Organization\",\"@id\":\"https:\\\/\\\/lospoliticosveracruz.com\\\/#organization\",\"name\":\"Los pol\u00edticos Veracruz\",\"url\":\"https:\\\/\\\/lospoliticosveracruz.com\\\/\",\"logo\":{\"@type\":\"ImageObject\",\"inLanguage\":\"es\",\"@id\":\"https:\\\/\\\/lospoliticosveracruz.com\\\/#\\\/schema\\\/logo\\\/image\\\/\",\"url\":\"https:\\\/\\\/lospoliticosveracruz.com\\\/wp-content\\\/uploads\\\/2025\\\/12\\\/Logo-Nuevo-LOS-POLITICOS-1.jpg\",\"contentUrl\":\"https:\\\/\\\/lospoliticosveracruz.com\\\/wp-content\\\/uploads\\\/2025\\\/12\\\/Logo-Nuevo-LOS-POLITICOS-1.jpg\",\"width\":260,\"height\":70,\"caption\":\"Los pol\u00edticos Veracruz\"},\"image\":{\"@id\":\"https:\\\/\\\/lospoliticosveracruz.com\\\/#\\\/schema\\\/logo\\\/image\\\/\"},\"sameAs\":[\"https:\\\/\\\/www.facebook.com\\\/people\\\/Notimemes-de-los-Polticos\\\/61565672886568\\\/\",\"https:\\\/\\\/x.com\\\/LosPoliticosVer\"]},{\"@type\":\"Person\",\"@id\":\"https:\\\/\\\/lospoliticosveracruz.com\\\/#\\\/schema\\\/person\\\/b8702bb0e538456e6efd07080bf2a4a2\",\"name\":\"Lo viste en Los Pol\u00edticos\",\"image\":{\"@type\":\"ImageObject\",\"inLanguage\":\"es\",\"@id\":\"https:\\\/\\\/secure.gravatar.com\\\/avatar\\\/3a8de04a2656d44082be478bd6c086daa447c4651605818287b9532d3d0bd435?s=96&d=mm&r=g\",\"url\":\"https:\\\/\\\/secure.gravatar.com\\\/avatar\\\/3a8de04a2656d44082be478bd6c086daa447c4651605818287b9532d3d0bd435?s=96&d=mm&r=g\",\"contentUrl\":\"https:\\\/\\\/secure.gravatar.com\\\/avatar\\\/3a8de04a2656d44082be478bd6c086daa447c4651605818287b9532d3d0bd435?s=96&d=mm&r=g\",\"caption\":\"Lo viste en Los Pol\u00edticos\"},\"url\":\"https:\\\/\\\/lospoliticosveracruz.com\\\/?author=2\"}]}<\/script>\n<!-- \/ Yoast SEO plugin. -->","yoast_head_json":{"title":"\u201cAmbici\u00f3n de Noro\u00f1a fractura a la 4T y al Poder Legislativo\u201d: Dunyaska - Los pol\u00edticos Veracruz","robots":{"index":"index","follow":"follow","max-snippet":"max-snippet:-1","max-image-preview":"max-image-preview:large","max-video-preview":"max-video-preview:-1"},"canonical":"https:\/\/lospoliticosveracruz.com\/?p=59882","og_locale":"es_ES","og_type":"article","og_title":"\u201cAmbici\u00f3n de Noro\u00f1a fractura a la 4T y al Poder Legislativo\u201d: Dunyaska - Los pol\u00edticos Veracruz","og_description":"La Diputada Federal por el Distrito XII de Veracruz, Mariana Dunyaska Garc\u00eda Rojas critic\u00f3 el movimiento de legisladores dentro del grupo mayoritario del Congreso para obtener posiciones de poder dentro de la Mesa Directiva y la JUCOPO. \u201cHab\u00eda tres escenarios factibles rumbo al inicio de sesiones: se respetaban los acuerdos y empez\u00e1bamos con normalidad las [&hellip;]","og_url":"https:\/\/lospoliticosveracruz.com\/?p=59882","og_site_name":"Los pol\u00edticos Veracruz","article_publisher":"https:\/\/www.facebook.com\/people\/Notimemes-de-los-Polticos\/61565672886568\/","article_published_time":"2020-08-30T21:51:08+00:00","og_image":[{"width":200,"height":200,"url":"https:\/\/lospoliticosveracruz.com\/wp-content\/uploads\/2016\/07\/Logo-Dor.jpg","type":"image\/jpeg"}],"author":"Lo viste en Los Pol\u00edticos","twitter_card":"summary_large_image","twitter_creator":"@LosPoliticosVer","twitter_site":"@LosPoliticosVer","twitter_misc":{"Escrito por":"Lo viste en Los Pol\u00edticos","Tiempo de lectura":"3 minutos"},"schema":{"@context":"https:\/\/schema.org","@graph":[{"@type":"Article","@id":"https:\/\/lospoliticosveracruz.com\/?p=59882#article","isPartOf":{"@id":"https:\/\/lospoliticosveracruz.com\/?p=59882"},"author":{"name":"Lo viste en Los Pol\u00edticos","@id":"https:\/\/lospoliticosveracruz.com\/#\/schema\/person\/b8702bb0e538456e6efd07080bf2a4a2"},"headline":"\u201cAmbici\u00f3n de Noro\u00f1a fractura a la 4T y al Poder Legislativo\u201d: Dunyaska","datePublished":"2020-08-30T21:51:08+00:00","mainEntityOfPage":{"@id":"https:\/\/lospoliticosveracruz.com\/?p=59882"},"wordCount":595,"commentCount":0,"publisher":{"@id":"https:\/\/lospoliticosveracruz.com\/#organization"},"keywords":["C\u00e1mara de Diputados","Distrito XII de Veracruz","Gerardo Fern\u00e1ndez Noro\u00f1a","Jucopo","Ley Org\u00e1nica del Congreso","Mariana Dunyaska Garc\u00eda Rojas","MC","PAN","PES","PRD","PRI","PT","PVEM","Sobrerrepresentaci\u00f3n en la C\u00e1mara de Diputados"],"articleSection":["De Boleto"],"inLanguage":"es","potentialAction":[{"@type":"CommentAction","name":"Comment","target":["https:\/\/lospoliticosveracruz.com\/?p=59882#respond"]}]},{"@type":"WebPage","@id":"https:\/\/lospoliticosveracruz.com\/?p=59882","url":"https:\/\/lospoliticosveracruz.com\/?p=59882","name":"\u201cAmbici\u00f3n de Noro\u00f1a fractura a la 4T y al Poder Legislativo\u201d: Dunyaska - Los pol\u00edticos Veracruz","isPartOf":{"@id":"https:\/\/lospoliticosveracruz.com\/#website"},"datePublished":"2020-08-30T21:51:08+00:00","breadcrumb":{"@id":"https:\/\/lospoliticosveracruz.com\/?p=59882#breadcrumb"},"inLanguage":"es","potentialAction":[{"@type":"ReadAction","target":["https:\/\/lospoliticosveracruz.com\/?p=59882"]}]},{"@type":"BreadcrumbList","@id":"https:\/\/lospoliticosveracruz.com\/?p=59882#breadcrumb","itemListElement":[{"@type":"ListItem","position":1,"name":"Portada","item":"https:\/\/lospoliticosveracruz.com\/"},{"@type":"ListItem","position":2,"name":"\u201cAmbici\u00f3n de Noro\u00f1a fractura a la 4T y al Poder Legislativo\u201d: Dunyaska"}]},{"@type":"WebSite","@id":"https:\/\/lospoliticosveracruz.com\/#website","url":"https:\/\/lospoliticosveracruz.com\/","name":"Los pol\u00edticos Veracruz","description":"","publisher":{"@id":"https:\/\/lospoliticosveracruz.com\/#organization"},"potentialAction":[{"@type":"SearchAction","target":{"@type":"EntryPoint","urlTemplate":"https:\/\/lospoliticosveracruz.com\/?s={search_term_string}"},"query-input":{"@type":"PropertyValueSpecification","valueRequired":true,"valueName":"search_term_string"}}],"inLanguage":"es"},{"@type":"Organization","@id":"https:\/\/lospoliticosveracruz.com\/#organization","name":"Los pol\u00edticos Veracruz","url":"https:\/\/lospoliticosveracruz.com\/","logo":{"@type":"ImageObject","inLanguage":"es","@id":"https:\/\/lospoliticosveracruz.com\/#\/schema\/logo\/image\/","url":"https:\/\/lospoliticosveracruz.com\/wp-content\/uploads\/2025\/12\/Logo-Nuevo-LOS-POLITICOS-1.jpg","contentUrl":"https:\/\/lospoliticosveracruz.com\/wp-content\/uploads\/2025\/12\/Logo-Nuevo-LOS-POLITICOS-1.jpg","width":260,"height":70,"caption":"Los pol\u00edticos Veracruz"},"image":{"@id":"https:\/\/lospoliticosveracruz.com\/#\/schema\/logo\/image\/"},"sameAs":["https:\/\/www.facebook.com\/people\/Notimemes-de-los-Polticos\/61565672886568\/","https:\/\/x.com\/LosPoliticosVer"]},{"@type":"Person","@id":"https:\/\/lospoliticosveracruz.com\/#\/schema\/person\/b8702bb0e538456e6efd07080bf2a4a2","name":"Lo viste en Los Pol\u00edticos","image":{"@type":"ImageObject","inLanguage":"es","@id":"https:\/\/secure.gravatar.com\/avatar\/3a8de04a2656d44082be478bd6c086daa447c4651605818287b9532d3d0bd435?s=96&d=mm&r=g","url":"https:\/\/secure.gravatar.com\/avatar\/3a8de04a2656d44082be478bd6c086daa447c4651605818287b9532d3d0bd435?s=96&d=mm&r=g","contentUrl":"https:\/\/secure.gravatar.com\/avatar\/3a8de04a2656d44082be478bd6c086daa447c4651605818287b9532d3d0bd435?s=96&d=mm&r=g","caption":"Lo viste en Los Pol\u00edticos"},"url":"https:\/\/lospoliticosveracruz.com\/?author=2"}]}},"_links":{"self":[{"href":"https:\/\/lospoliticosveracruz.com\/index.php?rest_route=\/wp\/v2\/posts\/59882","targetHints":{"allow":["GET"]}}],"collection":[{"href":"https:\/\/lospoliticosveracruz.com\/index.php?rest_route=\/wp\/v2\/posts"}],"about":[{"href":"https:\/\/lospoliticosveracruz.com\/index.php?rest_route=\/wp\/v2\/types\/post"}],"author":[{"embeddable":true,"href":"https:\/\/lospoliticosveracruz.com\/index.php?rest_route=\/wp\/v2\/users\/2"}],"replies":[{"embeddable":true,"href":"https:\/\/lospoliticosveracruz.com\/index.php?rest_route=%2Fwp%2Fv2%2Fcomments&post=59882"}],"version-history":[{"count":1,"href":"https:\/\/lospoliticosveracruz.com\/index.php?rest_route=\/wp\/v2\/posts\/59882\/revisions"}],"predecessor-version":[{"id":59884,"href":"https:\/\/lospoliticosveracruz.com\/index.php?rest_route=\/wp\/v2\/posts\/59882\/revisions\/59884"}],"wp:attachment":[{"href":"https:\/\/lospoliticosveracruz.com\/index.php?rest_route=%2Fwp%2Fv2%2Fmedia&parent=59882"}],"wp:term":[{"taxonomy":"category","embeddable":true,"href":"https:\/\/lospoliticosveracruz.com\/index.php?rest_route=%2Fwp%2Fv2%2Fcategories&post=59882"},{"taxonomy":"post_tag","embeddable":true,"href":"https:\/\/lospoliticosveracruz.com\/index.php?rest_route=%2Fwp%2Fv2%2Ftags&post=59882"}],"curies":[{"name":"wp","href":"https:\/\/api.w.org\/{rel}","templated":true}]}}