{"id":59914,"date":"2020-08-31T08:29:24","date_gmt":"2020-08-31T13:29:24","guid":{"rendered":"http:\/\/www.lospoliticosveracruz.com.mx\/?p=59914"},"modified":"2020-08-31T08:30:08","modified_gmt":"2020-08-31T13:30:08","slug":"marlon-la-purga","status":"publish","type":"post","link":"https:\/\/lospoliticosveracruz.com\/?p=59914","title":{"rendered":"Marlon: La Purga!"},"content":{"rendered":"<p><strong>Ricardo Chua<\/strong><\/p>\n<p><em>Sale y vale<\/em><\/p>\n<p>&nbsp;<\/p>\n<p>LA CLAVE DE MORENA&#8230; S\u00f3lo est\u00e1n esperando que los efectos de los se\u00f1alamientos a Ex Presidentes de M\u00e9xico por parte de Andr\u00e9s Manuel L\u00f3pez Obrador, para que puedan ser enjuiciados despu\u00e9s de las consultas p\u00fablicas&#8230; Esos resultados pueden ser referentes para ver la intenci\u00f3n de votos para MORENA en la elecci\u00f3n federal del 2021&#8230; Ya que seg\u00fan datos propios&#8230; Los Morenos no se podr\u00edan en este momento llevar m\u00e1s de 8 distritos electorales de los 20 que hay en la entidad&#8230;<\/p>\n<p>&nbsp;<a href=\"https:\/\/www.facebook.com\/notaria61veracruz\/\"><img decoding=\"async\" src=\"http:\/\/www.lospoliticosveracruz.com.mx\/wp-content\/uploads\/2020\/07\/CINTILLO-Armando.jpg\" alt=\"\" \/><\/a><\/p>\n<p>Los Morenos saben que si la participaci\u00f3n ciudadana en Veracruz&#8230; No lo hace en demas\u00eda para esta consulta p\u00fablica.. Tendr\u00e1n que hacer un esfuerzo para lograr ganar distritos que ya no tienen en su poder por la p\u00e9rdida en su credibilidad como partido&#8230; De 18 distritos que ganaron en 2018.. Ahora no podr\u00e1n ni retener la mitad&#8230; El desgaste de poder y los temas de corrupci\u00f3n en los funcionarios federales del actual gobierno.. Le han dado un \u00abmameyazo\u00bb en la credibilidad&#8230; NO LAS TRAE TODAS CONSIGO&#8230;<\/p>\n<p>PRI, LA DEPURACI\u00d3N.. Mucho se puede decir de la historia del PRI en Veracruz.. De la manera, que se alejaron de la ciudadan\u00eda y que por ello, perdieron el poder&#8230; Pero lo que s\u00ed ha quedado claro, despu\u00e9s de los rumores de las \u00abluchas intestinas\u00bb al interior del priismo en la entidad, es que este partido, sus estructuras ya se est\u00e1n moviendo por todo el Estado&#8230;. Algo que no pasaba en las anteriores dirigencias&#8230; Ahora como no hay un \u00abTlatoani\u00bb que ordene&#8230; Todos buscan sus sitios y eso hace que circule&#8230;<\/p>\n<p>Desde la llegada de Marl\u00f3n Ram\u00edrez, algunas voces dentro del partido y otras que ya estaban fuera sirviendo a otros intereses pol\u00edticos, criticaron que era un personaje que no har\u00eda nada&#8230; Que estaba ligado a los Yunes azules&#8230; Que obedec\u00eda a los intereses de Jorge Carvallo&#8230; Que no era una figura pol\u00edtica reconocida&#8230; Pero poco a poco, empez\u00f3 a mostrar cosas distintas&#8230; Como el hecho de renovar comit\u00e9s municipales priistas, respetando poderes locales, no imponiendo&#8230; Eso evit\u00f3 confrontaciones al interior&#8230;<\/p>\n<p>Adem\u00e1s est\u00e1 sentado con los otros dirigentes de partidos de oposici\u00f3n a MORENA&#8230; Buscando formar una alianza para enfrentar el proceso local del 2021&#8230; Y, lo hace fortaleciendo las bases, militancia y estructura de su partido&#8230; Con el fin de fortalecerse pasadas las elecciones locales y medir lo que vendr\u00e1 en 2024&#8230; Pero eso es otro cantar&#8230; Por lo pronto, Marl\u00f3n est\u00e1 en camino de renovar los 212 comit\u00e9s municipales priistas&#8230; Y OJO eso, s\u00f3lo hace un partido con estructura&#8230; Sin ella, no sirve de nada&#8230;<\/p>\n<p>As\u00ed que si de algo est\u00e1n sirviendo estas \u00abpugnas\u00bb internas al interior del priismo es para que este organismo se mueva&#8230; A diferencia de antes, que no se hac\u00eda nada&#8230; Al final de cuentas, este organismo que a\u00fan cuenta con estructura&#8230; Est\u00e1 haciendo algo: DEPURAR a su militancia&#8230; Dejando en el camino aquellos que no quieran participar y sobre todo que se est\u00e1n quedando afuera los cuadros \u00abquemados\u00bb y que est\u00e1n se\u00f1alados por la sociedad&#8230;<\/p>\n<p>Adem\u00e1s esto se da a notar m\u00e1s f\u00e1cil&#8230; Ya que hay otros partidos de oposici\u00f3n o en el poder&#8230; Que han ido a buscar a cuadros, militantes o estructura que ten\u00eda el PRI.. Que son los mismos personajes que en su momento, cuando vean que no les dan lo que quieren, los van a traicionar&#8230; Como lo hicieron con el PRI, quien los hizo millonarios y \u00abdestacados\u00bb pol\u00edticos&#8230; Ja Ja Ja&#8230; Ejemplos pa qu\u00e9&#8230; Ah\u00ed vean como se menean en Veracruz&#8230; Ahora al PRI s\u00f3lo le falta lograr la alianza opositora&#8230; Si lo logra: AMEN&#8230;<\/p>\n<p>COVID, EL OTRO DESGASTE&#8230; En estos momentos, hay reportes en el Hospital General de Veracruz puerto&#8230; Que a pesar que se les da cursos y pl\u00e1ticas al personal m\u00e9dico y enfermeras, se contin\u00faan present\u00e1ndose casos, conocidos como el \u00abS\u00edndrome de Desgaste\u00bb&#8230; Que es cuando el cuerpo y mente de los m\u00e9dicos, se fatigan y empiezan a dar datos de algo m\u00e1s en su salud&#8230; Bajan las defensas y pueden ser propensos a enfermarse del virus o de cualquier otra bacteria que deambule por el nosocomio&#8230;<\/p>\n<p>Desde hace semanas, la direcci\u00f3n del hospital, ya est\u00e1 dando TRATAMIENTOS a m\u00e9dicos y enfermeras que presentan estos casos.. Pero al parecer, no es suficiente&#8230; Ya que contin\u00faan m\u00e1s m\u00e9dicos incapacitandose, ya sea porque est\u00e1n enfermos o entran a ser personal de riesgo y que pueden adquirir alguna enfermedad&#8230; Sin embargo, se quejan porque a pesar de que al final corren el riesgo de salir infectados, la Secretar\u00eda de Salud, no les entrega el material suficiente a tiempo para estar protegidos.<\/p>\n<p>Hay que recordar que no todos pueden pagar una habitaci\u00f3n con atenci\u00f3n m\u00e9dica privada en un hospital&#8230; Al menos, que seas \u00abrico y sabroso\u00bb o un personaje privilegiado y con influencias en el sector salud&#8230; Y que te puedas gastar hasta 400 mil pesos por atenderte en uno de esos nosocomios&#8230; Pero como esto a\u00fan no tiene para cuando acabar y los m\u00e9dicos, se empiezan a agotar y ya no se dan abasto&#8230;Este virus puede volver a crecer en demas\u00eda&#8230; DIOS NOS PROTEJA&#8230;<\/p>\n<p>HOSPITAL SIN COLAPSAR&#8230; A pesar de que esto se puede leer como una rareza en estos tiempos de pandemia&#8230; El n\u00famero de enfermos por COVID-19 en el Hospital General de Veracruz puerto, ha bajado considerablemente de 15 d\u00edas a la fecha&#8230; Este mismo nosocomio que hace apenas un mes, estaba colapsado&#8230; No hab\u00eda lugar para ni un enfermo m\u00e1s.. No ten\u00edan espacio para m\u00e1s, se encontraba lleno, lleno, lleno y lleno&#8230;<\/p>\n<p>De pronto los casos de esta pandemia empezaron a bajar y lo que era realmente grave en su capacidad humana en personal m\u00e9dico, tampoco fue ha aumentado&#8230; Pero ahora con lo que tienen es suficiente porque los n\u00fameros de enfermos bajaron&#8230;.La carga de trabajo para atender estos casos graves y complicados por COVID&#8230; Ya no se les est\u00e1 complicando, menos mermando la salud emocional y f\u00edsica de los m\u00e9dicos porque llegaban a trabajar desde muy tempranas&#8230; Por fin buenas noticias&#8230; Ojal\u00e1 as\u00ed sigan<\/p>\n","protected":false},"excerpt":{"rendered":"<p>Ricardo Chua Sale y vale &nbsp; LA CLAVE DE MORENA&#8230; S\u00f3lo est\u00e1n esperando que los efectos de los se\u00f1alamientos a Ex Presidentes de M\u00e9xico por parte de Andr\u00e9s Manuel L\u00f3pez Obrador, para que puedan ser enjuiciados despu\u00e9s de las consultas p\u00fablicas&#8230; Esos resultados pueden ser referentes para ver la intenci\u00f3n de votos para MORENA en [&hellip;]<\/p>\n","protected":false},"author":2,"featured_media":0,"comment_status":"open","ping_status":"open","sticky":false,"template":"","format":"standard","meta":{"tdm_status":"","tdm_grid_status":"","footnotes":""},"categories":[70],"tags":[618,16673,20465,12652,1111,1706,1026,16929,20045,13604,195],"class_list":{"0":"post-59914","1":"post","2":"type-post","3":"status-publish","4":"format-standard","6":"category-de-opinion","7":"tag-andres-manuel-lopez-obrador","8":"tag-covid-19","9":"tag-ex-presidentes-de-mexico","10":"tag-hospital-general-de-veracruz","11":"tag-jorge-carvallo","12":"tag-marlon-ramirez","13":"tag-morena","14":"tag-pandemia","15":"tag-pri-en-veracruz","16":"tag-ricardo-chua","17":"tag-veracruz"},"yoast_head":"<!-- This site is optimized with the Yoast SEO plugin v27.4 - https:\/\/yoast.com\/product\/yoast-seo-wordpress\/ -->\n<title>Marlon: La Purga! - Los pol\u00edticos Veracruz<\/title>\n<meta name=\"robots\" content=\"index, follow, max-snippet:-1, max-image-preview:large, max-video-preview:-1\" \/>\n<link rel=\"canonical\" href=\"https:\/\/lospoliticosveracruz.com\/?p=59914\" \/>\n<meta property=\"og:locale\" content=\"es_ES\" \/>\n<meta property=\"og:type\" content=\"article\" \/>\n<meta property=\"og:title\" content=\"Marlon: La Purga! - Los pol\u00edticos Veracruz\" \/>\n<meta property=\"og:description\" content=\"Ricardo Chua Sale y vale &nbsp; LA CLAVE DE MORENA&#8230; S\u00f3lo est\u00e1n esperando que los efectos de los se\u00f1alamientos a Ex Presidentes de M\u00e9xico por parte de Andr\u00e9s Manuel L\u00f3pez Obrador, para que puedan ser enjuiciados despu\u00e9s de las consultas p\u00fablicas&#8230; Esos resultados pueden ser referentes para ver la intenci\u00f3n de votos para MORENA en [&hellip;]\" \/>\n<meta property=\"og:url\" content=\"https:\/\/lospoliticosveracruz.com\/?p=59914\" \/>\n<meta property=\"og:site_name\" content=\"Los pol\u00edticos Veracruz\" \/>\n<meta property=\"article:publisher\" content=\"https:\/\/www.facebook.com\/people\/Notimemes-de-los-Polticos\/61565672886568\/\" \/>\n<meta property=\"article:published_time\" content=\"2020-08-31T13:29:24+00:00\" \/>\n<meta property=\"article:modified_time\" content=\"2020-08-31T13:30:08+00:00\" \/>\n<meta property=\"og:image\" content=\"http:\/\/www.lospoliticosveracruz.com.mx\/wp-content\/uploads\/2020\/07\/CINTILLO-Armando.jpg\" \/>\n<meta name=\"author\" content=\"Lo viste en Los Pol\u00edticos\" \/>\n<meta name=\"twitter:card\" content=\"summary_large_image\" \/>\n<meta name=\"twitter:creator\" content=\"@LosPoliticosVer\" \/>\n<meta name=\"twitter:site\" content=\"@LosPoliticosVer\" \/>\n<meta name=\"twitter:label1\" content=\"Escrito por\" \/>\n\t<meta name=\"twitter:data1\" content=\"Lo viste en Los Pol\u00edticos\" \/>\n\t<meta name=\"twitter:label2\" content=\"Tiempo de lectura\" \/>\n\t<meta name=\"twitter:data2\" content=\"5 minutos\" \/>\n<script type=\"application\/ld+json\" class=\"yoast-schema-graph\">{\"@context\":\"https:\\\/\\\/schema.org\",\"@graph\":[{\"@type\":\"Article\",\"@id\":\"https:\\\/\\\/lospoliticosveracruz.com\\\/?p=59914#article\",\"isPartOf\":{\"@id\":\"https:\\\/\\\/lospoliticosveracruz.com\\\/?p=59914\"},\"author\":{\"name\":\"Lo viste en Los Pol\u00edticos\",\"@id\":\"https:\\\/\\\/lospoliticosveracruz.com\\\/#\\\/schema\\\/person\\\/b8702bb0e538456e6efd07080bf2a4a2\"},\"headline\":\"Marlon: La Purga!\",\"datePublished\":\"2020-08-31T13:29:24+00:00\",\"dateModified\":\"2020-08-31T13:30:08+00:00\",\"mainEntityOfPage\":{\"@id\":\"https:\\\/\\\/lospoliticosveracruz.com\\\/?p=59914\"},\"wordCount\":1078,\"commentCount\":0,\"publisher\":{\"@id\":\"https:\\\/\\\/lospoliticosveracruz.com\\\/#organization\"},\"image\":{\"@id\":\"https:\\\/\\\/lospoliticosveracruz.com\\\/?p=59914#primaryimage\"},\"thumbnailUrl\":\"http:\\\/\\\/www.lospoliticosveracruz.com.mx\\\/wp-content\\\/uploads\\\/2020\\\/07\\\/CINTILLO-Armando.jpg\",\"keywords\":[\"Andr\u00e9s Manuel L\u00f3pez Obrador\",\"Covid 19\",\"Ex Presidentes de M\u00e9xico\",\"Hospital General de Veracruz\",\"Jorge Carvallo\",\"Marlon Ram\u00edrez\",\"Morena\",\"pandemia\",\"PRI en Veracruz\",\"Ricardo Ch\u00faa\",\"Veracruz\"],\"articleSection\":[\"De Opini\u00f3n\"],\"inLanguage\":\"es\",\"potentialAction\":[{\"@type\":\"CommentAction\",\"name\":\"Comment\",\"target\":[\"https:\\\/\\\/lospoliticosveracruz.com\\\/?p=59914#respond\"]}]},{\"@type\":\"WebPage\",\"@id\":\"https:\\\/\\\/lospoliticosveracruz.com\\\/?p=59914\",\"url\":\"https:\\\/\\\/lospoliticosveracruz.com\\\/?p=59914\",\"name\":\"Marlon: La Purga! - Los pol\u00edticos Veracruz\",\"isPartOf\":{\"@id\":\"https:\\\/\\\/lospoliticosveracruz.com\\\/#website\"},\"primaryImageOfPage\":{\"@id\":\"https:\\\/\\\/lospoliticosveracruz.com\\\/?p=59914#primaryimage\"},\"image\":{\"@id\":\"https:\\\/\\\/lospoliticosveracruz.com\\\/?p=59914#primaryimage\"},\"thumbnailUrl\":\"http:\\\/\\\/www.lospoliticosveracruz.com.mx\\\/wp-content\\\/uploads\\\/2020\\\/07\\\/CINTILLO-Armando.jpg\",\"datePublished\":\"2020-08-31T13:29:24+00:00\",\"dateModified\":\"2020-08-31T13:30:08+00:00\",\"breadcrumb\":{\"@id\":\"https:\\\/\\\/lospoliticosveracruz.com\\\/?p=59914#breadcrumb\"},\"inLanguage\":\"es\",\"potentialAction\":[{\"@type\":\"ReadAction\",\"target\":[\"https:\\\/\\\/lospoliticosveracruz.com\\\/?p=59914\"]}]},{\"@type\":\"ImageObject\",\"inLanguage\":\"es\",\"@id\":\"https:\\\/\\\/lospoliticosveracruz.com\\\/?p=59914#primaryimage\",\"url\":\"http:\\\/\\\/www.lospoliticosveracruz.com.mx\\\/wp-content\\\/uploads\\\/2020\\\/07\\\/CINTILLO-Armando.jpg\",\"contentUrl\":\"http:\\\/\\\/www.lospoliticosveracruz.com.mx\\\/wp-content\\\/uploads\\\/2020\\\/07\\\/CINTILLO-Armando.jpg\"},{\"@type\":\"BreadcrumbList\",\"@id\":\"https:\\\/\\\/lospoliticosveracruz.com\\\/?p=59914#breadcrumb\",\"itemListElement\":[{\"@type\":\"ListItem\",\"position\":1,\"name\":\"Portada\",\"item\":\"https:\\\/\\\/lospoliticosveracruz.com\\\/\"},{\"@type\":\"ListItem\",\"position\":2,\"name\":\"Marlon: La Purga!\"}]},{\"@type\":\"WebSite\",\"@id\":\"https:\\\/\\\/lospoliticosveracruz.com\\\/#website\",\"url\":\"https:\\\/\\\/lospoliticosveracruz.com\\\/\",\"name\":\"Los pol\u00edticos Veracruz\",\"description\":\"\",\"publisher\":{\"@id\":\"https:\\\/\\\/lospoliticosveracruz.com\\\/#organization\"},\"potentialAction\":[{\"@type\":\"SearchAction\",\"target\":{\"@type\":\"EntryPoint\",\"urlTemplate\":\"https:\\\/\\\/lospoliticosveracruz.com\\\/?s={search_term_string}\"},\"query-input\":{\"@type\":\"PropertyValueSpecification\",\"valueRequired\":true,\"valueName\":\"search_term_string\"}}],\"inLanguage\":\"es\"},{\"@type\":\"Organization\",\"@id\":\"https:\\\/\\\/lospoliticosveracruz.com\\\/#organization\",\"name\":\"Los pol\u00edticos Veracruz\",\"url\":\"https:\\\/\\\/lospoliticosveracruz.com\\\/\",\"logo\":{\"@type\":\"ImageObject\",\"inLanguage\":\"es\",\"@id\":\"https:\\\/\\\/lospoliticosveracruz.com\\\/#\\\/schema\\\/logo\\\/image\\\/\",\"url\":\"https:\\\/\\\/lospoliticosveracruz.com\\\/wp-content\\\/uploads\\\/2025\\\/12\\\/Logo-Nuevo-LOS-POLITICOS-1.jpg\",\"contentUrl\":\"https:\\\/\\\/lospoliticosveracruz.com\\\/wp-content\\\/uploads\\\/2025\\\/12\\\/Logo-Nuevo-LOS-POLITICOS-1.jpg\",\"width\":260,\"height\":70,\"caption\":\"Los pol\u00edticos Veracruz\"},\"image\":{\"@id\":\"https:\\\/\\\/lospoliticosveracruz.com\\\/#\\\/schema\\\/logo\\\/image\\\/\"},\"sameAs\":[\"https:\\\/\\\/www.facebook.com\\\/people\\\/Notimemes-de-los-Polticos\\\/61565672886568\\\/\",\"https:\\\/\\\/x.com\\\/LosPoliticosVer\"]},{\"@type\":\"Person\",\"@id\":\"https:\\\/\\\/lospoliticosveracruz.com\\\/#\\\/schema\\\/person\\\/b8702bb0e538456e6efd07080bf2a4a2\",\"name\":\"Lo viste en Los Pol\u00edticos\",\"image\":{\"@type\":\"ImageObject\",\"inLanguage\":\"es\",\"@id\":\"https:\\\/\\\/secure.gravatar.com\\\/avatar\\\/3a8de04a2656d44082be478bd6c086daa447c4651605818287b9532d3d0bd435?s=96&d=mm&r=g\",\"url\":\"https:\\\/\\\/secure.gravatar.com\\\/avatar\\\/3a8de04a2656d44082be478bd6c086daa447c4651605818287b9532d3d0bd435?s=96&d=mm&r=g\",\"contentUrl\":\"https:\\\/\\\/secure.gravatar.com\\\/avatar\\\/3a8de04a2656d44082be478bd6c086daa447c4651605818287b9532d3d0bd435?s=96&d=mm&r=g\",\"caption\":\"Lo viste en Los Pol\u00edticos\"},\"url\":\"https:\\\/\\\/lospoliticosveracruz.com\\\/?author=2\"}]}<\/script>\n<!-- \/ Yoast SEO plugin. -->","yoast_head_json":{"title":"Marlon: La Purga! - Los pol\u00edticos Veracruz","robots":{"index":"index","follow":"follow","max-snippet":"max-snippet:-1","max-image-preview":"max-image-preview:large","max-video-preview":"max-video-preview:-1"},"canonical":"https:\/\/lospoliticosveracruz.com\/?p=59914","og_locale":"es_ES","og_type":"article","og_title":"Marlon: La Purga! - Los pol\u00edticos Veracruz","og_description":"Ricardo Chua Sale y vale &nbsp; LA CLAVE DE MORENA&#8230; S\u00f3lo est\u00e1n esperando que los efectos de los se\u00f1alamientos a Ex Presidentes de M\u00e9xico por parte de Andr\u00e9s Manuel L\u00f3pez Obrador, para que puedan ser enjuiciados despu\u00e9s de las consultas p\u00fablicas&#8230; Esos resultados pueden ser referentes para ver la intenci\u00f3n de votos para MORENA en [&hellip;]","og_url":"https:\/\/lospoliticosveracruz.com\/?p=59914","og_site_name":"Los pol\u00edticos Veracruz","article_publisher":"https:\/\/www.facebook.com\/people\/Notimemes-de-los-Polticos\/61565672886568\/","article_published_time":"2020-08-31T13:29:24+00:00","article_modified_time":"2020-08-31T13:30:08+00:00","og_image":[{"url":"http:\/\/www.lospoliticosveracruz.com.mx\/wp-content\/uploads\/2020\/07\/CINTILLO-Armando.jpg","type":"","width":"","height":""}],"author":"Lo viste en Los Pol\u00edticos","twitter_card":"summary_large_image","twitter_creator":"@LosPoliticosVer","twitter_site":"@LosPoliticosVer","twitter_misc":{"Escrito por":"Lo viste en Los Pol\u00edticos","Tiempo de lectura":"5 minutos"},"schema":{"@context":"https:\/\/schema.org","@graph":[{"@type":"Article","@id":"https:\/\/lospoliticosveracruz.com\/?p=59914#article","isPartOf":{"@id":"https:\/\/lospoliticosveracruz.com\/?p=59914"},"author":{"name":"Lo viste en Los Pol\u00edticos","@id":"https:\/\/lospoliticosveracruz.com\/#\/schema\/person\/b8702bb0e538456e6efd07080bf2a4a2"},"headline":"Marlon: La Purga!","datePublished":"2020-08-31T13:29:24+00:00","dateModified":"2020-08-31T13:30:08+00:00","mainEntityOfPage":{"@id":"https:\/\/lospoliticosveracruz.com\/?p=59914"},"wordCount":1078,"commentCount":0,"publisher":{"@id":"https:\/\/lospoliticosveracruz.com\/#organization"},"image":{"@id":"https:\/\/lospoliticosveracruz.com\/?p=59914#primaryimage"},"thumbnailUrl":"http:\/\/www.lospoliticosveracruz.com.mx\/wp-content\/uploads\/2020\/07\/CINTILLO-Armando.jpg","keywords":["Andr\u00e9s Manuel L\u00f3pez Obrador","Covid 19","Ex Presidentes de M\u00e9xico","Hospital General de Veracruz","Jorge Carvallo","Marlon Ram\u00edrez","Morena","pandemia","PRI en Veracruz","Ricardo Ch\u00faa","Veracruz"],"articleSection":["De Opini\u00f3n"],"inLanguage":"es","potentialAction":[{"@type":"CommentAction","name":"Comment","target":["https:\/\/lospoliticosveracruz.com\/?p=59914#respond"]}]},{"@type":"WebPage","@id":"https:\/\/lospoliticosveracruz.com\/?p=59914","url":"https:\/\/lospoliticosveracruz.com\/?p=59914","name":"Marlon: La Purga! - Los pol\u00edticos Veracruz","isPartOf":{"@id":"https:\/\/lospoliticosveracruz.com\/#website"},"primaryImageOfPage":{"@id":"https:\/\/lospoliticosveracruz.com\/?p=59914#primaryimage"},"image":{"@id":"https:\/\/lospoliticosveracruz.com\/?p=59914#primaryimage"},"thumbnailUrl":"http:\/\/www.lospoliticosveracruz.com.mx\/wp-content\/uploads\/2020\/07\/CINTILLO-Armando.jpg","datePublished":"2020-08-31T13:29:24+00:00","dateModified":"2020-08-31T13:30:08+00:00","breadcrumb":{"@id":"https:\/\/lospoliticosveracruz.com\/?p=59914#breadcrumb"},"inLanguage":"es","potentialAction":[{"@type":"ReadAction","target":["https:\/\/lospoliticosveracruz.com\/?p=59914"]}]},{"@type":"ImageObject","inLanguage":"es","@id":"https:\/\/lospoliticosveracruz.com\/?p=59914#primaryimage","url":"http:\/\/www.lospoliticosveracruz.com.mx\/wp-content\/uploads\/2020\/07\/CINTILLO-Armando.jpg","contentUrl":"http:\/\/www.lospoliticosveracruz.com.mx\/wp-content\/uploads\/2020\/07\/CINTILLO-Armando.jpg"},{"@type":"BreadcrumbList","@id":"https:\/\/lospoliticosveracruz.com\/?p=59914#breadcrumb","itemListElement":[{"@type":"ListItem","position":1,"name":"Portada","item":"https:\/\/lospoliticosveracruz.com\/"},{"@type":"ListItem","position":2,"name":"Marlon: La Purga!"}]},{"@type":"WebSite","@id":"https:\/\/lospoliticosveracruz.com\/#website","url":"https:\/\/lospoliticosveracruz.com\/","name":"Los pol\u00edticos Veracruz","description":"","publisher":{"@id":"https:\/\/lospoliticosveracruz.com\/#organization"},"potentialAction":[{"@type":"SearchAction","target":{"@type":"EntryPoint","urlTemplate":"https:\/\/lospoliticosveracruz.com\/?s={search_term_string}"},"query-input":{"@type":"PropertyValueSpecification","valueRequired":true,"valueName":"search_term_string"}}],"inLanguage":"es"},{"@type":"Organization","@id":"https:\/\/lospoliticosveracruz.com\/#organization","name":"Los pol\u00edticos Veracruz","url":"https:\/\/lospoliticosveracruz.com\/","logo":{"@type":"ImageObject","inLanguage":"es","@id":"https:\/\/lospoliticosveracruz.com\/#\/schema\/logo\/image\/","url":"https:\/\/lospoliticosveracruz.com\/wp-content\/uploads\/2025\/12\/Logo-Nuevo-LOS-POLITICOS-1.jpg","contentUrl":"https:\/\/lospoliticosveracruz.com\/wp-content\/uploads\/2025\/12\/Logo-Nuevo-LOS-POLITICOS-1.jpg","width":260,"height":70,"caption":"Los pol\u00edticos Veracruz"},"image":{"@id":"https:\/\/lospoliticosveracruz.com\/#\/schema\/logo\/image\/"},"sameAs":["https:\/\/www.facebook.com\/people\/Notimemes-de-los-Polticos\/61565672886568\/","https:\/\/x.com\/LosPoliticosVer"]},{"@type":"Person","@id":"https:\/\/lospoliticosveracruz.com\/#\/schema\/person\/b8702bb0e538456e6efd07080bf2a4a2","name":"Lo viste en Los Pol\u00edticos","image":{"@type":"ImageObject","inLanguage":"es","@id":"https:\/\/secure.gravatar.com\/avatar\/3a8de04a2656d44082be478bd6c086daa447c4651605818287b9532d3d0bd435?s=96&d=mm&r=g","url":"https:\/\/secure.gravatar.com\/avatar\/3a8de04a2656d44082be478bd6c086daa447c4651605818287b9532d3d0bd435?s=96&d=mm&r=g","contentUrl":"https:\/\/secure.gravatar.com\/avatar\/3a8de04a2656d44082be478bd6c086daa447c4651605818287b9532d3d0bd435?s=96&d=mm&r=g","caption":"Lo viste en Los Pol\u00edticos"},"url":"https:\/\/lospoliticosveracruz.com\/?author=2"}]}},"_links":{"self":[{"href":"https:\/\/lospoliticosveracruz.com\/index.php?rest_route=\/wp\/v2\/posts\/59914","targetHints":{"allow":["GET"]}}],"collection":[{"href":"https:\/\/lospoliticosveracruz.com\/index.php?rest_route=\/wp\/v2\/posts"}],"about":[{"href":"https:\/\/lospoliticosveracruz.com\/index.php?rest_route=\/wp\/v2\/types\/post"}],"author":[{"embeddable":true,"href":"https:\/\/lospoliticosveracruz.com\/index.php?rest_route=\/wp\/v2\/users\/2"}],"replies":[{"embeddable":true,"href":"https:\/\/lospoliticosveracruz.com\/index.php?rest_route=%2Fwp%2Fv2%2Fcomments&post=59914"}],"version-history":[{"count":2,"href":"https:\/\/lospoliticosveracruz.com\/index.php?rest_route=\/wp\/v2\/posts\/59914\/revisions"}],"predecessor-version":[{"id":59917,"href":"https:\/\/lospoliticosveracruz.com\/index.php?rest_route=\/wp\/v2\/posts\/59914\/revisions\/59917"}],"wp:attachment":[{"href":"https:\/\/lospoliticosveracruz.com\/index.php?rest_route=%2Fwp%2Fv2%2Fmedia&parent=59914"}],"wp:term":[{"taxonomy":"category","embeddable":true,"href":"https:\/\/lospoliticosveracruz.com\/index.php?rest_route=%2Fwp%2Fv2%2Fcategories&post=59914"},{"taxonomy":"post_tag","embeddable":true,"href":"https:\/\/lospoliticosveracruz.com\/index.php?rest_route=%2Fwp%2Fv2%2Ftags&post=59914"}],"curies":[{"name":"wp","href":"https:\/\/api.w.org\/{rel}","templated":true}]}}