{"id":59964,"date":"2020-08-31T18:15:46","date_gmt":"2020-08-31T23:15:46","guid":{"rendered":"http:\/\/www.lospoliticosveracruz.com.mx\/?p=59964"},"modified":"2020-08-31T18:15:46","modified_gmt":"2020-08-31T23:15:46","slug":"veracruz-generara-versiones-publicas-con-app","status":"publish","type":"post","link":"https:\/\/lospoliticosveracruz.com\/?p=59964","title":{"rendered":"Veracruz generar\u00e1 versiones p\u00fablicas con app"},"content":{"rendered":"<p>&nbsp;<\/p>\n<p>El Instituto Veracruzano de Acceso a la Informaci\u00f3n y Protecci\u00f3n de Datos Personales (IVAI), ser\u00e1 el tercer \u00f3rgano garante del Sistema Nacional de Transparencia (SNT) que podr\u00e1 utilizar el Test Data, una herramienta tecnol\u00f3gica para generar versiones p\u00fablicas de manera automatizada.<br \/>\nLos integrantes del Pleno signaron un convenio con autoridades del ayuntamiento de Guadalajara, teniendo como testigo a la coordinadora de \u00d3rganos Garantes de las entidades federativas del SNT y comisionada del Instituto de Transparencia de Jalisco, Cynthia Cantero Pacheco, para el uso gratuito del software, el cual podr\u00e1 ser utilizado por los 401 sujetos obligados de Veracruz.<br \/>\n\u201cNos convertimos en el tercer estado en poder utilizar la herramienta. Lo utilizar\u00e1n las \u00e1reas del IVAI y podr\u00e1 ser usado por las dependencias de los diferentes \u00f3rdenes de gobierno en Veracruz para hacer versiones p\u00fablicas seguras de documentos que deben transparentarse y que, sin duda, favorecen la rendici\u00f3n de cuentas\u201d, destac\u00f3 la comisionada presidenta del IVAI, Naldy Rodr\u00edguez Lagunes.<\/p>\n<p>Destac\u00f3 que el Test Data permitir\u00e1 armonizar los dos derechos de acceso a la informaci\u00f3n y protecci\u00f3n de datos personales para que se haga la entrega de la informaci\u00f3n, testando y protegiendo los datos reservados o confidenciales, en versiones p\u00fablicas, lo que facilitar\u00e1 a los entes p\u00fablicos la labor de transparentar.<\/p>\n<p>\u201cEn los derechos que nos competen velar, las TICS y las plataformas digitales juegan un papel fundamental, representan el medio para hacer llegar la informaci\u00f3n solicitada por la ciudadan\u00eda, pero tambi\u00e9n la hacen accesible, visible y segura\u201d.<\/p>\n<p>La comisionada del organismo garante de Jalisco, Cynthia Cantero Pacheco, aplaudi\u00f3 que el IVAI fuera uno de primeros \u00f3rganos garantes del pa\u00eds en sumarse a esta iniciativa, la cual busca homogeneizar<\/p>\n<p>Mencion\u00f3 que el programa Test Data es una herramienta que ahora cobra mayor relevancia luego que, en la \u00faltima reforma a la Ley General de Transparencia, se les dio un plazo de seis meses a los Poderes Judiciales del pa\u00eds para que comiencen a publicar en sus portales de internet y en la Plataforma Nacional de Transparencia todas las sentencias que emitan.<\/p>\n<p>La intenci\u00f3n -dijo- es que esta herramienta sea utilizada en los m\u00e1s de 8 mil sujetos obligados que existen en M\u00e9xico.<\/p>\n<p>En representaci\u00f3n del alcalde de Guadalajara, Ismael del Toro Castro, estuvo presente el coordinador general de Administraci\u00f3n e Innovaci\u00f3n Gubernamental del ayuntamiento, Mario Padilla Carrillo, quien coment\u00f3 que este convenio permitir\u00e1 promover el uso de la herramienta entre los sujetos obligados del estado lo que har\u00e1 posible la homologaci\u00f3n de versiones p\u00fablicas de documentos clasificados.<\/p>\n<p>\u201cEn Guadalajara tenemos el compromiso de compartir esta tecnolog\u00eda con otros sujetos obligados ya que como gobierno municipal estamos comprometidos en contribuir con la cultura de la transparencia\u201d, expres\u00f3.<\/p>\n<p>La Directora de Transparencia y Buenas Pr\u00e1cticas del Gobierno Municipal de Guadalajara, Ruth Irais Ruiz Velasco Campos, a\u00f1adi\u00f3 que la herramienta tecnol\u00f3gica se pone a disposici\u00f3n de forma gratuita y puede ser utilizada sin conexi\u00f3n a internet.<\/p>\n<p>La comisionada Magda Zayas Mu\u00f1oz y el comisionado Alfredo Corona Liz\u00e1rraga, estuvieron presentes en la ceremonia virtual y firmaron el convenio por el que se fortalecer\u00e1 el trabajo del IVAI y de los sujetos obligados de Veracruz.<\/p>\n","protected":false},"excerpt":{"rendered":"<p>&nbsp; El Instituto Veracruzano de Acceso a la Informaci\u00f3n y Protecci\u00f3n de Datos Personales (IVAI), ser\u00e1 el tercer \u00f3rgano garante del Sistema Nacional de Transparencia (SNT) que podr\u00e1 utilizar el Test Data, una herramienta tecnol\u00f3gica para generar versiones p\u00fablicas de manera automatizada. Los integrantes del Pleno signaron un convenio con autoridades del ayuntamiento de Guadalajara, [&hellip;]<\/p>\n","protected":false},"author":2,"featured_media":0,"comment_status":"open","ping_status":"open","sticky":false,"template":"","format":"standard","meta":{"tdm_status":"","tdm_grid_status":"","footnotes":""},"categories":[73],"tags":[20221,12994,20494,20498,985,20299,18209,20497,5753,20496,20499,20495,20085,19208,195],"class_list":{"0":"post-59964","1":"post","2":"type-post","3":"status-publish","4":"format-standard","6":"category-de-boleto","7":"tag-cynthia-cantero-pacheco","8":"tag-guadalajara","9":"tag-instituto-de-transparencia-de-jalisco","10":"tag-ismael-del-toro-castro","11":"tag-ivai","12":"tag-ley-general-de-transparencia","13":"tag-magda-zayas-munoz","14":"tag-mario-padilla-carrillo","15":"tag-naldy-rodriguez-lagunes","16":"tag-poderes-judiciales","17":"tag-ruth-irais-ruiz-velasco-campos","18":"tag-snt","19":"tag-test-data","20":"tag-tics","21":"tag-veracruz"},"yoast_head":"<!-- This site is optimized with the Yoast SEO plugin v27.4 - https:\/\/yoast.com\/product\/yoast-seo-wordpress\/ -->\n<title>Veracruz generar\u00e1 versiones p\u00fablicas con app - Los pol\u00edticos Veracruz<\/title>\n<meta name=\"robots\" content=\"index, follow, max-snippet:-1, max-image-preview:large, max-video-preview:-1\" \/>\n<link rel=\"canonical\" href=\"https:\/\/lospoliticosveracruz.com\/?p=59964\" \/>\n<meta property=\"og:locale\" content=\"es_ES\" \/>\n<meta property=\"og:type\" content=\"article\" \/>\n<meta property=\"og:title\" content=\"Veracruz generar\u00e1 versiones p\u00fablicas con app - Los pol\u00edticos Veracruz\" \/>\n<meta property=\"og:description\" content=\"&nbsp; El Instituto Veracruzano de Acceso a la Informaci\u00f3n y Protecci\u00f3n de Datos Personales (IVAI), ser\u00e1 el tercer \u00f3rgano garante del Sistema Nacional de Transparencia (SNT) que podr\u00e1 utilizar el Test Data, una herramienta tecnol\u00f3gica para generar versiones p\u00fablicas de manera automatizada. Los integrantes del Pleno signaron un convenio con autoridades del ayuntamiento de Guadalajara, [&hellip;]\" \/>\n<meta property=\"og:url\" content=\"https:\/\/lospoliticosveracruz.com\/?p=59964\" \/>\n<meta property=\"og:site_name\" content=\"Los pol\u00edticos Veracruz\" \/>\n<meta property=\"article:publisher\" content=\"https:\/\/www.facebook.com\/people\/Notimemes-de-los-Polticos\/61565672886568\/\" \/>\n<meta property=\"article:published_time\" content=\"2020-08-31T23:15:46+00:00\" \/>\n<meta property=\"og:image\" content=\"https:\/\/lospoliticosveracruz.com\/wp-content\/uploads\/2016\/07\/Logo-Dor.jpg\" \/>\n\t<meta property=\"og:image:width\" content=\"200\" \/>\n\t<meta property=\"og:image:height\" content=\"200\" \/>\n\t<meta property=\"og:image:type\" content=\"image\/jpeg\" \/>\n<meta name=\"author\" content=\"Lo viste en Los Pol\u00edticos\" \/>\n<meta name=\"twitter:card\" content=\"summary_large_image\" \/>\n<meta name=\"twitter:creator\" content=\"@LosPoliticosVer\" \/>\n<meta name=\"twitter:site\" content=\"@LosPoliticosVer\" \/>\n<meta name=\"twitter:label1\" content=\"Escrito por\" \/>\n\t<meta name=\"twitter:data1\" content=\"Lo viste en Los Pol\u00edticos\" \/>\n\t<meta name=\"twitter:label2\" content=\"Tiempo de lectura\" \/>\n\t<meta name=\"twitter:data2\" content=\"3 minutos\" \/>\n<script type=\"application\/ld+json\" class=\"yoast-schema-graph\">{\"@context\":\"https:\\\/\\\/schema.org\",\"@graph\":[{\"@type\":\"Article\",\"@id\":\"https:\\\/\\\/lospoliticosveracruz.com\\\/?p=59964#article\",\"isPartOf\":{\"@id\":\"https:\\\/\\\/lospoliticosveracruz.com\\\/?p=59964\"},\"author\":{\"name\":\"Lo viste en Los Pol\u00edticos\",\"@id\":\"https:\\\/\\\/lospoliticosveracruz.com\\\/#\\\/schema\\\/person\\\/b8702bb0e538456e6efd07080bf2a4a2\"},\"headline\":\"Veracruz generar\u00e1 versiones p\u00fablicas con app\",\"datePublished\":\"2020-08-31T23:15:46+00:00\",\"mainEntityOfPage\":{\"@id\":\"https:\\\/\\\/lospoliticosveracruz.com\\\/?p=59964\"},\"wordCount\":558,\"commentCount\":0,\"publisher\":{\"@id\":\"https:\\\/\\\/lospoliticosveracruz.com\\\/#organization\"},\"keywords\":[\"Cynthia Cantero Pacheco\",\"Guadalajara\",\"Instituto de Transparencia de Jalisco\",\"Ismael del Toro Castro\",\"IVAI\",\"Ley General de Transparencia\",\"Magda Zayas Mu\u00f1oz\",\"Mario Padilla Carrillo\",\"Naldy Rodr\u00edguez Lagunes\",\"Poderes Judiciales\",\"Ruth Irais Ruiz Velasco Campos\",\"SNT\",\"Test Data\",\"TIC\u00b4s\",\"Veracruz\"],\"articleSection\":[\"De Boleto\"],\"inLanguage\":\"es\",\"potentialAction\":[{\"@type\":\"CommentAction\",\"name\":\"Comment\",\"target\":[\"https:\\\/\\\/lospoliticosveracruz.com\\\/?p=59964#respond\"]}]},{\"@type\":\"WebPage\",\"@id\":\"https:\\\/\\\/lospoliticosveracruz.com\\\/?p=59964\",\"url\":\"https:\\\/\\\/lospoliticosveracruz.com\\\/?p=59964\",\"name\":\"Veracruz generar\u00e1 versiones p\u00fablicas con app - Los pol\u00edticos Veracruz\",\"isPartOf\":{\"@id\":\"https:\\\/\\\/lospoliticosveracruz.com\\\/#website\"},\"datePublished\":\"2020-08-31T23:15:46+00:00\",\"breadcrumb\":{\"@id\":\"https:\\\/\\\/lospoliticosveracruz.com\\\/?p=59964#breadcrumb\"},\"inLanguage\":\"es\",\"potentialAction\":[{\"@type\":\"ReadAction\",\"target\":[\"https:\\\/\\\/lospoliticosveracruz.com\\\/?p=59964\"]}]},{\"@type\":\"BreadcrumbList\",\"@id\":\"https:\\\/\\\/lospoliticosveracruz.com\\\/?p=59964#breadcrumb\",\"itemListElement\":[{\"@type\":\"ListItem\",\"position\":1,\"name\":\"Portada\",\"item\":\"https:\\\/\\\/lospoliticosveracruz.com\\\/\"},{\"@type\":\"ListItem\",\"position\":2,\"name\":\"Veracruz generar\u00e1 versiones p\u00fablicas con app\"}]},{\"@type\":\"WebSite\",\"@id\":\"https:\\\/\\\/lospoliticosveracruz.com\\\/#website\",\"url\":\"https:\\\/\\\/lospoliticosveracruz.com\\\/\",\"name\":\"Los pol\u00edticos Veracruz\",\"description\":\"\",\"publisher\":{\"@id\":\"https:\\\/\\\/lospoliticosveracruz.com\\\/#organization\"},\"potentialAction\":[{\"@type\":\"SearchAction\",\"target\":{\"@type\":\"EntryPoint\",\"urlTemplate\":\"https:\\\/\\\/lospoliticosveracruz.com\\\/?s={search_term_string}\"},\"query-input\":{\"@type\":\"PropertyValueSpecification\",\"valueRequired\":true,\"valueName\":\"search_term_string\"}}],\"inLanguage\":\"es\"},{\"@type\":\"Organization\",\"@id\":\"https:\\\/\\\/lospoliticosveracruz.com\\\/#organization\",\"name\":\"Los pol\u00edticos Veracruz\",\"url\":\"https:\\\/\\\/lospoliticosveracruz.com\\\/\",\"logo\":{\"@type\":\"ImageObject\",\"inLanguage\":\"es\",\"@id\":\"https:\\\/\\\/lospoliticosveracruz.com\\\/#\\\/schema\\\/logo\\\/image\\\/\",\"url\":\"https:\\\/\\\/lospoliticosveracruz.com\\\/wp-content\\\/uploads\\\/2025\\\/12\\\/Logo-Nuevo-LOS-POLITICOS-1.jpg\",\"contentUrl\":\"https:\\\/\\\/lospoliticosveracruz.com\\\/wp-content\\\/uploads\\\/2025\\\/12\\\/Logo-Nuevo-LOS-POLITICOS-1.jpg\",\"width\":260,\"height\":70,\"caption\":\"Los pol\u00edticos Veracruz\"},\"image\":{\"@id\":\"https:\\\/\\\/lospoliticosveracruz.com\\\/#\\\/schema\\\/logo\\\/image\\\/\"},\"sameAs\":[\"https:\\\/\\\/www.facebook.com\\\/people\\\/Notimemes-de-los-Polticos\\\/61565672886568\\\/\",\"https:\\\/\\\/x.com\\\/LosPoliticosVer\"]},{\"@type\":\"Person\",\"@id\":\"https:\\\/\\\/lospoliticosveracruz.com\\\/#\\\/schema\\\/person\\\/b8702bb0e538456e6efd07080bf2a4a2\",\"name\":\"Lo viste en Los Pol\u00edticos\",\"image\":{\"@type\":\"ImageObject\",\"inLanguage\":\"es\",\"@id\":\"https:\\\/\\\/secure.gravatar.com\\\/avatar\\\/3a8de04a2656d44082be478bd6c086daa447c4651605818287b9532d3d0bd435?s=96&d=mm&r=g\",\"url\":\"https:\\\/\\\/secure.gravatar.com\\\/avatar\\\/3a8de04a2656d44082be478bd6c086daa447c4651605818287b9532d3d0bd435?s=96&d=mm&r=g\",\"contentUrl\":\"https:\\\/\\\/secure.gravatar.com\\\/avatar\\\/3a8de04a2656d44082be478bd6c086daa447c4651605818287b9532d3d0bd435?s=96&d=mm&r=g\",\"caption\":\"Lo viste en Los Pol\u00edticos\"},\"url\":\"https:\\\/\\\/lospoliticosveracruz.com\\\/?author=2\"}]}<\/script>\n<!-- \/ Yoast SEO plugin. -->","yoast_head_json":{"title":"Veracruz generar\u00e1 versiones p\u00fablicas con app - Los pol\u00edticos Veracruz","robots":{"index":"index","follow":"follow","max-snippet":"max-snippet:-1","max-image-preview":"max-image-preview:large","max-video-preview":"max-video-preview:-1"},"canonical":"https:\/\/lospoliticosveracruz.com\/?p=59964","og_locale":"es_ES","og_type":"article","og_title":"Veracruz generar\u00e1 versiones p\u00fablicas con app - Los pol\u00edticos Veracruz","og_description":"&nbsp; El Instituto Veracruzano de Acceso a la Informaci\u00f3n y Protecci\u00f3n de Datos Personales (IVAI), ser\u00e1 el tercer \u00f3rgano garante del Sistema Nacional de Transparencia (SNT) que podr\u00e1 utilizar el Test Data, una herramienta tecnol\u00f3gica para generar versiones p\u00fablicas de manera automatizada. Los integrantes del Pleno signaron un convenio con autoridades del ayuntamiento de Guadalajara, [&hellip;]","og_url":"https:\/\/lospoliticosveracruz.com\/?p=59964","og_site_name":"Los pol\u00edticos Veracruz","article_publisher":"https:\/\/www.facebook.com\/people\/Notimemes-de-los-Polticos\/61565672886568\/","article_published_time":"2020-08-31T23:15:46+00:00","og_image":[{"width":200,"height":200,"url":"https:\/\/lospoliticosveracruz.com\/wp-content\/uploads\/2016\/07\/Logo-Dor.jpg","type":"image\/jpeg"}],"author":"Lo viste en Los Pol\u00edticos","twitter_card":"summary_large_image","twitter_creator":"@LosPoliticosVer","twitter_site":"@LosPoliticosVer","twitter_misc":{"Escrito por":"Lo viste en Los Pol\u00edticos","Tiempo de lectura":"3 minutos"},"schema":{"@context":"https:\/\/schema.org","@graph":[{"@type":"Article","@id":"https:\/\/lospoliticosveracruz.com\/?p=59964#article","isPartOf":{"@id":"https:\/\/lospoliticosveracruz.com\/?p=59964"},"author":{"name":"Lo viste en Los Pol\u00edticos","@id":"https:\/\/lospoliticosveracruz.com\/#\/schema\/person\/b8702bb0e538456e6efd07080bf2a4a2"},"headline":"Veracruz generar\u00e1 versiones p\u00fablicas con app","datePublished":"2020-08-31T23:15:46+00:00","mainEntityOfPage":{"@id":"https:\/\/lospoliticosveracruz.com\/?p=59964"},"wordCount":558,"commentCount":0,"publisher":{"@id":"https:\/\/lospoliticosveracruz.com\/#organization"},"keywords":["Cynthia Cantero Pacheco","Guadalajara","Instituto de Transparencia de Jalisco","Ismael del Toro Castro","IVAI","Ley General de Transparencia","Magda Zayas Mu\u00f1oz","Mario Padilla Carrillo","Naldy Rodr\u00edguez Lagunes","Poderes Judiciales","Ruth Irais Ruiz Velasco Campos","SNT","Test Data","TIC\u00b4s","Veracruz"],"articleSection":["De Boleto"],"inLanguage":"es","potentialAction":[{"@type":"CommentAction","name":"Comment","target":["https:\/\/lospoliticosveracruz.com\/?p=59964#respond"]}]},{"@type":"WebPage","@id":"https:\/\/lospoliticosveracruz.com\/?p=59964","url":"https:\/\/lospoliticosveracruz.com\/?p=59964","name":"Veracruz generar\u00e1 versiones p\u00fablicas con app - Los pol\u00edticos Veracruz","isPartOf":{"@id":"https:\/\/lospoliticosveracruz.com\/#website"},"datePublished":"2020-08-31T23:15:46+00:00","breadcrumb":{"@id":"https:\/\/lospoliticosveracruz.com\/?p=59964#breadcrumb"},"inLanguage":"es","potentialAction":[{"@type":"ReadAction","target":["https:\/\/lospoliticosveracruz.com\/?p=59964"]}]},{"@type":"BreadcrumbList","@id":"https:\/\/lospoliticosveracruz.com\/?p=59964#breadcrumb","itemListElement":[{"@type":"ListItem","position":1,"name":"Portada","item":"https:\/\/lospoliticosveracruz.com\/"},{"@type":"ListItem","position":2,"name":"Veracruz generar\u00e1 versiones p\u00fablicas con app"}]},{"@type":"WebSite","@id":"https:\/\/lospoliticosveracruz.com\/#website","url":"https:\/\/lospoliticosveracruz.com\/","name":"Los pol\u00edticos Veracruz","description":"","publisher":{"@id":"https:\/\/lospoliticosveracruz.com\/#organization"},"potentialAction":[{"@type":"SearchAction","target":{"@type":"EntryPoint","urlTemplate":"https:\/\/lospoliticosveracruz.com\/?s={search_term_string}"},"query-input":{"@type":"PropertyValueSpecification","valueRequired":true,"valueName":"search_term_string"}}],"inLanguage":"es"},{"@type":"Organization","@id":"https:\/\/lospoliticosveracruz.com\/#organization","name":"Los pol\u00edticos Veracruz","url":"https:\/\/lospoliticosveracruz.com\/","logo":{"@type":"ImageObject","inLanguage":"es","@id":"https:\/\/lospoliticosveracruz.com\/#\/schema\/logo\/image\/","url":"https:\/\/lospoliticosveracruz.com\/wp-content\/uploads\/2025\/12\/Logo-Nuevo-LOS-POLITICOS-1.jpg","contentUrl":"https:\/\/lospoliticosveracruz.com\/wp-content\/uploads\/2025\/12\/Logo-Nuevo-LOS-POLITICOS-1.jpg","width":260,"height":70,"caption":"Los pol\u00edticos Veracruz"},"image":{"@id":"https:\/\/lospoliticosveracruz.com\/#\/schema\/logo\/image\/"},"sameAs":["https:\/\/www.facebook.com\/people\/Notimemes-de-los-Polticos\/61565672886568\/","https:\/\/x.com\/LosPoliticosVer"]},{"@type":"Person","@id":"https:\/\/lospoliticosveracruz.com\/#\/schema\/person\/b8702bb0e538456e6efd07080bf2a4a2","name":"Lo viste en Los Pol\u00edticos","image":{"@type":"ImageObject","inLanguage":"es","@id":"https:\/\/secure.gravatar.com\/avatar\/3a8de04a2656d44082be478bd6c086daa447c4651605818287b9532d3d0bd435?s=96&d=mm&r=g","url":"https:\/\/secure.gravatar.com\/avatar\/3a8de04a2656d44082be478bd6c086daa447c4651605818287b9532d3d0bd435?s=96&d=mm&r=g","contentUrl":"https:\/\/secure.gravatar.com\/avatar\/3a8de04a2656d44082be478bd6c086daa447c4651605818287b9532d3d0bd435?s=96&d=mm&r=g","caption":"Lo viste en Los Pol\u00edticos"},"url":"https:\/\/lospoliticosveracruz.com\/?author=2"}]}},"_links":{"self":[{"href":"https:\/\/lospoliticosveracruz.com\/index.php?rest_route=\/wp\/v2\/posts\/59964","targetHints":{"allow":["GET"]}}],"collection":[{"href":"https:\/\/lospoliticosveracruz.com\/index.php?rest_route=\/wp\/v2\/posts"}],"about":[{"href":"https:\/\/lospoliticosveracruz.com\/index.php?rest_route=\/wp\/v2\/types\/post"}],"author":[{"embeddable":true,"href":"https:\/\/lospoliticosveracruz.com\/index.php?rest_route=\/wp\/v2\/users\/2"}],"replies":[{"embeddable":true,"href":"https:\/\/lospoliticosveracruz.com\/index.php?rest_route=%2Fwp%2Fv2%2Fcomments&post=59964"}],"version-history":[{"count":1,"href":"https:\/\/lospoliticosveracruz.com\/index.php?rest_route=\/wp\/v2\/posts\/59964\/revisions"}],"predecessor-version":[{"id":59966,"href":"https:\/\/lospoliticosveracruz.com\/index.php?rest_route=\/wp\/v2\/posts\/59964\/revisions\/59966"}],"wp:attachment":[{"href":"https:\/\/lospoliticosveracruz.com\/index.php?rest_route=%2Fwp%2Fv2%2Fmedia&parent=59964"}],"wp:term":[{"taxonomy":"category","embeddable":true,"href":"https:\/\/lospoliticosveracruz.com\/index.php?rest_route=%2Fwp%2Fv2%2Fcategories&post=59964"},{"taxonomy":"post_tag","embeddable":true,"href":"https:\/\/lospoliticosveracruz.com\/index.php?rest_route=%2Fwp%2Fv2%2Ftags&post=59964"}],"curies":[{"name":"wp","href":"https:\/\/api.w.org\/{rel}","templated":true}]}}