{"id":59967,"date":"2020-08-31T21:04:47","date_gmt":"2020-09-01T02:04:47","guid":{"rendered":"http:\/\/www.lospoliticosveracruz.com.mx\/?p=59967"},"modified":"2020-08-31T21:04:47","modified_gmt":"2020-09-01T02:04:47","slug":"villa-por-moreno-ramos-en-becas","status":"publish","type":"post","link":"https:\/\/lospoliticosveracruz.com\/?p=59967","title":{"rendered":"Villa por Moreno Ramos en Becas"},"content":{"rendered":"<p>Gustavo Moreno Ramos entreg\u00f3 este d\u00eda la Coordinaci\u00f3n de Becas en el Estado de Veracruz a Carlos Villa Jim\u00e9nez, por autorizaci\u00f3n de Nohem\u00ed Leticia \u00c1nimas Vargas, Coordinadora Nacional del Programa de Becas para el Bienestar \u201cBenito Ju\u00e1rez\u201d y con el acuerdo de Leopoldo Figueroa Olea, Director General de Coordinaci\u00f3n y Seguimiento Territorial.<\/p>\n<p>El acto se llev\u00f3 a cabo en las oficinas de la Coordinaci\u00f3n Estatal de Becas en la ciudad de Xalapa.<\/p>\n<p>Ah\u00ed, Moreno Ramos agradeci\u00f3 la oportunidad por haberse desempe\u00f1ado durante a\u00f1o y medio en el esfuerzo de concretar el proyecto del Gobierno de la 4T para construir las bases de una nueva sociedad, justa e igualitaria y reconoci\u00f3 a su relevo como un joven profesional, capacitado y con experiencia, a quien le augur\u00f3 \u00e9xito y buenos resultados en beneficio de la poblaci\u00f3n becaria.<\/p>\n<p>Testigo en el acto para este relevo, el Delegado de Programas para el Desarrollo, Manuel Huerta Ladr\u00f3n de Guevara, dio la bienvenida al nuevo funcionario y se\u00f1al\u00f3 que la oficina de Representaci\u00f3n de la Coordinaci\u00f3n Nacional de Becas en el Estado de Veracruz retomar\u00e1 las tareas pendientes en ense\u00f1anza media superior y actualizar el padr\u00f3n en el nivel b\u00e1sico.<\/p>\n<p>\u201cCon el nuevo encargado de la Coordinaci\u00f3n Estatal de Becas seguiremos trabajando en las pr\u00f3ximas etapas para seguir sirvi\u00e9ndole al pueblo, aplic\u00e1ndonos al 1000%\u201d, a\u00f1adi\u00f3 el Delegado Huerta.<\/p>\n<p>Finalmente, el nuevo responsable operativo de la oficina de representaci\u00f3n de la Coordinaci\u00f3n Nacional de Becas para el Bienestar \u201cBenito Ju\u00e1rez\u201d en el Estado refrend\u00f3 su compromiso de trabajar al \u201c24 por 7\u201d en las tareas que le tocan para cumplir los objetivos planteada por la Coordinaci\u00f3n Nacional de Becas, junto con los Delegados Regionales, Servidores de la Naci\u00f3n y todos los que participan como una sola estructura y trabajan codo a codo para lograr mejores resultados.<\/p>\n","protected":false},"excerpt":{"rendered":"<p>Gustavo Moreno Ramos entreg\u00f3 este d\u00eda la Coordinaci\u00f3n de Becas en el Estado de Veracruz a Carlos Villa Jim\u00e9nez, por autorizaci\u00f3n de Nohem\u00ed Leticia \u00c1nimas Vargas, Coordinadora Nacional del Programa de Becas para el Bienestar \u201cBenito Ju\u00e1rez\u201d y con el acuerdo de Leopoldo Figueroa Olea, Director General de Coordinaci\u00f3n y Seguimiento Territorial. El acto se [&hellip;]<\/p>\n","protected":false},"author":2,"featured_media":0,"comment_status":"open","ping_status":"open","sticky":false,"template":"","format":"standard","meta":{"tdm_status":"","tdm_grid_status":"","footnotes":""},"categories":[73],"tags":[20501,20500,20504,8033,20503,1850,20502,17524,195],"class_list":{"0":"post-59967","1":"post","2":"type-post","3":"status-publish","4":"format-standard","6":"category-de-boleto","7":"tag-carlos-villa-jimenez","8":"tag-coordinacion-de-becas","9":"tag-coordinacion-nacional-de-becas","10":"tag-gustavo-moreno-ramos","11":"tag-leopoldo-figueroa-olea","12":"tag-manuel-huerta-ladron-de-guevara","13":"tag-nohemi-leticia-animas-vargas","14":"tag-programas-para-el-desarrollo","15":"tag-veracruz"},"yoast_head":"<!-- This site is optimized with the Yoast SEO plugin v27.4 - https:\/\/yoast.com\/product\/yoast-seo-wordpress\/ -->\n<title>Villa por Moreno Ramos en Becas - Los pol\u00edticos Veracruz<\/title>\n<meta name=\"robots\" content=\"index, follow, max-snippet:-1, max-image-preview:large, max-video-preview:-1\" \/>\n<link rel=\"canonical\" href=\"https:\/\/lospoliticosveracruz.com\/?p=59967\" \/>\n<meta property=\"og:locale\" content=\"es_ES\" \/>\n<meta property=\"og:type\" content=\"article\" \/>\n<meta property=\"og:title\" content=\"Villa por Moreno Ramos en Becas - Los pol\u00edticos Veracruz\" \/>\n<meta property=\"og:description\" content=\"Gustavo Moreno Ramos entreg\u00f3 este d\u00eda la Coordinaci\u00f3n de Becas en el Estado de Veracruz a Carlos Villa Jim\u00e9nez, por autorizaci\u00f3n de Nohem\u00ed Leticia \u00c1nimas Vargas, Coordinadora Nacional del Programa de Becas para el Bienestar \u201cBenito Ju\u00e1rez\u201d y con el acuerdo de Leopoldo Figueroa Olea, Director General de Coordinaci\u00f3n y Seguimiento Territorial. El acto se [&hellip;]\" \/>\n<meta property=\"og:url\" content=\"https:\/\/lospoliticosveracruz.com\/?p=59967\" \/>\n<meta property=\"og:site_name\" content=\"Los pol\u00edticos Veracruz\" \/>\n<meta property=\"article:publisher\" content=\"https:\/\/www.facebook.com\/people\/Notimemes-de-los-Polticos\/61565672886568\/\" \/>\n<meta property=\"article:published_time\" content=\"2020-09-01T02:04:47+00:00\" \/>\n<meta property=\"og:image\" content=\"https:\/\/lospoliticosveracruz.com\/wp-content\/uploads\/2016\/07\/Logo-Dor.jpg\" \/>\n\t<meta property=\"og:image:width\" content=\"200\" \/>\n\t<meta property=\"og:image:height\" content=\"200\" \/>\n\t<meta property=\"og:image:type\" content=\"image\/jpeg\" \/>\n<meta name=\"author\" content=\"Lo viste en Los Pol\u00edticos\" \/>\n<meta name=\"twitter:card\" content=\"summary_large_image\" \/>\n<meta name=\"twitter:creator\" content=\"@LosPoliticosVer\" \/>\n<meta name=\"twitter:site\" content=\"@LosPoliticosVer\" \/>\n<meta name=\"twitter:label1\" content=\"Escrito por\" \/>\n\t<meta name=\"twitter:data1\" content=\"Lo viste en Los Pol\u00edticos\" \/>\n\t<meta name=\"twitter:label2\" content=\"Tiempo de lectura\" \/>\n\t<meta name=\"twitter:data2\" content=\"2 minutos\" \/>\n<script type=\"application\/ld+json\" class=\"yoast-schema-graph\">{\"@context\":\"https:\\\/\\\/schema.org\",\"@graph\":[{\"@type\":\"Article\",\"@id\":\"https:\\\/\\\/lospoliticosveracruz.com\\\/?p=59967#article\",\"isPartOf\":{\"@id\":\"https:\\\/\\\/lospoliticosveracruz.com\\\/?p=59967\"},\"author\":{\"name\":\"Lo viste en Los Pol\u00edticos\",\"@id\":\"https:\\\/\\\/lospoliticosveracruz.com\\\/#\\\/schema\\\/person\\\/b8702bb0e538456e6efd07080bf2a4a2\"},\"headline\":\"Villa por Moreno Ramos en Becas\",\"datePublished\":\"2020-09-01T02:04:47+00:00\",\"mainEntityOfPage\":{\"@id\":\"https:\\\/\\\/lospoliticosveracruz.com\\\/?p=59967\"},\"wordCount\":329,\"commentCount\":0,\"publisher\":{\"@id\":\"https:\\\/\\\/lospoliticosveracruz.com\\\/#organization\"},\"keywords\":[\"Carlos Villa Jim\u00e9nez\",\"Coordinaci\u00f3n de Becas\",\"Coordinaci\u00f3n Nacional de Becas\",\"Gustavo Moreno Ramos\",\"Leopoldo Figueroa Olea\",\"Manuel Huerta Ladr\u00f3n de Guevara\",\"Nohem\u00ed Leticia \u00c1nimas Vargas\",\"Programas para el Desarrollo\",\"Veracruz\"],\"articleSection\":[\"De Boleto\"],\"inLanguage\":\"es\",\"potentialAction\":[{\"@type\":\"CommentAction\",\"name\":\"Comment\",\"target\":[\"https:\\\/\\\/lospoliticosveracruz.com\\\/?p=59967#respond\"]}]},{\"@type\":\"WebPage\",\"@id\":\"https:\\\/\\\/lospoliticosveracruz.com\\\/?p=59967\",\"url\":\"https:\\\/\\\/lospoliticosveracruz.com\\\/?p=59967\",\"name\":\"Villa por Moreno Ramos en Becas - Los pol\u00edticos Veracruz\",\"isPartOf\":{\"@id\":\"https:\\\/\\\/lospoliticosveracruz.com\\\/#website\"},\"datePublished\":\"2020-09-01T02:04:47+00:00\",\"breadcrumb\":{\"@id\":\"https:\\\/\\\/lospoliticosveracruz.com\\\/?p=59967#breadcrumb\"},\"inLanguage\":\"es\",\"potentialAction\":[{\"@type\":\"ReadAction\",\"target\":[\"https:\\\/\\\/lospoliticosveracruz.com\\\/?p=59967\"]}]},{\"@type\":\"BreadcrumbList\",\"@id\":\"https:\\\/\\\/lospoliticosveracruz.com\\\/?p=59967#breadcrumb\",\"itemListElement\":[{\"@type\":\"ListItem\",\"position\":1,\"name\":\"Portada\",\"item\":\"https:\\\/\\\/lospoliticosveracruz.com\\\/\"},{\"@type\":\"ListItem\",\"position\":2,\"name\":\"Villa por Moreno Ramos en Becas\"}]},{\"@type\":\"WebSite\",\"@id\":\"https:\\\/\\\/lospoliticosveracruz.com\\\/#website\",\"url\":\"https:\\\/\\\/lospoliticosveracruz.com\\\/\",\"name\":\"Los pol\u00edticos Veracruz\",\"description\":\"\",\"publisher\":{\"@id\":\"https:\\\/\\\/lospoliticosveracruz.com\\\/#organization\"},\"potentialAction\":[{\"@type\":\"SearchAction\",\"target\":{\"@type\":\"EntryPoint\",\"urlTemplate\":\"https:\\\/\\\/lospoliticosveracruz.com\\\/?s={search_term_string}\"},\"query-input\":{\"@type\":\"PropertyValueSpecification\",\"valueRequired\":true,\"valueName\":\"search_term_string\"}}],\"inLanguage\":\"es\"},{\"@type\":\"Organization\",\"@id\":\"https:\\\/\\\/lospoliticosveracruz.com\\\/#organization\",\"name\":\"Los pol\u00edticos Veracruz\",\"url\":\"https:\\\/\\\/lospoliticosveracruz.com\\\/\",\"logo\":{\"@type\":\"ImageObject\",\"inLanguage\":\"es\",\"@id\":\"https:\\\/\\\/lospoliticosveracruz.com\\\/#\\\/schema\\\/logo\\\/image\\\/\",\"url\":\"https:\\\/\\\/lospoliticosveracruz.com\\\/wp-content\\\/uploads\\\/2025\\\/12\\\/Logo-Nuevo-LOS-POLITICOS-1.jpg\",\"contentUrl\":\"https:\\\/\\\/lospoliticosveracruz.com\\\/wp-content\\\/uploads\\\/2025\\\/12\\\/Logo-Nuevo-LOS-POLITICOS-1.jpg\",\"width\":260,\"height\":70,\"caption\":\"Los pol\u00edticos Veracruz\"},\"image\":{\"@id\":\"https:\\\/\\\/lospoliticosveracruz.com\\\/#\\\/schema\\\/logo\\\/image\\\/\"},\"sameAs\":[\"https:\\\/\\\/www.facebook.com\\\/people\\\/Notimemes-de-los-Polticos\\\/61565672886568\\\/\",\"https:\\\/\\\/x.com\\\/LosPoliticosVer\"]},{\"@type\":\"Person\",\"@id\":\"https:\\\/\\\/lospoliticosveracruz.com\\\/#\\\/schema\\\/person\\\/b8702bb0e538456e6efd07080bf2a4a2\",\"name\":\"Lo viste en Los Pol\u00edticos\",\"image\":{\"@type\":\"ImageObject\",\"inLanguage\":\"es\",\"@id\":\"https:\\\/\\\/secure.gravatar.com\\\/avatar\\\/3a8de04a2656d44082be478bd6c086daa447c4651605818287b9532d3d0bd435?s=96&d=mm&r=g\",\"url\":\"https:\\\/\\\/secure.gravatar.com\\\/avatar\\\/3a8de04a2656d44082be478bd6c086daa447c4651605818287b9532d3d0bd435?s=96&d=mm&r=g\",\"contentUrl\":\"https:\\\/\\\/secure.gravatar.com\\\/avatar\\\/3a8de04a2656d44082be478bd6c086daa447c4651605818287b9532d3d0bd435?s=96&d=mm&r=g\",\"caption\":\"Lo viste en Los Pol\u00edticos\"},\"url\":\"https:\\\/\\\/lospoliticosveracruz.com\\\/?author=2\"}]}<\/script>\n<!-- \/ Yoast SEO plugin. -->","yoast_head_json":{"title":"Villa por Moreno Ramos en Becas - Los pol\u00edticos Veracruz","robots":{"index":"index","follow":"follow","max-snippet":"max-snippet:-1","max-image-preview":"max-image-preview:large","max-video-preview":"max-video-preview:-1"},"canonical":"https:\/\/lospoliticosveracruz.com\/?p=59967","og_locale":"es_ES","og_type":"article","og_title":"Villa por Moreno Ramos en Becas - Los pol\u00edticos Veracruz","og_description":"Gustavo Moreno Ramos entreg\u00f3 este d\u00eda la Coordinaci\u00f3n de Becas en el Estado de Veracruz a Carlos Villa Jim\u00e9nez, por autorizaci\u00f3n de Nohem\u00ed Leticia \u00c1nimas Vargas, Coordinadora Nacional del Programa de Becas para el Bienestar \u201cBenito Ju\u00e1rez\u201d y con el acuerdo de Leopoldo Figueroa Olea, Director General de Coordinaci\u00f3n y Seguimiento Territorial. El acto se [&hellip;]","og_url":"https:\/\/lospoliticosveracruz.com\/?p=59967","og_site_name":"Los pol\u00edticos Veracruz","article_publisher":"https:\/\/www.facebook.com\/people\/Notimemes-de-los-Polticos\/61565672886568\/","article_published_time":"2020-09-01T02:04:47+00:00","og_image":[{"width":200,"height":200,"url":"https:\/\/lospoliticosveracruz.com\/wp-content\/uploads\/2016\/07\/Logo-Dor.jpg","type":"image\/jpeg"}],"author":"Lo viste en Los Pol\u00edticos","twitter_card":"summary_large_image","twitter_creator":"@LosPoliticosVer","twitter_site":"@LosPoliticosVer","twitter_misc":{"Escrito por":"Lo viste en Los Pol\u00edticos","Tiempo de lectura":"2 minutos"},"schema":{"@context":"https:\/\/schema.org","@graph":[{"@type":"Article","@id":"https:\/\/lospoliticosveracruz.com\/?p=59967#article","isPartOf":{"@id":"https:\/\/lospoliticosveracruz.com\/?p=59967"},"author":{"name":"Lo viste en Los Pol\u00edticos","@id":"https:\/\/lospoliticosveracruz.com\/#\/schema\/person\/b8702bb0e538456e6efd07080bf2a4a2"},"headline":"Villa por Moreno Ramos en Becas","datePublished":"2020-09-01T02:04:47+00:00","mainEntityOfPage":{"@id":"https:\/\/lospoliticosveracruz.com\/?p=59967"},"wordCount":329,"commentCount":0,"publisher":{"@id":"https:\/\/lospoliticosveracruz.com\/#organization"},"keywords":["Carlos Villa Jim\u00e9nez","Coordinaci\u00f3n de Becas","Coordinaci\u00f3n Nacional de Becas","Gustavo Moreno Ramos","Leopoldo Figueroa Olea","Manuel Huerta Ladr\u00f3n de Guevara","Nohem\u00ed Leticia \u00c1nimas Vargas","Programas para el Desarrollo","Veracruz"],"articleSection":["De Boleto"],"inLanguage":"es","potentialAction":[{"@type":"CommentAction","name":"Comment","target":["https:\/\/lospoliticosveracruz.com\/?p=59967#respond"]}]},{"@type":"WebPage","@id":"https:\/\/lospoliticosveracruz.com\/?p=59967","url":"https:\/\/lospoliticosveracruz.com\/?p=59967","name":"Villa por Moreno Ramos en Becas - Los pol\u00edticos Veracruz","isPartOf":{"@id":"https:\/\/lospoliticosveracruz.com\/#website"},"datePublished":"2020-09-01T02:04:47+00:00","breadcrumb":{"@id":"https:\/\/lospoliticosveracruz.com\/?p=59967#breadcrumb"},"inLanguage":"es","potentialAction":[{"@type":"ReadAction","target":["https:\/\/lospoliticosveracruz.com\/?p=59967"]}]},{"@type":"BreadcrumbList","@id":"https:\/\/lospoliticosveracruz.com\/?p=59967#breadcrumb","itemListElement":[{"@type":"ListItem","position":1,"name":"Portada","item":"https:\/\/lospoliticosveracruz.com\/"},{"@type":"ListItem","position":2,"name":"Villa por Moreno Ramos en Becas"}]},{"@type":"WebSite","@id":"https:\/\/lospoliticosveracruz.com\/#website","url":"https:\/\/lospoliticosveracruz.com\/","name":"Los pol\u00edticos Veracruz","description":"","publisher":{"@id":"https:\/\/lospoliticosveracruz.com\/#organization"},"potentialAction":[{"@type":"SearchAction","target":{"@type":"EntryPoint","urlTemplate":"https:\/\/lospoliticosveracruz.com\/?s={search_term_string}"},"query-input":{"@type":"PropertyValueSpecification","valueRequired":true,"valueName":"search_term_string"}}],"inLanguage":"es"},{"@type":"Organization","@id":"https:\/\/lospoliticosveracruz.com\/#organization","name":"Los pol\u00edticos Veracruz","url":"https:\/\/lospoliticosveracruz.com\/","logo":{"@type":"ImageObject","inLanguage":"es","@id":"https:\/\/lospoliticosveracruz.com\/#\/schema\/logo\/image\/","url":"https:\/\/lospoliticosveracruz.com\/wp-content\/uploads\/2025\/12\/Logo-Nuevo-LOS-POLITICOS-1.jpg","contentUrl":"https:\/\/lospoliticosveracruz.com\/wp-content\/uploads\/2025\/12\/Logo-Nuevo-LOS-POLITICOS-1.jpg","width":260,"height":70,"caption":"Los pol\u00edticos Veracruz"},"image":{"@id":"https:\/\/lospoliticosveracruz.com\/#\/schema\/logo\/image\/"},"sameAs":["https:\/\/www.facebook.com\/people\/Notimemes-de-los-Polticos\/61565672886568\/","https:\/\/x.com\/LosPoliticosVer"]},{"@type":"Person","@id":"https:\/\/lospoliticosveracruz.com\/#\/schema\/person\/b8702bb0e538456e6efd07080bf2a4a2","name":"Lo viste en Los Pol\u00edticos","image":{"@type":"ImageObject","inLanguage":"es","@id":"https:\/\/secure.gravatar.com\/avatar\/3a8de04a2656d44082be478bd6c086daa447c4651605818287b9532d3d0bd435?s=96&d=mm&r=g","url":"https:\/\/secure.gravatar.com\/avatar\/3a8de04a2656d44082be478bd6c086daa447c4651605818287b9532d3d0bd435?s=96&d=mm&r=g","contentUrl":"https:\/\/secure.gravatar.com\/avatar\/3a8de04a2656d44082be478bd6c086daa447c4651605818287b9532d3d0bd435?s=96&d=mm&r=g","caption":"Lo viste en Los Pol\u00edticos"},"url":"https:\/\/lospoliticosveracruz.com\/?author=2"}]}},"_links":{"self":[{"href":"https:\/\/lospoliticosveracruz.com\/index.php?rest_route=\/wp\/v2\/posts\/59967","targetHints":{"allow":["GET"]}}],"collection":[{"href":"https:\/\/lospoliticosveracruz.com\/index.php?rest_route=\/wp\/v2\/posts"}],"about":[{"href":"https:\/\/lospoliticosveracruz.com\/index.php?rest_route=\/wp\/v2\/types\/post"}],"author":[{"embeddable":true,"href":"https:\/\/lospoliticosveracruz.com\/index.php?rest_route=\/wp\/v2\/users\/2"}],"replies":[{"embeddable":true,"href":"https:\/\/lospoliticosveracruz.com\/index.php?rest_route=%2Fwp%2Fv2%2Fcomments&post=59967"}],"version-history":[{"count":1,"href":"https:\/\/lospoliticosveracruz.com\/index.php?rest_route=\/wp\/v2\/posts\/59967\/revisions"}],"predecessor-version":[{"id":59969,"href":"https:\/\/lospoliticosveracruz.com\/index.php?rest_route=\/wp\/v2\/posts\/59967\/revisions\/59969"}],"wp:attachment":[{"href":"https:\/\/lospoliticosveracruz.com\/index.php?rest_route=%2Fwp%2Fv2%2Fmedia&parent=59967"}],"wp:term":[{"taxonomy":"category","embeddable":true,"href":"https:\/\/lospoliticosveracruz.com\/index.php?rest_route=%2Fwp%2Fv2%2Fcategories&post=59967"},{"taxonomy":"post_tag","embeddable":true,"href":"https:\/\/lospoliticosveracruz.com\/index.php?rest_route=%2Fwp%2Fv2%2Ftags&post=59967"}],"curies":[{"name":"wp","href":"https:\/\/api.w.org\/{rel}","templated":true}]}}